{"id":105234,"date":"2025-09-19T07:48:00","date_gmt":"2025-09-19T10:48:00","guid":{"rendered":"https:\/\/www.em.com.br\/emfoco\/?p=105234"},"modified":"2025-09-17T15:29:50","modified_gmt":"2025-09-17T18:29:50","slug":"o-que-acontece-no-corpo-quando-voce-para-de-comer-carne-vermelha","status":"publish","type":"post","link":"https:\/\/www.em.com.br\/emfoco\/2025\/09\/19\/o-que-acontece-no-corpo-quando-voce-para-de-comer-carne-vermelha\/","title":{"rendered":"O que acontece no corpo quando voc\u00ea para de comer carne vermelha"},"content":{"rendered":"\n<p>Reduzir ou eliminar a carne vermelha da dieta pode gerar mudan\u00e7as vis\u00edveis no corpo. Do intestino \u00e0 energia di\u00e1ria, os efeitos v\u00e3o de riscos nutricionais a benef\u00edcios surpreendentes.<\/p>\n\n\n\n<ul class=\"wp-block-list\">\n<li>Altera\u00e7\u00f5es na digest\u00e3o e microbiota intestinal<\/li>\n\n\n\n<li>Impacto direto em vitaminas e minerais essenciais<\/li>\n\n\n\n<li>Benef\u00edcios poss\u00edveis para energia e bem-estar<\/li>\n<\/ul>\n\n\n\n<h2 class=\"wp-block-heading\">O que acontece com o intestino sem carne vermelha?<\/h2>\n\n\n\n<p>Ao cortar a <strong>carne vermelha<\/strong>, o intestino passa por adapta\u00e7\u00f5es, j\u00e1 que h\u00e1 redu\u00e7\u00e3o de gorduras saturadas e aumento do consumo de fibras, caso haja substitui\u00e7\u00e3o por vegetais e gr\u00e3os.<\/p>\n\n\n\n<p><strong>A digest\u00e3o tende a ficar mais leve e o tr\u00e2nsito intestinal mais regular<\/strong>, desde que haja equil\u00edbrio alimentar com boas fontes de fibras e \u00e1gua \u2014 Fonte: OMS (2021).<\/p>\n\n\n\n<figure class=\"wp-block-image size-large\"><img loading=\"lazy\" decoding=\"async\" width=\"1024\" height=\"576\" src=\"https:\/\/www.em.com.br\/emfoco\/wp-content\/uploads\/2025\/09\/Digestao_1758133531888-1024x576.jpg\" alt=\"O que acontece no corpo quando voc\u00ea para de comer carne vermelha\" class=\"wp-image-105256\" srcset=\"https:\/\/www.em.com.br\/emfoco\/wp-content\/uploads\/2025\/09\/Digestao_1758133531888-1024x576.jpg 1024w, https:\/\/www.em.com.br\/emfoco\/wp-content\/uploads\/2025\/09\/Digestao_1758133531888-300x169.jpg 300w, https:\/\/www.em.com.br\/emfoco\/wp-content\/uploads\/2025\/09\/Digestao_1758133531888-768x432.jpg 768w, https:\/\/www.em.com.br\/emfoco\/wp-content\/uploads\/2025\/09\/Digestao_1758133531888-750x422.jpg 750w, https:\/\/www.em.com.br\/emfoco\/wp-content\/uploads\/2025\/09\/Digestao_1758133531888-1140x641.jpg 1140w, https:\/\/www.em.com.br\/emfoco\/wp-content\/uploads\/2025\/09\/Digestao_1758133531888.jpg 1280w\" sizes=\"auto, (max-width: 1024px) 100vw, 1024px\" \/><figcaption class=\"wp-element-caption\">Digest\u00e3o mais leve com menor consumo de gorduras saturadas &#8211; Cr\u00e9ditos: depositphotos.com \/ Elen_Heilin<\/figcaption><\/figure>\n\n\n\n<h2 class=\"wp-block-heading\">Quais vitaminas e minerais ficam em falta mais r\u00e1pido?<\/h2>\n\n\n\n<p>A carne vermelha \u00e9 fonte importante de ferro, <strong><a href=\"https:\/\/salomaozoppi.com.br\/saude\/vitamina-b12\" target=\"_blank\" rel=\"noreferrer noopener\">vitamina B12<\/a><\/strong> e zinco. Sua aus\u00eancia pode gerar defici\u00eancias se n\u00e3o houver substitui\u00e7\u00f5es adequadas.<\/p>\n\n\n\n<ul class=\"wp-block-list\">\n<li>Vitamina B12: presente quase exclusivamente em alimentos de origem animal.<\/li>\n\n\n\n<li>Ferro heme: absorvido com mais efici\u00eancia que o ferro vegetal.<\/li>\n\n\n\n<li>Zinco: essencial para imunidade e cicatriza\u00e7\u00e3o.<\/li>\n<\/ul>\n\n\n\n<h2 class=\"wp-block-heading\">Existe risco de anemia ao parar de consumir carne?<\/h2>\n\n\n\n<p><strong>Sim, h\u00e1 risco de anemia ferropriva e defici\u00eancia de vitamina B12<\/strong> quando a dieta n\u00e3o \u00e9 bem planejada. Isso ocorre porque esses nutrientes s\u00e3o essenciais na produ\u00e7\u00e3o de gl\u00f3bulos vermelhos.<\/p>\n\n\n\n<p>A recomenda\u00e7\u00e3o \u00e9 incluir leguminosas, folhas escuras e, em alguns casos, suplementa\u00e7\u00e3o de B12 orientada por profissional de sa\u00fade \u2014 Fonte: Minist\u00e9rio da Sa\u00fade (2022).<\/p>\n\n\n\n<figure class=\"wp-block-image size-large\"><img loading=\"lazy\" decoding=\"async\" width=\"1024\" height=\"576\" src=\"https:\/\/www.em.com.br\/emfoco\/wp-content\/uploads\/2025\/09\/Anemia_1758133566283-1024x576.jpg\" alt=\"O que acontece no corpo quando voc\u00ea para de comer carne vermelha\" class=\"wp-image-105257\" srcset=\"https:\/\/www.em.com.br\/emfoco\/wp-content\/uploads\/2025\/09\/Anemia_1758133566283-1024x576.jpg 1024w, https:\/\/www.em.com.br\/emfoco\/wp-content\/uploads\/2025\/09\/Anemia_1758133566283-300x169.jpg 300w, https:\/\/www.em.com.br\/emfoco\/wp-content\/uploads\/2025\/09\/Anemia_1758133566283-768x432.jpg 768w, https:\/\/www.em.com.br\/emfoco\/wp-content\/uploads\/2025\/09\/Anemia_1758133566283-750x422.jpg 750w, https:\/\/www.em.com.br\/emfoco\/wp-content\/uploads\/2025\/09\/Anemia_1758133566283-1140x641.jpg 1140w, https:\/\/www.em.com.br\/emfoco\/wp-content\/uploads\/2025\/09\/Anemia_1758133566283.jpg 1280w\" sizes=\"auto, (max-width: 1024px) 100vw, 1024px\" \/><figcaption class=\"wp-element-caption\">Queda nos n\u00edveis de vitamina B12 que afeta o metabolismo &#8211; Cr\u00e9ditos: depositphotos.com \/ imagepointfr<\/figcaption><\/figure>\n\n\n\n<h2 class=\"wp-block-heading\">A energia do corpo aumenta ou diminui sem carne vermelha?<\/h2>\n\n\n\n<p>Algumas pessoas relatam melhora na disposi\u00e7\u00e3o, enquanto outras sentem fadiga. Isso depende do <strong><a href=\"https:\/\/www.em.com.br\/emfoco\/2025\/09\/16\/como-perder-gordura-localizada-depois-dos-50-anos-de-forma-eficaz\/\" target=\"_blank\" rel=\"noreferrer noopener\">equil\u00edbrio da dieta<\/a><\/strong>, da reposi\u00e7\u00e3o de nutrientes e da adapta\u00e7\u00e3o metab\u00f3lica.<\/p>\n\n\n\n<p><strong>Dietas ricas em vegetais, cereais e leguminosas tendem a oferecer energia mais est\u00e1vel<\/strong>, com menor sobrecarga digestiva e menos picos de cansa\u00e7o \u2014 Fonte: NIH (2020).<\/p>\n\n\n\n<h2 class=\"wp-block-heading\">Quais pr\u00e1ticas ajudam a evitar problemas nutricionais?<\/h2>\n\n\n\n<p>\u00c9 poss\u00edvel manter sa\u00fade e energia sem carne vermelha ao adotar substitui\u00e7\u00f5es inteligentes e acompanhamento nutricional.<\/p>\n\n\n\n<ul class=\"wp-block-list\">\n<li>Incluir leguminosas (feij\u00e3o, lentilha, gr\u00e3o-de-bico) diariamente.<\/li>\n\n\n\n<li>Garantir fontes de vitamina B12 por alimentos fortificados ou suplementos.<\/li>\n\n\n\n<li>Variar vegetais e gr\u00e3os integrais para melhor equil\u00edbrio nutricional.<\/li>\n<\/ul>\n\n\n\n<p><\/p>\n","protected":false},"excerpt":{"rendered":"<p>Reduzir ou eliminar a carne vermelha da dieta pode gerar mudan\u00e7as vis\u00edveis no corpo. Do intestino \u00e0 energia di\u00e1ria, os efeitos v\u00e3o de riscos nutricionais a benef\u00edcios surpreendentes. O que acontece com o intestino sem carne vermelha? Ao cortar a carne vermelha, o intestino passa por adapta\u00e7\u00f5es, j\u00e1 que h\u00e1 redu\u00e7\u00e3o de gorduras saturadas e [&hellip;]<\/p>\n","protected":false},"author":13,"featured_media":105255,"comment_status":"open","ping_status":"open","sticky":false,"template":"","format":"standard","meta":{"jnews-multi-image_gallery":[],"jnews_single_post":{"format":"standard"},"jnews_primary_category":[],"jnews_social_meta":[],"jnews_override_counter":[],"footnotes":""},"categories":[9053],"tags":[16141,4205,16144,415],"class_list":["post-105234","post","type-post","status-publish","format-standard","has-post-thumbnail","hentry","category-saude","tag-carne-vermelha","tag-digestao","tag-parar-de-comer-carne","tag-saude"],"yoast_head":"<!-- This site is optimized with the Yoast SEO plugin v23.8 - https:\/\/yoast.com\/wordpress\/plugins\/seo\/ -->\n<title>O que acontece no corpo quando voc\u00ea para de comer carne vermelha - Estado de Minas - Em foco<\/title>\n<meta name=\"description\" content=\"Cortar a carne muda sua digest\u00e3o, energia e at\u00e9 a imunidade. Saiba o que acontece no corpo e como evitar riscos nutricionais.\" \/>\n<meta name=\"robots\" content=\"index, follow, max-snippet:-1, max-image-preview:large, max-video-preview:-1\" \/>\n<link rel=\"canonical\" href=\"https:\/\/www.em.com.br\/emfoco\/2025\/09\/19\/o-que-acontece-no-corpo-quando-voce-para-de-comer-carne-vermelha\/\" \/>\n<meta property=\"og:locale\" content=\"pt_BR\" \/>\n<meta property=\"og:type\" content=\"article\" \/>\n<meta property=\"og:title\" content=\"O que acontece no corpo quando voc\u00ea para de comer carne vermelha - Estado de Minas - Em foco\" \/>\n<meta property=\"og:description\" content=\"Cortar a carne muda sua digest\u00e3o, energia e at\u00e9 a imunidade. Saiba o que acontece no corpo e como evitar riscos nutricionais.\" \/>\n<meta property=\"og:url\" content=\"https:\/\/www.em.com.br\/emfoco\/2025\/09\/19\/o-que-acontece-no-corpo-quando-voce-para-de-comer-carne-vermelha\/\" \/>\n<meta property=\"og:site_name\" content=\"Estado de Minas - Em foco\" \/>\n<meta property=\"article:published_time\" content=\"2025-09-19T10:48:00+00:00\" \/>\n<meta property=\"article:modified_time\" content=\"2025-09-17T18:29:50+00:00\" \/>\n<meta property=\"og:image\" content=\"https:\/\/www.em.com.br\/emfoco\/wp-content\/uploads\/2025\/09\/Carne-vermelha_1758133476231.jpg\" \/>\n\t<meta property=\"og:image:width\" content=\"1279\" \/>\n\t<meta property=\"og:image:height\" content=\"720\" \/>\n\t<meta property=\"og:image:type\" content=\"image\/jpeg\" \/>\n<meta name=\"author\" content=\"Gabriel Martins\" \/>\n<meta name=\"twitter:card\" content=\"summary_large_image\" \/>\n<meta name=\"twitter:label1\" content=\"Escrito por\" \/>\n\t<meta name=\"twitter:data1\" content=\"Gabriel Martins\" \/>\n\t<meta name=\"twitter:label2\" content=\"Est. tempo de leitura\" \/>\n\t<meta name=\"twitter:data2\" content=\"3 minutos\" \/>\n<!-- \/ Yoast SEO plugin. -->","yoast_head_json":{"title":"O que acontece no corpo quando voc\u00ea para de comer carne vermelha - Estado de Minas - Em foco","description":"Cortar a carne muda sua digest\u00e3o, energia e at\u00e9 a imunidade. Saiba o que acontece no corpo e como evitar riscos nutricionais.","robots":{"index":"index","follow":"follow","max-snippet":"max-snippet:-1","max-image-preview":"max-image-preview:large","max-video-preview":"max-video-preview:-1"},"canonical":"https:\/\/www.em.com.br\/emfoco\/2025\/09\/19\/o-que-acontece-no-corpo-quando-voce-para-de-comer-carne-vermelha\/","og_locale":"pt_BR","og_type":"article","og_title":"O que acontece no corpo quando voc\u00ea para de comer carne vermelha - Estado de Minas - Em foco","og_description":"Cortar a carne muda sua digest\u00e3o, energia e at\u00e9 a imunidade. Saiba o que acontece no corpo e como evitar riscos nutricionais.","og_url":"https:\/\/www.em.com.br\/emfoco\/2025\/09\/19\/o-que-acontece-no-corpo-quando-voce-para-de-comer-carne-vermelha\/","og_site_name":"Estado de Minas - Em foco","article_published_time":"2025-09-19T10:48:00+00:00","article_modified_time":"2025-09-17T18:29:50+00:00","og_image":[{"width":1279,"height":720,"url":"https:\/\/www.em.com.br\/emfoco\/wp-content\/uploads\/2025\/09\/Carne-vermelha_1758133476231.jpg","type":"image\/jpeg"}],"author":"Gabriel Martins","twitter_card":"summary_large_image","twitter_misc":{"Escrito por":"Gabriel Martins","Est. tempo de leitura":"3 minutos"},"schema":{"@context":"https:\/\/schema.org","@graph":[{"@type":"WebPage","@id":"https:\/\/www.em.com.br\/emfoco\/2025\/09\/19\/o-que-acontece-no-corpo-quando-voce-para-de-comer-carne-vermelha\/","url":"https:\/\/www.em.com.br\/emfoco\/2025\/09\/19\/o-que-acontece-no-corpo-quando-voce-para-de-comer-carne-vermelha\/","name":"O que acontece no corpo quando voc\u00ea para de comer carne vermelha - Estado de Minas - Em foco","isPartOf":{"@id":"https:\/\/www.em.com.br\/emfoco\/#website"},"primaryImageOfPage":{"@id":"https:\/\/www.em.com.br\/emfoco\/2025\/09\/19\/o-que-acontece-no-corpo-quando-voce-para-de-comer-carne-vermelha\/#primaryimage"},"image":{"@id":"https:\/\/www.em.com.br\/emfoco\/2025\/09\/19\/o-que-acontece-no-corpo-quando-voce-para-de-comer-carne-vermelha\/#primaryimage"},"thumbnailUrl":"https:\/\/www.em.com.br\/emfoco\/wp-content\/uploads\/2025\/09\/Carne-vermelha_1758133476231.jpg","datePublished":"2025-09-19T10:48:00+00:00","dateModified":"2025-09-17T18:29:50+00:00","author":{"@id":"https:\/\/www.em.com.br\/emfoco\/#\/schema\/person\/1c9ddeab18b98abeffef834667bcf08a"},"description":"Cortar a carne muda sua digest\u00e3o, energia e at\u00e9 a imunidade. Saiba o que acontece no corpo e como evitar riscos nutricionais.","breadcrumb":{"@id":"https:\/\/www.em.com.br\/emfoco\/2025\/09\/19\/o-que-acontece-no-corpo-quando-voce-para-de-comer-carne-vermelha\/#breadcrumb"},"inLanguage":"pt-BR","potentialAction":[{"@type":"ReadAction","target":["https:\/\/www.em.com.br\/emfoco\/2025\/09\/19\/o-que-acontece-no-corpo-quando-voce-para-de-comer-carne-vermelha\/"]}]},{"@type":"ImageObject","inLanguage":"pt-BR","@id":"https:\/\/www.em.com.br\/emfoco\/2025\/09\/19\/o-que-acontece-no-corpo-quando-voce-para-de-comer-carne-vermelha\/#primaryimage","url":"https:\/\/www.em.com.br\/emfoco\/wp-content\/uploads\/2025\/09\/Carne-vermelha_1758133476231.jpg","contentUrl":"https:\/\/www.em.com.br\/emfoco\/wp-content\/uploads\/2025\/09\/Carne-vermelha_1758133476231.jpg","width":1279,"height":720,"caption":"Energia mais est\u00e1vel com dieta vegetal rica em cereais e legumes - Cr\u00e9ditos: depositphotos.com \/ monticello"},{"@type":"BreadcrumbList","@id":"https:\/\/www.em.com.br\/emfoco\/2025\/09\/19\/o-que-acontece-no-corpo-quando-voce-para-de-comer-carne-vermelha\/#breadcrumb","itemListElement":[{"@type":"ListItem","position":1,"name":"In\u00edcio","item":"https:\/\/www.em.com.br\/emfoco\/"},{"@type":"ListItem","position":2,"name":"O que acontece no corpo quando voc\u00ea para de comer carne vermelha"}]},{"@type":"WebSite","@id":"https:\/\/www.em.com.br\/emfoco\/#website","url":"https:\/\/www.em.com.br\/emfoco\/","name":"Estado de Minas - Em foco","description":"Acompanhe as \u00faltimas not\u00edcias e fique bem informado sobre tudo o que acontece em Minas Gerais, Brasil e no mundo.","potentialAction":[{"@type":"SearchAction","target":{"@type":"EntryPoint","urlTemplate":"https:\/\/www.em.com.br\/emfoco\/?s={search_term_string}"},"query-input":{"@type":"PropertyValueSpecification","valueRequired":true,"valueName":"search_term_string"}}],"inLanguage":"pt-BR"},{"@type":"Person","@id":"https:\/\/www.em.com.br\/emfoco\/#\/schema\/person\/1c9ddeab18b98abeffef834667bcf08a","name":"Gabriel Martins","image":{"@type":"ImageObject","inLanguage":"pt-BR","@id":"https:\/\/www.em.com.br\/emfoco\/#\/schema\/person\/image\/","url":"https:\/\/secure.gravatar.com\/avatar\/f0f1e2efdfd88f1ad2cb08c5c2731e50?s=96&d=mm&r=g","contentUrl":"https:\/\/secure.gravatar.com\/avatar\/f0f1e2efdfd88f1ad2cb08c5c2731e50?s=96&d=mm&r=g","caption":"Gabriel Martins"},"sameAs":["https:\/\/www.em.com.br\/emfoco\/"],"url":"https:\/\/www.em.com.br\/emfoco\/author\/gabrielmartinsmyth\/"}]}},"_links":{"self":[{"href":"https:\/\/www.em.com.br\/emfoco\/wp-json\/wp\/v2\/posts\/105234","targetHints":{"allow":["GET"]}}],"collection":[{"href":"https:\/\/www.em.com.br\/emfoco\/wp-json\/wp\/v2\/posts"}],"about":[{"href":"https:\/\/www.em.com.br\/emfoco\/wp-json\/wp\/v2\/types\/post"}],"author":[{"embeddable":true,"href":"https:\/\/www.em.com.br\/emfoco\/wp-json\/wp\/v2\/users\/13"}],"replies":[{"embeddable":true,"href":"https:\/\/www.em.com.br\/emfoco\/wp-json\/wp\/v2\/comments?post=105234"}],"version-history":[{"count":1,"href":"https:\/\/www.em.com.br\/emfoco\/wp-json\/wp\/v2\/posts\/105234\/revisions"}],"predecessor-version":[{"id":105259,"href":"https:\/\/www.em.com.br\/emfoco\/wp-json\/wp\/v2\/posts\/105234\/revisions\/105259"}],"wp:featuredmedia":[{"embeddable":true,"href":"https:\/\/www.em.com.br\/emfoco\/wp-json\/wp\/v2\/media\/105255"}],"wp:attachment":[{"href":"https:\/\/www.em.com.br\/emfoco\/wp-json\/wp\/v2\/media?parent=105234"}],"wp:term":[{"taxonomy":"category","embeddable":true,"href":"https:\/\/www.em.com.br\/emfoco\/wp-json\/wp\/v2\/categories?post=105234"},{"taxonomy":"post_tag","embeddable":true,"href":"https:\/\/www.em.com.br\/emfoco\/wp-json\/wp\/v2\/tags?post=105234"}],"curies":[{"name":"wp","href":"https:\/\/api.w.org\/{rel}","templated":true}]}}