{"id":10512,"date":"2025-01-14T09:20:00","date_gmt":"2025-01-14T12:20:00","guid":{"rendered":"https:\/\/www.em.com.br\/emfoco\/?p=10512"},"modified":"2025-01-14T05:15:17","modified_gmt":"2025-01-14T08:15:17","slug":"cansado-de-nao-entender-o-seguro-desemprego","status":"publish","type":"post","link":"https:\/\/www.em.com.br\/emfoco\/2025\/01\/14\/cansado-de-nao-entender-o-seguro-desemprego\/","title":{"rendered":"Cansado de n\u00e3o entender o seguro-desemprego?"},"content":{"rendered":"\n<p>Recentemente, o <a href=\"https:\/\/www.gov.br\/pt-br\/servicos\/solicitar-o-seguro-desemprego\" target=\"_blank\" rel=\"noreferrer noopener\">seguro-desemprego<\/a> no Brasil sofreu altera\u00e7\u00f5es importantes com efeito a partir de janeiro de 2025. O reajuste no valor deste <a href=\"https:\/\/www.em.com.br\/emfoco\/2025\/01\/13\/tem-direito-a-mais-no-seu-beneficio-do-inss\/\" target=\"_blank\" rel=\"noreferrer noopener\">benef\u00edcio <\/a>foi anunciado com o objetivo de oferecer um suporte financeiro mais efetivo para trabalhadores que est\u00e3o entre empregos. Essa medida governamental visa adaptar o benef\u00edcio \u00e0s novas realidades econ\u00f4micas e inflacion\u00e1rias do pa\u00eds.<\/p>\n\n\n\n<p>Agora, mais do que nunca, o seguro-desemprego representa um al\u00edvio tempor\u00e1rio crucial para diversas fam\u00edlias, auxiliando na manuten\u00e7\u00e3o de suas necessidades b\u00e1sicas enquanto buscam novas oportunidades de trabalho. O teto do benef\u00edcio foi reajustado, trazendo novos par\u00e2metros para o c\u00e1lculo do valor a ser recebido pelos qualificados.<\/p>\n\n\n<div class=\"wp-block-image\">\n<figure class=\"aligncenter size-large\"><img loading=\"lazy\" decoding=\"async\" width=\"1024\" height=\"576\" src=\"https:\/\/www.em.com.br\/emfoco\/wp-content\/uploads\/2024\/12\/Brazil-Money_1735506339454-1024x576.jpg\" alt=\"\" class=\"wp-image-7526\" srcset=\"https:\/\/www.em.com.br\/emfoco\/wp-content\/uploads\/2024\/12\/Brazil-Money_1735506339454-1024x576.jpg 1024w, https:\/\/www.em.com.br\/emfoco\/wp-content\/uploads\/2024\/12\/Brazil-Money_1735506339454-300x169.jpg 300w, https:\/\/www.em.com.br\/emfoco\/wp-content\/uploads\/2024\/12\/Brazil-Money_1735506339454-768x432.jpg 768w, https:\/\/www.em.com.br\/emfoco\/wp-content\/uploads\/2024\/12\/Brazil-Money_1735506339454-750x422.jpg 750w, https:\/\/www.em.com.br\/emfoco\/wp-content\/uploads\/2024\/12\/Brazil-Money_1735506339454-1140x641.jpg 1140w, https:\/\/www.em.com.br\/emfoco\/wp-content\/uploads\/2024\/12\/Brazil-Money_1735506339454.jpg 1280w\" sizes=\"auto, (max-width: 1024px) 100vw, 1024px\" \/><figcaption class=\"wp-element-caption\">Dinheiro &#8211; Cr\u00e9ditos: depositphotos.com \/ rmcarvalhobsb<\/figcaption><\/figure><\/div>\n\n\n<h2 class=\"wp-block-heading\">Quanto \u00c9 o Novo Valor do Seguro-Desemprego?<\/h2>\n\n\n\n<p>O valor m\u00e1ximo do seguro-desemprego foi elevado para R$ 2.424,11. Esse teto \u00e9 determinado com base na m\u00e9dia dos sal\u00e1rios recebidos nos meses anteriores \u00e0 demiss\u00e3o. Esse reajuste n\u00e3o s\u00f3 reflete uma resposta \u00e0 infla\u00e7\u00e3o como tamb\u00e9m uma tentativa de garantir que o aux\u00edlio oferecido seja realmente eficaz durante o tempo de transi\u00e7\u00e3o para um novo emprego.<\/p>\n\n\n\n<p>Com isso, trabalhadores podem contar com um valor mais ajustado \u00e0s suas necessidades, o que lhes oferece uma maior estabilidade financeira em um per\u00edodo marcado por incertezas.<\/p>\n\n\n\n<h2 class=\"wp-block-heading\">Quem Pode Solicitar o Seguro-Desemprego?<\/h2>\n\n\n\n<p>Nem todos os trabalhadores t\u00eam acesso ao seguro-desemprego; existem crit\u00e9rios espec\u00edficos que devem ser atendidos. Primeiramente, para solicitar o benef\u00edcio, \u00e9 essencial que o indiv\u00edduo tenha sido dispensado de suas fun\u00e7\u00f5es sem justa causa e esteja atualmente sem emprego.<\/p>\n\n\n\n<ul class=\"wp-block-list\">\n<li>O colaborador precisa ter trabalhado com v\u00ednculo formal por um per\u00edodo m\u00ednimo de 12 meses nos \u00faltimos 18 meses.<\/li>\n\n\n\n<li>N\u00e3o pode ter outra fonte de renda que supra suas necessidades b\u00e1sicas.<\/li>\n\n\n\n<li>Outro ponto \u00e9 n\u00e3o estar recebendo benef\u00edcios previdenci\u00e1rios constantes, como aux\u00edlio-doen\u00e7a ou aposentadoria.<\/li>\n<\/ul>\n\n\n\n<h2 class=\"wp-block-heading\">Como Solicitar o Seguro-Desemprego?<\/h2>\n\n\n\n<p>Para facilitar a vida do trabalhador, h\u00e1 v\u00e1rias formas de realizar a solicita\u00e7\u00e3o do benef\u00edcio. \u00c9 poss\u00edvel realizar o pedido presencialmente ou por meio de plataformas digitais, aumentando a praticidade e efici\u00eancia do processo.<\/p>\n\n\n\n<ol class=\"wp-block-list\">\n<li>O seguro-desemprego pode ser solicitado nas Superintend\u00eancias Regionais do Trabalho e Emprego.<\/li>\n\n\n\n<li>Outra op\u00e7\u00e3o \u00e9 o Sistema Nacional de Emprego, que oferece atendimento em diversas localidades.<\/li>\n\n\n\n<li>Pelo Portal Gov.br ou o aplicativo da Carteira de Trabalho Digital, garantindo acessibilidade de qualquer lugar com internet.<\/li>\n<\/ol>\n\n\n\n<h2 class=\"wp-block-heading\">Vantagens do Reajuste no Benef\u00edcio<\/h2>\n\n\n\n<p>O reajuste do seguro-desemprego n\u00e3o \u00e9 meramente uma corre\u00e7\u00e3o inflacion\u00e1ria; ele traz consigo v\u00e1rias vantagens sociais e econ\u00f4micas. Permite que as fam\u00edlias mantenham melhor sua qualidade de vida no desemprego e ainda incentiva a descoberta de novas posi\u00e7\u00f5es de trabalho.<\/p>\n\n\n\n<ul class=\"wp-block-list\">\n<li><strong>Seguran\u00e7a financeira aprimorada:<\/strong> O novo teto financeiro do benef\u00edcio permite que os desempregados cubram despesas essenciais.<\/li>\n\n\n\n<li><strong>Maior tranquilidade na transi\u00e7\u00e3o:<\/strong> Com um suporte financeiro adequado, \u00e9 poss\u00edvel focar com calma na recoloca\u00e7\u00e3o profissional.<\/li>\n\n\n\n<li><strong>Menor impacto social:<\/strong> Ao proporcionar estabilidade, o ajuste ajuda a combater problemas como a crescente inadimpl\u00eancia e dificuldades econ\u00f4micas.<\/li>\n\n\n\n<li><\/li>\n<\/ul>\n","protected":false},"excerpt":{"rendered":"<p>Recentemente, o seguro-desemprego no Brasil sofreu altera\u00e7\u00f5es importantes com efeito a partir de janeiro de 2025. O reajuste no valor deste benef\u00edcio foi anunciado com o objetivo de oferecer um suporte financeiro mais efetivo para trabalhadores que est\u00e3o entre empregos. Essa medida governamental visa adaptar o benef\u00edcio \u00e0s novas realidades econ\u00f4micas e inflacion\u00e1rias do pa\u00eds. [&hellip;]<\/p>\n","protected":false},"author":7,"featured_media":2995,"comment_status":"open","ping_status":"open","sticky":false,"template":"","format":"standard","meta":{"jnews-multi-image_gallery":[],"jnews_single_post":{"format":"standard"},"jnews_primary_category":[],"jnews_social_meta":[],"jnews_override_counter":[],"footnotes":""},"categories":[28],"tags":[259,1833,1779,1832,641],"class_list":["post-10512","post","type-post","status-publish","format-standard","has-post-thumbnail","hentry","category-economia","tag-beneficio","tag-desemprego","tag-reajuste","tag-seguro-desemprego","tag-trabalhador"],"yoast_head":"<!-- This site is optimized with the Yoast SEO plugin v23.8 - https:\/\/yoast.com\/wordpress\/plugins\/seo\/ -->\n<title>Cansado de n\u00e3o entender o seguro-desemprego? - Estado de Minas - Em foco<\/title>\n<meta name=\"description\" content=\"Entenda as novas regras do seguro-desemprego no Brasil, v\u00e1lido a partir de janeiro de 2025. O que mudou e quem tem direito ao benef\u00edcio.\" \/>\n<meta name=\"robots\" content=\"index, follow, max-snippet:-1, max-image-preview:large, max-video-preview:-1\" \/>\n<link rel=\"canonical\" href=\"https:\/\/www.em.com.br\/emfoco\/2025\/01\/14\/cansado-de-nao-entender-o-seguro-desemprego\/\" \/>\n<meta property=\"og:locale\" content=\"pt_BR\" \/>\n<meta property=\"og:type\" content=\"article\" \/>\n<meta property=\"og:title\" content=\"Cansado de n\u00e3o entender o seguro-desemprego? - Estado de Minas - Em foco\" \/>\n<meta property=\"og:description\" content=\"Entenda as novas regras do seguro-desemprego no Brasil, v\u00e1lido a partir de janeiro de 2025. O que mudou e quem tem direito ao benef\u00edcio.\" \/>\n<meta property=\"og:url\" content=\"https:\/\/www.em.com.br\/emfoco\/2025\/01\/14\/cansado-de-nao-entender-o-seguro-desemprego\/\" \/>\n<meta property=\"og:site_name\" content=\"Estado de Minas - Em foco\" \/>\n<meta property=\"article:published_time\" content=\"2025-01-14T12:20:00+00:00\" \/>\n<meta property=\"article:modified_time\" content=\"2025-01-14T08:15:17+00:00\" \/>\n<meta property=\"og:image\" content=\"https:\/\/www.em.com.br\/emfoco\/wp-content\/uploads\/2024\/12\/proteger-dinheiro_1733244772310.jpg\" \/>\n\t<meta property=\"og:image:width\" content=\"1280\" \/>\n\t<meta property=\"og:image:height\" content=\"720\" \/>\n\t<meta property=\"og:image:type\" content=\"image\/jpeg\" \/>\n<meta name=\"author\" content=\"Kelvin\" \/>\n<meta name=\"twitter:card\" content=\"summary_large_image\" \/>\n<meta name=\"twitter:label1\" content=\"Escrito por\" \/>\n\t<meta name=\"twitter:data1\" content=\"Kelvin\" \/>\n\t<meta name=\"twitter:label2\" content=\"Est. tempo de leitura\" \/>\n\t<meta name=\"twitter:data2\" content=\"3 minutos\" \/>\n<!-- \/ Yoast SEO plugin. -->","yoast_head_json":{"title":"Cansado de n\u00e3o entender o seguro-desemprego? - Estado de Minas - Em foco","description":"Entenda as novas regras do seguro-desemprego no Brasil, v\u00e1lido a partir de janeiro de 2025. O que mudou e quem tem direito ao benef\u00edcio.","robots":{"index":"index","follow":"follow","max-snippet":"max-snippet:-1","max-image-preview":"max-image-preview:large","max-video-preview":"max-video-preview:-1"},"canonical":"https:\/\/www.em.com.br\/emfoco\/2025\/01\/14\/cansado-de-nao-entender-o-seguro-desemprego\/","og_locale":"pt_BR","og_type":"article","og_title":"Cansado de n\u00e3o entender o seguro-desemprego? - Estado de Minas - Em foco","og_description":"Entenda as novas regras do seguro-desemprego no Brasil, v\u00e1lido a partir de janeiro de 2025. O que mudou e quem tem direito ao benef\u00edcio.","og_url":"https:\/\/www.em.com.br\/emfoco\/2025\/01\/14\/cansado-de-nao-entender-o-seguro-desemprego\/","og_site_name":"Estado de Minas - Em foco","article_published_time":"2025-01-14T12:20:00+00:00","article_modified_time":"2025-01-14T08:15:17+00:00","og_image":[{"width":1280,"height":720,"url":"https:\/\/www.em.com.br\/emfoco\/wp-content\/uploads\/2024\/12\/proteger-dinheiro_1733244772310.jpg","type":"image\/jpeg"}],"author":"Kelvin","twitter_card":"summary_large_image","twitter_misc":{"Escrito por":"Kelvin","Est. tempo de leitura":"3 minutos"},"schema":{"@context":"https:\/\/schema.org","@graph":[{"@type":"WebPage","@id":"https:\/\/www.em.com.br\/emfoco\/2025\/01\/14\/cansado-de-nao-entender-o-seguro-desemprego\/","url":"https:\/\/www.em.com.br\/emfoco\/2025\/01\/14\/cansado-de-nao-entender-o-seguro-desemprego\/","name":"Cansado de n\u00e3o entender o seguro-desemprego? - Estado de Minas - Em foco","isPartOf":{"@id":"https:\/\/www.em.com.br\/emfoco\/#website"},"primaryImageOfPage":{"@id":"https:\/\/www.em.com.br\/emfoco\/2025\/01\/14\/cansado-de-nao-entender-o-seguro-desemprego\/#primaryimage"},"image":{"@id":"https:\/\/www.em.com.br\/emfoco\/2025\/01\/14\/cansado-de-nao-entender-o-seguro-desemprego\/#primaryimage"},"thumbnailUrl":"https:\/\/www.em.com.br\/emfoco\/wp-content\/uploads\/2024\/12\/proteger-dinheiro_1733244772310.jpg","datePublished":"2025-01-14T12:20:00+00:00","dateModified":"2025-01-14T08:15:17+00:00","author":{"@id":"https:\/\/www.em.com.br\/emfoco\/#\/schema\/person\/fb0a7f48c6fbb94b83f413a80f61917d"},"description":"Entenda as novas regras do seguro-desemprego no Brasil, v\u00e1lido a partir de janeiro de 2025. O que mudou e quem tem direito ao benef\u00edcio.","breadcrumb":{"@id":"https:\/\/www.em.com.br\/emfoco\/2025\/01\/14\/cansado-de-nao-entender-o-seguro-desemprego\/#breadcrumb"},"inLanguage":"pt-BR","potentialAction":[{"@type":"ReadAction","target":["https:\/\/www.em.com.br\/emfoco\/2025\/01\/14\/cansado-de-nao-entender-o-seguro-desemprego\/"]}]},{"@type":"ImageObject","inLanguage":"pt-BR","@id":"https:\/\/www.em.com.br\/emfoco\/2025\/01\/14\/cansado-de-nao-entender-o-seguro-desemprego\/#primaryimage","url":"https:\/\/www.em.com.br\/emfoco\/wp-content\/uploads\/2024\/12\/proteger-dinheiro_1733244772310.jpg","contentUrl":"https:\/\/www.em.com.br\/emfoco\/wp-content\/uploads\/2024\/12\/proteger-dinheiro_1733244772310.jpg","width":1280,"height":720,"caption":"proteger dinheiro - Cr\u00e9ditos: depositphotos.com \/ Rangizzz"},{"@type":"BreadcrumbList","@id":"https:\/\/www.em.com.br\/emfoco\/2025\/01\/14\/cansado-de-nao-entender-o-seguro-desemprego\/#breadcrumb","itemListElement":[{"@type":"ListItem","position":1,"name":"In\u00edcio","item":"https:\/\/www.em.com.br\/emfoco\/"},{"@type":"ListItem","position":2,"name":"Cansado de n\u00e3o entender o seguro-desemprego?"}]},{"@type":"WebSite","@id":"https:\/\/www.em.com.br\/emfoco\/#website","url":"https:\/\/www.em.com.br\/emfoco\/","name":"Estado de Minas - Em foco","description":"Acompanhe as \u00faltimas not\u00edcias e fique bem informado sobre tudo o que acontece em Minas Gerais, Brasil e no mundo.","potentialAction":[{"@type":"SearchAction","target":{"@type":"EntryPoint","urlTemplate":"https:\/\/www.em.com.br\/emfoco\/?s={search_term_string}"},"query-input":{"@type":"PropertyValueSpecification","valueRequired":true,"valueName":"search_term_string"}}],"inLanguage":"pt-BR"},{"@type":"Person","@id":"https:\/\/www.em.com.br\/emfoco\/#\/schema\/person\/fb0a7f48c6fbb94b83f413a80f61917d","name":"Kelvin","image":{"@type":"ImageObject","inLanguage":"pt-BR","@id":"https:\/\/www.em.com.br\/emfoco\/#\/schema\/person\/image\/","url":"https:\/\/secure.gravatar.com\/avatar\/e74f84337e6bf6c4c5e88fbdffa05270?s=96&d=mm&r=g","contentUrl":"https:\/\/secure.gravatar.com\/avatar\/e74f84337e6bf6c4c5e88fbdffa05270?s=96&d=mm&r=g","caption":"Kelvin"},"sameAs":["https:\/\/www.em.com.br\/emfoco"],"url":"https:\/\/www.em.com.br\/emfoco\/author\/kelvinmyth\/"}]}},"_links":{"self":[{"href":"https:\/\/www.em.com.br\/emfoco\/wp-json\/wp\/v2\/posts\/10512","targetHints":{"allow":["GET"]}}],"collection":[{"href":"https:\/\/www.em.com.br\/emfoco\/wp-json\/wp\/v2\/posts"}],"about":[{"href":"https:\/\/www.em.com.br\/emfoco\/wp-json\/wp\/v2\/types\/post"}],"author":[{"embeddable":true,"href":"https:\/\/www.em.com.br\/emfoco\/wp-json\/wp\/v2\/users\/7"}],"replies":[{"embeddable":true,"href":"https:\/\/www.em.com.br\/emfoco\/wp-json\/wp\/v2\/comments?post=10512"}],"version-history":[{"count":2,"href":"https:\/\/www.em.com.br\/emfoco\/wp-json\/wp\/v2\/posts\/10512\/revisions"}],"predecessor-version":[{"id":10514,"href":"https:\/\/www.em.com.br\/emfoco\/wp-json\/wp\/v2\/posts\/10512\/revisions\/10514"}],"wp:featuredmedia":[{"embeddable":true,"href":"https:\/\/www.em.com.br\/emfoco\/wp-json\/wp\/v2\/media\/2995"}],"wp:attachment":[{"href":"https:\/\/www.em.com.br\/emfoco\/wp-json\/wp\/v2\/media?parent=10512"}],"wp:term":[{"taxonomy":"category","embeddable":true,"href":"https:\/\/www.em.com.br\/emfoco\/wp-json\/wp\/v2\/categories?post=10512"},{"taxonomy":"post_tag","embeddable":true,"href":"https:\/\/www.em.com.br\/emfoco\/wp-json\/wp\/v2\/tags?post=10512"}],"curies":[{"name":"wp","href":"https:\/\/api.w.org\/{rel}","templated":true}]}}