{"id":105025,"date":"2025-09-18T16:08:04","date_gmt":"2025-09-18T19:08:04","guid":{"rendered":"https:\/\/www.em.com.br\/emfoco\/?p=105025"},"modified":"2025-09-17T12:23:26","modified_gmt":"2025-09-17T15:23:26","slug":"qual-peso-ideal-que-uma-pessoa-deve-ter-de-acordo-com-a-altura","status":"publish","type":"post","link":"https:\/\/www.em.com.br\/emfoco\/2025\/09\/18\/qual-peso-ideal-que-uma-pessoa-deve-ter-de-acordo-com-a-altura\/","title":{"rendered":"Qual peso ideal que uma pessoa deve ter, de acordo com a altura?"},"content":{"rendered":"\n<p>Ao falar sobre o <strong>peso<\/strong> <strong>ideal<\/strong>, incorporam-se diversos fatores que modelam esse c\u00e1lculo. Enquanto a rela\u00e7\u00e3o entre os quilos e a altura \u00e9 habitualmente utilizada para esse prop\u00f3sito, \u00e9 essencial lembrar que o peso perfeito n\u00e3o se trata apenas de n\u00fameros, mas sim de como se alinha com uma vida saud\u00e1vel. \u00c9 vital que se considere a <strong>composi\u00e7\u00e3o<\/strong> <strong>corporal<\/strong>, o metabolismo e a gen\u00e9tica, pois s\u00e3o igualmente importantes nesta avalia\u00e7\u00e3o.<\/p>\n\n\n\n<p>Uma das ferramentas mais frequentemente empregadas para determinar um intervalo de peso saud\u00e1vel \u00e9 o <a href=\"https:\/\/abeso.org.br\/calculadora-imc\/\" target=\"_blank\" rel=\"noopener\">\u00cdndice de Massa Corporal (IMC)<\/a>. Por meio dessa f\u00f3rmula, \u00e9 poss\u00edvel calcular o peso \u00f3timo considerando a altura. O <strong>IMC<\/strong> \u00e9 obtido dividindo-se o peso do indiv\u00edduo em quilogramas pelo quadrado da sua altura em metros. Embora essa f\u00f3rmula seja popular e amplamente utilizada por profissionais de sa\u00fade, \u00e9 preciso reconhecer suas limita\u00e7\u00f5es, j\u00e1 que n\u00e3o distingue entre massa muscular e gordura corporal, podendo gerar imprecis\u00f5es, especialmente em pessoas com grande quantidade de massa muscular.<\/p>\n\n\n\n<h2 class=\"wp-block-heading\">Como calcular o peso ideal usando outras f\u00f3rmulas?<\/h2>\n\n\n\n<p>Al\u00e9m do IMC, existem outras f\u00f3rmulas que pretendem oferecer uma refer\u00eancia sobre o peso ideal, sempre se ajustando \u00e0s <a href=\"https:\/\/www.em.com.br\/emfoco\/2025\/08\/22\/essas-sao-as-caracteristicas-de-quem-so-dorme-com-a-porta-fechada-segundo-a-psicologia\/\" target=\"_blank\" rel=\"noopener\">caracter\u00edsticas<\/a> individuais. Uma dessas \u00e9 a <strong>f\u00f3rmula de Broca<\/strong>. Ela leva em considera\u00e7\u00e3o n\u00e3o s\u00f3 a altura, mas tamb\u00e9m a complei\u00e7\u00e3o f\u00edsica, permitindo um c\u00e1lculo aproximado que pode ser mais representativo em certos casos. <a href=\"https:\/\/www.holmesplace.com\/pt\/pt\/blog\/fitness\/imc-qual-e-o-seu-peso-ideal\" target=\"_blank\" rel=\"noopener\">F\u00f3rmulas como Broca fornecem um valor orientativo<\/a> do que pode ser considerado um peso saud\u00e1vel, ainda que com particularidades para cada pessoa.<\/p>\n\n\n<div class=\"wp-block-image\">\n<figure class=\"aligncenter size-large\"><img loading=\"lazy\" decoding=\"async\" width=\"1024\" height=\"576\" src=\"https:\/\/www.em.com.br\/emfoco\/wp-content\/uploads\/2025\/09\/gordura-abdominal-_1757341256123-1024x576.jpg\" alt=\"\" class=\"wp-image-101830\" srcset=\"https:\/\/www.em.com.br\/emfoco\/wp-content\/uploads\/2025\/09\/gordura-abdominal-_1757341256123-1024x576.jpg 1024w, https:\/\/www.em.com.br\/emfoco\/wp-content\/uploads\/2025\/09\/gordura-abdominal-_1757341256123-300x169.jpg 300w, https:\/\/www.em.com.br\/emfoco\/wp-content\/uploads\/2025\/09\/gordura-abdominal-_1757341256123-768x432.jpg 768w, https:\/\/www.em.com.br\/emfoco\/wp-content\/uploads\/2025\/09\/gordura-abdominal-_1757341256123-750x422.jpg 750w, https:\/\/www.em.com.br\/emfoco\/wp-content\/uploads\/2025\/09\/gordura-abdominal-_1757341256123-1140x641.jpg 1140w, https:\/\/www.em.com.br\/emfoco\/wp-content\/uploads\/2025\/09\/gordura-abdominal-_1757341256123.jpg 1280w\" sizes=\"auto, (max-width: 1024px) 100vw, 1024px\" \/><figcaption class=\"wp-element-caption\">Existem outras f\u00f3rmulas que pretendem oferecer uma refer\u00eancia sobre o peso ideal- Cr\u00e9ditos: depositphotos.com \/ sframe<\/figcaption><\/figure><\/div>\n\n\n<h2 class=\"wp-block-heading\">Quais fatores adicionais afetam o peso saud\u00e1vel?<\/h2>\n\n\n\n<p>N\u00e3o \u00e9 surpreendente que o conceito de &#8220;peso ideal&#8221; varie significativamente entre indiv\u00edduos. Elementos como idade, sexo, quantidade de massa muscular e tipo de corpo s\u00e3o determinantes para o peso saud\u00e1vel de cada pessoa. Com o objetivo de adaptar-se a necessidades espec\u00edficas, como potencializar o rendimento esportivo ou cuidar da sa\u00fade cardiovascular, as recomenda\u00e7\u00f5es sobre o peso podem ser diversificadas. Por isso, embora as f\u00f3rmulas e o <strong>IMC <\/strong>ofere\u00e7am diretrizes \u00fateis, recomenda-se consultar um profissional de sa\u00fade para obter uma avalia\u00e7\u00e3o mais compreensiva e focada em cada caso.<\/p>\n\n\n\n<h2 class=\"wp-block-heading\">Por que \u00e9 importante um olhar integral na busca pelo peso ideal?<\/h2>\n\n\n\n<p>Frequentemente, comete-se o erro de considerar o peso ideal como um n\u00famero \u00fanico na balan\u00e7a. Por\u00e9m, ele deve ser visto como um fator integral para o bem-estar geral. Esse conceito abrange n\u00e3o s\u00f3 a apar\u00eancia f\u00edsica, mas tamb\u00e9m a sa\u00fade mental e emocional. O enfoque deve ser direcionado ao alcance de um <strong>equil\u00edbrio hol\u00edstico<\/strong> que inclua uma dieta equilibrada, atividade f\u00edsica regular e um estilo de vida saud\u00e1vel, ajustado \u00e0s particularidades individuais de cada pessoa.<\/p>\n\n\n\n<p>Em conclus\u00e3o, a busca pelo peso ideal implica muito mais do que um simples c\u00e1lculo. Por meio de uma abordagem multidimensional e uma avalia\u00e7\u00e3o personalizada, cada indiv\u00edduo pode alcan\u00e7ar e manter um estado de sa\u00fade \u00f3timo que vai al\u00e9m do n\u00famero apresentado na balan\u00e7a.<\/p>\n","protected":false},"excerpt":{"rendered":"<p>Ao falar sobre o peso ideal, incorporam-se diversos fatores que modelam esse c\u00e1lculo. Enquanto a rela\u00e7\u00e3o entre os quilos e a altura \u00e9 habitualmente utilizada para esse prop\u00f3sito, \u00e9 essencial lembrar que o peso perfeito n\u00e3o se trata apenas de n\u00fameros, mas sim de como se alinha com uma vida saud\u00e1vel. \u00c9 vital que se [&hellip;]<\/p>\n","protected":false},"author":9,"featured_media":105206,"comment_status":"open","ping_status":"open","sticky":false,"template":"","format":"standard","meta":{"jnews-multi-image_gallery":[],"jnews_single_post":{"format":"standard"},"jnews_primary_category":[],"jnews_social_meta":[],"jnews_override_counter":[],"footnotes":""},"categories":[8691,1],"tags":[16098,16099],"class_list":["post-105025","post","type-post","status-publish","format-standard","has-post-thumbnail","hentry","category-bem-estar","category-noticias","tag-peso-ideal","tag-qual-e-o-peso-ideal"],"yoast_head":"<!-- This site is optimized with the Yoast SEO plugin v23.8 - https:\/\/yoast.com\/wordpress\/plugins\/seo\/ -->\n<title>Qual peso ideal que uma pessoa deve ter, de acordo com a altura?<\/title>\n<meta name=\"description\" content=\"Peso ideal vai al\u00e9m da balan\u00e7a e do IMC. Saiba como calcular e adaptar ao seu corpo para sa\u00fade f\u00edsica e mental equilibrada.\" \/>\n<meta name=\"robots\" content=\"index, follow, max-snippet:-1, max-image-preview:large, max-video-preview:-1\" \/>\n<link rel=\"canonical\" href=\"https:\/\/www.em.com.br\/emfoco\/2025\/09\/18\/qual-peso-ideal-que-uma-pessoa-deve-ter-de-acordo-com-a-altura\/\" \/>\n<meta property=\"og:locale\" content=\"pt_BR\" \/>\n<meta property=\"og:type\" content=\"article\" \/>\n<meta property=\"og:title\" content=\"Qual peso ideal que uma pessoa deve ter, de acordo com a altura?\" \/>\n<meta property=\"og:description\" content=\"Peso ideal vai al\u00e9m da balan\u00e7a e do IMC. Saiba como calcular e adaptar ao seu corpo para sa\u00fade f\u00edsica e mental equilibrada.\" \/>\n<meta property=\"og:url\" content=\"https:\/\/www.em.com.br\/emfoco\/2025\/09\/18\/qual-peso-ideal-que-uma-pessoa-deve-ter-de-acordo-com-a-altura\/\" \/>\n<meta property=\"og:site_name\" content=\"Estado de Minas - Em foco\" \/>\n<meta property=\"article:published_time\" content=\"2025-09-18T19:08:04+00:00\" \/>\n<meta property=\"article:modified_time\" content=\"2025-09-17T15:23:26+00:00\" \/>\n<meta property=\"og:image\" content=\"https:\/\/www.em.com.br\/emfoco\/wp-content\/uploads\/2025\/09\/balanca-imc_1758122213995.jpg\" \/>\n\t<meta property=\"og:image:width\" content=\"1280\" \/>\n\t<meta property=\"og:image:height\" content=\"720\" \/>\n\t<meta property=\"og:image:type\" content=\"image\/jpeg\" \/>\n<meta name=\"author\" content=\"Daniely Cardoso\" \/>\n<meta name=\"twitter:card\" content=\"summary_large_image\" \/>\n<meta name=\"twitter:label1\" content=\"Escrito por\" \/>\n\t<meta name=\"twitter:data1\" content=\"Daniely Cardoso\" \/>\n\t<meta name=\"twitter:label2\" content=\"Est. tempo de leitura\" \/>\n\t<meta name=\"twitter:data2\" content=\"4 minutos\" \/>\n<!-- \/ Yoast SEO plugin. -->","yoast_head_json":{"title":"Qual peso ideal que uma pessoa deve ter, de acordo com a altura?","description":"Peso ideal vai al\u00e9m da balan\u00e7a e do IMC. Saiba como calcular e adaptar ao seu corpo para sa\u00fade f\u00edsica e mental equilibrada.","robots":{"index":"index","follow":"follow","max-snippet":"max-snippet:-1","max-image-preview":"max-image-preview:large","max-video-preview":"max-video-preview:-1"},"canonical":"https:\/\/www.em.com.br\/emfoco\/2025\/09\/18\/qual-peso-ideal-que-uma-pessoa-deve-ter-de-acordo-com-a-altura\/","og_locale":"pt_BR","og_type":"article","og_title":"Qual peso ideal que uma pessoa deve ter, de acordo com a altura?","og_description":"Peso ideal vai al\u00e9m da balan\u00e7a e do IMC. Saiba como calcular e adaptar ao seu corpo para sa\u00fade f\u00edsica e mental equilibrada.","og_url":"https:\/\/www.em.com.br\/emfoco\/2025\/09\/18\/qual-peso-ideal-que-uma-pessoa-deve-ter-de-acordo-com-a-altura\/","og_site_name":"Estado de Minas - Em foco","article_published_time":"2025-09-18T19:08:04+00:00","article_modified_time":"2025-09-17T15:23:26+00:00","og_image":[{"width":1280,"height":720,"url":"https:\/\/www.em.com.br\/emfoco\/wp-content\/uploads\/2025\/09\/balanca-imc_1758122213995.jpg","type":"image\/jpeg"}],"author":"Daniely Cardoso","twitter_card":"summary_large_image","twitter_misc":{"Escrito por":"Daniely Cardoso","Est. tempo de leitura":"4 minutos"},"schema":{"@context":"https:\/\/schema.org","@graph":[{"@type":"WebPage","@id":"https:\/\/www.em.com.br\/emfoco\/2025\/09\/18\/qual-peso-ideal-que-uma-pessoa-deve-ter-de-acordo-com-a-altura\/","url":"https:\/\/www.em.com.br\/emfoco\/2025\/09\/18\/qual-peso-ideal-que-uma-pessoa-deve-ter-de-acordo-com-a-altura\/","name":"Qual peso ideal que uma pessoa deve ter, de acordo com a altura?","isPartOf":{"@id":"https:\/\/www.em.com.br\/emfoco\/#website"},"primaryImageOfPage":{"@id":"https:\/\/www.em.com.br\/emfoco\/2025\/09\/18\/qual-peso-ideal-que-uma-pessoa-deve-ter-de-acordo-com-a-altura\/#primaryimage"},"image":{"@id":"https:\/\/www.em.com.br\/emfoco\/2025\/09\/18\/qual-peso-ideal-que-uma-pessoa-deve-ter-de-acordo-com-a-altura\/#primaryimage"},"thumbnailUrl":"https:\/\/www.em.com.br\/emfoco\/wp-content\/uploads\/2025\/09\/balanca-imc_1758122213995.jpg","datePublished":"2025-09-18T19:08:04+00:00","dateModified":"2025-09-17T15:23:26+00:00","author":{"@id":"https:\/\/www.em.com.br\/emfoco\/#\/schema\/person\/0a8186d72f2c3a5c6276d90b41f271a0"},"description":"Peso ideal vai al\u00e9m da balan\u00e7a e do IMC. Saiba como calcular e adaptar ao seu corpo para sa\u00fade f\u00edsica e mental equilibrada.","breadcrumb":{"@id":"https:\/\/www.em.com.br\/emfoco\/2025\/09\/18\/qual-peso-ideal-que-uma-pessoa-deve-ter-de-acordo-com-a-altura\/#breadcrumb"},"inLanguage":"pt-BR","potentialAction":[{"@type":"ReadAction","target":["https:\/\/www.em.com.br\/emfoco\/2025\/09\/18\/qual-peso-ideal-que-uma-pessoa-deve-ter-de-acordo-com-a-altura\/"]}]},{"@type":"ImageObject","inLanguage":"pt-BR","@id":"https:\/\/www.em.com.br\/emfoco\/2025\/09\/18\/qual-peso-ideal-que-uma-pessoa-deve-ter-de-acordo-com-a-altura\/#primaryimage","url":"https:\/\/www.em.com.br\/emfoco\/wp-content\/uploads\/2025\/09\/balanca-imc_1758122213995.jpg","contentUrl":"https:\/\/www.em.com.br\/emfoco\/wp-content\/uploads\/2025\/09\/balanca-imc_1758122213995.jpg","width":1280,"height":720,"caption":"Elementos como idade, sexo, quantidade de massa muscular - Cr\u00e9ditos: depositphotos.com \/ saphira"},{"@type":"BreadcrumbList","@id":"https:\/\/www.em.com.br\/emfoco\/2025\/09\/18\/qual-peso-ideal-que-uma-pessoa-deve-ter-de-acordo-com-a-altura\/#breadcrumb","itemListElement":[{"@type":"ListItem","position":1,"name":"In\u00edcio","item":"https:\/\/www.em.com.br\/emfoco\/"},{"@type":"ListItem","position":2,"name":"Qual peso ideal que uma pessoa deve ter, de acordo com a altura?"}]},{"@type":"WebSite","@id":"https:\/\/www.em.com.br\/emfoco\/#website","url":"https:\/\/www.em.com.br\/emfoco\/","name":"Estado de Minas - Em foco","description":"Acompanhe as \u00faltimas not\u00edcias e fique bem informado sobre tudo o que acontece em Minas Gerais, Brasil e no mundo.","potentialAction":[{"@type":"SearchAction","target":{"@type":"EntryPoint","urlTemplate":"https:\/\/www.em.com.br\/emfoco\/?s={search_term_string}"},"query-input":{"@type":"PropertyValueSpecification","valueRequired":true,"valueName":"search_term_string"}}],"inLanguage":"pt-BR"},{"@type":"Person","@id":"https:\/\/www.em.com.br\/emfoco\/#\/schema\/person\/0a8186d72f2c3a5c6276d90b41f271a0","name":"Daniely Cardoso","image":{"@type":"ImageObject","inLanguage":"pt-BR","@id":"https:\/\/www.em.com.br\/emfoco\/#\/schema\/person\/image\/","url":"https:\/\/secure.gravatar.com\/avatar\/4b80ddbd124d1f071b626d52d62e5dff?s=96&d=mm&r=g","contentUrl":"https:\/\/secure.gravatar.com\/avatar\/4b80ddbd124d1f071b626d52d62e5dff?s=96&d=mm&r=g","caption":"Daniely Cardoso"},"url":"https:\/\/www.em.com.br\/emfoco\/author\/danielymyth\/"}]}},"_links":{"self":[{"href":"https:\/\/www.em.com.br\/emfoco\/wp-json\/wp\/v2\/posts\/105025","targetHints":{"allow":["GET"]}}],"collection":[{"href":"https:\/\/www.em.com.br\/emfoco\/wp-json\/wp\/v2\/posts"}],"about":[{"href":"https:\/\/www.em.com.br\/emfoco\/wp-json\/wp\/v2\/types\/post"}],"author":[{"embeddable":true,"href":"https:\/\/www.em.com.br\/emfoco\/wp-json\/wp\/v2\/users\/9"}],"replies":[{"embeddable":true,"href":"https:\/\/www.em.com.br\/emfoco\/wp-json\/wp\/v2\/comments?post=105025"}],"version-history":[{"count":3,"href":"https:\/\/www.em.com.br\/emfoco\/wp-json\/wp\/v2\/posts\/105025\/revisions"}],"predecessor-version":[{"id":105208,"href":"https:\/\/www.em.com.br\/emfoco\/wp-json\/wp\/v2\/posts\/105025\/revisions\/105208"}],"wp:featuredmedia":[{"embeddable":true,"href":"https:\/\/www.em.com.br\/emfoco\/wp-json\/wp\/v2\/media\/105206"}],"wp:attachment":[{"href":"https:\/\/www.em.com.br\/emfoco\/wp-json\/wp\/v2\/media?parent=105025"}],"wp:term":[{"taxonomy":"category","embeddable":true,"href":"https:\/\/www.em.com.br\/emfoco\/wp-json\/wp\/v2\/categories?post=105025"},{"taxonomy":"post_tag","embeddable":true,"href":"https:\/\/www.em.com.br\/emfoco\/wp-json\/wp\/v2\/tags?post=105025"}],"curies":[{"name":"wp","href":"https:\/\/api.w.org\/{rel}","templated":true}]}}