{"id":10498,"date":"2025-01-14T07:00:00","date_gmt":"2025-01-14T10:00:00","guid":{"rendered":"https:\/\/www.em.com.br\/emfoco\/?p=10498"},"modified":"2025-01-14T05:15:03","modified_gmt":"2025-01-14T08:15:03","slug":"a-byd-superou-a-toyota-no-japao","status":"publish","type":"post","link":"https:\/\/www.em.com.br\/emfoco\/2025\/01\/14\/a-byd-superou-a-toyota-no-japao\/","title":{"rendered":"A BYD superou a Toyota no Jap\u00e3o?"},"content":{"rendered":"\n<p>Em 2024, a fabricante chinesa <a href=\"https:\/\/www.googleadservices.com\/pagead\/aclk?sa=L&amp;ai=DChcSEwjov__ip_SKAxVhREgAHRwYMl4YABAAGgJjZQ&amp;ae=2&amp;aspm=1&amp;co=1&amp;ase=5&amp;gclid=Cj0KCQiAkJO8BhCGARIsAMkswyhsDuDAcy3g9AtmZC2T1QxehaLIBDiOG-1TapmZoIW8jx_Ybu-fJjIaAmZAEALw_wcB&amp;ohost=www.google.com&amp;cid=CAESVuD2hScS7RCd7lYFyCABD03_EwiC6cZNdbhXfwjDLpAT9fBpxq-29b6A8DxN2OFSURNRsAi39Q6S4Fh9oC9BFVIOrVLieW3u6Zur0fBgo651LBVHYz53&amp;sig=AOD64_2_2ZSJtE3rCOwl0YkCUtqx2NLCmg&amp;q&amp;adurl&amp;ved=2ahUKEwiK8vnip_SKAxXYp5UCHetnMZ0Q0Qx6BAgLEAE\" target=\"_blank\" rel=\"noreferrer noopener\">BYD <\/a>de ve\u00edculos el\u00e9tricos (EVs) alcan\u00e7ou um <a href=\"https:\/\/www.em.com.br\/emfoco\/2025\/01\/04\/ja-marcou-todos-os-feriados-no-seu-calendario\/\" target=\"_blank\" rel=\"noreferrer noopener\">marco <\/a>not\u00e1vel ao ultrapassar a Toyota nas vendas desse segmento no Jap\u00e3o. Esse feito \u00e9 especialmente relevante, considerando-se a posi\u00e7\u00e3o tradicionalmente forte da Toyota no mercado japon\u00eas. A BYD vendeu 2.223 carros el\u00e9tricos, enquanto a Toyota comercializou 2.038 unidades nesse per\u00edodo.<\/p>\n\n\n\n<p>Apesar do sucesso da BYD, o mercado de ve\u00edculos el\u00e9tricos no Jap\u00e3o vivenciou um decl\u00ednio de 33% nas vendas totais em 2024, marcando o primeiro decr\u00e9scimo anual em cinco anos. Mesmo assim, marcas internacionais como a BYD t\u00eam refor\u00e7ado sua presen\u00e7a localmente, indicando uma mudan\u00e7a lenta, mas not\u00e1vel.<\/p>\n\n\n\n<h2 class=\"wp-block-heading\">Quais fatores contribuem para o sucesso da BYD no Jap\u00e3o?<\/h2>\n\n\n\n<p>O sucesso da BYD no Jap\u00e3o pode ser parcialmente atribu\u00eddo \u00e0 sua estrat\u00e9gia de introduzir modelos competitivos, como o Atto 3 e o Dolphin. Ambos os ve\u00edculos s\u00e3o el\u00e9tricos a bateria e t\u00eam atra\u00eddo consumidores com suas especifica\u00e7\u00f5es t\u00e9cnicas e pre\u00e7os acess\u00edveis. O Atto 3, um crossover, apresenta-se como uma op\u00e7\u00e3o mais econ\u00f4mica em rela\u00e7\u00e3o aos modelos populares da Toyota e Honda.<\/p>\n\n\n\n<p>A introdu\u00e7\u00e3o do Seal EV pela BYD em 2024 tamb\u00e9m impulsionou suas vendas no mercado japon\u00eas. O Seal, um sed\u00e3 el\u00e9trico, foi rapidamente adotado pelos consumidores, feito que destaca o crescente interesse pelos EVs importados. O modelo manteve um pre\u00e7o competitivo em rela\u00e7\u00e3o a concorrentes como o Tesla Model 3.<\/p>\n\n\n<div class=\"wp-block-image\">\n<figure class=\"aligncenter size-large\"><img decoding=\"async\" src=\"https:\/\/www.em.com.br\/emfoco\/wp-content\/uploads\/2024\/11\/BYD-Car-factory-06-1-e1696881963566-1024x576-1-1024x576.jpg\" alt=\"\" class=\"wp-image-2142\"\/><figcaption class=\"wp-element-caption\">Fabrica BYD &#8211; Wikimidia COmmons<\/figcaption><\/figure><\/div>\n\n\n<h2 class=\"wp-block-heading\">Quais s\u00e3o os obst\u00e1culos enfrentados pelo mercado de ve\u00edculos el\u00e9tricos no Jap\u00e3o?<\/h2>\n\n\n\n<p>Apesar dos avan\u00e7os, o mercado japon\u00eas de carros el\u00e9tricos enfrenta desafios significativos. A infraestrutura de recarga ainda est\u00e1 em desenvolvimento, limitando a conveni\u00eancia dos ve\u00edculos el\u00e9tricos para muitos potenciais compradores. Al\u00e9m disso, a cultura automobil\u00edstica no Jap\u00e3o ainda favorece ve\u00edculos movidos a combust\u00edveis f\u00f3sseis, devido \u00e0 tradi\u00e7\u00e3o e prefer\u00eancias pessoais.<\/p>\n\n\n\n<p>O custo elevado dos ve\u00edculos el\u00e9tricos tamb\u00e9m permanece uma barreira. Embora a BYD tenha conseguido oferecer modelos com pre\u00e7os relativamente atrativos, muitos consumidores ainda consideram o investimento inicial em um EV uma preocupa\u00e7\u00e3o substancial.<\/p>\n\n\n\n<h2 class=\"wp-block-heading\">Qual \u00e9 a estrat\u00e9gia futura da BYD no Jap\u00e3o?<\/h2>\n\n\n\n<p>Com o intuito de consolidar sua posi\u00e7\u00e3o no mercado japon\u00eas, a BYD planeja ampliar sua rede de distribui\u00e7\u00e3o, com a abertura de 100 novas lojas no pa\u00eds at\u00e9 2025. Essa expans\u00e3o faz parte de uma estrat\u00e9gia mais abrangente para aumentar a visibilidade de seus produtos e atrair um n\u00famero maior de consumidores.<\/p>\n\n\n\n<p>Al\u00e9m disso, a BYD est\u00e1 comprometida em explorar cont\u00ednuas inova\u00e7\u00f5es tecnol\u00f3gicas em seus ve\u00edculos, o que poderia aumentar ainda mais sua competitividade em um mercado onde a tecnologia avan\u00e7ada \u00e9 um diferencial importante. O lan\u00e7amento planejado do SUV Sealion em 2025 pode contribuir significativamente para essa estrat\u00e9gia de crescimento.<\/p>\n\n\n\n<h2 class=\"wp-block-heading\">Como a concorr\u00eancia est\u00e1 reagindo \u00e0s mudan\u00e7as do mercado?<\/h2>\n\n\n\n<p>A concorr\u00eancia entre as fabricantes de ve\u00edculos \u00e9 acirrada no Jap\u00e3o. Enquanto a Toyota viu suas vendas de EVs ca\u00edrem em 2024, tentativas de recupera\u00e7\u00e3o est\u00e3o em andamento, como demonstrado pelo aumento nas vendas do bZ4X. A Nissan ainda lidera o mercado de ve\u00edculos el\u00e9tricos no Jap\u00e3o, embora suas vendas de modelos como o Leaf tenham diminu\u00eddo significativamente.<\/p>\n\n\n\n<p>No mercado de marcas importadas, a Tesla continua a liderar, mas a crescente participa\u00e7\u00e3o da BYD representa um desafio consider\u00e1vel. Com uma estrat\u00e9gia clara e um portf\u00f3lio diversificado, a BYD est\u00e1 bem posicionada para continuar crescendo no mercado japon\u00eas, enfrentando de frente os desafios que se apresentam.<\/p>\n","protected":false},"excerpt":{"rendered":"<p>Em 2024, a fabricante chinesa BYD de ve\u00edculos el\u00e9tricos (EVs) alcan\u00e7ou um marco not\u00e1vel ao ultrapassar a Toyota nas vendas desse segmento no Jap\u00e3o. Esse feito \u00e9 especialmente relevante, considerando-se a posi\u00e7\u00e3o tradicionalmente forte da Toyota no mercado japon\u00eas. A BYD vendeu 2.223 carros el\u00e9tricos, enquanto a Toyota comercializou 2.038 unidades nesse per\u00edodo. Apesar do [&hellip;]<\/p>\n","protected":false},"author":7,"featured_media":0,"comment_status":"open","ping_status":"open","sticky":false,"template":"","format":"standard","meta":{"jnews-multi-image_gallery":[],"jnews_single_post":{"format":"standard"},"jnews_primary_category":[],"jnews_social_meta":[],"jnews_override_counter":[],"footnotes":""},"categories":[27],"tags":[2044,1159,2088,1529,1160],"class_list":["post-10498","post","type-post","status-publish","format-standard","hentry","category-carros","tag-byd","tag-carros-eletricos","tag-japao","tag-mercado-automotivo","tag-veiculos-eletricos"],"yoast_head":"<!-- This site is optimized with the Yoast SEO plugin v23.8 - https:\/\/yoast.com\/wordpress\/plugins\/seo\/ -->\n<title>A BYD superou a Toyota no Jap\u00e3o? - Estado de Minas - Em foco<\/title>\n<meta name=\"description\" content=\"Estrat\u00e9gias da fabricante chinesa BYD no sucesso das vendas de carros el\u00e9tricos no Jap\u00e3o, al\u00e9m dos desafios do mercado japon\u00eas de ve\u00edculos el\u00e9tricos.\" \/>\n<meta name=\"robots\" content=\"index, follow, max-snippet:-1, max-image-preview:large, max-video-preview:-1\" \/>\n<link rel=\"canonical\" href=\"https:\/\/www.em.com.br\/emfoco\/2025\/01\/14\/a-byd-superou-a-toyota-no-japao\/\" \/>\n<meta property=\"og:locale\" content=\"pt_BR\" \/>\n<meta property=\"og:type\" content=\"article\" \/>\n<meta property=\"og:title\" content=\"A BYD superou a Toyota no Jap\u00e3o? - Estado de Minas - Em foco\" \/>\n<meta property=\"og:description\" content=\"Estrat\u00e9gias da fabricante chinesa BYD no sucesso das vendas de carros el\u00e9tricos no Jap\u00e3o, al\u00e9m dos desafios do mercado japon\u00eas de ve\u00edculos el\u00e9tricos.\" \/>\n<meta property=\"og:url\" content=\"https:\/\/www.em.com.br\/emfoco\/2025\/01\/14\/a-byd-superou-a-toyota-no-japao\/\" \/>\n<meta property=\"og:site_name\" content=\"Estado de Minas - Em foco\" \/>\n<meta property=\"article:published_time\" content=\"2025-01-14T10:00:00+00:00\" \/>\n<meta property=\"article:modified_time\" content=\"2025-01-14T08:15:03+00:00\" \/>\n<meta property=\"og:image\" content=\"https:\/\/www.em.com.br\/emfoco\/wp-content\/uploads\/2024\/12\/Screenshot_14.jpg\" \/>\n\t<meta property=\"og:image:width\" content=\"1199\" \/>\n\t<meta property=\"og:image:height\" content=\"817\" \/>\n\t<meta property=\"og:image:type\" content=\"image\/jpeg\" \/>\n<meta name=\"author\" content=\"Kelvin\" \/>\n<meta name=\"twitter:card\" content=\"summary_large_image\" \/>\n<meta name=\"twitter:label1\" content=\"Escrito por\" \/>\n\t<meta name=\"twitter:data1\" content=\"Kelvin\" \/>\n<!-- \/ Yoast SEO plugin. -->","yoast_head_json":{"title":"A BYD superou a Toyota no Jap\u00e3o? - Estado de Minas - Em foco","description":"Estrat\u00e9gias da fabricante chinesa BYD no sucesso das vendas de carros el\u00e9tricos no Jap\u00e3o, al\u00e9m dos desafios do mercado japon\u00eas de ve\u00edculos el\u00e9tricos.","robots":{"index":"index","follow":"follow","max-snippet":"max-snippet:-1","max-image-preview":"max-image-preview:large","max-video-preview":"max-video-preview:-1"},"canonical":"https:\/\/www.em.com.br\/emfoco\/2025\/01\/14\/a-byd-superou-a-toyota-no-japao\/","og_locale":"pt_BR","og_type":"article","og_title":"A BYD superou a Toyota no Jap\u00e3o? - Estado de Minas - Em foco","og_description":"Estrat\u00e9gias da fabricante chinesa BYD no sucesso das vendas de carros el\u00e9tricos no Jap\u00e3o, al\u00e9m dos desafios do mercado japon\u00eas de ve\u00edculos el\u00e9tricos.","og_url":"https:\/\/www.em.com.br\/emfoco\/2025\/01\/14\/a-byd-superou-a-toyota-no-japao\/","og_site_name":"Estado de Minas - Em foco","article_published_time":"2025-01-14T10:00:00+00:00","article_modified_time":"2025-01-14T08:15:03+00:00","og_image":[{"width":1199,"height":817,"url":"https:\/\/www.em.com.br\/emfoco\/wp-content\/uploads\/2024\/12\/Screenshot_14.jpg","type":"image\/jpeg"}],"author":"Kelvin","twitter_card":"summary_large_image","twitter_misc":{"Escrito por":"Kelvin"},"schema":{"@context":"https:\/\/schema.org","@graph":[{"@type":"WebPage","@id":"https:\/\/www.em.com.br\/emfoco\/2025\/01\/14\/a-byd-superou-a-toyota-no-japao\/","url":"https:\/\/www.em.com.br\/emfoco\/2025\/01\/14\/a-byd-superou-a-toyota-no-japao\/","name":"A BYD superou a Toyota no Jap\u00e3o? - Estado de Minas - Em foco","isPartOf":{"@id":"https:\/\/www.em.com.br\/emfoco\/#website"},"primaryImageOfPage":{"@id":"https:\/\/www.em.com.br\/emfoco\/2025\/01\/14\/a-byd-superou-a-toyota-no-japao\/#primaryimage"},"image":{"@id":"https:\/\/www.em.com.br\/emfoco\/2025\/01\/14\/a-byd-superou-a-toyota-no-japao\/#primaryimage"},"thumbnailUrl":"https:\/\/www.em.com.br\/emfoco\/wp-content\/uploads\/2024\/11\/BYD-Car-factory-06-1-e1696881963566-1024x576-1-1024x576.jpg","datePublished":"2025-01-14T10:00:00+00:00","dateModified":"2025-01-14T08:15:03+00:00","author":{"@id":"https:\/\/www.em.com.br\/emfoco\/#\/schema\/person\/fb0a7f48c6fbb94b83f413a80f61917d"},"description":"Estrat\u00e9gias da fabricante chinesa BYD no sucesso das vendas de carros el\u00e9tricos no Jap\u00e3o, al\u00e9m dos desafios do mercado japon\u00eas de ve\u00edculos el\u00e9tricos.","breadcrumb":{"@id":"https:\/\/www.em.com.br\/emfoco\/2025\/01\/14\/a-byd-superou-a-toyota-no-japao\/#breadcrumb"},"inLanguage":"pt-BR","potentialAction":[{"@type":"ReadAction","target":["https:\/\/www.em.com.br\/emfoco\/2025\/01\/14\/a-byd-superou-a-toyota-no-japao\/"]}]},{"@type":"ImageObject","inLanguage":"pt-BR","@id":"https:\/\/www.em.com.br\/emfoco\/2025\/01\/14\/a-byd-superou-a-toyota-no-japao\/#primaryimage","url":"","contentUrl":""},{"@type":"BreadcrumbList","@id":"https:\/\/www.em.com.br\/emfoco\/2025\/01\/14\/a-byd-superou-a-toyota-no-japao\/#breadcrumb","itemListElement":[{"@type":"ListItem","position":1,"name":"In\u00edcio","item":"https:\/\/www.em.com.br\/emfoco\/"},{"@type":"ListItem","position":2,"name":"A BYD superou a Toyota no Jap\u00e3o?"}]},{"@type":"WebSite","@id":"https:\/\/www.em.com.br\/emfoco\/#website","url":"https:\/\/www.em.com.br\/emfoco\/","name":"Estado de Minas - Em foco","description":"Acompanhe as \u00faltimas not\u00edcias e fique bem informado sobre tudo o que acontece em Minas Gerais, Brasil e no mundo.","potentialAction":[{"@type":"SearchAction","target":{"@type":"EntryPoint","urlTemplate":"https:\/\/www.em.com.br\/emfoco\/?s={search_term_string}"},"query-input":{"@type":"PropertyValueSpecification","valueRequired":true,"valueName":"search_term_string"}}],"inLanguage":"pt-BR"},{"@type":"Person","@id":"https:\/\/www.em.com.br\/emfoco\/#\/schema\/person\/fb0a7f48c6fbb94b83f413a80f61917d","name":"Kelvin","image":{"@type":"ImageObject","inLanguage":"pt-BR","@id":"https:\/\/www.em.com.br\/emfoco\/#\/schema\/person\/image\/","url":"https:\/\/secure.gravatar.com\/avatar\/e74f84337e6bf6c4c5e88fbdffa05270?s=96&d=mm&r=g","contentUrl":"https:\/\/secure.gravatar.com\/avatar\/e74f84337e6bf6c4c5e88fbdffa05270?s=96&d=mm&r=g","caption":"Kelvin"},"sameAs":["https:\/\/www.em.com.br\/emfoco"],"url":"https:\/\/www.em.com.br\/emfoco\/author\/kelvinmyth\/"}]}},"_links":{"self":[{"href":"https:\/\/www.em.com.br\/emfoco\/wp-json\/wp\/v2\/posts\/10498","targetHints":{"allow":["GET"]}}],"collection":[{"href":"https:\/\/www.em.com.br\/emfoco\/wp-json\/wp\/v2\/posts"}],"about":[{"href":"https:\/\/www.em.com.br\/emfoco\/wp-json\/wp\/v2\/types\/post"}],"author":[{"embeddable":true,"href":"https:\/\/www.em.com.br\/emfoco\/wp-json\/wp\/v2\/users\/7"}],"replies":[{"embeddable":true,"href":"https:\/\/www.em.com.br\/emfoco\/wp-json\/wp\/v2\/comments?post=10498"}],"version-history":[{"count":2,"href":"https:\/\/www.em.com.br\/emfoco\/wp-json\/wp\/v2\/posts\/10498\/revisions"}],"predecessor-version":[{"id":10501,"href":"https:\/\/www.em.com.br\/emfoco\/wp-json\/wp\/v2\/posts\/10498\/revisions\/10501"}],"wp:attachment":[{"href":"https:\/\/www.em.com.br\/emfoco\/wp-json\/wp\/v2\/media?parent=10498"}],"wp:term":[{"taxonomy":"category","embeddable":true,"href":"https:\/\/www.em.com.br\/emfoco\/wp-json\/wp\/v2\/categories?post=10498"},{"taxonomy":"post_tag","embeddable":true,"href":"https:\/\/www.em.com.br\/emfoco\/wp-json\/wp\/v2\/tags?post=10498"}],"curies":[{"name":"wp","href":"https:\/\/api.w.org\/{rel}","templated":true}]}}