{"id":104956,"date":"2025-09-18T09:18:10","date_gmt":"2025-09-18T12:18:10","guid":{"rendered":"https:\/\/www.em.com.br\/emfoco\/?p=104956"},"modified":"2025-09-17T10:36:07","modified_gmt":"2025-09-17T13:36:07","slug":"como-escolher-o-perfume-ideal-que-combina-com-seu-look","status":"publish","type":"post","link":"https:\/\/www.em.com.br\/emfoco\/2025\/09\/18\/como-escolher-o-perfume-ideal-que-combina-com-seu-look\/","title":{"rendered":"Como escolher o perfume ideal que combina com seu look"},"content":{"rendered":"\n<p>Desde os tempos antigos, o aroma tem desempenhado um papel fundamental e silencioso na esfera do vestu\u00e1rio. Existem registros hist\u00f3ricos que mostram que as fragr\u00e2ncias n\u00e3o servem apenas para embelezar o ambiente, mas atuam como uma extens\u00e3o do estilo pessoal, influenciando a percep\u00e7\u00e3o que os outros t\u00eam de n\u00f3s. A moda, por sua vez, transcende o mero vestu\u00e1rio, incorporando elementos sensoriais como as fragr\u00e2ncias, que se tornaram aliadas invis\u00edveis dos estilistas e consumidores na expressividade individual. Em pa\u00edses como <strong>Egito Antigo<\/strong> e <strong>Fran\u00e7a<\/strong>, as fragr\u00e2ncias sempre tiveram destaque tanto na sociedade quanto nos desfiles de moda.<\/p>\n\n\n\n<p>Harmonizar perfumes e indument\u00e1ria pode parecer uma tarefa complexa, mas se trata de uma arte que qualquer pessoa pode dominar. As fragr\u00e2ncias podem criar um ambiente ao nosso redor, potencializando sentimentos e ent\u00e3o complementando o estilo escolhido. Por exemplo, perfumes fortes como os orientais podem combinar com roupas de tons escuros e materiais mais pesados, enquanto aromas leves e florais podem complementar trajes de cores claras e tecidos esvoa\u00e7antes. Grifes como <strong>Dior<\/strong> e <strong>Chanel<\/strong> frequentemente lan\u00e7am perfumes para acompanhar suas cole\u00e7\u00f5es, mostrando como moda e fragr\u00e2ncia caminham juntas.<\/p>\n\n\n\n<h2 class=\"wp-block-heading\">Qual \u00e9 a import\u00e2ncia das fragr\u00e2ncias na moda?<\/h2>\n\n\n\n<p>As fragr\u00e2ncias n\u00e3o s\u00e3o apenas toques finais, mas elementos essenciais na hora de construir um look completo. Um perfume pode refor\u00e7ar a mensagem que uma roupa quer passar, transportando quem o usa para um mundo de experi\u00eancias sensoriais \u00fanicas. Perfumes c\u00edtricos e frescos podem transmitir leveza e descontra\u00e7\u00e3o, enquanto notas amadeiradas sugerem sofistica\u00e7\u00e3o e um ar mais intimista. A chegada de tend\u00eancias vindas de eventos como a <a href=\"https:\/\/www.instagram.com\/parisfashionweek\/\" target=\"_blank\" rel=\"noopener\">Semana de Moda de Paris<\/a> tamb\u00e9m influenciam as fragr\u00e2ncias em alta temporada na ind\u00fastria fashion.<\/p>\n\n\n<div class=\"wp-block-image\">\n<figure class=\"aligncenter size-large\"><img loading=\"lazy\" decoding=\"async\" width=\"1024\" height=\"576\" src=\"https:\/\/www.em.com.br\/emfoco\/wp-content\/uploads\/2025\/09\/perfumes-_1757023218301-1024x576.jpg\" alt=\"Truques simples para fazer seu perfume durar o dia todo\" class=\"wp-image-100904\" srcset=\"https:\/\/www.em.com.br\/emfoco\/wp-content\/uploads\/2025\/09\/perfumes-_1757023218301-1024x576.jpg 1024w, https:\/\/www.em.com.br\/emfoco\/wp-content\/uploads\/2025\/09\/perfumes-_1757023218301-300x169.jpg 300w, https:\/\/www.em.com.br\/emfoco\/wp-content\/uploads\/2025\/09\/perfumes-_1757023218301-768x432.jpg 768w, https:\/\/www.em.com.br\/emfoco\/wp-content\/uploads\/2025\/09\/perfumes-_1757023218301-750x422.jpg 750w, https:\/\/www.em.com.br\/emfoco\/wp-content\/uploads\/2025\/09\/perfumes-_1757023218301-1140x641.jpg 1140w, https:\/\/www.em.com.br\/emfoco\/wp-content\/uploads\/2025\/09\/perfumes-_1757023218301.jpg 1280w\" sizes=\"auto, (max-width: 1024px) 100vw, 1024px\" \/><figcaption class=\"wp-element-caption\">Perfume &#8211; Cr\u00e9ditos: depositphotos.com \/ serezniy<\/figcaption><\/figure><\/div>\n\n\n<h2 class=\"wp-block-heading\">Como escolher a fragr\u00e2ncia certa para um look espec\u00edfico?<\/h2>\n\n\n\n<p>Escolher a fragr\u00e2ncia perfeita exige considera\u00e7\u00e3o com a ocasi\u00e3o e o vestu\u00e1rio. Eventos formais pedem fragr\u00e2ncias cl\u00e1ssicas e elegantes, como as que cont\u00eam notas de baunilha ou alm\u00edscar. Para o dia a dia, perfumes com notas refrescantes e florais s\u00e3o ideais, proporcionando um ar de frescor e vitalidade. Uma viagem a um lugar ensolarado pode pedir aromas que lembrem mar e areia, como os que cont\u00eam notas aqu\u00e1ticas. Nas grandes cidades como <strong>S\u00e3o Paulo<\/strong> ou <strong>Nova York<\/strong>, observa-se uma valoriza\u00e7\u00e3o de perfumes exclusivos, que conectam ainda mais as pessoas \u00e0 identidade da moda urbana local.<\/p>\n\n\n\n<h2 class=\"wp-block-heading\">Como moda, esta\u00e7\u00f5es do ano e fragr\u00e2ncias se adaptam?<\/h2>\n\n\n\n<p>A moda muda com as esta\u00e7\u00f5es do ano, e as fragr\u00e2ncias podem acompanhar essa transi\u00e7\u00e3o, adaptando-se ao clima e alterando a percep\u00e7\u00e3o olfativa do look. No ver\u00e3o, fragr\u00e2ncias mais c\u00edtricas e leves s\u00e3o ideais, complementando vestes de tecidos fluidos. No inverno, aromas mais robustos e quentes, como especiarias e madeiras, harmonizam bem com <a href=\"https:\/\/www.em.com.br\/emfoco\/2025\/09\/17\/marca-de-roupas-conhecida-informou-que-esta-fechando-mais-de-31-de-suas-lojas\/\" target=\"_blank\" rel=\"noopener\">roupas<\/a> pesadas. A primavera inspira o uso de perfumes florais, enquanto o outono pede notas que lembrem folhas secas e a terra \u00famida. Marcas internacionais como <strong>Givenchy<\/strong> e <strong>Gucci<\/strong> investem em fragr\u00e2ncias sazonais, criando edi\u00e7\u00f5es limitadas para acompanhar a rotina de moda ao redor do mundo.<\/p>\n\n\n\n<h2 class=\"wp-block-heading\">De que forma as fragr\u00e2ncias influenciam a percep\u00e7\u00e3o criada pelo uso de roupas?<\/h2>\n\n\n\n<p>A escolha do perfume certo poder\u00e1 modificar a percep\u00e7\u00e3o que os outros t\u00eam de quem o usa, ao passo que aumenta a autoestima e sensa\u00e7\u00e3o de completude do look. Um perfume bem escolhido pode captar a ess\u00eancia do que se deseja expressar sem palavras, deixando uma impress\u00e3o duradoura. Em suma, quando aliadas, moda e aromaterapia oferecem uma avenida adicional de autoexpress\u00e3o, onde cada ess\u00eancia ou pe\u00e7a de roupa escolhida participa de um di\u00e1logo silencioso, envolvente e inesquec\u00edvel. O uso estrat\u00e9gico de fragr\u00e2ncias \u00e9 not\u00e1vel n\u00e3o s\u00f3 no cotidiano, mas tamb\u00e9m em ocasi\u00f5es especiais, como a <strong>Met Gala<\/strong>, onde detalhes sensoriais contribuem para a experi\u00eancia completa de quem est\u00e1 presente.<\/p>\n","protected":false},"excerpt":{"rendered":"<p>Desde os tempos antigos, o aroma tem desempenhado um papel fundamental e silencioso na esfera do vestu\u00e1rio. Existem registros hist\u00f3ricos que mostram que as fragr\u00e2ncias n\u00e3o servem apenas para embelezar o ambiente, mas atuam como uma extens\u00e3o do estilo pessoal, influenciando a percep\u00e7\u00e3o que os outros t\u00eam de n\u00f3s. A moda, por sua vez, transcende [&hellip;]<\/p>\n","protected":false},"author":9,"featured_media":83902,"comment_status":"open","ping_status":"open","sticky":false,"template":"","format":"standard","meta":{"jnews-multi-image_gallery":[],"jnews_single_post":{"format":"standard"},"jnews_primary_category":[],"jnews_social_meta":[],"jnews_override_counter":[],"footnotes":""},"categories":[8819,1],"tags":[10668,6005,7063],"class_list":["post-104956","post","type-post","status-publish","format-standard","has-post-thumbnail","hentry","category-curiosidades","category-noticias","tag-aromaterapia","tag-fragrancia","tag-looks"],"yoast_head":"<!-- This site is optimized with the Yoast SEO plugin v23.8 - https:\/\/yoast.com\/wordpress\/plugins\/seo\/ -->\n<title>Como escolher o perfume ideal que combina com seu look<\/title>\n<meta name=\"description\" content=\"Veja como perfumes e moda podem se unir para expressar estilo, elevar autoestima e criar uma impress\u00e3o duradoura.\" \/>\n<meta name=\"robots\" content=\"index, follow, max-snippet:-1, max-image-preview:large, max-video-preview:-1\" \/>\n<link rel=\"canonical\" href=\"https:\/\/www.em.com.br\/emfoco\/2025\/09\/18\/como-escolher-o-perfume-ideal-que-combina-com-seu-look\/\" \/>\n<meta property=\"og:locale\" content=\"pt_BR\" \/>\n<meta property=\"og:type\" content=\"article\" \/>\n<meta property=\"og:title\" content=\"Como escolher o perfume ideal que combina com seu look\" \/>\n<meta property=\"og:description\" content=\"Veja como perfumes e moda podem se unir para expressar estilo, elevar autoestima e criar uma impress\u00e3o duradoura.\" \/>\n<meta property=\"og:url\" content=\"https:\/\/www.em.com.br\/emfoco\/2025\/09\/18\/como-escolher-o-perfume-ideal-que-combina-com-seu-look\/\" \/>\n<meta property=\"og:site_name\" content=\"Estado de Minas - Em foco\" \/>\n<meta property=\"article:published_time\" content=\"2025-09-18T12:18:10+00:00\" \/>\n<meta property=\"article:modified_time\" content=\"2025-09-17T13:36:07+00:00\" \/>\n<meta property=\"og:image\" content=\"https:\/\/www.em.com.br\/emfoco\/wp-content\/uploads\/2025\/07\/look-marrom_1753893854619.jpg\" \/>\n\t<meta property=\"og:image:width\" content=\"1280\" \/>\n\t<meta property=\"og:image:height\" content=\"720\" \/>\n\t<meta property=\"og:image:type\" content=\"image\/jpeg\" \/>\n<meta name=\"author\" content=\"Daniely Cardoso\" \/>\n<meta name=\"twitter:card\" content=\"summary_large_image\" \/>\n<meta name=\"twitter:label1\" content=\"Escrito por\" \/>\n\t<meta name=\"twitter:data1\" content=\"Daniely Cardoso\" \/>\n\t<meta name=\"twitter:label2\" content=\"Est. tempo de leitura\" \/>\n\t<meta name=\"twitter:data2\" content=\"4 minutos\" \/>\n<!-- \/ Yoast SEO plugin. -->","yoast_head_json":{"title":"Como escolher o perfume ideal que combina com seu look","description":"Veja como perfumes e moda podem se unir para expressar estilo, elevar autoestima e criar uma impress\u00e3o duradoura.","robots":{"index":"index","follow":"follow","max-snippet":"max-snippet:-1","max-image-preview":"max-image-preview:large","max-video-preview":"max-video-preview:-1"},"canonical":"https:\/\/www.em.com.br\/emfoco\/2025\/09\/18\/como-escolher-o-perfume-ideal-que-combina-com-seu-look\/","og_locale":"pt_BR","og_type":"article","og_title":"Como escolher o perfume ideal que combina com seu look","og_description":"Veja como perfumes e moda podem se unir para expressar estilo, elevar autoestima e criar uma impress\u00e3o duradoura.","og_url":"https:\/\/www.em.com.br\/emfoco\/2025\/09\/18\/como-escolher-o-perfume-ideal-que-combina-com-seu-look\/","og_site_name":"Estado de Minas - Em foco","article_published_time":"2025-09-18T12:18:10+00:00","article_modified_time":"2025-09-17T13:36:07+00:00","og_image":[{"width":1280,"height":720,"url":"https:\/\/www.em.com.br\/emfoco\/wp-content\/uploads\/2025\/07\/look-marrom_1753893854619.jpg","type":"image\/jpeg"}],"author":"Daniely Cardoso","twitter_card":"summary_large_image","twitter_misc":{"Escrito por":"Daniely Cardoso","Est. tempo de leitura":"4 minutos"},"schema":{"@context":"https:\/\/schema.org","@graph":[{"@type":"WebPage","@id":"https:\/\/www.em.com.br\/emfoco\/2025\/09\/18\/como-escolher-o-perfume-ideal-que-combina-com-seu-look\/","url":"https:\/\/www.em.com.br\/emfoco\/2025\/09\/18\/como-escolher-o-perfume-ideal-que-combina-com-seu-look\/","name":"Como escolher o perfume ideal que combina com seu look","isPartOf":{"@id":"https:\/\/www.em.com.br\/emfoco\/#website"},"primaryImageOfPage":{"@id":"https:\/\/www.em.com.br\/emfoco\/2025\/09\/18\/como-escolher-o-perfume-ideal-que-combina-com-seu-look\/#primaryimage"},"image":{"@id":"https:\/\/www.em.com.br\/emfoco\/2025\/09\/18\/como-escolher-o-perfume-ideal-que-combina-com-seu-look\/#primaryimage"},"thumbnailUrl":"https:\/\/www.em.com.br\/emfoco\/wp-content\/uploads\/2025\/07\/look-marrom_1753893854619.jpg","datePublished":"2025-09-18T12:18:10+00:00","dateModified":"2025-09-17T13:36:07+00:00","author":{"@id":"https:\/\/www.em.com.br\/emfoco\/#\/schema\/person\/0a8186d72f2c3a5c6276d90b41f271a0"},"description":"Veja como perfumes e moda podem se unir para expressar estilo, elevar autoestima e criar uma impress\u00e3o duradoura.","breadcrumb":{"@id":"https:\/\/www.em.com.br\/emfoco\/2025\/09\/18\/como-escolher-o-perfume-ideal-que-combina-com-seu-look\/#breadcrumb"},"inLanguage":"pt-BR","potentialAction":[{"@type":"ReadAction","target":["https:\/\/www.em.com.br\/emfoco\/2025\/09\/18\/como-escolher-o-perfume-ideal-que-combina-com-seu-look\/"]}]},{"@type":"ImageObject","inLanguage":"pt-BR","@id":"https:\/\/www.em.com.br\/emfoco\/2025\/09\/18\/como-escolher-o-perfume-ideal-que-combina-com-seu-look\/#primaryimage","url":"https:\/\/www.em.com.br\/emfoco\/wp-content\/uploads\/2025\/07\/look-marrom_1753893854619.jpg","contentUrl":"https:\/\/www.em.com.br\/emfoco\/wp-content\/uploads\/2025\/07\/look-marrom_1753893854619.jpg","width":1280,"height":720,"caption":"Look marrom - Cr\u00e9ditos: depositphotos.com \/ AllaSerebrina"},{"@type":"BreadcrumbList","@id":"https:\/\/www.em.com.br\/emfoco\/2025\/09\/18\/como-escolher-o-perfume-ideal-que-combina-com-seu-look\/#breadcrumb","itemListElement":[{"@type":"ListItem","position":1,"name":"In\u00edcio","item":"https:\/\/www.em.com.br\/emfoco\/"},{"@type":"ListItem","position":2,"name":"Como escolher o perfume ideal que combina com seu look"}]},{"@type":"WebSite","@id":"https:\/\/www.em.com.br\/emfoco\/#website","url":"https:\/\/www.em.com.br\/emfoco\/","name":"Estado de Minas - Em foco","description":"Acompanhe as \u00faltimas not\u00edcias e fique bem informado sobre tudo o que acontece em Minas Gerais, Brasil e no mundo.","potentialAction":[{"@type":"SearchAction","target":{"@type":"EntryPoint","urlTemplate":"https:\/\/www.em.com.br\/emfoco\/?s={search_term_string}"},"query-input":{"@type":"PropertyValueSpecification","valueRequired":true,"valueName":"search_term_string"}}],"inLanguage":"pt-BR"},{"@type":"Person","@id":"https:\/\/www.em.com.br\/emfoco\/#\/schema\/person\/0a8186d72f2c3a5c6276d90b41f271a0","name":"Daniely Cardoso","image":{"@type":"ImageObject","inLanguage":"pt-BR","@id":"https:\/\/www.em.com.br\/emfoco\/#\/schema\/person\/image\/","url":"https:\/\/secure.gravatar.com\/avatar\/4b80ddbd124d1f071b626d52d62e5dff?s=96&d=mm&r=g","contentUrl":"https:\/\/secure.gravatar.com\/avatar\/4b80ddbd124d1f071b626d52d62e5dff?s=96&d=mm&r=g","caption":"Daniely Cardoso"},"url":"https:\/\/www.em.com.br\/emfoco\/author\/danielymyth\/"}]}},"_links":{"self":[{"href":"https:\/\/www.em.com.br\/emfoco\/wp-json\/wp\/v2\/posts\/104956","targetHints":{"allow":["GET"]}}],"collection":[{"href":"https:\/\/www.em.com.br\/emfoco\/wp-json\/wp\/v2\/posts"}],"about":[{"href":"https:\/\/www.em.com.br\/emfoco\/wp-json\/wp\/v2\/types\/post"}],"author":[{"embeddable":true,"href":"https:\/\/www.em.com.br\/emfoco\/wp-json\/wp\/v2\/users\/9"}],"replies":[{"embeddable":true,"href":"https:\/\/www.em.com.br\/emfoco\/wp-json\/wp\/v2\/comments?post=104956"}],"version-history":[{"count":3,"href":"https:\/\/www.em.com.br\/emfoco\/wp-json\/wp\/v2\/posts\/104956\/revisions"}],"predecessor-version":[{"id":105150,"href":"https:\/\/www.em.com.br\/emfoco\/wp-json\/wp\/v2\/posts\/104956\/revisions\/105150"}],"wp:featuredmedia":[{"embeddable":true,"href":"https:\/\/www.em.com.br\/emfoco\/wp-json\/wp\/v2\/media\/83902"}],"wp:attachment":[{"href":"https:\/\/www.em.com.br\/emfoco\/wp-json\/wp\/v2\/media?parent=104956"}],"wp:term":[{"taxonomy":"category","embeddable":true,"href":"https:\/\/www.em.com.br\/emfoco\/wp-json\/wp\/v2\/categories?post=104956"},{"taxonomy":"post_tag","embeddable":true,"href":"https:\/\/www.em.com.br\/emfoco\/wp-json\/wp\/v2\/tags?post=104956"}],"curies":[{"name":"wp","href":"https:\/\/api.w.org\/{rel}","templated":true}]}}