{"id":104558,"date":"2025-09-17T15:48:00","date_gmt":"2025-09-17T18:48:00","guid":{"rendered":"https:\/\/www.em.com.br\/emfoco\/?p=104558"},"modified":"2025-09-15T17:51:04","modified_gmt":"2025-09-15T20:51:04","slug":"a-capital-mais-promissora-do-cerrado-que-impressiona-pelas-experiencias","status":"publish","type":"post","link":"https:\/\/www.em.com.br\/emfoco\/2025\/09\/17\/a-capital-mais-promissora-do-cerrado-que-impressiona-pelas-experiencias\/","title":{"rendered":"A capital mais promissora do Cerrado que impressiona pelas experi\u00eancias"},"content":{"rendered":"\n<p><strong>Palmas<\/strong>, capital mais jovem do Brasil, encanta por unir planejamento urbano moderno, belas paisagens naturais e qualidade de vida. Localizada no Tocantins, a cidade \u00e9 cercada por rios, parques e cultura que atraem visitantes o ano todo.<\/p>\n\n\n\n<ul class=\"wp-block-list\">\n<li>Cidade planejada com infraestrutura moderna<\/li>\n\n\n\n<li>Rica em belezas naturais e turismo sustent\u00e1vel<\/li>\n\n\n\n<li>Qualidade de vida e crescimento econ\u00f4mico<\/li>\n<\/ul>\n\n\n\n<h2 class=\"wp-block-heading\">Por que Palmas \u00e9 considerada uma cidade t\u00e3o especial?<\/h2>\n\n\n\n<p>Fundada em 1989, <a href=\"https:\/\/pmp.pr.gov.br\/\" target=\"_blank\" rel=\"noreferrer noopener\"><strong>Palmas<\/strong> <\/a>foi projetada para ser moderna e funcional. Suas avenidas largas, bairros planejados e integra\u00e7\u00e3o com \u00e1reas verdes tornam a capital um exemplo de organiza\u00e7\u00e3o e crescimento sustent\u00e1vel no cora\u00e7\u00e3o do Brasil.<\/p>\n\n\n\n<p>A localiza\u00e7\u00e3o estrat\u00e9gica pr\u00f3xima ao rio Tocantins e ao Lago de Palmas amplia seu potencial tur\u00edstico e cultural. A cidade combina infraestrutura urbana de ponta com contato direto com a natureza, atraindo moradores e visitantes em busca de qualidade de vida.<\/p>\n\n\n\n<blockquote class=\"tiktok-embed\" cite=\"https:\/\/www.tiktok.com\/@yagohbm\/video\/7506519851452730630\" data-video-id=\"7506519851452730630\" style=\"max-width: 605px;min-width: 325px;\" > <section> <a target=\"_blank\" title=\"@yagohbm\" href=\"https:\/\/www.tiktok.com\/@yagohbm?refer=embed\">@yagohbm<\/a> <p>Parab\u00e9ns PALMAS-TO  36 anos \ud83d\udc4f\ud83c\udffc<\/p> <a target=\"_blank\" title=\"\u266c som original - Yago Henrique\" href=\"https:\/\/www.tiktok.com\/music\/som-original-7506519868012743480?refer=embed\">\u266c som original &#8211; Yago Henrique<\/a> <\/section> <\/blockquote> <script async src=\"https:\/\/www.tiktok.com\/embed.js\"><\/script>\n\n\n\n<h2 class=\"wp-block-heading\">Quais atra\u00e7\u00f5es tur\u00edsticas n\u00e3o podem ficar de fora?<\/h2>\n\n\n\n<p>Al\u00e9m da organiza\u00e7\u00e3o urbana, <strong>Palmas<\/strong> se destaca por op\u00e7\u00f5es de lazer ligadas \u00e0 natureza. Suas praias fluviais, trilhas e cachoeiras fazem parte da identidade local e recebem visitantes em busca de turismo ecol\u00f3gico.<\/p>\n\n\n\n<ul class=\"wp-block-list\">\n<li>Praia da Graciosa, cart\u00e3o-postal da cidade<\/li>\n\n\n\n<li>Parque Cesamar, ideal para caminhadas e esportes<\/li>\n\n\n\n<li>Cachoeira do Taquaru\u00e7u, ref\u00fagio natural<\/li>\n<\/ul>\n\n\n\n<h2 class=\"wp-block-heading\">Como \u00e9 a vida cultural e social em Palmas?<\/h2>\n\n\n\n<p>A <strong>vida cultural<\/strong> de Palmas \u00e9 marcada por eventos tradicionais como o Arrai\u00e1 da Capital, que celebra a cultura junina com dan\u00e7as e comidas t\u00edpicas. Festivais musicais e feiras gastron\u00f4micas tamb\u00e9m movimentam o calend\u00e1rio anual da cidade.<\/p>\n\n\n\n<p>O povo hospitaleiro e a diversidade cultural enriquecem o conv\u00edvio social. A capital une tradi\u00e7\u00f5es regionais a modernidade, promovendo uma experi\u00eancia \u00fanica tanto para moradores quanto para turistas.<\/p>\n\n\n\n<blockquote class=\"tiktok-embed\" cite=\"https:\/\/www.tiktok.com\/@palmascity_\/video\/7387439307205725445\" data-video-id=\"7387439307205725445\" style=\"max-width: 605px;min-width: 325px;\" > <section> <a target=\"_blank\" title=\"@palmascity_\" href=\"https:\/\/www.tiktok.com\/@palmascity_?refer=embed\">@palmascity_<\/a> Palmas \u00e9 abusurdo de linda \ud83d\ude0d\ud83d\ude0d <a title=\"tocantins\" target=\"_blank\" href=\"https:\/\/www.tiktok.com\/tag\/tocantins?refer=embed\">#tocantins<\/a> <a title=\"palmas\" target=\"_blank\" href=\"https:\/\/www.tiktok.com\/tag\/palmas?refer=embed\">#palmas<\/a> <a title=\"turismo\" target=\"_blank\" href=\"https:\/\/www.tiktok.com\/tag\/turismo?refer=embed\">#turismo<\/a> <a title=\"dubai\" target=\"_blank\" href=\"https:\/\/www.tiktok.com\/tag\/dubai?refer=embed\">#dubai<\/a> <a target=\"_blank\" title=\"\u266c som original - Palmas City\" href=\"https:\/\/www.tiktok.com\/music\/som-original-7387439323581156101?refer=embed\">\u266c som original &#8211; Palmas City<\/a> <\/section> <\/blockquote> <script async src=\"https:\/\/www.tiktok.com\/embed.js\"><\/script>\n\n\n\n<h2 class=\"wp-block-heading\">Quais benef\u00edcios a cidade oferece para os moradores?<\/h2>\n\n\n\n<p>Quem escolhe viver em <strong>Palmas<\/strong> encontra uma cidade planejada para o <strong><a href=\"https:\/\/www.em.com.br\/emfoco\/2025\/09\/15\/essa-tecnica-natural-esta-virando-a-melhor-aliada-no-bem-estar-apos-os-40\/\" target=\"_blank\" rel=\"noreferrer noopener\">bem-estar<\/a><\/strong>. A infraestrutura urbana facilita o deslocamento e garante acesso a servi\u00e7os p\u00fablicos, enquanto as \u00e1reas de lazer ao ar livre promovem sa\u00fade e conviv\u00eancia comunit\u00e1ria.<\/p>\n\n\n\n<ul class=\"wp-block-list\">\n<li>Qualidade de vida com \u00e1reas verdes preservadas<\/li>\n\n\n\n<li>Educa\u00e7\u00e3o e sa\u00fade em expans\u00e3o constante<\/li>\n\n\n\n<li>Oportunidades de neg\u00f3cios em setores emergentes<\/li>\n<\/ul>\n\n\n\n<h2 class=\"wp-block-heading\">O que torna Palmas um destino inesquec\u00edvel?<\/h2>\n\n\n\n<p>Al\u00e9m da infraestrutura moderna, o que torna <strong>Palmas inesquec\u00edvel<\/strong> \u00e9 a combina\u00e7\u00e3o entre paisagens naturais, cultura vibrante e hospitalidade. A cidade conquista visitantes e moradores que buscam equil\u00edbrio entre urbaniza\u00e7\u00e3o e natureza.<\/p>\n\n\n\n<ul class=\"wp-block-list\">\n<li>Destino ideal para turismo de aventura e lazer<\/li>\n\n\n\n<li>Hospitalidade que marca a experi\u00eancia de viagem<\/li>\n\n\n\n<li>Belezas \u00fanicas do Cerrado preservadas no dia a dia<\/li>\n<\/ul>\n","protected":false},"excerpt":{"rendered":"<p>Palmas, capital mais jovem do Brasil, encanta por unir planejamento urbano moderno, belas paisagens naturais e qualidade de vida. Localizada no Tocantins, a cidade \u00e9 cercada por rios, parques e cultura que atraem visitantes o ano todo. Por que Palmas \u00e9 considerada uma cidade t\u00e3o especial? Fundada em 1989, Palmas foi projetada para ser moderna [&hellip;]<\/p>\n","protected":false},"author":13,"featured_media":42052,"comment_status":"open","ping_status":"open","sticky":false,"template":"","format":"standard","meta":{"jnews-multi-image_gallery":[],"jnews_single_post":{"format":"standard"},"jnews_primary_category":[],"jnews_social_meta":[],"jnews_override_counter":[],"footnotes":""},"categories":[26],"tags":[2918,2919,157,1128],"class_list":["post-104558","post","type-post","status-publish","format-standard","has-post-thumbnail","hentry","category-cidades","tag-palmas","tag-tocantins","tag-turismo","tag-viagem"],"yoast_head":"<!-- This site is optimized with the Yoast SEO plugin v23.8 - https:\/\/yoast.com\/wordpress\/plugins\/seo\/ -->\n<title>A capital mais promissora do Cerrado que impressiona pelas experi\u00eancias - Estado de Minas - Em foco<\/title>\n<meta name=\"description\" content=\"A capital do Tocantins encanta com estrutura moderna e beleza natural. Veja os pontos tur\u00edsticos e o que torna Palmas t\u00e3o especial.\" \/>\n<meta name=\"robots\" content=\"index, follow, max-snippet:-1, max-image-preview:large, max-video-preview:-1\" \/>\n<link rel=\"canonical\" href=\"https:\/\/www.em.com.br\/emfoco\/2025\/09\/17\/a-capital-mais-promissora-do-cerrado-que-impressiona-pelas-experiencias\/\" \/>\n<meta property=\"og:locale\" content=\"pt_BR\" \/>\n<meta property=\"og:type\" content=\"article\" \/>\n<meta property=\"og:title\" content=\"A capital mais promissora do Cerrado que impressiona pelas experi\u00eancias - Estado de Minas - Em foco\" \/>\n<meta property=\"og:description\" content=\"A capital do Tocantins encanta com estrutura moderna e beleza natural. Veja os pontos tur\u00edsticos e o que torna Palmas t\u00e3o especial.\" \/>\n<meta property=\"og:url\" content=\"https:\/\/www.em.com.br\/emfoco\/2025\/09\/17\/a-capital-mais-promissora-do-cerrado-que-impressiona-pelas-experiencias\/\" \/>\n<meta property=\"og:site_name\" content=\"Estado de Minas - Em foco\" \/>\n<meta property=\"article:published_time\" content=\"2025-09-17T18:48:00+00:00\" \/>\n<meta property=\"article:modified_time\" content=\"2025-09-15T20:51:04+00:00\" \/>\n<meta property=\"og:image\" content=\"https:\/\/www.em.com.br\/emfoco\/wp-content\/uploads\/2025\/04\/Design-sem-nome-2-3.jpg\" \/>\n\t<meta property=\"og:image:width\" content=\"1280\" \/>\n\t<meta property=\"og:image:height\" content=\"720\" \/>\n\t<meta property=\"og:image:type\" content=\"image\/jpeg\" \/>\n<meta name=\"author\" content=\"Gabriel Martins\" \/>\n<meta name=\"twitter:card\" content=\"summary_large_image\" \/>\n<meta name=\"twitter:label1\" content=\"Escrito por\" \/>\n\t<meta name=\"twitter:data1\" content=\"Gabriel Martins\" \/>\n\t<meta name=\"twitter:label2\" content=\"Est. tempo de leitura\" \/>\n\t<meta name=\"twitter:data2\" content=\"3 minutos\" \/>\n<!-- \/ Yoast SEO plugin. -->","yoast_head_json":{"title":"A capital mais promissora do Cerrado que impressiona pelas experi\u00eancias - Estado de Minas - Em foco","description":"A capital do Tocantins encanta com estrutura moderna e beleza natural. Veja os pontos tur\u00edsticos e o que torna Palmas t\u00e3o especial.","robots":{"index":"index","follow":"follow","max-snippet":"max-snippet:-1","max-image-preview":"max-image-preview:large","max-video-preview":"max-video-preview:-1"},"canonical":"https:\/\/www.em.com.br\/emfoco\/2025\/09\/17\/a-capital-mais-promissora-do-cerrado-que-impressiona-pelas-experiencias\/","og_locale":"pt_BR","og_type":"article","og_title":"A capital mais promissora do Cerrado que impressiona pelas experi\u00eancias - Estado de Minas - Em foco","og_description":"A capital do Tocantins encanta com estrutura moderna e beleza natural. Veja os pontos tur\u00edsticos e o que torna Palmas t\u00e3o especial.","og_url":"https:\/\/www.em.com.br\/emfoco\/2025\/09\/17\/a-capital-mais-promissora-do-cerrado-que-impressiona-pelas-experiencias\/","og_site_name":"Estado de Minas - Em foco","article_published_time":"2025-09-17T18:48:00+00:00","article_modified_time":"2025-09-15T20:51:04+00:00","og_image":[{"width":1280,"height":720,"url":"https:\/\/www.em.com.br\/emfoco\/wp-content\/uploads\/2025\/04\/Design-sem-nome-2-3.jpg","type":"image\/jpeg"}],"author":"Gabriel Martins","twitter_card":"summary_large_image","twitter_misc":{"Escrito por":"Gabriel Martins","Est. tempo de leitura":"3 minutos"},"schema":{"@context":"https:\/\/schema.org","@graph":[{"@type":"WebPage","@id":"https:\/\/www.em.com.br\/emfoco\/2025\/09\/17\/a-capital-mais-promissora-do-cerrado-que-impressiona-pelas-experiencias\/","url":"https:\/\/www.em.com.br\/emfoco\/2025\/09\/17\/a-capital-mais-promissora-do-cerrado-que-impressiona-pelas-experiencias\/","name":"A capital mais promissora do Cerrado que impressiona pelas experi\u00eancias - Estado de Minas - Em foco","isPartOf":{"@id":"https:\/\/www.em.com.br\/emfoco\/#website"},"primaryImageOfPage":{"@id":"https:\/\/www.em.com.br\/emfoco\/2025\/09\/17\/a-capital-mais-promissora-do-cerrado-que-impressiona-pelas-experiencias\/#primaryimage"},"image":{"@id":"https:\/\/www.em.com.br\/emfoco\/2025\/09\/17\/a-capital-mais-promissora-do-cerrado-que-impressiona-pelas-experiencias\/#primaryimage"},"thumbnailUrl":"https:\/\/www.em.com.br\/emfoco\/wp-content\/uploads\/2025\/04\/Design-sem-nome-2-3.jpg","datePublished":"2025-09-17T18:48:00+00:00","dateModified":"2025-09-15T20:51:04+00:00","author":{"@id":"https:\/\/www.em.com.br\/emfoco\/#\/schema\/person\/1c9ddeab18b98abeffef834667bcf08a"},"description":"A capital do Tocantins encanta com estrutura moderna e beleza natural. Veja os pontos tur\u00edsticos e o que torna Palmas t\u00e3o especial.","breadcrumb":{"@id":"https:\/\/www.em.com.br\/emfoco\/2025\/09\/17\/a-capital-mais-promissora-do-cerrado-que-impressiona-pelas-experiencias\/#breadcrumb"},"inLanguage":"pt-BR","potentialAction":[{"@type":"ReadAction","target":["https:\/\/www.em.com.br\/emfoco\/2025\/09\/17\/a-capital-mais-promissora-do-cerrado-que-impressiona-pelas-experiencias\/"]}]},{"@type":"ImageObject","inLanguage":"pt-BR","@id":"https:\/\/www.em.com.br\/emfoco\/2025\/09\/17\/a-capital-mais-promissora-do-cerrado-que-impressiona-pelas-experiencias\/#primaryimage","url":"https:\/\/www.em.com.br\/emfoco\/wp-content\/uploads\/2025\/04\/Design-sem-nome-2-3.jpg","contentUrl":"https:\/\/www.em.com.br\/emfoco\/wp-content\/uploads\/2025\/04\/Design-sem-nome-2-3.jpg","width":1280,"height":720,"caption":"Palmas, Tocantins - Cr\u00e9ditos: Wikimedia Commons"},{"@type":"BreadcrumbList","@id":"https:\/\/www.em.com.br\/emfoco\/2025\/09\/17\/a-capital-mais-promissora-do-cerrado-que-impressiona-pelas-experiencias\/#breadcrumb","itemListElement":[{"@type":"ListItem","position":1,"name":"In\u00edcio","item":"https:\/\/www.em.com.br\/emfoco\/"},{"@type":"ListItem","position":2,"name":"A capital mais promissora do Cerrado que impressiona pelas experi\u00eancias"}]},{"@type":"WebSite","@id":"https:\/\/www.em.com.br\/emfoco\/#website","url":"https:\/\/www.em.com.br\/emfoco\/","name":"Estado de Minas - Em foco","description":"Acompanhe as \u00faltimas not\u00edcias e fique bem informado sobre tudo o que acontece em Minas Gerais, Brasil e no mundo.","potentialAction":[{"@type":"SearchAction","target":{"@type":"EntryPoint","urlTemplate":"https:\/\/www.em.com.br\/emfoco\/?s={search_term_string}"},"query-input":{"@type":"PropertyValueSpecification","valueRequired":true,"valueName":"search_term_string"}}],"inLanguage":"pt-BR"},{"@type":"Person","@id":"https:\/\/www.em.com.br\/emfoco\/#\/schema\/person\/1c9ddeab18b98abeffef834667bcf08a","name":"Gabriel Martins","image":{"@type":"ImageObject","inLanguage":"pt-BR","@id":"https:\/\/www.em.com.br\/emfoco\/#\/schema\/person\/image\/","url":"https:\/\/secure.gravatar.com\/avatar\/f0f1e2efdfd88f1ad2cb08c5c2731e50?s=96&d=mm&r=g","contentUrl":"https:\/\/secure.gravatar.com\/avatar\/f0f1e2efdfd88f1ad2cb08c5c2731e50?s=96&d=mm&r=g","caption":"Gabriel Martins"},"sameAs":["https:\/\/www.em.com.br\/emfoco\/"],"url":"https:\/\/www.em.com.br\/emfoco\/author\/gabrielmartinsmyth\/"}]}},"_links":{"self":[{"href":"https:\/\/www.em.com.br\/emfoco\/wp-json\/wp\/v2\/posts\/104558","targetHints":{"allow":["GET"]}}],"collection":[{"href":"https:\/\/www.em.com.br\/emfoco\/wp-json\/wp\/v2\/posts"}],"about":[{"href":"https:\/\/www.em.com.br\/emfoco\/wp-json\/wp\/v2\/types\/post"}],"author":[{"embeddable":true,"href":"https:\/\/www.em.com.br\/emfoco\/wp-json\/wp\/v2\/users\/13"}],"replies":[{"embeddable":true,"href":"https:\/\/www.em.com.br\/emfoco\/wp-json\/wp\/v2\/comments?post=104558"}],"version-history":[{"count":1,"href":"https:\/\/www.em.com.br\/emfoco\/wp-json\/wp\/v2\/posts\/104558\/revisions"}],"predecessor-version":[{"id":104567,"href":"https:\/\/www.em.com.br\/emfoco\/wp-json\/wp\/v2\/posts\/104558\/revisions\/104567"}],"wp:featuredmedia":[{"embeddable":true,"href":"https:\/\/www.em.com.br\/emfoco\/wp-json\/wp\/v2\/media\/42052"}],"wp:attachment":[{"href":"https:\/\/www.em.com.br\/emfoco\/wp-json\/wp\/v2\/media?parent=104558"}],"wp:term":[{"taxonomy":"category","embeddable":true,"href":"https:\/\/www.em.com.br\/emfoco\/wp-json\/wp\/v2\/categories?post=104558"},{"taxonomy":"post_tag","embeddable":true,"href":"https:\/\/www.em.com.br\/emfoco\/wp-json\/wp\/v2\/tags?post=104558"}],"curies":[{"name":"wp","href":"https:\/\/api.w.org\/{rel}","templated":true}]}}