{"id":104323,"date":"2025-09-17T07:08:00","date_gmt":"2025-09-17T10:08:00","guid":{"rendered":"https:\/\/www.em.com.br\/emfoco\/?p=104323"},"modified":"2025-09-15T12:46:32","modified_gmt":"2025-09-15T15:46:32","slug":"especialista-explica-como-acelerar-a-secagem-da-roupa-dentro-de-casa","status":"publish","type":"post","link":"https:\/\/www.em.com.br\/emfoco\/2025\/09\/17\/especialista-explica-como-acelerar-a-secagem-da-roupa-dentro-de-casa\/","title":{"rendered":"Especialista explica como acelerar a secagem da roupa dentro de casa"},"content":{"rendered":"\n<p>Roupas molhadas penduradas no varal por dias e que parecem nunca secar s\u00e3o um problema comum. Isso ocorre especialmente durante o outono, quando a umidade e a ventila\u00e7\u00e3o deficiente s\u00e3o frequentes. Felizmente, existem solu\u00e7\u00f5es eficazes que n\u00e3o exigem grandes investimentos.<\/p>\n\n\n\n<ul class=\"wp-block-list\">\n<li><strong>Ventila\u00e7\u00e3o Deficiente:<\/strong>&nbsp;Descubra como a falta de circula\u00e7\u00e3o de ar pode atrasar a secagem das roupas.<\/li>\n\n\n\n<li><strong>Controlar a Umidade Interna:<\/strong>&nbsp;Saiba como pequenos ajustes podem melhorar o ambiente para secar roupas.<\/li>\n\n\n\n<li><strong>Distribui\u00e7\u00e3o das Roupas:<\/strong>&nbsp;Aprenda como a disposi\u00e7\u00e3o correta das pe\u00e7as pode acelerar a secagem.<\/li>\n<\/ul>\n\n\n\n<h2 class=\"wp-block-heading\">Como melhorar a ventila\u00e7\u00e3o ao secar roupas?<\/h2>\n\n\n\n<p><strong><strong>Niina Silande<\/strong>r<\/strong>, especialista em cuidados dom\u00e9sticos, destaca que uma ventila\u00e7\u00e3o inadequada \u00e9 uma das principais raz\u00f5es para a\u00a0<strong>m\u00e1 secagem<\/strong>\u00a0das roupas internas. Sem circula\u00e7\u00e3o de ar, a umidade se acumula, retardando o processo de secagem.<\/p>\n\n\n\n<p>Abertura de janelas ou uso de&nbsp;<strong>exaustores<\/strong>&nbsp;pode facilitar o fluxo de ar, mas lembre-se de que a ventila\u00e7\u00e3o s\u00f3 \u00e9 eficaz se o ar externo n\u00e3o estiver \u00famido.<\/p>\n\n\n\n<p>Em cidades como\u00a0<strong>S\u00e3o Paulo<\/strong>, por exemplo, onde pr\u00e9dios s\u00e3o mais fechados, considerar o uso de dispositivos como\u00a0<strong>ventiladores port\u00e1teis<\/strong>\u00a0pode acelerar ainda mais a<a href=\"https:\/\/www.ype.ind.br\/ype-explica\/como-secar-roupa-em-dia-de-chuva\" target=\"_blank\" rel=\"noreferrer noopener\"> secagem das roupas no dia a dia<\/a>. Em apartamentos compactos, o uso de desumidificadores port\u00e1teis tamb\u00e9m faz diferen\u00e7a significativa.<\/p>\n\n\n\n<h2 class=\"wp-block-heading\">Como minimizar a umidade interna durante a secagem?<\/h2>\n\n\n\n<p>Utilizar dispositivos como&nbsp;<strong>bombas de calor<\/strong>&nbsp;pode ajudar a remover umidade do ar. Al\u00e9m disso, \u00e9 importante aumentar a temperatura ambiente, j\u00e1 que o calor absorve mais umidade.<\/p>\n\n\n\n<figure class=\"wp-block-image\"><img decoding=\"async\" src=\"https:\/\/www.em.com.br\/emfoco\/wp-content\/uploads\/2025\/05\/roupas-limpas_1746667909645-1024x576.jpg\" alt=\"\"\/><figcaption class=\"wp-element-caption\">roupas limpas &#8211; Cr\u00e9ditos: depositphotos.com \/ EdZbarzhyvetsky<\/figcaption><\/figure>\n\n\n\n<p><strong>Dica r\u00e1pida:<\/strong>&nbsp;Utilize o aquecimento do piso e mantenha as portas entreabertas quando secar roupas no banheiro. Em regi\u00f5es do&nbsp;<strong>Rio Grande do Sul<\/strong>, onde o inverno costuma ser mais rigoroso, pequenos&nbsp;<strong>desumidificadores el\u00e9tricos<\/strong>&nbsp;tamb\u00e9m podem ser grandes aliados contra a umidade. Vale lembrar que em cidades brasileiras do litoral, o controle da umidade \u00e9 ainda mais crucial devido ao clima naturalmente mais \u00famido.<\/p>\n\n\n\n<h2 class=\"wp-block-heading\">Como organizar as roupas no varal de forma eficiente?<\/h2>\n\n\n\n<p>Pendur\u00e1-las de modo a permitir o fluxo de ar entre elas pode fazer toda a diferen\u00e7a. Roupas grossas como jeans e toalhas devem ser distribu\u00eddas em v\u00e1rias linhas do varal, permitindo que o&nbsp;<strong>ar circule<\/strong>&nbsp;de maneira eficiente.<\/p>\n\n\n\n<p>Materiais sint\u00e9ticos geralmente secam mais rapidamente. Considerar o tipo de tecido e o programa de centrifuga\u00e7\u00e3o ao lav\u00e1-las tamb\u00e9m pode aumentar a efic\u00e1cia da secagem. Se voc\u00ea possui uma&nbsp;<strong>m\u00e1quina lava e seca<\/strong>, aproveite a fun\u00e7\u00e3o de secagem nos dias mais \u00famidos para acelerar o processo. H\u00e1 modelos smart que permitem programar o ciclo via aplicativos, facilitando ainda mais o cuidado com as roupas.<\/p>\n\n\n\n<h2 class=\"wp-block-heading\">Quais s\u00e3o as principais li\u00e7\u00f5es sobre secagem de roupas internas?<\/h2>\n\n\n\n<ul class=\"wp-block-list\">\n<li><strong>Ventila\u00e7\u00e3o \u00e9 chave:<\/strong>&nbsp;Aumente o fluxo de ar para evitar o ac\u00famulo de umidade.<\/li>\n\n\n\n<li><strong>Aque\u00e7a adequadamente:<\/strong>&nbsp;Ambientes mais quentes absorvem mais umidade, agilizando a secagem.<\/li>\n\n\n\n<li><strong>Organiza\u00e7\u00e3o importa:<\/strong>&nbsp;Posicionamento correto no varal faz diferen\u00e7a no tempo de secagem.<\/li>\n<\/ul>\n\n\n\n<p>Leia tamb\u00e9m: <a href=\"https:\/\/www.em.com.br\/emfoco\/2025\/09\/07\/como-secar-roupas-em-apenas-cinco-minutos-usando-esse-metodo\/\" target=\"_blank\" rel=\"noreferrer noopener\">Como secar roupas em apenas cinco minutos usando esse m\u00e9todo<\/a><\/p>\n","protected":false},"excerpt":{"rendered":"<p>Roupas molhadas penduradas no varal por dias e que parecem nunca secar s\u00e3o um problema comum. Isso ocorre especialmente durante o outono, quando a umidade e a ventila\u00e7\u00e3o deficiente s\u00e3o frequentes. Felizmente, existem solu\u00e7\u00f5es eficazes que n\u00e3o exigem grandes investimentos. Como melhorar a ventila\u00e7\u00e3o ao secar roupas? Niina Silander, especialista em cuidados dom\u00e9sticos, destaca que [&hellip;]<\/p>\n","protected":false},"author":11,"featured_media":54733,"comment_status":"open","ping_status":"open","sticky":false,"template":"","format":"standard","meta":{"jnews-multi-image_gallery":[],"jnews_single_post":{"format":"standard"},"jnews_primary_category":[],"jnews_social_meta":[],"jnews_override_counter":[],"footnotes":""},"categories":[8819,1],"tags":[9446,8465,2000],"class_list":["post-104323","post","type-post","status-publish","format-standard","has-post-thumbnail","hentry","category-curiosidades","category-noticias","tag-roupa","tag-roupas-limpas-e-secas","tag-umidade"],"yoast_head":"<!-- This site is optimized with the Yoast SEO plugin v23.8 - https:\/\/yoast.com\/wordpress\/plugins\/seo\/ -->\n<title>Especialista explica como acelerar a secagem da roupa dentro de casa - Estado de Minas - Em foco<\/title>\n<meta name=\"description\" content=\"Roupas que demoram a secar podem estar sendo afetadas por erros simples. Veja o que est\u00e1 mudando a rotina de muita gente em casa.\" \/>\n<meta name=\"robots\" content=\"index, follow, max-snippet:-1, max-image-preview:large, max-video-preview:-1\" \/>\n<link rel=\"canonical\" href=\"https:\/\/www.em.com.br\/emfoco\/2025\/09\/17\/especialista-explica-como-acelerar-a-secagem-da-roupa-dentro-de-casa\/\" \/>\n<meta property=\"og:locale\" content=\"pt_BR\" \/>\n<meta property=\"og:type\" content=\"article\" \/>\n<meta property=\"og:title\" content=\"Especialista explica como acelerar a secagem da roupa dentro de casa - Estado de Minas - Em foco\" \/>\n<meta property=\"og:description\" content=\"Roupas que demoram a secar podem estar sendo afetadas por erros simples. Veja o que est\u00e1 mudando a rotina de muita gente em casa.\" \/>\n<meta property=\"og:url\" content=\"https:\/\/www.em.com.br\/emfoco\/2025\/09\/17\/especialista-explica-como-acelerar-a-secagem-da-roupa-dentro-de-casa\/\" \/>\n<meta property=\"og:site_name\" content=\"Estado de Minas - Em foco\" \/>\n<meta property=\"article:published_time\" content=\"2025-09-17T10:08:00+00:00\" \/>\n<meta property=\"article:modified_time\" content=\"2025-09-15T15:46:32+00:00\" \/>\n<meta property=\"og:image\" content=\"https:\/\/www.em.com.br\/emfoco\/wp-content\/uploads\/2025\/06\/roupas-molhadas_1748964337090.jpg\" \/>\n\t<meta property=\"og:image:width\" content=\"1280\" \/>\n\t<meta property=\"og:image:height\" content=\"720\" \/>\n\t<meta property=\"og:image:type\" content=\"image\/jpeg\" \/>\n<meta name=\"author\" content=\"Andre\u0301 Rangel\u00a0\" \/>\n<meta name=\"twitter:card\" content=\"summary_large_image\" \/>\n<meta name=\"twitter:label1\" content=\"Escrito por\" \/>\n\t<meta name=\"twitter:data1\" content=\"Andre\u0301 Rangel\u00a0\" \/>\n\t<meta name=\"twitter:label2\" content=\"Est. tempo de leitura\" \/>\n\t<meta name=\"twitter:data2\" content=\"4 minutos\" \/>\n<!-- \/ Yoast SEO plugin. -->","yoast_head_json":{"title":"Especialista explica como acelerar a secagem da roupa dentro de casa - Estado de Minas - Em foco","description":"Roupas que demoram a secar podem estar sendo afetadas por erros simples. Veja o que est\u00e1 mudando a rotina de muita gente em casa.","robots":{"index":"index","follow":"follow","max-snippet":"max-snippet:-1","max-image-preview":"max-image-preview:large","max-video-preview":"max-video-preview:-1"},"canonical":"https:\/\/www.em.com.br\/emfoco\/2025\/09\/17\/especialista-explica-como-acelerar-a-secagem-da-roupa-dentro-de-casa\/","og_locale":"pt_BR","og_type":"article","og_title":"Especialista explica como acelerar a secagem da roupa dentro de casa - Estado de Minas - Em foco","og_description":"Roupas que demoram a secar podem estar sendo afetadas por erros simples. Veja o que est\u00e1 mudando a rotina de muita gente em casa.","og_url":"https:\/\/www.em.com.br\/emfoco\/2025\/09\/17\/especialista-explica-como-acelerar-a-secagem-da-roupa-dentro-de-casa\/","og_site_name":"Estado de Minas - Em foco","article_published_time":"2025-09-17T10:08:00+00:00","article_modified_time":"2025-09-15T15:46:32+00:00","og_image":[{"width":1280,"height":720,"url":"https:\/\/www.em.com.br\/emfoco\/wp-content\/uploads\/2025\/06\/roupas-molhadas_1748964337090.jpg","type":"image\/jpeg"}],"author":"Andre\u0301 Rangel\u00a0","twitter_card":"summary_large_image","twitter_misc":{"Escrito por":"Andre\u0301 Rangel\u00a0","Est. tempo de leitura":"4 minutos"},"schema":{"@context":"https:\/\/schema.org","@graph":[{"@type":"WebPage","@id":"https:\/\/www.em.com.br\/emfoco\/2025\/09\/17\/especialista-explica-como-acelerar-a-secagem-da-roupa-dentro-de-casa\/","url":"https:\/\/www.em.com.br\/emfoco\/2025\/09\/17\/especialista-explica-como-acelerar-a-secagem-da-roupa-dentro-de-casa\/","name":"Especialista explica como acelerar a secagem da roupa dentro de casa - Estado de Minas - Em foco","isPartOf":{"@id":"https:\/\/www.em.com.br\/emfoco\/#website"},"primaryImageOfPage":{"@id":"https:\/\/www.em.com.br\/emfoco\/2025\/09\/17\/especialista-explica-como-acelerar-a-secagem-da-roupa-dentro-de-casa\/#primaryimage"},"image":{"@id":"https:\/\/www.em.com.br\/emfoco\/2025\/09\/17\/especialista-explica-como-acelerar-a-secagem-da-roupa-dentro-de-casa\/#primaryimage"},"thumbnailUrl":"https:\/\/www.em.com.br\/emfoco\/wp-content\/uploads\/2025\/06\/roupas-molhadas_1748964337090.jpg","datePublished":"2025-09-17T10:08:00+00:00","dateModified":"2025-09-15T15:46:32+00:00","author":{"@id":"https:\/\/www.em.com.br\/emfoco\/#\/schema\/person\/60eda09c1fedf0d6891f4cef4b60b8b8"},"description":"Roupas que demoram a secar podem estar sendo afetadas por erros simples. Veja o que est\u00e1 mudando a rotina de muita gente em casa.","breadcrumb":{"@id":"https:\/\/www.em.com.br\/emfoco\/2025\/09\/17\/especialista-explica-como-acelerar-a-secagem-da-roupa-dentro-de-casa\/#breadcrumb"},"inLanguage":"pt-BR","potentialAction":[{"@type":"ReadAction","target":["https:\/\/www.em.com.br\/emfoco\/2025\/09\/17\/especialista-explica-como-acelerar-a-secagem-da-roupa-dentro-de-casa\/"]}]},{"@type":"ImageObject","inLanguage":"pt-BR","@id":"https:\/\/www.em.com.br\/emfoco\/2025\/09\/17\/especialista-explica-como-acelerar-a-secagem-da-roupa-dentro-de-casa\/#primaryimage","url":"https:\/\/www.em.com.br\/emfoco\/wp-content\/uploads\/2025\/06\/roupas-molhadas_1748964337090.jpg","contentUrl":"https:\/\/www.em.com.br\/emfoco\/wp-content\/uploads\/2025\/06\/roupas-molhadas_1748964337090.jpg","width":1280,"height":720,"caption":"Secar roupa dentro de casa pode afetar sua sa\u00fade - Cr\u00e9ditos: depositphotos.com \/ Elnur_"},{"@type":"BreadcrumbList","@id":"https:\/\/www.em.com.br\/emfoco\/2025\/09\/17\/especialista-explica-como-acelerar-a-secagem-da-roupa-dentro-de-casa\/#breadcrumb","itemListElement":[{"@type":"ListItem","position":1,"name":"In\u00edcio","item":"https:\/\/www.em.com.br\/emfoco\/"},{"@type":"ListItem","position":2,"name":"Especialista explica como acelerar a secagem da roupa dentro de casa"}]},{"@type":"WebSite","@id":"https:\/\/www.em.com.br\/emfoco\/#website","url":"https:\/\/www.em.com.br\/emfoco\/","name":"Estado de Minas - Em foco","description":"Acompanhe as \u00faltimas not\u00edcias e fique bem informado sobre tudo o que acontece em Minas Gerais, Brasil e no mundo.","potentialAction":[{"@type":"SearchAction","target":{"@type":"EntryPoint","urlTemplate":"https:\/\/www.em.com.br\/emfoco\/?s={search_term_string}"},"query-input":{"@type":"PropertyValueSpecification","valueRequired":true,"valueName":"search_term_string"}}],"inLanguage":"pt-BR"},{"@type":"Person","@id":"https:\/\/www.em.com.br\/emfoco\/#\/schema\/person\/60eda09c1fedf0d6891f4cef4b60b8b8","name":"Andre\u0301 Rangel\u00a0","image":{"@type":"ImageObject","inLanguage":"pt-BR","@id":"https:\/\/www.em.com.br\/emfoco\/#\/schema\/person\/image\/","url":"https:\/\/secure.gravatar.com\/avatar\/6234dc814c77c8ef6d8bba622c787efc?s=96&d=mm&r=g","contentUrl":"https:\/\/secure.gravatar.com\/avatar\/6234dc814c77c8ef6d8bba622c787efc?s=96&d=mm&r=g","caption":"Andre\u0301 Rangel\u00a0"},"url":"https:\/\/www.em.com.br\/emfoco\/author\/luizmyth\/"}]}},"_links":{"self":[{"href":"https:\/\/www.em.com.br\/emfoco\/wp-json\/wp\/v2\/posts\/104323","targetHints":{"allow":["GET"]}}],"collection":[{"href":"https:\/\/www.em.com.br\/emfoco\/wp-json\/wp\/v2\/posts"}],"about":[{"href":"https:\/\/www.em.com.br\/emfoco\/wp-json\/wp\/v2\/types\/post"}],"author":[{"embeddable":true,"href":"https:\/\/www.em.com.br\/emfoco\/wp-json\/wp\/v2\/users\/11"}],"replies":[{"embeddable":true,"href":"https:\/\/www.em.com.br\/emfoco\/wp-json\/wp\/v2\/comments?post=104323"}],"version-history":[{"count":4,"href":"https:\/\/www.em.com.br\/emfoco\/wp-json\/wp\/v2\/posts\/104323\/revisions"}],"predecessor-version":[{"id":104385,"href":"https:\/\/www.em.com.br\/emfoco\/wp-json\/wp\/v2\/posts\/104323\/revisions\/104385"}],"wp:featuredmedia":[{"embeddable":true,"href":"https:\/\/www.em.com.br\/emfoco\/wp-json\/wp\/v2\/media\/54733"}],"wp:attachment":[{"href":"https:\/\/www.em.com.br\/emfoco\/wp-json\/wp\/v2\/media?parent=104323"}],"wp:term":[{"taxonomy":"category","embeddable":true,"href":"https:\/\/www.em.com.br\/emfoco\/wp-json\/wp\/v2\/categories?post=104323"},{"taxonomy":"post_tag","embeddable":true,"href":"https:\/\/www.em.com.br\/emfoco\/wp-json\/wp\/v2\/tags?post=104323"}],"curies":[{"name":"wp","href":"https:\/\/api.w.org\/{rel}","templated":true}]}}