{"id":10408,"date":"2025-01-20T22:40:00","date_gmt":"2025-01-21T01:40:00","guid":{"rendered":"https:\/\/www.em.com.br\/emfoco\/?p=10408"},"modified":"2025-01-13T11:19:56","modified_gmt":"2025-01-13T14:19:56","slug":"o-sonho-nova-iorquino-tem-um-preco-entenda-o-custo-de-viver-na-big-apple","status":"publish","type":"post","link":"https:\/\/www.em.com.br\/emfoco\/2025\/01\/20\/o-sonho-nova-iorquino-tem-um-preco-entenda-o-custo-de-viver-na-big-apple\/","title":{"rendered":"O Sonho Nova-iorquino tem um Pre\u00e7o: Entenda o Custo de Viver na Big Apple"},"content":{"rendered":"\n<p><strong><a href=\"https:\/\/www.em.com.br\/emfoco\/2025\/01\/15\/times-square-broadway-e-mais-conheca-a-cidade-que-nunca-dorme\/\" target=\"_blank\" rel=\"noreferrer noopener\">Nova York<\/a><\/strong>, conhecida mundialmente como a &#8220;Big Apple&#8221;, \u00e9 frequentemente associada ao glamour e \u00e0 influ\u00eancia cultural e econ\u00f4mica. No entanto, o custo de vida nesta ic\u00f4nica cidade \u00e9 um desafio significativo para aqueles que aspiram a residir l\u00e1. Os pre\u00e7os dos alugu\u00e9is s\u00e3o notoriamente altos, colocando a metr\u00f3pole no ranking das cidades mais caras do mundo.<\/p>\n\n\n\n<p>Um estudo recente ilustra que, para viver confortavelmente em Nova York sem comprometer mais de 30% da renda em moradia, uma pessoa precisa ganhar mais de US$ 135 mil anuais. Este aumento acentuado em rela\u00e7\u00e3o h\u00e1 cinco anos reflete a crescente press\u00e3o econ\u00f4mica enfrentada pelos residentes devido aos custos habitacionais.<\/p>\n\n\n\n<h2 class=\"wp-block-heading\">Quais S\u00e3o os Custos de Aluguel em Nova York?<\/h2>\n\n\n\n<p>De acordo com relat\u00f3rios do mercado imobili\u00e1rio, o custo m\u00e9dio do aluguel em Nova York chegou a US$ 3.700 por m\u00eas, o mais alto desde setembro de 2023. Este aumento est\u00e1 vinculado \u00e0 alta demanda por im\u00f3veis, especialmente em \u00e1reas como <strong><a href=\"https:\/\/pt.wikipedia.org\/wiki\/Brooklyn\" target=\"_blank\" rel=\"noreferrer noopener\">Brooklyn<\/a><\/strong> e Queens, onde a oferta de moradias n\u00e3o acompanha o ritmo de crescimento populacional.<\/p>\n\n\n\n<p>Para novos inquilinos, as despesas iniciais, que incluem o primeiro aluguel, dep\u00f3sitos de seguran\u00e7a e taxas de corretagem, somaram em m\u00e9dia US$ 10.454 em 2023. Este valor representa um investimento inicial substancial para ingressar em uma das cidades mais din\u00e2micas e desejadas do mundo.<\/p>\n\n\n\n<figure class=\"wp-block-image size-large\"><img loading=\"lazy\" decoding=\"async\" width=\"1024\" height=\"576\" src=\"https:\/\/www.em.com.br\/emfoco\/wp-content\/uploads\/2025\/01\/Nova-York_1736022993068-1024x576.jpg\" alt=\"Os Segredos da Cidade Mais Vibrante do Mundo\" class=\"wp-image-8575\" srcset=\"https:\/\/www.em.com.br\/emfoco\/wp-content\/uploads\/2025\/01\/Nova-York_1736022993068-1024x576.jpg 1024w, https:\/\/www.em.com.br\/emfoco\/wp-content\/uploads\/2025\/01\/Nova-York_1736022993068-300x169.jpg 300w, https:\/\/www.em.com.br\/emfoco\/wp-content\/uploads\/2025\/01\/Nova-York_1736022993068-768x432.jpg 768w, https:\/\/www.em.com.br\/emfoco\/wp-content\/uploads\/2025\/01\/Nova-York_1736022993068-750x422.jpg 750w, https:\/\/www.em.com.br\/emfoco\/wp-content\/uploads\/2025\/01\/Nova-York_1736022993068-1140x641.jpg 1140w, https:\/\/www.em.com.br\/emfoco\/wp-content\/uploads\/2025\/01\/Nova-York_1736022993068.jpg 1280w\" sizes=\"auto, (max-width: 1024px) 100vw, 1024px\" \/><figcaption class=\"wp-element-caption\">Nova York &#8211; Cr\u00e9ditos: depositphotos.com \/ dell640<\/figcaption><\/figure>\n\n\n\n<h2 class=\"wp-block-heading\">Por Que a Acessibilidade Habitacional \u00e9 um Problema?<\/h2>\n\n\n\n<p>A crise de acessibilidade em Nova York n\u00e3o afeta apenas os rec\u00e9m-chegados, mas tamb\u00e9m os residentes de longa data. Atualmente, apenas cerca de 5% dos im\u00f3veis dispon\u00edveis s\u00e3o compat\u00edveis com a renda m\u00e9dia local, que foi de aproximadamente US$ 89 mil em 2023. Isso destaca a disparidade entre a renda dos trabalhadores e os custos habitacionais, j\u00e1 que os alugu\u00e9is precisam ser significativamente mais baixos, em torno de US$ 2.216, para serem acess\u00edveis.<\/p>\n\n\n\n<h2 class=\"wp-block-heading\">Como a Falta de Moradias Agrava a Situa\u00e7\u00e3o?<\/h2>\n\n\n\n<p>O problema da acessibilidade \u00e9 exacerbado pela escassez de habita\u00e7\u00f5es em Nova York. Estima-se que h\u00e1 um d\u00e9ficit de cerca de 380 mil unidades habitacionais, o que intensifica a competi\u00e7\u00e3o por moradias dispon\u00edveis e contribui para o aumento dos pre\u00e7os. Este d\u00e9ficit cria uma situa\u00e7\u00e3o de mercado desequilibrado, onde a demanda supera em muito a oferta, conduzindo a pre\u00e7os insustent\u00e1veis para muitos residentes.<\/p>\n\n\n\n<h2 class=\"wp-block-heading\">O Que Significa Viver na &#8220;Cidade dos Sonhos&#8221; Hoje?<\/h2>\n\n\n\n<p>Para muitos, viver em Nova York ainda \u00e9 um sonho devido suas oportunidades culturais e econ\u00f4micas. No entanto, os custos associados \u00e0 vida na cidade exigem cada vez mais planejamento financeiro e, em alguns casos, sacrif\u00edcios significativos. \u00c0 medida que os desafios persistem, morar na &#8220;cidade que nunca dorme&#8221; se torna uma meta mais complexa, requerendo estrat\u00e9gias cuidadosas para garantir uma moradia acess\u00edvel e sustent\u00e1vel.<\/p>\n","protected":false},"excerpt":{"rendered":"<p>Nova York, conhecida mundialmente como a &#8220;Big Apple&#8221;, \u00e9 frequentemente associada ao glamour e \u00e0 influ\u00eancia cultural e econ\u00f4mica. No entanto, o custo de vida nesta ic\u00f4nica cidade \u00e9 um desafio significativo para aqueles que aspiram a residir l\u00e1. Os pre\u00e7os dos alugu\u00e9is s\u00e3o notoriamente altos, colocando a metr\u00f3pole no ranking das cidades mais caras [&hellip;]<\/p>\n","protected":false},"author":5,"featured_media":4876,"comment_status":"open","ping_status":"open","sticky":false,"template":"","format":"standard","meta":{"jnews-multi-image_gallery":[],"jnews_single_post":{"format":"standard"},"jnews_primary_category":[],"jnews_social_meta":[],"jnews_override_counter":[],"footnotes":""},"categories":[26,1],"tags":[310,367,2963,327,157],"class_list":["post-10408","post","type-post","status-publish","format-standard","has-post-thumbnail","hentry","category-cidades","category-noticias","tag-cidade","tag-custo-de-vida","tag-nova-york","tag-qualidade-de-vida","tag-turismo"],"yoast_head":"<!-- This site is optimized with the Yoast SEO plugin v23.8 - https:\/\/yoast.com\/wordpress\/plugins\/seo\/ -->\n<title>O Sonho Nova-iorquino tem um Pre\u00e7o: Entenda o Custo de Viver na Big Apple - Estado de Minas - Em foco<\/title>\n<meta name=\"description\" content=\"Conhe\u00e7a a realidade do mercado imobili\u00e1rio de Nova York e entenda por que a cidade \u00e9 considerada uma das mais caras do mundo.\" \/>\n<meta name=\"robots\" content=\"index, follow, max-snippet:-1, max-image-preview:large, max-video-preview:-1\" \/>\n<link rel=\"canonical\" href=\"https:\/\/www.em.com.br\/emfoco\/2025\/01\/20\/o-sonho-nova-iorquino-tem-um-preco-entenda-o-custo-de-viver-na-big-apple\/\" \/>\n<meta property=\"og:locale\" content=\"pt_BR\" \/>\n<meta property=\"og:type\" content=\"article\" \/>\n<meta property=\"og:title\" content=\"O Sonho Nova-iorquino tem um Pre\u00e7o: Entenda o Custo de Viver na Big Apple - Estado de Minas - Em foco\" \/>\n<meta property=\"og:description\" content=\"Conhe\u00e7a a realidade do mercado imobili\u00e1rio de Nova York e entenda por que a cidade \u00e9 considerada uma das mais caras do mundo.\" \/>\n<meta property=\"og:url\" content=\"https:\/\/www.em.com.br\/emfoco\/2025\/01\/20\/o-sonho-nova-iorquino-tem-um-preco-entenda-o-custo-de-viver-na-big-apple\/\" \/>\n<meta property=\"og:site_name\" content=\"Estado de Minas - Em foco\" \/>\n<meta property=\"article:published_time\" content=\"2025-01-21T01:40:00+00:00\" \/>\n<meta property=\"article:modified_time\" content=\"2025-01-13T14:19:56+00:00\" \/>\n<meta property=\"og:image\" content=\"https:\/\/www.em.com.br\/emfoco\/wp-content\/uploads\/2024\/12\/Nova-York_1734110174693.jpg\" \/>\n\t<meta property=\"og:image:width\" content=\"1280\" \/>\n\t<meta property=\"og:image:height\" content=\"720\" \/>\n\t<meta property=\"og:image:type\" content=\"image\/jpeg\" \/>\n<meta name=\"author\" content=\"N\u00fabia Rangel\" \/>\n<meta name=\"twitter:card\" content=\"summary_large_image\" \/>\n<meta name=\"twitter:label1\" content=\"Escrito por\" \/>\n\t<meta name=\"twitter:data1\" content=\"N\u00fabia Rangel\" \/>\n\t<meta name=\"twitter:label2\" content=\"Est. tempo de leitura\" \/>\n\t<meta name=\"twitter:data2\" content=\"3 minutos\" \/>\n<!-- \/ Yoast SEO plugin. -->","yoast_head_json":{"title":"O Sonho Nova-iorquino tem um Pre\u00e7o: Entenda o Custo de Viver na Big Apple - Estado de Minas - Em foco","description":"Conhe\u00e7a a realidade do mercado imobili\u00e1rio de Nova York e entenda por que a cidade \u00e9 considerada uma das mais caras do mundo.","robots":{"index":"index","follow":"follow","max-snippet":"max-snippet:-1","max-image-preview":"max-image-preview:large","max-video-preview":"max-video-preview:-1"},"canonical":"https:\/\/www.em.com.br\/emfoco\/2025\/01\/20\/o-sonho-nova-iorquino-tem-um-preco-entenda-o-custo-de-viver-na-big-apple\/","og_locale":"pt_BR","og_type":"article","og_title":"O Sonho Nova-iorquino tem um Pre\u00e7o: Entenda o Custo de Viver na Big Apple - Estado de Minas - Em foco","og_description":"Conhe\u00e7a a realidade do mercado imobili\u00e1rio de Nova York e entenda por que a cidade \u00e9 considerada uma das mais caras do mundo.","og_url":"https:\/\/www.em.com.br\/emfoco\/2025\/01\/20\/o-sonho-nova-iorquino-tem-um-preco-entenda-o-custo-de-viver-na-big-apple\/","og_site_name":"Estado de Minas - Em foco","article_published_time":"2025-01-21T01:40:00+00:00","article_modified_time":"2025-01-13T14:19:56+00:00","og_image":[{"width":1280,"height":720,"url":"https:\/\/www.em.com.br\/emfoco\/wp-content\/uploads\/2024\/12\/Nova-York_1734110174693.jpg","type":"image\/jpeg"}],"author":"N\u00fabia Rangel","twitter_card":"summary_large_image","twitter_misc":{"Escrito por":"N\u00fabia Rangel","Est. tempo de leitura":"3 minutos"},"schema":{"@context":"https:\/\/schema.org","@graph":[{"@type":"WebPage","@id":"https:\/\/www.em.com.br\/emfoco\/2025\/01\/20\/o-sonho-nova-iorquino-tem-um-preco-entenda-o-custo-de-viver-na-big-apple\/","url":"https:\/\/www.em.com.br\/emfoco\/2025\/01\/20\/o-sonho-nova-iorquino-tem-um-preco-entenda-o-custo-de-viver-na-big-apple\/","name":"O Sonho Nova-iorquino tem um Pre\u00e7o: Entenda o Custo de Viver na Big Apple - Estado de Minas - Em foco","isPartOf":{"@id":"https:\/\/www.em.com.br\/emfoco\/#website"},"primaryImageOfPage":{"@id":"https:\/\/www.em.com.br\/emfoco\/2025\/01\/20\/o-sonho-nova-iorquino-tem-um-preco-entenda-o-custo-de-viver-na-big-apple\/#primaryimage"},"image":{"@id":"https:\/\/www.em.com.br\/emfoco\/2025\/01\/20\/o-sonho-nova-iorquino-tem-um-preco-entenda-o-custo-de-viver-na-big-apple\/#primaryimage"},"thumbnailUrl":"https:\/\/www.em.com.br\/emfoco\/wp-content\/uploads\/2024\/12\/Nova-York_1734110174693.jpg","datePublished":"2025-01-21T01:40:00+00:00","dateModified":"2025-01-13T14:19:56+00:00","author":{"@id":"https:\/\/www.em.com.br\/emfoco\/#\/schema\/person\/524437ef54f8a5d32591b143307f2e20"},"description":"Conhe\u00e7a a realidade do mercado imobili\u00e1rio de Nova York e entenda por que a cidade \u00e9 considerada uma das mais caras do mundo.","breadcrumb":{"@id":"https:\/\/www.em.com.br\/emfoco\/2025\/01\/20\/o-sonho-nova-iorquino-tem-um-preco-entenda-o-custo-de-viver-na-big-apple\/#breadcrumb"},"inLanguage":"pt-BR","potentialAction":[{"@type":"ReadAction","target":["https:\/\/www.em.com.br\/emfoco\/2025\/01\/20\/o-sonho-nova-iorquino-tem-um-preco-entenda-o-custo-de-viver-na-big-apple\/"]}]},{"@type":"ImageObject","inLanguage":"pt-BR","@id":"https:\/\/www.em.com.br\/emfoco\/2025\/01\/20\/o-sonho-nova-iorquino-tem-um-preco-entenda-o-custo-de-viver-na-big-apple\/#primaryimage","url":"https:\/\/www.em.com.br\/emfoco\/wp-content\/uploads\/2024\/12\/Nova-York_1734110174693.jpg","contentUrl":"https:\/\/www.em.com.br\/emfoco\/wp-content\/uploads\/2024\/12\/Nova-York_1734110174693.jpg","width":1280,"height":720,"caption":"New York - Cr\u00e9ditos: depositphotos.com \/ UTBP"},{"@type":"BreadcrumbList","@id":"https:\/\/www.em.com.br\/emfoco\/2025\/01\/20\/o-sonho-nova-iorquino-tem-um-preco-entenda-o-custo-de-viver-na-big-apple\/#breadcrumb","itemListElement":[{"@type":"ListItem","position":1,"name":"In\u00edcio","item":"https:\/\/www.em.com.br\/emfoco\/"},{"@type":"ListItem","position":2,"name":"O Sonho Nova-iorquino tem um Pre\u00e7o: Entenda o Custo de Viver na Big Apple"}]},{"@type":"WebSite","@id":"https:\/\/www.em.com.br\/emfoco\/#website","url":"https:\/\/www.em.com.br\/emfoco\/","name":"Estado de Minas - Em foco","description":"Acompanhe as \u00faltimas not\u00edcias e fique bem informado sobre tudo o que acontece em Minas Gerais, Brasil e no mundo.","potentialAction":[{"@type":"SearchAction","target":{"@type":"EntryPoint","urlTemplate":"https:\/\/www.em.com.br\/emfoco\/?s={search_term_string}"},"query-input":{"@type":"PropertyValueSpecification","valueRequired":true,"valueName":"search_term_string"}}],"inLanguage":"pt-BR"},{"@type":"Person","@id":"https:\/\/www.em.com.br\/emfoco\/#\/schema\/person\/524437ef54f8a5d32591b143307f2e20","name":"N\u00fabia Rangel","image":{"@type":"ImageObject","inLanguage":"pt-BR","@id":"https:\/\/www.em.com.br\/emfoco\/#\/schema\/person\/image\/","url":"https:\/\/secure.gravatar.com\/avatar\/47cff2827a5ba23c37e8068c86817ea4?s=96&d=mm&r=g","contentUrl":"https:\/\/secure.gravatar.com\/avatar\/47cff2827a5ba23c37e8068c86817ea4?s=96&d=mm&r=g","caption":"N\u00fabia Rangel"},"sameAs":["https:\/\/www.em.com.br\/emfoco\/"],"url":"https:\/\/www.em.com.br\/emfoco\/author\/nubiamyth\/"}]}},"_links":{"self":[{"href":"https:\/\/www.em.com.br\/emfoco\/wp-json\/wp\/v2\/posts\/10408","targetHints":{"allow":["GET"]}}],"collection":[{"href":"https:\/\/www.em.com.br\/emfoco\/wp-json\/wp\/v2\/posts"}],"about":[{"href":"https:\/\/www.em.com.br\/emfoco\/wp-json\/wp\/v2\/types\/post"}],"author":[{"embeddable":true,"href":"https:\/\/www.em.com.br\/emfoco\/wp-json\/wp\/v2\/users\/5"}],"replies":[{"embeddable":true,"href":"https:\/\/www.em.com.br\/emfoco\/wp-json\/wp\/v2\/comments?post=10408"}],"version-history":[{"count":2,"href":"https:\/\/www.em.com.br\/emfoco\/wp-json\/wp\/v2\/posts\/10408\/revisions"}],"predecessor-version":[{"id":10412,"href":"https:\/\/www.em.com.br\/emfoco\/wp-json\/wp\/v2\/posts\/10408\/revisions\/10412"}],"wp:featuredmedia":[{"embeddable":true,"href":"https:\/\/www.em.com.br\/emfoco\/wp-json\/wp\/v2\/media\/4876"}],"wp:attachment":[{"href":"https:\/\/www.em.com.br\/emfoco\/wp-json\/wp\/v2\/media?parent=10408"}],"wp:term":[{"taxonomy":"category","embeddable":true,"href":"https:\/\/www.em.com.br\/emfoco\/wp-json\/wp\/v2\/categories?post=10408"},{"taxonomy":"post_tag","embeddable":true,"href":"https:\/\/www.em.com.br\/emfoco\/wp-json\/wp\/v2\/tags?post=10408"}],"curies":[{"name":"wp","href":"https:\/\/api.w.org\/{rel}","templated":true}]}}