{"id":103998,"date":"2025-09-16T10:00:00","date_gmt":"2025-09-16T13:00:00","guid":{"rendered":"https:\/\/www.em.com.br\/emfoco\/?p=103998"},"modified":"2025-09-15T22:17:51","modified_gmt":"2025-09-16T01:17:51","slug":"se-voce-tem-borra-de-cafe-entao-nao-jogue-fora-voce-possui-um-verdadeiro-tesouro-em-casa","status":"publish","type":"post","link":"https:\/\/www.em.com.br\/emfoco\/2025\/09\/16\/se-voce-tem-borra-de-cafe-entao-nao-jogue-fora-voce-possui-um-verdadeiro-tesouro-em-casa\/","title":{"rendered":"Se voc\u00ea tem borra de caf\u00e9, ent\u00e3o n\u00e3o jogue fora, voc\u00ea possui um verdadeiro tesouro em casa"},"content":{"rendered":"\n<p>O&nbsp;<strong>caf\u00e9<\/strong>&nbsp;\u00e9 uma das bebidas mais consumidas no mundo, mas voc\u00ea sabia que o que sobra depois do preparo pode se tornar um dos recursos mais valiosos da sua casa? Este artigo revela como reaproveitar o&nbsp;<strong>caf\u00e9 usado<\/strong>&nbsp;pode revolucionar sua rotina, abordando sustentabilidade, economia dom\u00e9stica e cuidados pessoais \u2014 uma tend\u00eancia inclusive apoiada por empresas como a&nbsp;<strong>Starbucks<\/strong>, que incentiva o uso sustent\u00e1vel de res\u00edduos de caf\u00e9 em v\u00e1rias cidades do mundo.<\/p>\n\n\n\n<ul class=\"wp-block-list\">\n<li><strong>Jardinagem sustent\u00e1vel:<\/strong>\u00a0fertilize suas plantas com caf\u00e9 usado.<\/li>\n\n\n\n<li><strong>Limpeza natural:<\/strong>\u00a0transforme tarefas dom\u00e9sticas com gr\u00e3os de caf\u00e9.<\/li>\n\n\n\n<li><strong>Cuidados com a pele:<\/strong>\u00a0esfolie e revitalize com caf\u00e9 reaproveitado.<\/li>\n<\/ul>\n\n\n\n<h2 class=\"wp-block-heading\">Como o caf\u00e9 usado pode beneficiar seu jardim?<\/h2>\n\n\n\n<p>Se voc\u00ea \u00e9 apaixonado por plantas, o&nbsp;<strong>caf\u00e9 usado<\/strong>&nbsp;pode ser seu aliado mais importante. Ele atua como fertilizante natural, melhorando a&nbsp;<strong>estrutura do solo<\/strong>, aumentando a reten\u00e7\u00e3o de \u00e1gua e fornecendo nutrientes essenciais. A aplica\u00e7\u00e3o correta \u00e9 fundamental: usar o caf\u00e9 com modera\u00e7\u00e3o evita altera\u00e7\u00f5es no pH, garantindo o equil\u00edbrio para o crescimento. Inclusive, cidades como&nbsp;<strong>S\u00e3o Paulo<\/strong>&nbsp;e&nbsp;<strong>Curitiba<\/strong>&nbsp;j\u00e1 possuem projetos de compostagem comunit\u00e1ria que ampliam o aproveitamento desse res\u00edduo. Descubra t\u00e9cnicas para incorporar o caf\u00e9 no cultivo e transformar seu jardim.<\/p>\n\n\n\n<h2 class=\"wp-block-heading\">Qual \u00e9 a efici\u00eancia do caf\u00e9 usado na limpeza dom\u00e9stica?<\/h2>\n\n\n\n<p>Esque\u00e7a produtos qu\u00edmicos caros. O&nbsp;<strong>caf\u00e9 usado<\/strong>&nbsp;\u00e9 uma alternativa natural eficaz para limpeza dom\u00e9stica. Com textura levemente abrasiva, remove manchas dif\u00edceis e res\u00edduos de panelas, sem agredir superf\u00edcies. Al\u00e9m disso, \u00e9 um excelente neutralizador de odores: um recipiente com caf\u00e9 na geladeira elimina cheiros desagrad\u00e1veis rapidamente. Grandes empresas como a&nbsp;<strong>Electrolux<\/strong>&nbsp;j\u00e1 divulgaram dicas de uso sustent\u00e1vel do caf\u00e9 em suas comunica\u00e7\u00f5es sobre responsabilidade ambiental.<\/p>\n\n\n\n<figure class=\"wp-block-image\"><img decoding=\"async\" src=\"https:\/\/www.em.com.br\/emfoco\/wp-content\/uploads\/2025\/05\/borra-de-cafe_1747345482021-1024x576.jpg\" alt=\"\"\/><figcaption class=\"wp-element-caption\">Borra de caf\u00e9 &#8211; Cr\u00e9ditos: depositphotos.com \/ modesto3<\/figcaption><\/figure>\n\n\n\n<h2 class=\"wp-block-heading\">O caf\u00e9 usado realmente \u00e9 eficaz para cuidados com a pele?<\/h2>\n\n\n\n<p>O&nbsp;<strong>caf\u00e9 usado<\/strong>, rico em antioxidantes e com propriedades esfoliantes, ajuda a remover c\u00e9lulas mortas e melhora a circula\u00e7\u00e3o, deixando a pele macia e luminosa. Misture caf\u00e9 com \u00e1gua ou \u00f3leo de coco para um exfoliante caseiro potente. Esta t\u00e9cnica pode reduzir a apar\u00eancia de celulite e estimular a regenera\u00e7\u00e3o celular. Inclusive, marcas renomadas como a&nbsp;<strong>Lush Cosmetics<\/strong>&nbsp;lan\u00e7aram produtos inspirados nesse tipo de reaproveitamento.<\/p>\n\n\n\n<h2 class=\"wp-block-heading\">Como inovar na decora\u00e7\u00e3o com caf\u00e9 usado?<\/h2>\n\n\n\n<p>O&nbsp;<strong>caf\u00e9 usado<\/strong>&nbsp;\u00e9 recurso surpreendente para artesanato e decora\u00e7\u00e3o. Use como tinta natural para tingir tecidos, pap\u00e9is e m\u00f3veis, oferecendo um tom vintage e r\u00fastico. Fazer uma infus\u00e3o concentrada e aplicar nos materiais desejados \u00e9 uma maneira sustent\u00e1vel de inovar, criando pe\u00e7as exclusivas. Feiras de artesanato em cidades como&nbsp;<strong>Salvador<\/strong>&nbsp;e&nbsp;<strong>Rio de Janeiro<\/strong>&nbsp;j\u00e1 contam com artistas que reaproveitam o caf\u00e9 em obras de arte e acess\u00f3rios.<\/p>\n\n\n\n<h2 class=\"wp-block-heading\">Por que reutilizar caf\u00e9 usado \u00e9 importante para o meio ambiente?<\/h2>\n\n\n\n<p>Reutilizar&nbsp;<strong>caf\u00e9 usado<\/strong>&nbsp;\u00e9 um gesto simples com grande impacto ambiental. Reduz o lixo, a polui\u00e7\u00e3o e conserva recursos naturais. Pr\u00e1ticas sustent\u00e1veis, como usar caf\u00e9 para jardinagem, limpeza e cuidados pessoais fazem parte da solu\u00e7\u00e3o para um planeta equilibrado. Inspire-se com dados que comprovam a import\u00e2ncia desse h\u00e1bito \u2014 como o relat\u00f3rio da&nbsp;<strong>Organiza\u00e7\u00e3o das Na\u00e7\u00f5es Unidas<\/strong>&nbsp;publicado em&nbsp;<strong>2023<\/strong>, que cita a redu\u00e7\u00e3o do volume de res\u00edduos org\u00e2nicos como uma das principais metas ambientais atuais.<\/p>\n\n\n\n<ul class=\"wp-block-list\">\n<li>O\u00a0<strong>caf\u00e9 usado<\/strong>\u00a0como fertilizante contribui para um solo mais saud\u00e1vel.<\/li>\n\n\n\n<li>Reaproveitar caf\u00e9 na limpeza reduz a depend\u00eancia de produtos qu\u00edmicos.<\/li>\n\n\n\n<li>Usar caf\u00e9 para cuidados pessoais \u00e9 ecol\u00f3gico e econ\u00f4mico.<\/li>\n<\/ul>\n","protected":false},"excerpt":{"rendered":"<p>O&nbsp;caf\u00e9&nbsp;\u00e9 uma das bebidas mais consumidas no mundo, mas voc\u00ea sabia que o que sobra depois do preparo pode se tornar um dos recursos mais valiosos da sua casa? Este artigo revela como reaproveitar o&nbsp;caf\u00e9 usado&nbsp;pode revolucionar sua rotina, abordando sustentabilidade, economia dom\u00e9stica e cuidados pessoais \u2014 uma tend\u00eancia inclusive apoiada por empresas como a&nbsp;Starbucks, [&hellip;]<\/p>\n","protected":false},"author":11,"featured_media":47795,"comment_status":"open","ping_status":"open","sticky":false,"template":"","format":"standard","meta":{"jnews-multi-image_gallery":[],"jnews_single_post":{"format":"standard"},"jnews_primary_category":[],"jnews_social_meta":[],"jnews_override_counter":[],"footnotes":""},"categories":[138,1],"tags":[8173,1579,2056],"class_list":["post-103998","post","type-post","status-publish","format-standard","has-post-thumbnail","hentry","category-mundo","category-noticias","tag-borra-de-cafe","tag-cafe","tag-consumo-de-cafe"],"yoast_head":"<!-- This site is optimized with the Yoast SEO plugin v23.8 - https:\/\/yoast.com\/wordpress\/plugins\/seo\/ -->\n<title>Se voc\u00ea tem borra de caf\u00e9, ent\u00e3o n\u00e3o jogue fora, voc\u00ea possui um verdadeiro tesouro em casa - Estado de Minas - Em foco<\/title>\n<meta name=\"description\" content=\"O caf\u00e9 usado \u00e9 um tesouro escondido em casa. Aprenda formas pr\u00e1ticas e sustent\u00e1veis de reaproveit\u00e1-lo e mudar sua rotina com criatividade.\" \/>\n<meta name=\"robots\" content=\"index, follow, max-snippet:-1, max-image-preview:large, max-video-preview:-1\" \/>\n<link rel=\"canonical\" href=\"https:\/\/www.em.com.br\/emfoco\/2025\/09\/16\/se-voce-tem-borra-de-cafe-entao-nao-jogue-fora-voce-possui-um-verdadeiro-tesouro-em-casa\/\" \/>\n<meta property=\"og:locale\" content=\"pt_BR\" \/>\n<meta property=\"og:type\" content=\"article\" \/>\n<meta property=\"og:title\" content=\"Se voc\u00ea tem borra de caf\u00e9, ent\u00e3o n\u00e3o jogue fora, voc\u00ea possui um verdadeiro tesouro em casa - Estado de Minas - Em foco\" \/>\n<meta property=\"og:description\" content=\"O caf\u00e9 usado \u00e9 um tesouro escondido em casa. Aprenda formas pr\u00e1ticas e sustent\u00e1veis de reaproveit\u00e1-lo e mudar sua rotina com criatividade.\" \/>\n<meta property=\"og:url\" content=\"https:\/\/www.em.com.br\/emfoco\/2025\/09\/16\/se-voce-tem-borra-de-cafe-entao-nao-jogue-fora-voce-possui-um-verdadeiro-tesouro-em-casa\/\" \/>\n<meta property=\"og:site_name\" content=\"Estado de Minas - Em foco\" \/>\n<meta property=\"article:published_time\" content=\"2025-09-16T13:00:00+00:00\" \/>\n<meta property=\"article:modified_time\" content=\"2025-09-16T01:17:51+00:00\" \/>\n<meta property=\"og:image\" content=\"https:\/\/www.em.com.br\/emfoco\/wp-content\/uploads\/2025\/05\/borra-de-cafe_1747345526991.jpg\" \/>\n\t<meta property=\"og:image:width\" content=\"1280\" \/>\n\t<meta property=\"og:image:height\" content=\"720\" \/>\n\t<meta property=\"og:image:type\" content=\"image\/jpeg\" \/>\n<meta name=\"author\" content=\"Andre\u0301 Rangel\u00a0\" \/>\n<meta name=\"twitter:card\" content=\"summary_large_image\" \/>\n<meta name=\"twitter:label1\" content=\"Escrito por\" \/>\n\t<meta name=\"twitter:data1\" content=\"Andre\u0301 Rangel\u00a0\" \/>\n\t<meta name=\"twitter:label2\" content=\"Est. tempo de leitura\" \/>\n\t<meta name=\"twitter:data2\" content=\"4 minutos\" \/>\n<!-- \/ Yoast SEO plugin. -->","yoast_head_json":{"title":"Se voc\u00ea tem borra de caf\u00e9, ent\u00e3o n\u00e3o jogue fora, voc\u00ea possui um verdadeiro tesouro em casa - Estado de Minas - Em foco","description":"O caf\u00e9 usado \u00e9 um tesouro escondido em casa. Aprenda formas pr\u00e1ticas e sustent\u00e1veis de reaproveit\u00e1-lo e mudar sua rotina com criatividade.","robots":{"index":"index","follow":"follow","max-snippet":"max-snippet:-1","max-image-preview":"max-image-preview:large","max-video-preview":"max-video-preview:-1"},"canonical":"https:\/\/www.em.com.br\/emfoco\/2025\/09\/16\/se-voce-tem-borra-de-cafe-entao-nao-jogue-fora-voce-possui-um-verdadeiro-tesouro-em-casa\/","og_locale":"pt_BR","og_type":"article","og_title":"Se voc\u00ea tem borra de caf\u00e9, ent\u00e3o n\u00e3o jogue fora, voc\u00ea possui um verdadeiro tesouro em casa - Estado de Minas - Em foco","og_description":"O caf\u00e9 usado \u00e9 um tesouro escondido em casa. Aprenda formas pr\u00e1ticas e sustent\u00e1veis de reaproveit\u00e1-lo e mudar sua rotina com criatividade.","og_url":"https:\/\/www.em.com.br\/emfoco\/2025\/09\/16\/se-voce-tem-borra-de-cafe-entao-nao-jogue-fora-voce-possui-um-verdadeiro-tesouro-em-casa\/","og_site_name":"Estado de Minas - Em foco","article_published_time":"2025-09-16T13:00:00+00:00","article_modified_time":"2025-09-16T01:17:51+00:00","og_image":[{"width":1280,"height":720,"url":"https:\/\/www.em.com.br\/emfoco\/wp-content\/uploads\/2025\/05\/borra-de-cafe_1747345526991.jpg","type":"image\/jpeg"}],"author":"Andre\u0301 Rangel\u00a0","twitter_card":"summary_large_image","twitter_misc":{"Escrito por":"Andre\u0301 Rangel\u00a0","Est. tempo de leitura":"4 minutos"},"schema":{"@context":"https:\/\/schema.org","@graph":[{"@type":"WebPage","@id":"https:\/\/www.em.com.br\/emfoco\/2025\/09\/16\/se-voce-tem-borra-de-cafe-entao-nao-jogue-fora-voce-possui-um-verdadeiro-tesouro-em-casa\/","url":"https:\/\/www.em.com.br\/emfoco\/2025\/09\/16\/se-voce-tem-borra-de-cafe-entao-nao-jogue-fora-voce-possui-um-verdadeiro-tesouro-em-casa\/","name":"Se voc\u00ea tem borra de caf\u00e9, ent\u00e3o n\u00e3o jogue fora, voc\u00ea possui um verdadeiro tesouro em casa - Estado de Minas - Em foco","isPartOf":{"@id":"https:\/\/www.em.com.br\/emfoco\/#website"},"primaryImageOfPage":{"@id":"https:\/\/www.em.com.br\/emfoco\/2025\/09\/16\/se-voce-tem-borra-de-cafe-entao-nao-jogue-fora-voce-possui-um-verdadeiro-tesouro-em-casa\/#primaryimage"},"image":{"@id":"https:\/\/www.em.com.br\/emfoco\/2025\/09\/16\/se-voce-tem-borra-de-cafe-entao-nao-jogue-fora-voce-possui-um-verdadeiro-tesouro-em-casa\/#primaryimage"},"thumbnailUrl":"https:\/\/www.em.com.br\/emfoco\/wp-content\/uploads\/2025\/05\/borra-de-cafe_1747345526991.jpg","datePublished":"2025-09-16T13:00:00+00:00","dateModified":"2025-09-16T01:17:51+00:00","author":{"@id":"https:\/\/www.em.com.br\/emfoco\/#\/schema\/person\/60eda09c1fedf0d6891f4cef4b60b8b8"},"description":"O caf\u00e9 usado \u00e9 um tesouro escondido em casa. Aprenda formas pr\u00e1ticas e sustent\u00e1veis de reaproveit\u00e1-lo e mudar sua rotina com criatividade.","breadcrumb":{"@id":"https:\/\/www.em.com.br\/emfoco\/2025\/09\/16\/se-voce-tem-borra-de-cafe-entao-nao-jogue-fora-voce-possui-um-verdadeiro-tesouro-em-casa\/#breadcrumb"},"inLanguage":"pt-BR","potentialAction":[{"@type":"ReadAction","target":["https:\/\/www.em.com.br\/emfoco\/2025\/09\/16\/se-voce-tem-borra-de-cafe-entao-nao-jogue-fora-voce-possui-um-verdadeiro-tesouro-em-casa\/"]}]},{"@type":"ImageObject","inLanguage":"pt-BR","@id":"https:\/\/www.em.com.br\/emfoco\/2025\/09\/16\/se-voce-tem-borra-de-cafe-entao-nao-jogue-fora-voce-possui-um-verdadeiro-tesouro-em-casa\/#primaryimage","url":"https:\/\/www.em.com.br\/emfoco\/wp-content\/uploads\/2025\/05\/borra-de-cafe_1747345526991.jpg","contentUrl":"https:\/\/www.em.com.br\/emfoco\/wp-content\/uploads\/2025\/05\/borra-de-cafe_1747345526991.jpg","width":1280,"height":720,"caption":"Borra de caf\u00e9 uma solu\u00e7\u00e3o sustent\u00e1vel- Cr\u00e9ditos: depositphotos.com \/ maddas"},{"@type":"BreadcrumbList","@id":"https:\/\/www.em.com.br\/emfoco\/2025\/09\/16\/se-voce-tem-borra-de-cafe-entao-nao-jogue-fora-voce-possui-um-verdadeiro-tesouro-em-casa\/#breadcrumb","itemListElement":[{"@type":"ListItem","position":1,"name":"In\u00edcio","item":"https:\/\/www.em.com.br\/emfoco\/"},{"@type":"ListItem","position":2,"name":"Se voc\u00ea tem borra de caf\u00e9, ent\u00e3o n\u00e3o jogue fora, voc\u00ea possui um verdadeiro tesouro em casa"}]},{"@type":"WebSite","@id":"https:\/\/www.em.com.br\/emfoco\/#website","url":"https:\/\/www.em.com.br\/emfoco\/","name":"Estado de Minas - Em foco","description":"Acompanhe as \u00faltimas not\u00edcias e fique bem informado sobre tudo o que acontece em Minas Gerais, Brasil e no mundo.","potentialAction":[{"@type":"SearchAction","target":{"@type":"EntryPoint","urlTemplate":"https:\/\/www.em.com.br\/emfoco\/?s={search_term_string}"},"query-input":{"@type":"PropertyValueSpecification","valueRequired":true,"valueName":"search_term_string"}}],"inLanguage":"pt-BR"},{"@type":"Person","@id":"https:\/\/www.em.com.br\/emfoco\/#\/schema\/person\/60eda09c1fedf0d6891f4cef4b60b8b8","name":"Andre\u0301 Rangel\u00a0","image":{"@type":"ImageObject","inLanguage":"pt-BR","@id":"https:\/\/www.em.com.br\/emfoco\/#\/schema\/person\/image\/","url":"https:\/\/secure.gravatar.com\/avatar\/6234dc814c77c8ef6d8bba622c787efc?s=96&d=mm&r=g","contentUrl":"https:\/\/secure.gravatar.com\/avatar\/6234dc814c77c8ef6d8bba622c787efc?s=96&d=mm&r=g","caption":"Andre\u0301 Rangel\u00a0"},"url":"https:\/\/www.em.com.br\/emfoco\/author\/luizmyth\/"}]}},"_links":{"self":[{"href":"https:\/\/www.em.com.br\/emfoco\/wp-json\/wp\/v2\/posts\/103998","targetHints":{"allow":["GET"]}}],"collection":[{"href":"https:\/\/www.em.com.br\/emfoco\/wp-json\/wp\/v2\/posts"}],"about":[{"href":"https:\/\/www.em.com.br\/emfoco\/wp-json\/wp\/v2\/types\/post"}],"author":[{"embeddable":true,"href":"https:\/\/www.em.com.br\/emfoco\/wp-json\/wp\/v2\/users\/11"}],"replies":[{"embeddable":true,"href":"https:\/\/www.em.com.br\/emfoco\/wp-json\/wp\/v2\/comments?post=103998"}],"version-history":[{"count":3,"href":"https:\/\/www.em.com.br\/emfoco\/wp-json\/wp\/v2\/posts\/103998\/revisions"}],"predecessor-version":[{"id":104002,"href":"https:\/\/www.em.com.br\/emfoco\/wp-json\/wp\/v2\/posts\/103998\/revisions\/104002"}],"wp:featuredmedia":[{"embeddable":true,"href":"https:\/\/www.em.com.br\/emfoco\/wp-json\/wp\/v2\/media\/47795"}],"wp:attachment":[{"href":"https:\/\/www.em.com.br\/emfoco\/wp-json\/wp\/v2\/media?parent=103998"}],"wp:term":[{"taxonomy":"category","embeddable":true,"href":"https:\/\/www.em.com.br\/emfoco\/wp-json\/wp\/v2\/categories?post=103998"},{"taxonomy":"post_tag","embeddable":true,"href":"https:\/\/www.em.com.br\/emfoco\/wp-json\/wp\/v2\/tags?post=103998"}],"curies":[{"name":"wp","href":"https:\/\/api.w.org\/{rel}","templated":true}]}}