{"id":103948,"date":"2025-09-14T06:28:00","date_gmt":"2025-09-14T09:28:00","guid":{"rendered":"https:\/\/www.em.com.br\/emfoco\/?p=103948"},"modified":"2025-09-13T15:38:04","modified_gmt":"2025-09-13T18:38:04","slug":"imprevisivel-o-que-vai-acontecer-com-o-clima-nos-proximos-dias","status":"publish","type":"post","link":"https:\/\/www.em.com.br\/emfoco\/2025\/09\/14\/imprevisivel-o-que-vai-acontecer-com-o-clima-nos-proximos-dias\/","title":{"rendered":"Imprevis\u00edvel! O que vai acontecer com o clima nos pr\u00f3ximos dias"},"content":{"rendered":"\n<p>A&nbsp;<strong>previs\u00e3o do tempo<\/strong>&nbsp;\u00e9 uma ferramenta essencial para o planejamento di\u00e1rio. No entanto, com as&nbsp;<strong>mudan\u00e7as clim\u00e1ticas<\/strong>, o clima na regi\u00e3o Sudeste do Brasil tem sofrido altera\u00e7\u00f5es significativas. Este artigo abordar\u00e1 as&nbsp;<strong>temperaturas<\/strong>&nbsp;previstas, apontar\u00e1 as regi\u00f5es mais frias e fornecer\u00e1 dicas para entender melhor as informa\u00e7\u00f5es meteorol\u00f3gicas.<\/p>\n\n\n\n<ul class=\"wp-block-list\">\n<li>An\u00e1lise das\u00a0<strong>temperaturas<\/strong>\u00a0m\u00e1ximas e m\u00ednimas previstas na regi\u00e3o Sudeste.<\/li>\n\n\n\n<li>Impacto de\u00a0<strong>frentes frias<\/strong>\u00a0e ondas de calor na regi\u00e3o.<\/li>\n\n\n\n<li>Dicas para interpretar a\u00a0<strong>previs\u00e3o do tempo<\/strong>\u00a0corretamente.<\/li>\n<\/ul>\n\n\n\n<h2 class=\"wp-block-heading\">Quais s\u00e3o as temperaturas m\u00e1ximas e m\u00ednimas previstas para a regi\u00e3o Sudeste (15 a 19\/09\/2025)?<\/h2>\n\n\n\n<p>Durante o per\u00edodo de&nbsp;<strong>15 a 19 de setembro de 2025<\/strong>, as temperaturas na&nbsp;<strong>regi\u00e3o Sudeste<\/strong>&nbsp;do&nbsp;<strong>Brasil<\/strong>&nbsp;variam consideravelmente entre cidades e estados.<\/p>\n\n\n\n<ul class=\"wp-block-list\">\n<li><strong>S\u00e3o Paulo<\/strong>: M\u00ednima de 15\u00b0C e m\u00e1xima de 28\u00b0C.<\/li>\n\n\n\n<li><strong>Rio de Janeiro<\/strong>: M\u00ednima de 18\u00b0C e m\u00e1xima de 30\u00b0C.<\/li>\n\n\n\n<li><strong>Esp\u00edrito Santo<\/strong>: M\u00ednima de 19\u00b0C e m\u00e1xima de 32\u00b0C.<\/li>\n<\/ul>\n\n\n\n<h2 class=\"wp-block-heading\">Como est\u00e3o as temperaturas previstas em Minas Gerais durante o per\u00edodo?<\/h2>\n\n\n\n<p>Em<a href=\"https:\/\/www.mg.gov.br\/\" target=\"_blank\" rel=\"noreferrer noopener\">\u00a0<strong>Minas Gerais<\/strong><\/a>, as temperaturas tamb\u00e9m apresentam varia\u00e7\u00f5es significativas entre os dias\u00a0<strong>15 e 19 de setembro de 2025<\/strong>.<\/p>\n\n\n\n<ul class=\"wp-block-list\">\n<li><strong>Belo Horizonte<\/strong>: M\u00ednima de 16\u00b0C e m\u00e1xima de 27\u00b0C.<\/li>\n\n\n\n<li><strong>Uberl\u00e2ndia<\/strong>: M\u00ednima de 14\u00b0C e m\u00e1xima de 29\u00b0C.<\/li>\n\n\n\n<li><strong>Juiz de Fora<\/strong>: M\u00ednima de 12\u00b0C e m\u00e1xima de 26\u00b0C.<\/li>\n<\/ul>\n\n\n\n<figure class=\"wp-block-image\"><img decoding=\"async\" src=\"https:\/\/www.em.com.br\/emfoco\/wp-content\/uploads\/2025\/04\/Clima-sol-ou-chuva_1745256516839-1024x576.jpg\" alt=\"\"\/><figcaption class=\"wp-element-caption\">Clima &#8211; Cr\u00e9ditos: depositphotos.com \/ pongsuwan<\/figcaption><\/figure>\n\n\n\n<h2 class=\"wp-block-heading\">Como as demais regi\u00f5es do Brasil devem se comportar entre 15 e 19\/09\/2025?<\/h2>\n\n\n\n<p>As outras regi\u00f5es do&nbsp;<strong>Brasil<\/strong>&nbsp;tamb\u00e9m apresentam previs\u00f5es variadas durante este per\u00edodo.<\/p>\n\n\n\n<ul class=\"wp-block-list\">\n<li><strong>Regi\u00e3o Norte<\/strong>: M\u00ednimas de 22\u00b0C e m\u00e1ximas de 36\u00b0C.<\/li>\n\n\n\n<li><strong>Regi\u00e3o Nordeste<\/strong>: M\u00ednimas de 21\u00b0C e m\u00e1ximas de 34\u00b0C.<\/li>\n\n\n\n<li><strong>Regi\u00e3o Centro-Oeste<\/strong>: M\u00ednimas de 18\u00b0C e m\u00e1ximas de 33\u00b0C.<\/li>\n\n\n\n<li><strong>Regi\u00e3o Sul<\/strong>: M\u00ednimas de 10\u00b0C e m\u00e1ximas de 25\u00b0C.<\/li>\n<\/ul>\n\n\n\n<h2 class=\"wp-block-heading\">Qual \u00e9 o impacto de frentes frias e ondas de calor na regi\u00e3o Sudeste?<\/h2>\n\n\n\n<p>Esta semana, a\u00a0<strong>regi\u00e3o <\/strong><a href=\"https:\/\/www.em.com.br\/emfoco\/2025\/09\/13\/clima-vira-nos-proximos-dias-e-traz-alerta-para-varias-regioes-do-brasil\/\" target=\"_blank\" rel=\"noreferrer noopener\"><strong>Sudeste<\/strong>\u00a0<\/a>\u00e9 impactada por\u00a0<em>frentes frias<\/em>\u00a0em algumas \u00e1reas, enquanto outras experimentam uma\u00a0<em>onda de calor<\/em>. Isso resulta no seguinte:<\/p>\n\n\n\n<ul class=\"wp-block-list\">\n<li>S\u00e3o Paulo: 40% de probabilidade de chuvas isoladas.<\/li>\n\n\n\n<li>Rio de Janeiro: 20% de chance de precipita\u00e7\u00e3o leve.<\/li>\n\n\n\n<li>Minas Gerais: C\u00e9u claro e temperaturas mais est\u00e1veis.<\/li>\n<\/ul>\n\n\n\n<h2 class=\"wp-block-heading\">Quais cidades ser\u00e3o as mais frias do Brasil nos pr\u00f3ximos dias?<\/h2>\n\n\n\n<p>Entre as cidades com&nbsp;<strong>menores temperaturas<\/strong>&nbsp;nos pr\u00f3ximos dias, destacam-se:<\/p>\n\n\n\n<ol class=\"wp-block-list\">\n<li><strong>S\u00e3o Joaquim<\/strong>\u00a0&#8211; SC: 5\u00b0C<\/li>\n\n\n\n<li><strong>Curitiba<\/strong>\u00a0&#8211; PR: 8\u00b0C<\/li>\n\n\n\n<li><strong>Campos do Jord\u00e3o<\/strong>\u00a0&#8211; SP: 9\u00b0C<\/li>\n\n\n\n<li><strong>Caxias do Sul<\/strong>\u00a0&#8211; RS: 10\u00b0C<\/li>\n\n\n\n<li><strong>Bento Gon\u00e7alves<\/strong>\u00a0&#8211; RS: 11\u00b0C<\/li>\n\n\n\n<li><strong>Porto Alegre<\/strong>\u00a0&#8211; RS: 12\u00b0C<\/li>\n\n\n\n<li><strong>Petr\u00f3polis<\/strong>\u00a0&#8211; RJ: 13\u00b0C<\/li>\n\n\n\n<li><strong>Teres\u00f3polis<\/strong>\u00a0&#8211; RJ: 14\u00b0C<\/li>\n<\/ol>\n\n\n\n<h2 class=\"wp-block-heading\">O que dizem os sites especializados sobre o tempo?<\/h2>\n\n\n\n<p>Conforme os&nbsp;<strong>sites especializados<\/strong>, as condi\u00e7\u00f5es ser\u00e3o est\u00e1veis, mas com varia\u00e7\u00f5es locais. Pancadas de chuva s\u00e3o esperadas em \u00e1reas de maior altitude, enquanto zonas de baixa press\u00e3o podem trazer ventos fracos. Segundo o&nbsp;<strong>Instituto Nacional de Meteorologia<\/strong>, \u00e1reas de&nbsp;<strong>Minas Gerais<\/strong>&nbsp;e&nbsp;<strong>S\u00e3o Paulo<\/strong>&nbsp;podem registrar nevoeiros nas manh\u00e3s. Vale lembrar que eventos como a&nbsp;<strong>La Ni\u00f1a<\/strong>&nbsp;tamb\u00e9m podem influenciar padr\u00f5es de chuva nos meses seguintes.<\/p>\n\n\n\n<h2 class=\"wp-block-heading\">Como interpretar a previs\u00e3o do tempo corretamente?<\/h2>\n\n\n\n<p>Para n\u00e3o errar na interpreta\u00e7\u00e3o das&nbsp;<strong>previs\u00f5es meteorol\u00f3gicas<\/strong>, considere os seguintes pontos:<\/p>\n\n\n\n<ul class=\"wp-block-list\">\n<li><strong>Conhe\u00e7a os termos:<\/strong>\u00a0Entenda o que significam as express\u00f5es mais usadas.<\/li>\n\n\n\n<li><strong>Use aplicativos confi\u00e1veis:<\/strong>\u00a0Opte por apps com boas avalia\u00e7\u00f5es para previs\u00f5es mais precisas, como o\u00a0<strong>Climatempo<\/strong>\u00a0ou o\u00a0<strong>Weather Channel<\/strong>.<\/li>\n\n\n\n<li><strong>Consulte m\u00faltiplas fontes:<\/strong>\u00a0Verifique diferentes previs\u00f5es para uma vis\u00e3o completa.<\/li>\n<\/ul>\n\n\n\n<h2 class=\"wp-block-heading\">Quais s\u00e3o os principais insights climatol\u00f3gicos para a regi\u00e3o?<\/h2>\n\n\n\n<ul class=\"wp-block-list\">\n<li>O Sudeste do Brasil continua a enfrentar impactos das\u00a0<strong>mudan\u00e7as clim\u00e1ticas<\/strong>, afetando padr\u00f5es de temperatura e precipita\u00e7\u00e3o.<\/li>\n\n\n\n<li>Mant\u00e9m-se a necessidade de aten\u00e7\u00e3o \u00e0s frentes frias e ondas de calor.<\/li>\n\n\n\n<li>Dicas pr\u00e1ticas ajudam a interpretar melhor as previs\u00f5es e planejar atividades di\u00e1rias com mais precis\u00e3o.<\/li>\n\n\n\n<li>Acompanhar relat\u00f3rios do\u00a0<strong>IPCC<\/strong>\u00a0pode fornecer informa\u00e7\u00f5es adicionais sobre tend\u00eancias globais e regionais de clima.<\/li>\n<\/ul>\n","protected":false},"excerpt":{"rendered":"<p>A&nbsp;previs\u00e3o do tempo&nbsp;\u00e9 uma ferramenta essencial para o planejamento di\u00e1rio. No entanto, com as&nbsp;mudan\u00e7as clim\u00e1ticas, o clima na regi\u00e3o Sudeste do Brasil tem sofrido altera\u00e7\u00f5es significativas. Este artigo abordar\u00e1 as&nbsp;temperaturas&nbsp;previstas, apontar\u00e1 as regi\u00f5es mais frias e fornecer\u00e1 dicas para entender melhor as informa\u00e7\u00f5es meteorol\u00f3gicas. Quais s\u00e3o as temperaturas m\u00e1ximas e m\u00ednimas previstas para a regi\u00e3o [&hellip;]<\/p>\n","protected":false},"author":11,"featured_media":91124,"comment_status":"open","ping_status":"open","sticky":false,"template":"","format":"standard","meta":{"jnews-multi-image_gallery":[],"jnews_single_post":{"format":"standard"},"jnews_primary_category":[],"jnews_social_meta":[],"jnews_override_counter":[],"footnotes":""},"categories":[30,1],"tags":[152,15501,15291,1192],"class_list":["post-103948","post","type-post","status-publish","format-standard","has-post-thumbnail","hentry","category-clima","category-noticias","tag-clima","tag-clima-brasileiro","tag-clima-em-minas","tag-sudeste"],"yoast_head":"<!-- This site is optimized with the Yoast SEO plugin v23.8 - https:\/\/yoast.com\/wordpress\/plugins\/seo\/ -->\n<title>Imprevis\u00edvel! O que vai acontecer com o clima nos pr\u00f3ximos dias - Estado de Minas - Em foco<\/title>\n<meta name=\"description\" content=\"Confira as m\u00ednimas e m\u00e1ximas previstas entre 15 e 19\/09 e saiba quais cidades v\u00e3o enfrentar as maiores varia\u00e7\u00f5es de temperatura no Brasil.\" \/>\n<meta name=\"robots\" content=\"index, follow, max-snippet:-1, max-image-preview:large, max-video-preview:-1\" \/>\n<link rel=\"canonical\" href=\"https:\/\/www.em.com.br\/emfoco\/2025\/09\/14\/imprevisivel-o-que-vai-acontecer-com-o-clima-nos-proximos-dias\/\" \/>\n<meta property=\"og:locale\" content=\"pt_BR\" \/>\n<meta property=\"og:type\" content=\"article\" \/>\n<meta property=\"og:title\" content=\"Imprevis\u00edvel! O que vai acontecer com o clima nos pr\u00f3ximos dias - Estado de Minas - Em foco\" \/>\n<meta property=\"og:description\" content=\"Confira as m\u00ednimas e m\u00e1ximas previstas entre 15 e 19\/09 e saiba quais cidades v\u00e3o enfrentar as maiores varia\u00e7\u00f5es de temperatura no Brasil.\" \/>\n<meta property=\"og:url\" content=\"https:\/\/www.em.com.br\/emfoco\/2025\/09\/14\/imprevisivel-o-que-vai-acontecer-com-o-clima-nos-proximos-dias\/\" \/>\n<meta property=\"og:site_name\" content=\"Estado de Minas - Em foco\" \/>\n<meta property=\"article:published_time\" content=\"2025-09-14T09:28:00+00:00\" \/>\n<meta property=\"article:modified_time\" content=\"2025-09-13T18:38:04+00:00\" \/>\n<meta property=\"og:image\" content=\"https:\/\/www.em.com.br\/emfoco\/wp-content\/uploads\/2025\/08\/clima-celular_1755126304880.jpg\" \/>\n\t<meta property=\"og:image:width\" content=\"1280\" \/>\n\t<meta property=\"og:image:height\" content=\"720\" \/>\n\t<meta property=\"og:image:type\" content=\"image\/jpeg\" \/>\n<meta name=\"author\" content=\"Andre\u0301 Rangel\u00a0\" \/>\n<meta name=\"twitter:card\" content=\"summary_large_image\" \/>\n<meta name=\"twitter:label1\" content=\"Escrito por\" \/>\n\t<meta name=\"twitter:data1\" content=\"Andre\u0301 Rangel\u00a0\" \/>\n\t<meta name=\"twitter:label2\" content=\"Est. tempo de leitura\" \/>\n\t<meta name=\"twitter:data2\" content=\"4 minutos\" \/>\n<!-- \/ Yoast SEO plugin. -->","yoast_head_json":{"title":"Imprevis\u00edvel! O que vai acontecer com o clima nos pr\u00f3ximos dias - Estado de Minas - Em foco","description":"Confira as m\u00ednimas e m\u00e1ximas previstas entre 15 e 19\/09 e saiba quais cidades v\u00e3o enfrentar as maiores varia\u00e7\u00f5es de temperatura no Brasil.","robots":{"index":"index","follow":"follow","max-snippet":"max-snippet:-1","max-image-preview":"max-image-preview:large","max-video-preview":"max-video-preview:-1"},"canonical":"https:\/\/www.em.com.br\/emfoco\/2025\/09\/14\/imprevisivel-o-que-vai-acontecer-com-o-clima-nos-proximos-dias\/","og_locale":"pt_BR","og_type":"article","og_title":"Imprevis\u00edvel! O que vai acontecer com o clima nos pr\u00f3ximos dias - Estado de Minas - Em foco","og_description":"Confira as m\u00ednimas e m\u00e1ximas previstas entre 15 e 19\/09 e saiba quais cidades v\u00e3o enfrentar as maiores varia\u00e7\u00f5es de temperatura no Brasil.","og_url":"https:\/\/www.em.com.br\/emfoco\/2025\/09\/14\/imprevisivel-o-que-vai-acontecer-com-o-clima-nos-proximos-dias\/","og_site_name":"Estado de Minas - Em foco","article_published_time":"2025-09-14T09:28:00+00:00","article_modified_time":"2025-09-13T18:38:04+00:00","og_image":[{"width":1280,"height":720,"url":"https:\/\/www.em.com.br\/emfoco\/wp-content\/uploads\/2025\/08\/clima-celular_1755126304880.jpg","type":"image\/jpeg"}],"author":"Andre\u0301 Rangel\u00a0","twitter_card":"summary_large_image","twitter_misc":{"Escrito por":"Andre\u0301 Rangel\u00a0","Est. tempo de leitura":"4 minutos"},"schema":{"@context":"https:\/\/schema.org","@graph":[{"@type":"WebPage","@id":"https:\/\/www.em.com.br\/emfoco\/2025\/09\/14\/imprevisivel-o-que-vai-acontecer-com-o-clima-nos-proximos-dias\/","url":"https:\/\/www.em.com.br\/emfoco\/2025\/09\/14\/imprevisivel-o-que-vai-acontecer-com-o-clima-nos-proximos-dias\/","name":"Imprevis\u00edvel! O que vai acontecer com o clima nos pr\u00f3ximos dias - Estado de Minas - Em foco","isPartOf":{"@id":"https:\/\/www.em.com.br\/emfoco\/#website"},"primaryImageOfPage":{"@id":"https:\/\/www.em.com.br\/emfoco\/2025\/09\/14\/imprevisivel-o-que-vai-acontecer-com-o-clima-nos-proximos-dias\/#primaryimage"},"image":{"@id":"https:\/\/www.em.com.br\/emfoco\/2025\/09\/14\/imprevisivel-o-que-vai-acontecer-com-o-clima-nos-proximos-dias\/#primaryimage"},"thumbnailUrl":"https:\/\/www.em.com.br\/emfoco\/wp-content\/uploads\/2025\/08\/clima-celular_1755126304880.jpg","datePublished":"2025-09-14T09:28:00+00:00","dateModified":"2025-09-13T18:38:04+00:00","author":{"@id":"https:\/\/www.em.com.br\/emfoco\/#\/schema\/person\/60eda09c1fedf0d6891f4cef4b60b8b8"},"description":"Confira as m\u00ednimas e m\u00e1ximas previstas entre 15 e 19\/09 e saiba quais cidades v\u00e3o enfrentar as maiores varia\u00e7\u00f5es de temperatura no Brasil.","breadcrumb":{"@id":"https:\/\/www.em.com.br\/emfoco\/2025\/09\/14\/imprevisivel-o-que-vai-acontecer-com-o-clima-nos-proximos-dias\/#breadcrumb"},"inLanguage":"pt-BR","potentialAction":[{"@type":"ReadAction","target":["https:\/\/www.em.com.br\/emfoco\/2025\/09\/14\/imprevisivel-o-que-vai-acontecer-com-o-clima-nos-proximos-dias\/"]}]},{"@type":"ImageObject","inLanguage":"pt-BR","@id":"https:\/\/www.em.com.br\/emfoco\/2025\/09\/14\/imprevisivel-o-que-vai-acontecer-com-o-clima-nos-proximos-dias\/#primaryimage","url":"https:\/\/www.em.com.br\/emfoco\/wp-content\/uploads\/2025\/08\/clima-celular_1755126304880.jpg","contentUrl":"https:\/\/www.em.com.br\/emfoco\/wp-content\/uploads\/2025\/08\/clima-celular_1755126304880.jpg","width":1280,"height":720,"caption":"Se prepare para as mudan\u00e7as clim\u00e1ticas - Cr\u00e9ditos: depositphotos.com \/ AlexRuhl"},{"@type":"BreadcrumbList","@id":"https:\/\/www.em.com.br\/emfoco\/2025\/09\/14\/imprevisivel-o-que-vai-acontecer-com-o-clima-nos-proximos-dias\/#breadcrumb","itemListElement":[{"@type":"ListItem","position":1,"name":"In\u00edcio","item":"https:\/\/www.em.com.br\/emfoco\/"},{"@type":"ListItem","position":2,"name":"Imprevis\u00edvel! O que vai acontecer com o clima nos pr\u00f3ximos dias"}]},{"@type":"WebSite","@id":"https:\/\/www.em.com.br\/emfoco\/#website","url":"https:\/\/www.em.com.br\/emfoco\/","name":"Estado de Minas - Em foco","description":"Acompanhe as \u00faltimas not\u00edcias e fique bem informado sobre tudo o que acontece em Minas Gerais, Brasil e no mundo.","potentialAction":[{"@type":"SearchAction","target":{"@type":"EntryPoint","urlTemplate":"https:\/\/www.em.com.br\/emfoco\/?s={search_term_string}"},"query-input":{"@type":"PropertyValueSpecification","valueRequired":true,"valueName":"search_term_string"}}],"inLanguage":"pt-BR"},{"@type":"Person","@id":"https:\/\/www.em.com.br\/emfoco\/#\/schema\/person\/60eda09c1fedf0d6891f4cef4b60b8b8","name":"Andre\u0301 Rangel\u00a0","image":{"@type":"ImageObject","inLanguage":"pt-BR","@id":"https:\/\/www.em.com.br\/emfoco\/#\/schema\/person\/image\/","url":"https:\/\/secure.gravatar.com\/avatar\/6234dc814c77c8ef6d8bba622c787efc?s=96&d=mm&r=g","contentUrl":"https:\/\/secure.gravatar.com\/avatar\/6234dc814c77c8ef6d8bba622c787efc?s=96&d=mm&r=g","caption":"Andre\u0301 Rangel\u00a0"},"url":"https:\/\/www.em.com.br\/emfoco\/author\/luizmyth\/"}]}},"_links":{"self":[{"href":"https:\/\/www.em.com.br\/emfoco\/wp-json\/wp\/v2\/posts\/103948","targetHints":{"allow":["GET"]}}],"collection":[{"href":"https:\/\/www.em.com.br\/emfoco\/wp-json\/wp\/v2\/posts"}],"about":[{"href":"https:\/\/www.em.com.br\/emfoco\/wp-json\/wp\/v2\/types\/post"}],"author":[{"embeddable":true,"href":"https:\/\/www.em.com.br\/emfoco\/wp-json\/wp\/v2\/users\/11"}],"replies":[{"embeddable":true,"href":"https:\/\/www.em.com.br\/emfoco\/wp-json\/wp\/v2\/comments?post=103948"}],"version-history":[{"count":3,"href":"https:\/\/www.em.com.br\/emfoco\/wp-json\/wp\/v2\/posts\/103948\/revisions"}],"predecessor-version":[{"id":103970,"href":"https:\/\/www.em.com.br\/emfoco\/wp-json\/wp\/v2\/posts\/103948\/revisions\/103970"}],"wp:featuredmedia":[{"embeddable":true,"href":"https:\/\/www.em.com.br\/emfoco\/wp-json\/wp\/v2\/media\/91124"}],"wp:attachment":[{"href":"https:\/\/www.em.com.br\/emfoco\/wp-json\/wp\/v2\/media?parent=103948"}],"wp:term":[{"taxonomy":"category","embeddable":true,"href":"https:\/\/www.em.com.br\/emfoco\/wp-json\/wp\/v2\/categories?post=103948"},{"taxonomy":"post_tag","embeddable":true,"href":"https:\/\/www.em.com.br\/emfoco\/wp-json\/wp\/v2\/tags?post=103948"}],"curies":[{"name":"wp","href":"https:\/\/api.w.org\/{rel}","templated":true}]}}