{"id":103759,"date":"2025-09-14T15:58:16","date_gmt":"2025-09-14T18:58:16","guid":{"rendered":"https:\/\/www.em.com.br\/emfoco\/?p=103759"},"modified":"2025-09-13T02:44:48","modified_gmt":"2025-09-13T05:44:48","slug":"cadeiras-de-jantar-confortaveis-que-deixam-sua-sala-mais-elegante","status":"publish","type":"post","link":"https:\/\/www.em.com.br\/emfoco\/2025\/09\/14\/cadeiras-de-jantar-confortaveis-que-deixam-sua-sala-mais-elegante\/","title":{"rendered":"Cadeiras de jantar confort\u00e1veis que deixam sua sala mais elegante"},"content":{"rendered":"\n<p>Ao montar ou renovar sua sala de jantar, um dos elementos mais importantes a serem considerados s\u00e3o as cadeiras. Escolher as cadeiras adequadas n\u00e3o apenas complementa o design do ambiente, mas tamb\u00e9m garante conforto durante as refei\u00e7\u00f5es. Considerando aspectos como estilo, material e ergonomia, a escolha certa pode transformar sua sala de jantar em um espa\u00e7o elegante e convidativo.<\/p>\n\n\n\n<p>Cadeiras de jantar s\u00e3o mais do que objetos utilit\u00e1rios; elas desempenham um papel crucial na defini\u00e7\u00e3o do ambiente. Antes de qualquer decis\u00e3o, \u00e9 fundamental considerar as dimens\u00f5es da sala. Espa\u00e7os menores exigem m\u00f3veis que n\u00e3o sobrecarreguem o ambiente, enquanto \u00e1reas mais amplas permitem mais liberdade nas escolhas. A propor\u00e7\u00e3o \u00e9 essencial para assegurar que o movimento ao redor da mesa n\u00e3o seja comprometido.<\/p>\n\n\n\n<h2 class=\"wp-block-heading\">Quais materiais s\u00e3o mais adequados para cadeiras de jantar?<\/h2>\n\n\n\n<p>Os materiais das cadeiras de jantar desempenham um papel vital tanto na est\u00e9tica quanto na durabilidade. Madeira, metal e pl\u00e1stico s\u00e3o op\u00e7\u00f5es comuns, cada uma com suas caracter\u00edsticas pr\u00f3prias. Cadeiras de <strong>madeira<\/strong> oferecem um visual cl\u00e1ssico e s\u00e3o conhecidas por sua robustez. J\u00e1 as cadeiras de <strong>metal<\/strong> trazem um toque moderno e s\u00e3o ideais para ambientes que demandam sofistica\u00e7\u00e3o. O <strong>pl\u00e1stico<\/strong>, por sua vez, \u00e9 vers\u00e1til e f\u00e1cil de limpar, sendo uma \u00f3tima escolha para fam\u00edlias com crian\u00e7as. Al\u00e9m desses, materiais mais atuais como <a href=\"https:\/\/www.neuplast.com.br\/blog\/polipropileno-conheca-as-caracteristicas-e-vantagens-desse-material\/\" target=\"_blank\" rel=\"noopener\">polipropileno <\/a>ou policarbonato v\u00eam ganhando espa\u00e7o no mercado, proporcionando ainda mais possibilidades de design e cores para combinar com diferentes estilos de decora\u00e7\u00e3o.<\/p>\n\n\n\n<h2 class=\"wp-block-heading\">Como harmonizar o estilo e design com o ambiente?<\/h2>\n\n\n\n<p>O estilo da cadeira deve complementar a est\u00e9tica geral da sala de jantar. Para <a href=\"https:\/\/www.em.com.br\/emfoco\/2025\/09\/07\/cultive-plantas-aromaticas-em-casa-e-tenha-ambientes-mais-relaxantes\/\" target=\"_blank\" rel=\"noopener\">ambientes<\/a> contempor\u00e2neos, cadeiras de design minimalista com linhas retas s\u00e3o excelentes. Em espa\u00e7os mais tradicionais, optar por modelos com detalhes esculpidos e tecidos mais elaborados pode ser uma escolha acertada. N\u00e3o se deve esquecer da harmonia entre as cadeiras e a mesa de jantar, assegurando que cores e materiais dialoguem entre si.&nbsp;<\/p>\n\n\n<div class=\"wp-block-image\">\n<figure class=\"aligncenter size-large\"><img loading=\"lazy\" decoding=\"async\" width=\"1024\" height=\"576\" src=\"https:\/\/www.em.com.br\/emfoco\/wp-content\/uploads\/2025\/09\/sala-de-jantar_1757742090607-1024x576.jpg\" alt=\"Cadeiras de jantar confort\u00e1veis que deixam sua sala mais elegante\" class=\"wp-image-103880\" srcset=\"https:\/\/www.em.com.br\/emfoco\/wp-content\/uploads\/2025\/09\/sala-de-jantar_1757742090607-1024x576.jpg 1024w, https:\/\/www.em.com.br\/emfoco\/wp-content\/uploads\/2025\/09\/sala-de-jantar_1757742090607-300x169.jpg 300w, https:\/\/www.em.com.br\/emfoco\/wp-content\/uploads\/2025\/09\/sala-de-jantar_1757742090607-768x432.jpg 768w, https:\/\/www.em.com.br\/emfoco\/wp-content\/uploads\/2025\/09\/sala-de-jantar_1757742090607-750x422.jpg 750w, https:\/\/www.em.com.br\/emfoco\/wp-content\/uploads\/2025\/09\/sala-de-jantar_1757742090607-1140x642.jpg 1140w, https:\/\/www.em.com.br\/emfoco\/wp-content\/uploads\/2025\/09\/sala-de-jantar_1757742090607.jpg 1279w\" sizes=\"auto, (max-width: 1024px) 100vw, 1024px\" \/><figcaption class=\"wp-element-caption\">Sala de jantar &#8211; Cr\u00e9ditos: depositphotos.com \/ marog-pixcells<\/figcaption><\/figure><\/div>\n\n\n<h2 class=\"wp-block-heading\">O que considerar para garantir conforto nas cadeiras?<\/h2>\n\n\n\n<p>O conforto \u00e9 um aspecto indispens\u00e1vel ao escolher cadeiras para a sala de jantar. Prestar aten\u00e7\u00e3o ao encosto e ao assento \u00e9 essencial. Busca-se modelos com acolchoamento adequado e ergonomia que favore\u00e7a uma postura correta. Cadeiras com apoios de bra\u00e7o proporcionam um conforto extra, mas \u00e9 importante verificar se h\u00e1 espa\u00e7o suficiente ao redor da mesa. Algumas linhas de m\u00f3veis lan\u00e7adas ap\u00f3s <strong>2020<\/strong> j\u00e1 priorizam sistemas ergon\u00f4micos ainda mais avan\u00e7ados inspirados pelas tend\u00eancias internacionais do setor de mobili\u00e1rio.<\/p>\n\n\n\n<ul class=\"wp-block-list\">\n<li>Verifique a altura das cadeiras em rela\u00e7\u00e3o \u00e0 mesa para evitar desconforto.<\/li>\n\n\n\n<li>Experimente a cadeira antes da compra para garantir que se adapte \u00e0 forma do corpo.<\/li>\n\n\n\n<li>Pondere sobre a frequ\u00eancia de uso ao decidir sobre o n\u00edvel de conforto desejado.<\/li>\n<\/ul>\n\n\n\n<h2 class=\"wp-block-heading\">Como a manuten\u00e7\u00e3o influencia na escolha das cadeiras?<\/h2>\n\n\n\n<p>A manuten\u00e7\u00e3o das cadeiras \u00e9 um fator frequentemente subestimado, mas cr\u00edtico na escolha. Cadeiras de madeira podem exigir tratamentos peri\u00f3dicos para preserva\u00e7\u00e3o. As de metal, embora resistentes \u00e0 corros\u00e3o, podem precisar de cuidados para evitar arranh\u00f5es. Modelos estofados devem ser avaliados quanto \u00e0 facilidade de limpeza, especialmente em ambientes onde refei\u00e7\u00f5es s\u00e3o feitas regularmente.&nbsp;<\/p>\n\n\n\n<ol class=\"wp-block-list\">\n<li>Escolha materiais que sejam f\u00e1ceis de limpar e resistentes ao desgaste.<\/li>\n\n\n\n<li>Considere capas remov\u00edveis e lav\u00e1veis para prolongar a vida \u00fatil do estofado.<\/li>\n\n\n\n<li>Avalie a necessidade de reparos frequentes quando optar por materiais mais sofisticados.<\/li>\n<\/ol>\n\n\n\n<p>Ao final, a escolha das cadeiras para a sala de jantar deve equilibrar funcionalidade e estilo. Cada detalhe, desde o material at\u00e9 o conforto, contribui para um espa\u00e7o harmonioso e acolhedor. Investir em cadeiras de qualidade \u00e9 garantir que o ambiente se transforme em um local de encontros memor\u00e1veis e experi\u00eancias agrad\u00e1veis \u00e0 mesa, independentemente se voc\u00ea vive em grandes centros urbanos como <strong>S\u00e3o Paulo<\/strong> ou cidades do interior do Brasil.<\/p>\n","protected":false},"excerpt":{"rendered":"<p>Ao montar ou renovar sua sala de jantar, um dos elementos mais importantes a serem considerados s\u00e3o as cadeiras. Escolher as cadeiras adequadas n\u00e3o apenas complementa o design do ambiente, mas tamb\u00e9m garante conforto durante as refei\u00e7\u00f5es. Considerando aspectos como estilo, material e ergonomia, a escolha certa pode transformar sua sala de jantar em um [&hellip;]<\/p>\n","protected":false},"author":9,"featured_media":103878,"comment_status":"open","ping_status":"open","sticky":false,"template":"","format":"standard","meta":{"jnews-multi-image_gallery":[],"jnews_single_post":{"format":"standard"},"jnews_primary_category":[],"jnews_social_meta":[],"jnews_override_counter":[],"footnotes":""},"categories":[8819,1],"tags":[15959,4687,13903,14659],"class_list":["post-103759","post","type-post","status-publish","format-standard","has-post-thumbnail","hentry","category-curiosidades","category-noticias","tag-cadeiras-de-jantar","tag-decoracao","tag-design-de-interiores","tag-moveis"],"yoast_head":"<!-- This site is optimized with the Yoast SEO plugin v23.8 - https:\/\/yoast.com\/wordpress\/plugins\/seo\/ -->\n<title>Cadeiras de jantar confort\u00e1veis que deixam sua sala mais elegante<\/title>\n<meta name=\"description\" content=\"A escolha das cadeiras de jantar pode transformar o ambiente em um espa\u00e7o acolhedor e elegante. Saiba como unir conforto e durabilidade.\" \/>\n<meta name=\"robots\" content=\"index, follow, max-snippet:-1, max-image-preview:large, max-video-preview:-1\" \/>\n<link rel=\"canonical\" href=\"https:\/\/www.em.com.br\/emfoco\/2025\/09\/14\/cadeiras-de-jantar-confortaveis-que-deixam-sua-sala-mais-elegante\/\" \/>\n<meta property=\"og:locale\" content=\"pt_BR\" \/>\n<meta property=\"og:type\" content=\"article\" \/>\n<meta property=\"og:title\" content=\"Cadeiras de jantar confort\u00e1veis que deixam sua sala mais elegante\" \/>\n<meta property=\"og:description\" content=\"A escolha das cadeiras de jantar pode transformar o ambiente em um espa\u00e7o acolhedor e elegante. Saiba como unir conforto e durabilidade.\" \/>\n<meta property=\"og:url\" content=\"https:\/\/www.em.com.br\/emfoco\/2025\/09\/14\/cadeiras-de-jantar-confortaveis-que-deixam-sua-sala-mais-elegante\/\" \/>\n<meta property=\"og:site_name\" content=\"Estado de Minas - Em foco\" \/>\n<meta property=\"article:published_time\" content=\"2025-09-14T18:58:16+00:00\" \/>\n<meta property=\"article:modified_time\" content=\"2025-09-13T05:44:48+00:00\" \/>\n<meta property=\"og:image\" content=\"https:\/\/www.em.com.br\/emfoco\/wp-content\/uploads\/2025\/09\/sala-de-jantar_1757741950241.jpg\" \/>\n\t<meta property=\"og:image:width\" content=\"1280\" \/>\n\t<meta property=\"og:image:height\" content=\"720\" \/>\n\t<meta property=\"og:image:type\" content=\"image\/jpeg\" \/>\n<meta name=\"author\" content=\"Daniely Cardoso\" \/>\n<meta name=\"twitter:card\" content=\"summary_large_image\" \/>\n<meta name=\"twitter:label1\" content=\"Escrito por\" \/>\n\t<meta name=\"twitter:data1\" content=\"Daniely Cardoso\" \/>\n\t<meta name=\"twitter:label2\" content=\"Est. tempo de leitura\" \/>\n\t<meta name=\"twitter:data2\" content=\"4 minutos\" \/>\n<!-- \/ Yoast SEO plugin. -->","yoast_head_json":{"title":"Cadeiras de jantar confort\u00e1veis que deixam sua sala mais elegante","description":"A escolha das cadeiras de jantar pode transformar o ambiente em um espa\u00e7o acolhedor e elegante. Saiba como unir conforto e durabilidade.","robots":{"index":"index","follow":"follow","max-snippet":"max-snippet:-1","max-image-preview":"max-image-preview:large","max-video-preview":"max-video-preview:-1"},"canonical":"https:\/\/www.em.com.br\/emfoco\/2025\/09\/14\/cadeiras-de-jantar-confortaveis-que-deixam-sua-sala-mais-elegante\/","og_locale":"pt_BR","og_type":"article","og_title":"Cadeiras de jantar confort\u00e1veis que deixam sua sala mais elegante","og_description":"A escolha das cadeiras de jantar pode transformar o ambiente em um espa\u00e7o acolhedor e elegante. Saiba como unir conforto e durabilidade.","og_url":"https:\/\/www.em.com.br\/emfoco\/2025\/09\/14\/cadeiras-de-jantar-confortaveis-que-deixam-sua-sala-mais-elegante\/","og_site_name":"Estado de Minas - Em foco","article_published_time":"2025-09-14T18:58:16+00:00","article_modified_time":"2025-09-13T05:44:48+00:00","og_image":[{"width":1280,"height":720,"url":"https:\/\/www.em.com.br\/emfoco\/wp-content\/uploads\/2025\/09\/sala-de-jantar_1757741950241.jpg","type":"image\/jpeg"}],"author":"Daniely Cardoso","twitter_card":"summary_large_image","twitter_misc":{"Escrito por":"Daniely Cardoso","Est. tempo de leitura":"4 minutos"},"schema":{"@context":"https:\/\/schema.org","@graph":[{"@type":"WebPage","@id":"https:\/\/www.em.com.br\/emfoco\/2025\/09\/14\/cadeiras-de-jantar-confortaveis-que-deixam-sua-sala-mais-elegante\/","url":"https:\/\/www.em.com.br\/emfoco\/2025\/09\/14\/cadeiras-de-jantar-confortaveis-que-deixam-sua-sala-mais-elegante\/","name":"Cadeiras de jantar confort\u00e1veis que deixam sua sala mais elegante","isPartOf":{"@id":"https:\/\/www.em.com.br\/emfoco\/#website"},"primaryImageOfPage":{"@id":"https:\/\/www.em.com.br\/emfoco\/2025\/09\/14\/cadeiras-de-jantar-confortaveis-que-deixam-sua-sala-mais-elegante\/#primaryimage"},"image":{"@id":"https:\/\/www.em.com.br\/emfoco\/2025\/09\/14\/cadeiras-de-jantar-confortaveis-que-deixam-sua-sala-mais-elegante\/#primaryimage"},"thumbnailUrl":"https:\/\/www.em.com.br\/emfoco\/wp-content\/uploads\/2025\/09\/sala-de-jantar_1757741950241.jpg","datePublished":"2025-09-14T18:58:16+00:00","dateModified":"2025-09-13T05:44:48+00:00","author":{"@id":"https:\/\/www.em.com.br\/emfoco\/#\/schema\/person\/0a8186d72f2c3a5c6276d90b41f271a0"},"description":"A escolha das cadeiras de jantar pode transformar o ambiente em um espa\u00e7o acolhedor e elegante. Saiba como unir conforto e durabilidade.","breadcrumb":{"@id":"https:\/\/www.em.com.br\/emfoco\/2025\/09\/14\/cadeiras-de-jantar-confortaveis-que-deixam-sua-sala-mais-elegante\/#breadcrumb"},"inLanguage":"pt-BR","potentialAction":[{"@type":"ReadAction","target":["https:\/\/www.em.com.br\/emfoco\/2025\/09\/14\/cadeiras-de-jantar-confortaveis-que-deixam-sua-sala-mais-elegante\/"]}]},{"@type":"ImageObject","inLanguage":"pt-BR","@id":"https:\/\/www.em.com.br\/emfoco\/2025\/09\/14\/cadeiras-de-jantar-confortaveis-que-deixam-sua-sala-mais-elegante\/#primaryimage","url":"https:\/\/www.em.com.br\/emfoco\/wp-content\/uploads\/2025\/09\/sala-de-jantar_1757741950241.jpg","contentUrl":"https:\/\/www.em.com.br\/emfoco\/wp-content\/uploads\/2025\/09\/sala-de-jantar_1757741950241.jpg","width":1280,"height":720,"caption":"Sala de jantar - Cr\u00e9ditos: depositphotos.com \/ JZhuk"},{"@type":"BreadcrumbList","@id":"https:\/\/www.em.com.br\/emfoco\/2025\/09\/14\/cadeiras-de-jantar-confortaveis-que-deixam-sua-sala-mais-elegante\/#breadcrumb","itemListElement":[{"@type":"ListItem","position":1,"name":"In\u00edcio","item":"https:\/\/www.em.com.br\/emfoco\/"},{"@type":"ListItem","position":2,"name":"Cadeiras de jantar confort\u00e1veis que deixam sua sala mais elegante"}]},{"@type":"WebSite","@id":"https:\/\/www.em.com.br\/emfoco\/#website","url":"https:\/\/www.em.com.br\/emfoco\/","name":"Estado de Minas - Em foco","description":"Acompanhe as \u00faltimas not\u00edcias e fique bem informado sobre tudo o que acontece em Minas Gerais, Brasil e no mundo.","potentialAction":[{"@type":"SearchAction","target":{"@type":"EntryPoint","urlTemplate":"https:\/\/www.em.com.br\/emfoco\/?s={search_term_string}"},"query-input":{"@type":"PropertyValueSpecification","valueRequired":true,"valueName":"search_term_string"}}],"inLanguage":"pt-BR"},{"@type":"Person","@id":"https:\/\/www.em.com.br\/emfoco\/#\/schema\/person\/0a8186d72f2c3a5c6276d90b41f271a0","name":"Daniely Cardoso","image":{"@type":"ImageObject","inLanguage":"pt-BR","@id":"https:\/\/www.em.com.br\/emfoco\/#\/schema\/person\/image\/","url":"https:\/\/secure.gravatar.com\/avatar\/4b80ddbd124d1f071b626d52d62e5dff?s=96&d=mm&r=g","contentUrl":"https:\/\/secure.gravatar.com\/avatar\/4b80ddbd124d1f071b626d52d62e5dff?s=96&d=mm&r=g","caption":"Daniely Cardoso"},"url":"https:\/\/www.em.com.br\/emfoco\/author\/danielymyth\/"}]}},"_links":{"self":[{"href":"https:\/\/www.em.com.br\/emfoco\/wp-json\/wp\/v2\/posts\/103759","targetHints":{"allow":["GET"]}}],"collection":[{"href":"https:\/\/www.em.com.br\/emfoco\/wp-json\/wp\/v2\/posts"}],"about":[{"href":"https:\/\/www.em.com.br\/emfoco\/wp-json\/wp\/v2\/types\/post"}],"author":[{"embeddable":true,"href":"https:\/\/www.em.com.br\/emfoco\/wp-json\/wp\/v2\/users\/9"}],"replies":[{"embeddable":true,"href":"https:\/\/www.em.com.br\/emfoco\/wp-json\/wp\/v2\/comments?post=103759"}],"version-history":[{"count":2,"href":"https:\/\/www.em.com.br\/emfoco\/wp-json\/wp\/v2\/posts\/103759\/revisions"}],"predecessor-version":[{"id":103881,"href":"https:\/\/www.em.com.br\/emfoco\/wp-json\/wp\/v2\/posts\/103759\/revisions\/103881"}],"wp:featuredmedia":[{"embeddable":true,"href":"https:\/\/www.em.com.br\/emfoco\/wp-json\/wp\/v2\/media\/103878"}],"wp:attachment":[{"href":"https:\/\/www.em.com.br\/emfoco\/wp-json\/wp\/v2\/media?parent=103759"}],"wp:term":[{"taxonomy":"category","embeddable":true,"href":"https:\/\/www.em.com.br\/emfoco\/wp-json\/wp\/v2\/categories?post=103759"},{"taxonomy":"post_tag","embeddable":true,"href":"https:\/\/www.em.com.br\/emfoco\/wp-json\/wp\/v2\/tags?post=103759"}],"curies":[{"name":"wp","href":"https:\/\/api.w.org\/{rel}","templated":true}]}}