{"id":103749,"date":"2025-09-14T22:38:24","date_gmt":"2025-09-15T01:38:24","guid":{"rendered":"https:\/\/www.em.com.br\/emfoco\/?p=103749"},"modified":"2025-09-13T03:17:34","modified_gmt":"2025-09-13T06:17:34","slug":"sua-proteina-em-po-pode-perder-efeito-dependendo-do-que-voce-mistura","status":"publish","type":"post","link":"https:\/\/www.em.com.br\/emfoco\/2025\/09\/14\/sua-proteina-em-po-pode-perder-efeito-dependendo-do-que-voce-mistura\/","title":{"rendered":"Sua prote\u00edna em p\u00f3 pode perder efeito dependendo do que voc\u00ea mistura"},"content":{"rendered":"\n<p>A prote\u00edna em p\u00f3 \u00e9 uma ferramenta popular para quem busca aumentar a ingest\u00e3o de prote\u00ednas de maneira eficiente. Ela fornece uma fonte concentrada desse macronutriente essencial, que desempenha um papel crucial na repara\u00e7\u00e3o e crescimento muscular. No entanto, escolher com o que mistur\u00e1-la \u00e9 fundamental para evitar texturas e sabores desagrad\u00e1veis. Especialistas como <strong>Wintana Kiros<\/strong> e <strong>Angie Asche<\/strong> oferecem orienta\u00e7\u00f5es sobre o que evitar ao combinar prote\u00ednas em p\u00f3 para aproveitar ao m\u00e1ximo seus benef\u00edcios.<\/p>\n\n\n\n<p>Misturar prote\u00edna em p\u00f3 com l\u00edquidos quentes como caf\u00e9 pode resultar em uma bebida cheia de grumos e pouco apetitosa. As prote\u00ednas, especialmente a do soro de leite, tendem a coagular quando expostas a altas temperaturas. Recomenda-se optar por vers\u00f5es frias, como caf\u00e9 gelado ou cold brew, para obter uma mistura mais homog\u00eanea. Outra recomenda\u00e7\u00e3o \u00e9 ter cuidado com sucos de frutas \u00e1cidas, pois podem alterar a consist\u00eancia da mistura. Al\u00e9m disso, segundo alguns estudos recentes, misturar a prote\u00edna em p\u00f3 com \u00e1gua gelada ou leite gelado pode preservar melhor os amino\u00e1cidos presentes, aumentando sua efic\u00e1cia.<\/p>\n\n\n\n<h2 class=\"wp-block-heading\">Por que evitar certos edulcorantes e espessantes?<\/h2>\n\n\n\n<p>Muitos p\u00f3s de prote\u00edna j\u00e1 cont\u00eam aditivos como edulcorantes e espessantes. \u00c9 fundamental verificar os r\u00f3tulos antes de adicionar ingredientes extras que possam alterar o equil\u00edbrio desejado, causando excesso de sabor ou uma textura desagrad\u00e1vel. Os \u00e1lcoois de a\u00e7\u00facar, por exemplo, podem provocar efeitos indesejados como <a href=\"https:\/\/www.em.com.br\/emfoco\/2025\/09\/12\/a-bebida-natural-que-ajuda-a-reduzir-o-inchaco-do-corpo\/\" target=\"_blank\" rel=\"noopener\">incha\u00e7o<\/a> se usados em excesso. Al\u00e9m disso, ao utilizar prote\u00ednas em p\u00f3 enriquecidas, \u00e9 importante observar o teor de a\u00e7\u00facar para n\u00e3o ultrapassar as recomenda\u00e7\u00f5es di\u00e1rias de consumo.<\/p>\n\n\n<div class=\"wp-block-image\">\n<figure class=\"aligncenter size-large\"><img loading=\"lazy\" decoding=\"async\" width=\"1024\" height=\"576\" src=\"https:\/\/www.em.com.br\/emfoco\/wp-content\/uploads\/2025\/09\/proteina-em-po_1757744095035-1024x576.jpg\" alt=\"\" class=\"wp-image-103899\" srcset=\"https:\/\/www.em.com.br\/emfoco\/wp-content\/uploads\/2025\/09\/proteina-em-po_1757744095035-1024x576.jpg 1024w, https:\/\/www.em.com.br\/emfoco\/wp-content\/uploads\/2025\/09\/proteina-em-po_1757744095035-300x169.jpg 300w, https:\/\/www.em.com.br\/emfoco\/wp-content\/uploads\/2025\/09\/proteina-em-po_1757744095035-768x432.jpg 768w, https:\/\/www.em.com.br\/emfoco\/wp-content\/uploads\/2025\/09\/proteina-em-po_1757744095035-750x422.jpg 750w, https:\/\/www.em.com.br\/emfoco\/wp-content\/uploads\/2025\/09\/proteina-em-po_1757744095035-1140x641.jpg 1140w, https:\/\/www.em.com.br\/emfoco\/wp-content\/uploads\/2025\/09\/proteina-em-po_1757744095035.jpg 1280w\" sizes=\"auto, (max-width: 1024px) 100vw, 1024px\" \/><figcaption class=\"wp-element-caption\">Prote\u00edna em p\u00f3 &#8211; Cr\u00e9ditos: depositphotos.com \/ KostyaKlimenko<\/figcaption><\/figure><\/div>\n\n\n<h2 class=\"wp-block-heading\">Como melhorar a textura das prote\u00ednas vegetais?<\/h2>\n\n\n\n<p>As prote\u00ednas vegetais, como a de ervilha, geralmente apresentam uma textura mais granulada em compara\u00e7\u00e3o com as prote\u00ednas do soro de leite. Para obter uma mistura mais suave, recomenda-se combin\u00e1-las com bases cremosas, como <a href=\"https:\/\/www.tuasaude.com\/beneficios-do-leite-de-amendoas\/#:~:text=O%20leite%20de%20am%C3%AAndoas%20%C3%A9,emagrecer%2C%20por%20fornecer%20poucas%20calorias.\" target=\"_blank\" rel=\"noopener\">leite de am\u00eandoas<\/a> ou de coco. Frutas congeladas tamb\u00e9m podem ajudar a criar mais cremosidade, tornando a mistura mais agrad\u00e1vel. Ingredientes como <strong>banana<\/strong> ou <strong>abacate<\/strong> podem proporcionar uma textura suave, enquanto frutas vermelhas complementam sabores, especialmente em prote\u00ednas de baunilha.&nbsp;<\/p>\n\n\n\n<h2 class=\"wp-block-heading\">Quais s\u00e3o dicas pr\u00e1ticas para combinar prote\u00ednas em p\u00f3?<\/h2>\n\n\n\n<p>Ao considerar as diferentes op\u00e7\u00f5es de prote\u00ednas em p\u00f3, \u00e9 \u00fatil experimentar combina\u00e7\u00f5es que harmonizem bem com suas caracter\u00edsticas naturais. Para maximizar o valor nutricional, combinar prote\u00ednas complementares \u00e9 ideal, como misturar prote\u00edna de ervilha com prote\u00edna de arroz para cobrir todos os amino\u00e1cidos essenciais. No caso de prote\u00ednas com sabores mais terrosos, combin\u00e1-las com ingredientes como cacau ou manteiga de oleaginosas pode equilibrar tanto sabor quanto textura. Uma tend\u00eancia recente, baseada em sugest\u00f5es de nutricionistas de grandes centros como <strong>Porto Alegre<\/strong> e <strong>S\u00e3o Paulo<\/strong>, \u00e9 adicionar fibras sol\u00faveis \u00e0 mistura, melhorando a digest\u00e3o e aumentando a saciedade.<\/p>\n\n\n\n<p>Em resumo, a combina\u00e7\u00e3o adequada de prote\u00edna em p\u00f3 com ingredientes selecionados pode enriquecer seu valor nutricional e melhorar a experi\u00eancia sensorial. Como sugere Kiros, trata-se de testar at\u00e9 encontrar as misturas que melhor se adaptem aos gostos e necessidades alimentares individuais.<\/p>\n","protected":false},"excerpt":{"rendered":"<p>A prote\u00edna em p\u00f3 \u00e9 uma ferramenta popular para quem busca aumentar a ingest\u00e3o de prote\u00ednas de maneira eficiente. Ela fornece uma fonte concentrada desse macronutriente essencial, que desempenha um papel crucial na repara\u00e7\u00e3o e crescimento muscular. No entanto, escolher com o que mistur\u00e1-la \u00e9 fundamental para evitar texturas e sabores desagrad\u00e1veis. Especialistas como Wintana [&hellip;]<\/p>\n","protected":false},"author":9,"featured_media":103898,"comment_status":"open","ping_status":"open","sticky":false,"template":"","format":"standard","meta":{"jnews-multi-image_gallery":[],"jnews_single_post":{"format":"standard"},"jnews_primary_category":[],"jnews_social_meta":[],"jnews_override_counter":[],"footnotes":""},"categories":[8691,1],"tags":[4955,3509,15956,415],"class_list":["post-103749","post","type-post","status-publish","format-standard","has-post-thumbnail","hentry","category-bem-estar","category-noticias","tag-exercicio-fisico","tag-nutricao","tag-proteina-em-po","tag-saude"],"yoast_head":"<!-- This site is optimized with the Yoast SEO plugin v23.8 - https:\/\/yoast.com\/wordpress\/plugins\/seo\/ -->\n<title>Sua prote\u00edna em p\u00f3 pode perder efeito dependendo do que voc\u00ea mistura<\/title>\n<meta name=\"description\" content=\"Se usa prote\u00edna em p\u00f3 no dia a dia, saiba quais combina\u00e7\u00f5es evitar e como deix\u00e1-la mais cremosa e nutritiva de forma pr\u00e1tica.\" \/>\n<meta name=\"robots\" content=\"index, follow, max-snippet:-1, max-image-preview:large, max-video-preview:-1\" \/>\n<link rel=\"canonical\" href=\"https:\/\/www.em.com.br\/emfoco\/2025\/09\/14\/sua-proteina-em-po-pode-perder-efeito-dependendo-do-que-voce-mistura\/\" \/>\n<meta property=\"og:locale\" content=\"pt_BR\" \/>\n<meta property=\"og:type\" content=\"article\" \/>\n<meta property=\"og:title\" content=\"Sua prote\u00edna em p\u00f3 pode perder efeito dependendo do que voc\u00ea mistura\" \/>\n<meta property=\"og:description\" content=\"Se usa prote\u00edna em p\u00f3 no dia a dia, saiba quais combina\u00e7\u00f5es evitar e como deix\u00e1-la mais cremosa e nutritiva de forma pr\u00e1tica.\" \/>\n<meta property=\"og:url\" content=\"https:\/\/www.em.com.br\/emfoco\/2025\/09\/14\/sua-proteina-em-po-pode-perder-efeito-dependendo-do-que-voce-mistura\/\" \/>\n<meta property=\"og:site_name\" content=\"Estado de Minas - Em foco\" \/>\n<meta property=\"article:published_time\" content=\"2025-09-15T01:38:24+00:00\" \/>\n<meta property=\"article:modified_time\" content=\"2025-09-13T06:17:34+00:00\" \/>\n<meta property=\"og:image\" content=\"https:\/\/www.em.com.br\/emfoco\/wp-content\/uploads\/2025\/09\/proteina-em-po_1757743955709.jpg\" \/>\n\t<meta property=\"og:image:width\" content=\"1280\" \/>\n\t<meta property=\"og:image:height\" content=\"720\" \/>\n\t<meta property=\"og:image:type\" content=\"image\/jpeg\" \/>\n<meta name=\"author\" content=\"Daniely Cardoso\" \/>\n<meta name=\"twitter:card\" content=\"summary_large_image\" \/>\n<meta name=\"twitter:label1\" content=\"Escrito por\" \/>\n\t<meta name=\"twitter:data1\" content=\"Daniely Cardoso\" \/>\n\t<meta name=\"twitter:label2\" content=\"Est. tempo de leitura\" \/>\n\t<meta name=\"twitter:data2\" content=\"4 minutos\" \/>\n<!-- \/ Yoast SEO plugin. -->","yoast_head_json":{"title":"Sua prote\u00edna em p\u00f3 pode perder efeito dependendo do que voc\u00ea mistura","description":"Se usa prote\u00edna em p\u00f3 no dia a dia, saiba quais combina\u00e7\u00f5es evitar e como deix\u00e1-la mais cremosa e nutritiva de forma pr\u00e1tica.","robots":{"index":"index","follow":"follow","max-snippet":"max-snippet:-1","max-image-preview":"max-image-preview:large","max-video-preview":"max-video-preview:-1"},"canonical":"https:\/\/www.em.com.br\/emfoco\/2025\/09\/14\/sua-proteina-em-po-pode-perder-efeito-dependendo-do-que-voce-mistura\/","og_locale":"pt_BR","og_type":"article","og_title":"Sua prote\u00edna em p\u00f3 pode perder efeito dependendo do que voc\u00ea mistura","og_description":"Se usa prote\u00edna em p\u00f3 no dia a dia, saiba quais combina\u00e7\u00f5es evitar e como deix\u00e1-la mais cremosa e nutritiva de forma pr\u00e1tica.","og_url":"https:\/\/www.em.com.br\/emfoco\/2025\/09\/14\/sua-proteina-em-po-pode-perder-efeito-dependendo-do-que-voce-mistura\/","og_site_name":"Estado de Minas - Em foco","article_published_time":"2025-09-15T01:38:24+00:00","article_modified_time":"2025-09-13T06:17:34+00:00","og_image":[{"width":1280,"height":720,"url":"https:\/\/www.em.com.br\/emfoco\/wp-content\/uploads\/2025\/09\/proteina-em-po_1757743955709.jpg","type":"image\/jpeg"}],"author":"Daniely Cardoso","twitter_card":"summary_large_image","twitter_misc":{"Escrito por":"Daniely Cardoso","Est. tempo de leitura":"4 minutos"},"schema":{"@context":"https:\/\/schema.org","@graph":[{"@type":"WebPage","@id":"https:\/\/www.em.com.br\/emfoco\/2025\/09\/14\/sua-proteina-em-po-pode-perder-efeito-dependendo-do-que-voce-mistura\/","url":"https:\/\/www.em.com.br\/emfoco\/2025\/09\/14\/sua-proteina-em-po-pode-perder-efeito-dependendo-do-que-voce-mistura\/","name":"Sua prote\u00edna em p\u00f3 pode perder efeito dependendo do que voc\u00ea mistura","isPartOf":{"@id":"https:\/\/www.em.com.br\/emfoco\/#website"},"primaryImageOfPage":{"@id":"https:\/\/www.em.com.br\/emfoco\/2025\/09\/14\/sua-proteina-em-po-pode-perder-efeito-dependendo-do-que-voce-mistura\/#primaryimage"},"image":{"@id":"https:\/\/www.em.com.br\/emfoco\/2025\/09\/14\/sua-proteina-em-po-pode-perder-efeito-dependendo-do-que-voce-mistura\/#primaryimage"},"thumbnailUrl":"https:\/\/www.em.com.br\/emfoco\/wp-content\/uploads\/2025\/09\/proteina-em-po_1757743955709.jpg","datePublished":"2025-09-15T01:38:24+00:00","dateModified":"2025-09-13T06:17:34+00:00","author":{"@id":"https:\/\/www.em.com.br\/emfoco\/#\/schema\/person\/0a8186d72f2c3a5c6276d90b41f271a0"},"description":"Se usa prote\u00edna em p\u00f3 no dia a dia, saiba quais combina\u00e7\u00f5es evitar e como deix\u00e1-la mais cremosa e nutritiva de forma pr\u00e1tica.","breadcrumb":{"@id":"https:\/\/www.em.com.br\/emfoco\/2025\/09\/14\/sua-proteina-em-po-pode-perder-efeito-dependendo-do-que-voce-mistura\/#breadcrumb"},"inLanguage":"pt-BR","potentialAction":[{"@type":"ReadAction","target":["https:\/\/www.em.com.br\/emfoco\/2025\/09\/14\/sua-proteina-em-po-pode-perder-efeito-dependendo-do-que-voce-mistura\/"]}]},{"@type":"ImageObject","inLanguage":"pt-BR","@id":"https:\/\/www.em.com.br\/emfoco\/2025\/09\/14\/sua-proteina-em-po-pode-perder-efeito-dependendo-do-que-voce-mistura\/#primaryimage","url":"https:\/\/www.em.com.br\/emfoco\/wp-content\/uploads\/2025\/09\/proteina-em-po_1757743955709.jpg","contentUrl":"https:\/\/www.em.com.br\/emfoco\/wp-content\/uploads\/2025\/09\/proteina-em-po_1757743955709.jpg","width":1280,"height":720,"caption":"Prote\u00edna em p\u00f3 - Cr\u00e9ditos: depositphotos.com \/ VitalikRadko"},{"@type":"BreadcrumbList","@id":"https:\/\/www.em.com.br\/emfoco\/2025\/09\/14\/sua-proteina-em-po-pode-perder-efeito-dependendo-do-que-voce-mistura\/#breadcrumb","itemListElement":[{"@type":"ListItem","position":1,"name":"In\u00edcio","item":"https:\/\/www.em.com.br\/emfoco\/"},{"@type":"ListItem","position":2,"name":"Sua prote\u00edna em p\u00f3 pode perder efeito dependendo do que voc\u00ea mistura"}]},{"@type":"WebSite","@id":"https:\/\/www.em.com.br\/emfoco\/#website","url":"https:\/\/www.em.com.br\/emfoco\/","name":"Estado de Minas - Em foco","description":"Acompanhe as \u00faltimas not\u00edcias e fique bem informado sobre tudo o que acontece em Minas Gerais, Brasil e no mundo.","potentialAction":[{"@type":"SearchAction","target":{"@type":"EntryPoint","urlTemplate":"https:\/\/www.em.com.br\/emfoco\/?s={search_term_string}"},"query-input":{"@type":"PropertyValueSpecification","valueRequired":true,"valueName":"search_term_string"}}],"inLanguage":"pt-BR"},{"@type":"Person","@id":"https:\/\/www.em.com.br\/emfoco\/#\/schema\/person\/0a8186d72f2c3a5c6276d90b41f271a0","name":"Daniely Cardoso","image":{"@type":"ImageObject","inLanguage":"pt-BR","@id":"https:\/\/www.em.com.br\/emfoco\/#\/schema\/person\/image\/","url":"https:\/\/secure.gravatar.com\/avatar\/4b80ddbd124d1f071b626d52d62e5dff?s=96&d=mm&r=g","contentUrl":"https:\/\/secure.gravatar.com\/avatar\/4b80ddbd124d1f071b626d52d62e5dff?s=96&d=mm&r=g","caption":"Daniely Cardoso"},"url":"https:\/\/www.em.com.br\/emfoco\/author\/danielymyth\/"}]}},"_links":{"self":[{"href":"https:\/\/www.em.com.br\/emfoco\/wp-json\/wp\/v2\/posts\/103749","targetHints":{"allow":["GET"]}}],"collection":[{"href":"https:\/\/www.em.com.br\/emfoco\/wp-json\/wp\/v2\/posts"}],"about":[{"href":"https:\/\/www.em.com.br\/emfoco\/wp-json\/wp\/v2\/types\/post"}],"author":[{"embeddable":true,"href":"https:\/\/www.em.com.br\/emfoco\/wp-json\/wp\/v2\/users\/9"}],"replies":[{"embeddable":true,"href":"https:\/\/www.em.com.br\/emfoco\/wp-json\/wp\/v2\/comments?post=103749"}],"version-history":[{"count":2,"href":"https:\/\/www.em.com.br\/emfoco\/wp-json\/wp\/v2\/posts\/103749\/revisions"}],"predecessor-version":[{"id":103900,"href":"https:\/\/www.em.com.br\/emfoco\/wp-json\/wp\/v2\/posts\/103749\/revisions\/103900"}],"wp:featuredmedia":[{"embeddable":true,"href":"https:\/\/www.em.com.br\/emfoco\/wp-json\/wp\/v2\/media\/103898"}],"wp:attachment":[{"href":"https:\/\/www.em.com.br\/emfoco\/wp-json\/wp\/v2\/media?parent=103749"}],"wp:term":[{"taxonomy":"category","embeddable":true,"href":"https:\/\/www.em.com.br\/emfoco\/wp-json\/wp\/v2\/categories?post=103749"},{"taxonomy":"post_tag","embeddable":true,"href":"https:\/\/www.em.com.br\/emfoco\/wp-json\/wp\/v2\/tags?post=103749"}],"curies":[{"name":"wp","href":"https:\/\/api.w.org\/{rel}","templated":true}]}}