{"id":103741,"date":"2025-09-14T20:58:15","date_gmt":"2025-09-14T23:58:15","guid":{"rendered":"https:\/\/www.em.com.br\/emfoco\/?p=103741"},"modified":"2025-09-13T03:07:30","modified_gmt":"2025-09-13T06:07:30","slug":"maneiras-simples-de-eliminar-gases-e-desconforto-abdominal","status":"publish","type":"post","link":"https:\/\/www.em.com.br\/emfoco\/2025\/09\/14\/maneiras-simples-de-eliminar-gases-e-desconforto-abdominal\/","title":{"rendered":"Maneiras simples de eliminar gases e desconforto abdominal"},"content":{"rendered":"\n<p>O incha\u00e7o abdominal \u00e9 um desconforto comum que muitas pessoas experimentam em sua vida di\u00e1ria. Esse fen\u00f4meno pode ser desencadeado por diversas raz\u00f5es, incluindo o tipo de alimentos consumidos ou certos h\u00e1bitos di\u00e1rios. Embora ocasionalmente represente um problema menor, pode gerar um desconforto significativo quando se torna frequente. Por esse motivo, \u00e9 fundamental compreender as causas subjacentes e explorar solu\u00e7\u00f5es pr\u00e1ticas para aliviar esse sintoma.<\/p>\n\n\n\n<p>A barriga inchada pode manifestar-se juntamente com uma sensa\u00e7\u00e3o de peso, flatul\u00eancia e, em alguns casos, dor. Essa condi\u00e7\u00e3o, apesar de geralmente n\u00e3o ser grave por si s\u00f3, pode indicar h\u00e1bitos de vida ou alimentares que exigem aten\u00e7\u00e3o especial. Na verdade, quando os epis\u00f3dios de distens\u00e3o abdominal s\u00e3o recorrentes e n\u00e3o est\u00e3o relacionados a alguma patologia espec\u00edfica do sistema digestivo, \u00e9 recomend\u00e1vel revisar n\u00e3o apenas a alimenta\u00e7\u00e3o, mas tamb\u00e9m aspectos como a qualidade do sono e os n\u00edveis de estresse.<\/p>\n\n\n\n<h2 class=\"wp-block-heading\">Quais fatores favorecem o incha\u00e7o abdominal?<\/h2>\n\n\n\n<p>Um dos culpados comuns detr\u00e1s da barriga inchada \u00e9 uma dieta rica em certos alimentos que produzem gases. Verduras como <strong>repolho<\/strong> e <strong>couve-flor<\/strong>, leguminosas e bebidas gaseificadas s\u00e3o exemplos cl\u00e1ssicos. No entanto, n\u00e3o se pode atribuir tudo ao que se consome. O estresse, a falta de descanso adequado e outros aspectos do ritmo de vida di\u00e1ria tamb\u00e9m desempenham pap\u00e9is cruciais no aparecimento desse problema. Um intestino sens\u00edvel a est\u00edmulos externos como o estresse ou mudan\u00e7as hormonais pode manifestar sintomas como reten\u00e7\u00e3o de gases e inflama\u00e7\u00e3o.<\/p>\n\n\n\n<h2 class=\"wp-block-heading\">Quais s\u00e3o estrat\u00e9gias eficazes para evitar o incha\u00e7o?<\/h2>\n\n\n\n<p>A chave para lidar com a barriga inchada est\u00e1 em abordar o problema de diferentes maneiras. A pr\u00e1tica regular de exerc\u00edcios pode ser uma forma eficaz de reduzir a reten\u00e7\u00e3o de l\u00edquidos e melhorar a mobilidade <a href=\"https:\/\/www.em.com.br\/emfoco\/2025\/09\/02\/esses-sao-os-tipos-de-probioticos-que-podem-transformar-sua-saude-intestinal\/\" target=\"_blank\" rel=\"noopener\">intestinal<\/a>. N\u00e3o \u00e9 necess\u00e1rio uma academia para se manter ativo; atividades do cotidiano como subir escadas ou caminhar podem fazer grande diferen\u00e7a. Moderar o consumo de fibras \u00e9 outro aspecto importante, pois o excesso pode causar gases e altera\u00e7\u00f5es no ritmo intestinal. \u00c9 recomendada uma ingest\u00e3o di\u00e1ria de 25 a 30 gramas de fibra proveniente de uma dieta equilibrada que inclua frutas, verduras e cereais integrais.<\/p>\n\n\n<div class=\"wp-block-image\">\n<figure class=\"aligncenter size-large\"><img loading=\"lazy\" decoding=\"async\" width=\"1024\" height=\"576\" src=\"https:\/\/www.em.com.br\/emfoco\/wp-content\/uploads\/2025\/09\/inchaco-abdominal_1757743046430-1024x576.jpg\" alt=\"\" class=\"wp-image-103890\" srcset=\"https:\/\/www.em.com.br\/emfoco\/wp-content\/uploads\/2025\/09\/inchaco-abdominal_1757743046430-1024x576.jpg 1024w, https:\/\/www.em.com.br\/emfoco\/wp-content\/uploads\/2025\/09\/inchaco-abdominal_1757743046430-300x169.jpg 300w, https:\/\/www.em.com.br\/emfoco\/wp-content\/uploads\/2025\/09\/inchaco-abdominal_1757743046430-768x432.jpg 768w, https:\/\/www.em.com.br\/emfoco\/wp-content\/uploads\/2025\/09\/inchaco-abdominal_1757743046430-750x422.jpg 750w, https:\/\/www.em.com.br\/emfoco\/wp-content\/uploads\/2025\/09\/inchaco-abdominal_1757743046430-1140x641.jpg 1140w, https:\/\/www.em.com.br\/emfoco\/wp-content\/uploads\/2025\/09\/inchaco-abdominal_1757743046430.jpg 1280w\" sizes=\"auto, (max-width: 1024px) 100vw, 1024px\" \/><figcaption class=\"wp-element-caption\">Incha\u00e7o abdominal &#8211; Cr\u00e9ditos: depositphotos.com \/ Thunderstock<\/figcaption><\/figure><\/div>\n\n\n<h2 class=\"wp-block-heading\">Como intoler\u00e2ncias e estresse impactam o incha\u00e7o?<\/h2>\n\n\n\n<p>Intoler\u00e2ncias alimentares, como a intoler\u00e2ncia \u00e0 lactose ou <a href=\"https:\/\/www.fenacelbra.com.br\/sensibilidade-ao-gluten-nao-celiaca\" target=\"_blank\" rel=\"noopener\">sensibilidade ao gl\u00faten<\/a>, podem ser respons\u00e1veis por sintomas como incha\u00e7o. Nesses casos, \u00e9 essencial obter um diagn\u00f3stico adequado de um profissional de sa\u00fade e seguir recomenda\u00e7\u00f5es diet\u00e9ticas espec\u00edficas. Adicionalmente, o gerenciamento do estresse \u00e9 fundamental, j\u00e1 que condi\u00e7\u00f5es psicol\u00f3gicas podem afetar significativamente a sa\u00fade intestinal. T\u00e9cnicas de relaxamento e uma boa higiene do sono s\u00e3o m\u00e9todos recomendados para minimizar os efeitos do estresse no organismo.<\/p>\n\n\n\n<h2 class=\"wp-block-heading\">Como lidar com fatores hormonais e de estilo de vida?<\/h2>\n\n\n\n<p>A <strong>s\u00edndrome pr\u00e9-menstrual (SPM)<\/strong> \u00e9 outro fator relevante na discuss\u00e3o sobre o incha\u00e7o abdominal. Durante esse per\u00edodo, as mudan\u00e7as hormonais podem agravar a reten\u00e7\u00e3o de l\u00edquidos e gases. O aumento da atividade f\u00edsica, manter-se hidratado e optar por refei\u00e7\u00f5es mais leves podem ajudar a aliviar esses sintomas. A inclus\u00e3o de suplementos naturais sob orienta\u00e7\u00e3o de um especialista pode ser uma alternativa eficaz.<\/p>\n\n\n\n<p>Em resumo, o incha\u00e7o abdominal \u00e9 um sintoma comum, por\u00e9m complexo, influenciado por fatores diet\u00e9ticos, de estilo de vida e emocionais. Adotar uma abordagem hol\u00edstica que combine mudan\u00e7as na dieta, atividade f\u00edsica regular e t\u00e9cnicas de manejo do estresse pode ser fundamental para mitigar os desconfortos associados e melhorar a qualidade de vida de forma geral.<\/p>\n","protected":false},"excerpt":{"rendered":"<p>O incha\u00e7o abdominal \u00e9 um desconforto comum que muitas pessoas experimentam em sua vida di\u00e1ria. Esse fen\u00f4meno pode ser desencadeado por diversas raz\u00f5es, incluindo o tipo de alimentos consumidos ou certos h\u00e1bitos di\u00e1rios. Embora ocasionalmente represente um problema menor, pode gerar um desconforto significativo quando se torna frequente. Por esse motivo, \u00e9 fundamental compreender as [&hellip;]<\/p>\n","protected":false},"author":9,"featured_media":103889,"comment_status":"open","ping_status":"open","sticky":false,"template":"","format":"standard","meta":{"jnews-multi-image_gallery":[],"jnews_single_post":{"format":"standard"},"jnews_primary_category":[],"jnews_social_meta":[],"jnews_override_counter":[],"footnotes":""},"categories":[8691,1],"tags":[15953,2577,4946,9087],"class_list":["post-103741","post","type-post","status-publish","format-standard","has-post-thumbnail","hentry","category-bem-estar","category-noticias","tag-abdomen-inchado","tag-dieta","tag-estresse","tag-saude-digestiva"],"yoast_head":"<!-- This site is optimized with the Yoast SEO plugin v23.8 - https:\/\/yoast.com\/wordpress\/plugins\/seo\/ -->\n<title>Maneiras simples de eliminar gases e desconforto abdominal<\/title>\n<meta name=\"description\" content=\"Saiba como identificar e reduzir o incha\u00e7o abdominal, evitando gases, reten\u00e7\u00e3o de l\u00edquidos e desconforto di\u00e1rio com mudan\u00e7as simples.\" \/>\n<meta name=\"robots\" content=\"index, follow, max-snippet:-1, max-image-preview:large, max-video-preview:-1\" \/>\n<link rel=\"canonical\" href=\"https:\/\/www.em.com.br\/emfoco\/2025\/09\/14\/maneiras-simples-de-eliminar-gases-e-desconforto-abdominal\/\" \/>\n<meta property=\"og:locale\" content=\"pt_BR\" \/>\n<meta property=\"og:type\" content=\"article\" \/>\n<meta property=\"og:title\" content=\"Maneiras simples de eliminar gases e desconforto abdominal\" \/>\n<meta property=\"og:description\" content=\"Saiba como identificar e reduzir o incha\u00e7o abdominal, evitando gases, reten\u00e7\u00e3o de l\u00edquidos e desconforto di\u00e1rio com mudan\u00e7as simples.\" \/>\n<meta property=\"og:url\" content=\"https:\/\/www.em.com.br\/emfoco\/2025\/09\/14\/maneiras-simples-de-eliminar-gases-e-desconforto-abdominal\/\" \/>\n<meta property=\"og:site_name\" content=\"Estado de Minas - Em foco\" \/>\n<meta property=\"article:published_time\" content=\"2025-09-14T23:58:15+00:00\" \/>\n<meta property=\"article:modified_time\" content=\"2025-09-13T06:07:30+00:00\" \/>\n<meta property=\"og:image\" content=\"https:\/\/www.em.com.br\/emfoco\/wp-content\/uploads\/2025\/09\/inchaco-abdominal_1757742864509.jpg\" \/>\n\t<meta property=\"og:image:width\" content=\"1280\" \/>\n\t<meta property=\"og:image:height\" content=\"720\" \/>\n\t<meta property=\"og:image:type\" content=\"image\/jpeg\" \/>\n<meta name=\"author\" content=\"Daniely Cardoso\" \/>\n<meta name=\"twitter:card\" content=\"summary_large_image\" \/>\n<meta name=\"twitter:label1\" content=\"Escrito por\" \/>\n\t<meta name=\"twitter:data1\" content=\"Daniely Cardoso\" \/>\n\t<meta name=\"twitter:label2\" content=\"Est. tempo de leitura\" \/>\n\t<meta name=\"twitter:data2\" content=\"4 minutos\" \/>\n<!-- \/ Yoast SEO plugin. -->","yoast_head_json":{"title":"Maneiras simples de eliminar gases e desconforto abdominal","description":"Saiba como identificar e reduzir o incha\u00e7o abdominal, evitando gases, reten\u00e7\u00e3o de l\u00edquidos e desconforto di\u00e1rio com mudan\u00e7as simples.","robots":{"index":"index","follow":"follow","max-snippet":"max-snippet:-1","max-image-preview":"max-image-preview:large","max-video-preview":"max-video-preview:-1"},"canonical":"https:\/\/www.em.com.br\/emfoco\/2025\/09\/14\/maneiras-simples-de-eliminar-gases-e-desconforto-abdominal\/","og_locale":"pt_BR","og_type":"article","og_title":"Maneiras simples de eliminar gases e desconforto abdominal","og_description":"Saiba como identificar e reduzir o incha\u00e7o abdominal, evitando gases, reten\u00e7\u00e3o de l\u00edquidos e desconforto di\u00e1rio com mudan\u00e7as simples.","og_url":"https:\/\/www.em.com.br\/emfoco\/2025\/09\/14\/maneiras-simples-de-eliminar-gases-e-desconforto-abdominal\/","og_site_name":"Estado de Minas - Em foco","article_published_time":"2025-09-14T23:58:15+00:00","article_modified_time":"2025-09-13T06:07:30+00:00","og_image":[{"width":1280,"height":720,"url":"https:\/\/www.em.com.br\/emfoco\/wp-content\/uploads\/2025\/09\/inchaco-abdominal_1757742864509.jpg","type":"image\/jpeg"}],"author":"Daniely Cardoso","twitter_card":"summary_large_image","twitter_misc":{"Escrito por":"Daniely Cardoso","Est. tempo de leitura":"4 minutos"},"schema":{"@context":"https:\/\/schema.org","@graph":[{"@type":"WebPage","@id":"https:\/\/www.em.com.br\/emfoco\/2025\/09\/14\/maneiras-simples-de-eliminar-gases-e-desconforto-abdominal\/","url":"https:\/\/www.em.com.br\/emfoco\/2025\/09\/14\/maneiras-simples-de-eliminar-gases-e-desconforto-abdominal\/","name":"Maneiras simples de eliminar gases e desconforto abdominal","isPartOf":{"@id":"https:\/\/www.em.com.br\/emfoco\/#website"},"primaryImageOfPage":{"@id":"https:\/\/www.em.com.br\/emfoco\/2025\/09\/14\/maneiras-simples-de-eliminar-gases-e-desconforto-abdominal\/#primaryimage"},"image":{"@id":"https:\/\/www.em.com.br\/emfoco\/2025\/09\/14\/maneiras-simples-de-eliminar-gases-e-desconforto-abdominal\/#primaryimage"},"thumbnailUrl":"https:\/\/www.em.com.br\/emfoco\/wp-content\/uploads\/2025\/09\/inchaco-abdominal_1757742864509.jpg","datePublished":"2025-09-14T23:58:15+00:00","dateModified":"2025-09-13T06:07:30+00:00","author":{"@id":"https:\/\/www.em.com.br\/emfoco\/#\/schema\/person\/0a8186d72f2c3a5c6276d90b41f271a0"},"description":"Saiba como identificar e reduzir o incha\u00e7o abdominal, evitando gases, reten\u00e7\u00e3o de l\u00edquidos e desconforto di\u00e1rio com mudan\u00e7as simples.","breadcrumb":{"@id":"https:\/\/www.em.com.br\/emfoco\/2025\/09\/14\/maneiras-simples-de-eliminar-gases-e-desconforto-abdominal\/#breadcrumb"},"inLanguage":"pt-BR","potentialAction":[{"@type":"ReadAction","target":["https:\/\/www.em.com.br\/emfoco\/2025\/09\/14\/maneiras-simples-de-eliminar-gases-e-desconforto-abdominal\/"]}]},{"@type":"ImageObject","inLanguage":"pt-BR","@id":"https:\/\/www.em.com.br\/emfoco\/2025\/09\/14\/maneiras-simples-de-eliminar-gases-e-desconforto-abdominal\/#primaryimage","url":"https:\/\/www.em.com.br\/emfoco\/wp-content\/uploads\/2025\/09\/inchaco-abdominal_1757742864509.jpg","contentUrl":"https:\/\/www.em.com.br\/emfoco\/wp-content\/uploads\/2025\/09\/inchaco-abdominal_1757742864509.jpg","width":1280,"height":720,"caption":"Incha\u00e7o abdominal - Cr\u00e9ditos: depositphotos.com \/ Thunderstock"},{"@type":"BreadcrumbList","@id":"https:\/\/www.em.com.br\/emfoco\/2025\/09\/14\/maneiras-simples-de-eliminar-gases-e-desconforto-abdominal\/#breadcrumb","itemListElement":[{"@type":"ListItem","position":1,"name":"In\u00edcio","item":"https:\/\/www.em.com.br\/emfoco\/"},{"@type":"ListItem","position":2,"name":"Maneiras simples de eliminar gases e desconforto abdominal"}]},{"@type":"WebSite","@id":"https:\/\/www.em.com.br\/emfoco\/#website","url":"https:\/\/www.em.com.br\/emfoco\/","name":"Estado de Minas - Em foco","description":"Acompanhe as \u00faltimas not\u00edcias e fique bem informado sobre tudo o que acontece em Minas Gerais, Brasil e no mundo.","potentialAction":[{"@type":"SearchAction","target":{"@type":"EntryPoint","urlTemplate":"https:\/\/www.em.com.br\/emfoco\/?s={search_term_string}"},"query-input":{"@type":"PropertyValueSpecification","valueRequired":true,"valueName":"search_term_string"}}],"inLanguage":"pt-BR"},{"@type":"Person","@id":"https:\/\/www.em.com.br\/emfoco\/#\/schema\/person\/0a8186d72f2c3a5c6276d90b41f271a0","name":"Daniely Cardoso","image":{"@type":"ImageObject","inLanguage":"pt-BR","@id":"https:\/\/www.em.com.br\/emfoco\/#\/schema\/person\/image\/","url":"https:\/\/secure.gravatar.com\/avatar\/4b80ddbd124d1f071b626d52d62e5dff?s=96&d=mm&r=g","contentUrl":"https:\/\/secure.gravatar.com\/avatar\/4b80ddbd124d1f071b626d52d62e5dff?s=96&d=mm&r=g","caption":"Daniely Cardoso"},"url":"https:\/\/www.em.com.br\/emfoco\/author\/danielymyth\/"}]}},"_links":{"self":[{"href":"https:\/\/www.em.com.br\/emfoco\/wp-json\/wp\/v2\/posts\/103741","targetHints":{"allow":["GET"]}}],"collection":[{"href":"https:\/\/www.em.com.br\/emfoco\/wp-json\/wp\/v2\/posts"}],"about":[{"href":"https:\/\/www.em.com.br\/emfoco\/wp-json\/wp\/v2\/types\/post"}],"author":[{"embeddable":true,"href":"https:\/\/www.em.com.br\/emfoco\/wp-json\/wp\/v2\/users\/9"}],"replies":[{"embeddable":true,"href":"https:\/\/www.em.com.br\/emfoco\/wp-json\/wp\/v2\/comments?post=103741"}],"version-history":[{"count":2,"href":"https:\/\/www.em.com.br\/emfoco\/wp-json\/wp\/v2\/posts\/103741\/revisions"}],"predecessor-version":[{"id":103893,"href":"https:\/\/www.em.com.br\/emfoco\/wp-json\/wp\/v2\/posts\/103741\/revisions\/103893"}],"wp:featuredmedia":[{"embeddable":true,"href":"https:\/\/www.em.com.br\/emfoco\/wp-json\/wp\/v2\/media\/103889"}],"wp:attachment":[{"href":"https:\/\/www.em.com.br\/emfoco\/wp-json\/wp\/v2\/media?parent=103741"}],"wp:term":[{"taxonomy":"category","embeddable":true,"href":"https:\/\/www.em.com.br\/emfoco\/wp-json\/wp\/v2\/categories?post=103741"},{"taxonomy":"post_tag","embeddable":true,"href":"https:\/\/www.em.com.br\/emfoco\/wp-json\/wp\/v2\/tags?post=103741"}],"curies":[{"name":"wp","href":"https:\/\/api.w.org\/{rel}","templated":true}]}}