{"id":103657,"date":"2025-09-15T15:28:00","date_gmt":"2025-09-15T18:28:00","guid":{"rendered":"https:\/\/www.em.com.br\/emfoco\/?p=103657"},"modified":"2025-09-12T16:58:12","modified_gmt":"2025-09-12T19:58:12","slug":"truques-infaliveis-para-manter-a-casa-livre-de-poeira-por-mais-tempo","status":"publish","type":"post","link":"https:\/\/www.em.com.br\/emfoco\/2025\/09\/15\/truques-infaliveis-para-manter-a-casa-livre-de-poeira-por-mais-tempo\/","title":{"rendered":"Truques infal\u00edveis para manter a casa livre de poeira por mais tempo"},"content":{"rendered":"\n<p>Manter a <strong>casa livre de poeira<\/strong> pode parecer um desafio di\u00e1rio, mas alguns cuidados simples ajudam a prolongar a sensa\u00e7\u00e3o de limpeza. Conhe\u00e7a estrat\u00e9gias pr\u00e1ticas que reduzem a sujeira e deixam os ambientes mais saud\u00e1veis.<\/p>\n\n\n\n<ul class=\"wp-block-list\">\n<li>Rotinas f\u00e1ceis que evitam ac\u00famulo de p\u00f3<\/li>\n\n\n\n<li>Produtos e t\u00e9cnicas que realmente funcionam<\/li>\n\n\n\n<li>Dicas para prolongar a sensa\u00e7\u00e3o de limpeza<\/li>\n<\/ul>\n\n\n\n<h2 class=\"wp-block-heading\">Por que a poeira acumula t\u00e3o r\u00e1pido dentro de casa?<\/h2>\n\n\n\n<p>A <strong>poeira dom\u00e9stica<\/strong> \u00e9 formada por part\u00edculas de pele, fibras t\u00eaxteis, polui\u00e7\u00e3o externa e at\u00e9 pelos de animais. Esse conjunto se espalha facilmente pelo ar, fixando-se em m\u00f3veis e pisos, o que explica a r\u00e1pida reincid\u00eancia ap\u00f3s a <strong><a href=\"https:\/\/www.em.com.br\/emfoco\/2025\/09\/12\/as-misturas-de-limpeza-mais-perigosas-que-voce-deve-evitar\/\" target=\"_blank\" rel=\"noreferrer noopener\">limpeza<\/a><\/strong>.<\/p>\n\n\n\n<p>Al\u00e9m de comprometer a apar\u00eancia do ambiente, o excesso de <strong>part\u00edculas suspensas<\/strong> afeta a qualidade do ar e pode agravar alergias. Entender a origem da poeira \u00e9 o primeiro passo para adotar medidas realmente eficazes no dia a dia.<\/p>\n\n\n\n<figure class=\"wp-block-image size-large\"><img loading=\"lazy\" decoding=\"async\" width=\"1024\" height=\"576\" src=\"https:\/\/www.em.com.br\/emfoco\/wp-content\/uploads\/2025\/09\/Poeira_1757706852524-1024x576.jpg\" alt=\"Truques infal\u00edveis para manter a casa livre de poeira por mais tempo\" class=\"wp-image-103669\" srcset=\"https:\/\/www.em.com.br\/emfoco\/wp-content\/uploads\/2025\/09\/Poeira_1757706852524-1024x576.jpg 1024w, https:\/\/www.em.com.br\/emfoco\/wp-content\/uploads\/2025\/09\/Poeira_1757706852524-300x169.jpg 300w, https:\/\/www.em.com.br\/emfoco\/wp-content\/uploads\/2025\/09\/Poeira_1757706852524-768x432.jpg 768w, https:\/\/www.em.com.br\/emfoco\/wp-content\/uploads\/2025\/09\/Poeira_1757706852524-750x422.jpg 750w, https:\/\/www.em.com.br\/emfoco\/wp-content\/uploads\/2025\/09\/Poeira_1757706852524-1140x641.jpg 1140w, https:\/\/www.em.com.br\/emfoco\/wp-content\/uploads\/2025\/09\/Poeira_1757706852524.jpg 1280w\" sizes=\"auto, (max-width: 1024px) 100vw, 1024px\" \/><figcaption class=\"wp-element-caption\">Redu\u00e7\u00e3o de \u00e1caros e part\u00edculas que causam alergias respirat\u00f3rias &#8211; Cr\u00e9ditos: depositphotos.com \/ IgorTishenko<\/figcaption><\/figure>\n\n\n\n<h2 class=\"wp-block-heading\">Quais h\u00e1bitos simples ajudam a reduzir a poeira?<\/h2>\n\n\n\n<p>Adotar pequenas mudan\u00e7as na rotina \u00e9 fundamental para manter os ambientes limpos por mais tempo. Esses h\u00e1bitos facilitam o controle da sujeira e evitam que o p\u00f3 volte rapidamente ap\u00f3s a faxina.<\/p>\n\n\n\n<ul class=\"wp-block-list\">\n<li>Troque roupas de cama semanalmente para evitar ac\u00famulo de \u00e1caros.<\/li>\n\n\n\n<li>Deixe sapatos na entrada e evite lev\u00e1-los para dentro da casa.<\/li>\n\n\n\n<li>Mantenha janelas fechadas em hor\u00e1rios de vento e polui\u00e7\u00e3o intensa.<\/li>\n<\/ul>\n\n\n\n<h2 class=\"wp-block-heading\">Como a limpeza correta prolonga a sensa\u00e7\u00e3o de frescor?<\/h2>\n\n\n\n<p>Usar os m\u00e9todos certos faz diferen\u00e7a na hora de manter a <strong>casa organizada e saud\u00e1vel<\/strong>. Panos \u00famidos s\u00e3o mais eficazes que panos secos, pois capturam o p\u00f3 ao inv\u00e9s de apenas espalh\u00e1-lo pela superf\u00edcie, garantindo resultados mais duradouros.<\/p>\n\n\n\n<p>O aspirador com <strong><a href=\"https:\/\/www.solufil.com.br\/post\/voc%C3%AA-sabe-o-que-%C3%A9-um-filtro-hepa\" target=\"_blank\" rel=\"noreferrer noopener\">filtro HEPA<\/a><\/strong> \u00e9 outro aliado indispens\u00e1vel. Ele ret\u00e9m <strong>micro-organismos e part\u00edculas<\/strong> que passam despercebidas em limpezas comuns, ajudando a preservar tanto a limpeza visual quanto a sa\u00fade respirat\u00f3ria dos moradores.<\/p>\n\n\n\n<figure class=\"wp-block-image size-large\"><img loading=\"lazy\" decoding=\"async\" width=\"1024\" height=\"576\" src=\"https:\/\/www.em.com.br\/emfoco\/wp-content\/uploads\/2025\/07\/poeira_1753798019091-1024x576.jpg\" alt=\"Como reduzir \u00e1caros e poeira para um ambiente mais saud\u00e1vel e longe de alergias\" class=\"wp-image-83142\" srcset=\"https:\/\/www.em.com.br\/emfoco\/wp-content\/uploads\/2025\/07\/poeira_1753798019091-1024x576.jpg 1024w, https:\/\/www.em.com.br\/emfoco\/wp-content\/uploads\/2025\/07\/poeira_1753798019091-300x169.jpg 300w, https:\/\/www.em.com.br\/emfoco\/wp-content\/uploads\/2025\/07\/poeira_1753798019091-768x432.jpg 768w, https:\/\/www.em.com.br\/emfoco\/wp-content\/uploads\/2025\/07\/poeira_1753798019091-750x422.jpg 750w, https:\/\/www.em.com.br\/emfoco\/wp-content\/uploads\/2025\/07\/poeira_1753798019091-1140x641.jpg 1140w, https:\/\/www.em.com.br\/emfoco\/wp-content\/uploads\/2025\/07\/poeira_1753798019091.jpg 1280w\" sizes=\"auto, (max-width: 1024px) 100vw, 1024px\" \/><figcaption class=\"wp-element-caption\">Aspirador de p\u00f3 &#8211; Cr\u00e9ditos: depositphotos.com \/ HayDmitriy<\/figcaption><\/figure>\n\n\n\n<h2 class=\"wp-block-heading\">Quais produtos e acess\u00f3rios fazem a diferen\u00e7a?<\/h2>\n\n\n\n<p>Alguns itens s\u00e3o aliados essenciais no combate \u00e0 poeira. Al\u00e9m de prolongar os efeitos da faxina, eles ajudam a reduzir a frequ\u00eancia das limpezas mais pesadas e oferecem praticidade para a manuten\u00e7\u00e3o di\u00e1ria.<\/p>\n\n\n\n<ul class=\"wp-block-list\">\n<li>Capas protetoras para colch\u00f5es e travesseiros evitam \u00e1caros.<\/li>\n\n\n\n<li>Tapetes lav\u00e1veis s\u00e3o f\u00e1ceis de higienizar e acumulam menos p\u00f3.<\/li>\n\n\n\n<li>Purificadores de ar filtram part\u00edculas suspensas e melhoram o ambiente.<\/li>\n<\/ul>\n\n\n\n<h2 class=\"wp-block-heading\">Quais truques extras garantem uma casa limpa por mais tempo?<\/h2>\n\n\n\n<p>Al\u00e9m dos cuidados b\u00e1sicos, alguns detalhes fazem diferen\u00e7a na manuten\u00e7\u00e3o di\u00e1ria. Eles ajudam a manter os ambientes mais leves, reduzem o esfor\u00e7o com faxinas constantes e contribuem para uma sensa\u00e7\u00e3o prolongada de bem-estar em casa.<\/p>\n\n\n\n<ul class=\"wp-block-list\">\n<li>Utilize cortinas leves que possam ser lavadas com frequ\u00eancia.<\/li>\n\n\n\n<li>Aplique lustra-m\u00f3veis, que cria camada protetora contra o p\u00f3.<\/li>\n\n\n\n<li>Invista em plantas que filtram o ar e reduzem impurezas.<\/li>\n<\/ul>\n","protected":false},"excerpt":{"rendered":"<p>Manter a casa livre de poeira pode parecer um desafio di\u00e1rio, mas alguns cuidados simples ajudam a prolongar a sensa\u00e7\u00e3o de limpeza. Conhe\u00e7a estrat\u00e9gias pr\u00e1ticas que reduzem a sujeira e deixam os ambientes mais saud\u00e1veis. Por que a poeira acumula t\u00e3o r\u00e1pido dentro de casa? A poeira dom\u00e9stica \u00e9 formada por part\u00edculas de pele, fibras [&hellip;]<\/p>\n","protected":false},"author":13,"featured_media":103668,"comment_status":"open","ping_status":"open","sticky":false,"template":"","format":"standard","meta":{"jnews-multi-image_gallery":[],"jnews_single_post":{"format":"standard"},"jnews_primary_category":[],"jnews_social_meta":[],"jnews_override_counter":[],"footnotes":""},"categories":[8819],"tags":[2037,14864,14763],"class_list":["post-103657","post","type-post","status-publish","format-standard","has-post-thumbnail","hentry","category-curiosidades","tag-dicas-caseiras","tag-limpeza-de-casa","tag-poeira"],"yoast_head":"<!-- This site is optimized with the Yoast SEO plugin v23.8 - https:\/\/yoast.com\/wordpress\/plugins\/seo\/ -->\n<title>Truques infal\u00edveis para manter a casa livre de poeira por mais tempo - Estado de Minas - Em foco<\/title>\n<meta name=\"description\" content=\"A poeira est\u00e1 incomodando? Veja como eliminar o ac\u00famulo e deixar sua casa sempre limpa e agrad\u00e1vel com essas dicas.\" \/>\n<meta name=\"robots\" content=\"index, follow, max-snippet:-1, max-image-preview:large, max-video-preview:-1\" \/>\n<link rel=\"canonical\" href=\"https:\/\/www.em.com.br\/emfoco\/2025\/09\/15\/truques-infaliveis-para-manter-a-casa-livre-de-poeira-por-mais-tempo\/\" \/>\n<meta property=\"og:locale\" content=\"pt_BR\" \/>\n<meta property=\"og:type\" content=\"article\" \/>\n<meta property=\"og:title\" content=\"Truques infal\u00edveis para manter a casa livre de poeira por mais tempo - Estado de Minas - Em foco\" \/>\n<meta property=\"og:description\" content=\"A poeira est\u00e1 incomodando? Veja como eliminar o ac\u00famulo e deixar sua casa sempre limpa e agrad\u00e1vel com essas dicas.\" \/>\n<meta property=\"og:url\" content=\"https:\/\/www.em.com.br\/emfoco\/2025\/09\/15\/truques-infaliveis-para-manter-a-casa-livre-de-poeira-por-mais-tempo\/\" \/>\n<meta property=\"og:site_name\" content=\"Estado de Minas - Em foco\" \/>\n<meta property=\"article:published_time\" content=\"2025-09-15T18:28:00+00:00\" \/>\n<meta property=\"article:modified_time\" content=\"2025-09-12T19:58:12+00:00\" \/>\n<meta property=\"og:image\" content=\"https:\/\/www.em.com.br\/emfoco\/wp-content\/uploads\/2025\/09\/Poeira_1757706818082.jpg\" \/>\n\t<meta property=\"og:image:width\" content=\"1280\" \/>\n\t<meta property=\"og:image:height\" content=\"720\" \/>\n\t<meta property=\"og:image:type\" content=\"image\/jpeg\" \/>\n<meta name=\"author\" content=\"Gabriel Martins\" \/>\n<meta name=\"twitter:card\" content=\"summary_large_image\" \/>\n<meta name=\"twitter:label1\" content=\"Escrito por\" \/>\n\t<meta name=\"twitter:data1\" content=\"Gabriel Martins\" \/>\n\t<meta name=\"twitter:label2\" content=\"Est. tempo de leitura\" \/>\n\t<meta name=\"twitter:data2\" content=\"4 minutos\" \/>\n<!-- \/ Yoast SEO plugin. -->","yoast_head_json":{"title":"Truques infal\u00edveis para manter a casa livre de poeira por mais tempo - Estado de Minas - Em foco","description":"A poeira est\u00e1 incomodando? Veja como eliminar o ac\u00famulo e deixar sua casa sempre limpa e agrad\u00e1vel com essas dicas.","robots":{"index":"index","follow":"follow","max-snippet":"max-snippet:-1","max-image-preview":"max-image-preview:large","max-video-preview":"max-video-preview:-1"},"canonical":"https:\/\/www.em.com.br\/emfoco\/2025\/09\/15\/truques-infaliveis-para-manter-a-casa-livre-de-poeira-por-mais-tempo\/","og_locale":"pt_BR","og_type":"article","og_title":"Truques infal\u00edveis para manter a casa livre de poeira por mais tempo - Estado de Minas - Em foco","og_description":"A poeira est\u00e1 incomodando? Veja como eliminar o ac\u00famulo e deixar sua casa sempre limpa e agrad\u00e1vel com essas dicas.","og_url":"https:\/\/www.em.com.br\/emfoco\/2025\/09\/15\/truques-infaliveis-para-manter-a-casa-livre-de-poeira-por-mais-tempo\/","og_site_name":"Estado de Minas - Em foco","article_published_time":"2025-09-15T18:28:00+00:00","article_modified_time":"2025-09-12T19:58:12+00:00","og_image":[{"width":1280,"height":720,"url":"https:\/\/www.em.com.br\/emfoco\/wp-content\/uploads\/2025\/09\/Poeira_1757706818082.jpg","type":"image\/jpeg"}],"author":"Gabriel Martins","twitter_card":"summary_large_image","twitter_misc":{"Escrito por":"Gabriel Martins","Est. tempo de leitura":"4 minutos"},"schema":{"@context":"https:\/\/schema.org","@graph":[{"@type":"WebPage","@id":"https:\/\/www.em.com.br\/emfoco\/2025\/09\/15\/truques-infaliveis-para-manter-a-casa-livre-de-poeira-por-mais-tempo\/","url":"https:\/\/www.em.com.br\/emfoco\/2025\/09\/15\/truques-infaliveis-para-manter-a-casa-livre-de-poeira-por-mais-tempo\/","name":"Truques infal\u00edveis para manter a casa livre de poeira por mais tempo - Estado de Minas - Em foco","isPartOf":{"@id":"https:\/\/www.em.com.br\/emfoco\/#website"},"primaryImageOfPage":{"@id":"https:\/\/www.em.com.br\/emfoco\/2025\/09\/15\/truques-infaliveis-para-manter-a-casa-livre-de-poeira-por-mais-tempo\/#primaryimage"},"image":{"@id":"https:\/\/www.em.com.br\/emfoco\/2025\/09\/15\/truques-infaliveis-para-manter-a-casa-livre-de-poeira-por-mais-tempo\/#primaryimage"},"thumbnailUrl":"https:\/\/www.em.com.br\/emfoco\/wp-content\/uploads\/2025\/09\/Poeira_1757706818082.jpg","datePublished":"2025-09-15T18:28:00+00:00","dateModified":"2025-09-12T19:58:12+00:00","author":{"@id":"https:\/\/www.em.com.br\/emfoco\/#\/schema\/person\/1c9ddeab18b98abeffef834667bcf08a"},"description":"A poeira est\u00e1 incomodando? Veja como eliminar o ac\u00famulo e deixar sua casa sempre limpa e agrad\u00e1vel com essas dicas.","breadcrumb":{"@id":"https:\/\/www.em.com.br\/emfoco\/2025\/09\/15\/truques-infaliveis-para-manter-a-casa-livre-de-poeira-por-mais-tempo\/#breadcrumb"},"inLanguage":"pt-BR","potentialAction":[{"@type":"ReadAction","target":["https:\/\/www.em.com.br\/emfoco\/2025\/09\/15\/truques-infaliveis-para-manter-a-casa-livre-de-poeira-por-mais-tempo\/"]}]},{"@type":"ImageObject","inLanguage":"pt-BR","@id":"https:\/\/www.em.com.br\/emfoco\/2025\/09\/15\/truques-infaliveis-para-manter-a-casa-livre-de-poeira-por-mais-tempo\/#primaryimage","url":"https:\/\/www.em.com.br\/emfoco\/wp-content\/uploads\/2025\/09\/Poeira_1757706818082.jpg","contentUrl":"https:\/\/www.em.com.br\/emfoco\/wp-content\/uploads\/2025\/09\/Poeira_1757706818082.jpg","width":1280,"height":720,"caption":"Organiza\u00e7\u00e3o pr\u00e1tica que reduz o ac\u00famulo de sujeira - Cr\u00e9ditos: depositphotos.com \/ HayDmitriy"},{"@type":"BreadcrumbList","@id":"https:\/\/www.em.com.br\/emfoco\/2025\/09\/15\/truques-infaliveis-para-manter-a-casa-livre-de-poeira-por-mais-tempo\/#breadcrumb","itemListElement":[{"@type":"ListItem","position":1,"name":"In\u00edcio","item":"https:\/\/www.em.com.br\/emfoco\/"},{"@type":"ListItem","position":2,"name":"Truques infal\u00edveis para manter a casa livre de poeira por mais tempo"}]},{"@type":"WebSite","@id":"https:\/\/www.em.com.br\/emfoco\/#website","url":"https:\/\/www.em.com.br\/emfoco\/","name":"Estado de Minas - Em foco","description":"Acompanhe as \u00faltimas not\u00edcias e fique bem informado sobre tudo o que acontece em Minas Gerais, Brasil e no mundo.","potentialAction":[{"@type":"SearchAction","target":{"@type":"EntryPoint","urlTemplate":"https:\/\/www.em.com.br\/emfoco\/?s={search_term_string}"},"query-input":{"@type":"PropertyValueSpecification","valueRequired":true,"valueName":"search_term_string"}}],"inLanguage":"pt-BR"},{"@type":"Person","@id":"https:\/\/www.em.com.br\/emfoco\/#\/schema\/person\/1c9ddeab18b98abeffef834667bcf08a","name":"Gabriel Martins","image":{"@type":"ImageObject","inLanguage":"pt-BR","@id":"https:\/\/www.em.com.br\/emfoco\/#\/schema\/person\/image\/","url":"https:\/\/secure.gravatar.com\/avatar\/f0f1e2efdfd88f1ad2cb08c5c2731e50?s=96&d=mm&r=g","contentUrl":"https:\/\/secure.gravatar.com\/avatar\/f0f1e2efdfd88f1ad2cb08c5c2731e50?s=96&d=mm&r=g","caption":"Gabriel Martins"},"sameAs":["https:\/\/www.em.com.br\/emfoco\/"],"url":"https:\/\/www.em.com.br\/emfoco\/author\/gabrielmartinsmyth\/"}]}},"_links":{"self":[{"href":"https:\/\/www.em.com.br\/emfoco\/wp-json\/wp\/v2\/posts\/103657","targetHints":{"allow":["GET"]}}],"collection":[{"href":"https:\/\/www.em.com.br\/emfoco\/wp-json\/wp\/v2\/posts"}],"about":[{"href":"https:\/\/www.em.com.br\/emfoco\/wp-json\/wp\/v2\/types\/post"}],"author":[{"embeddable":true,"href":"https:\/\/www.em.com.br\/emfoco\/wp-json\/wp\/v2\/users\/13"}],"replies":[{"embeddable":true,"href":"https:\/\/www.em.com.br\/emfoco\/wp-json\/wp\/v2\/comments?post=103657"}],"version-history":[{"count":1,"href":"https:\/\/www.em.com.br\/emfoco\/wp-json\/wp\/v2\/posts\/103657\/revisions"}],"predecessor-version":[{"id":103671,"href":"https:\/\/www.em.com.br\/emfoco\/wp-json\/wp\/v2\/posts\/103657\/revisions\/103671"}],"wp:featuredmedia":[{"embeddable":true,"href":"https:\/\/www.em.com.br\/emfoco\/wp-json\/wp\/v2\/media\/103668"}],"wp:attachment":[{"href":"https:\/\/www.em.com.br\/emfoco\/wp-json\/wp\/v2\/media?parent=103657"}],"wp:term":[{"taxonomy":"category","embeddable":true,"href":"https:\/\/www.em.com.br\/emfoco\/wp-json\/wp\/v2\/categories?post=103657"},{"taxonomy":"post_tag","embeddable":true,"href":"https:\/\/www.em.com.br\/emfoco\/wp-json\/wp\/v2\/tags?post=103657"}],"curies":[{"name":"wp","href":"https:\/\/api.w.org\/{rel}","templated":true}]}}