{"id":103656,"date":"2025-09-12T14:48:00","date_gmt":"2025-09-12T17:48:00","guid":{"rendered":"https:\/\/www.em.com.br\/emfoco\/?p=103656"},"modified":"2025-09-12T16:54:24","modified_gmt":"2025-09-12T19:54:24","slug":"a-receita-mais-eficaz-de-escalda-pes-para-aliviar-o-estresse","status":"publish","type":"post","link":"https:\/\/www.em.com.br\/emfoco\/2025\/09\/12\/a-receita-mais-eficaz-de-escalda-pes-para-aliviar-o-estresse\/","title":{"rendered":"A receita mais eficaz de escalda-p\u00e9s para aliviar o estresse"},"content":{"rendered":"\n<p>Um <strong>escalda-p\u00e9s relaxante<\/strong> pode ser a solu\u00e7\u00e3o ideal para quem busca aliviar o estresse di\u00e1rio e estimular a circula\u00e7\u00e3o. Simples de preparar, essas receitas combinam ingredientes naturais e aromas terap\u00eauticos que promovem bem-estar imediato.<\/p>\n\n\n\n<ul class=\"wp-block-list\">\n<li>Redu\u00e7\u00e3o do estresse e ansiedade<\/li>\n\n\n\n<li>Melhora da circula\u00e7\u00e3o sangu\u00ednea<\/li>\n\n\n\n<li>Uso de ingredientes naturais e acess\u00edveis<\/li>\n<\/ul>\n\n\n\n<h2 class=\"wp-block-heading\">Como o escalda-p\u00e9s atua no corpo e na mente?<\/h2>\n\n\n\n<p>O <strong>escalda-p\u00e9s<\/strong> aquece e relaxa os m\u00fasculos, promovendo sensa\u00e7\u00e3o de leveza e <strong><a href=\"https:\/\/zenklub.com.br\/blog\/para-voce\/bem-estar\" target=\"_blank\" rel=\"noreferrer noopener\">bem-estar<\/a><\/strong>. Esse cuidado simples ativa a circula\u00e7\u00e3o perif\u00e9rica, essencial para reduzir incha\u00e7os e cansa\u00e7o nos p\u00e9s ap\u00f3s um dia intenso.<\/p>\n\n\n\n<p>Al\u00e9m dos benef\u00edcios f\u00edsicos, o contato com a \u00e1gua morna e aromas calmantes ajuda a acalmar a mente. Estudos indicam que t\u00e9cnicas de imers\u00e3o podem diminuir n\u00edveis de cortisol, promovendo relaxamento profundo e auxiliando no controle do estresse.<\/p>\n\n\n\n<figure class=\"wp-block-image size-large\"><img loading=\"lazy\" decoding=\"async\" width=\"1024\" height=\"576\" src=\"https:\/\/www.em.com.br\/emfoco\/wp-content\/uploads\/2025\/09\/Lavando-os-pes_1757706616379-1024x576.jpg\" alt=\"A receita mais eficaz de escalda-p\u00e9s para aliviar o estresse\" class=\"wp-image-103665\" srcset=\"https:\/\/www.em.com.br\/emfoco\/wp-content\/uploads\/2025\/09\/Lavando-os-pes_1757706616379-1024x576.jpg 1024w, https:\/\/www.em.com.br\/emfoco\/wp-content\/uploads\/2025\/09\/Lavando-os-pes_1757706616379-300x169.jpg 300w, https:\/\/www.em.com.br\/emfoco\/wp-content\/uploads\/2025\/09\/Lavando-os-pes_1757706616379-768x432.jpg 768w, https:\/\/www.em.com.br\/emfoco\/wp-content\/uploads\/2025\/09\/Lavando-os-pes_1757706616379-750x422.jpg 750w, https:\/\/www.em.com.br\/emfoco\/wp-content\/uploads\/2025\/09\/Lavando-os-pes_1757706616379-1140x641.jpg 1140w, https:\/\/www.em.com.br\/emfoco\/wp-content\/uploads\/2025\/09\/Lavando-os-pes_1757706616379.jpg 1280w\" sizes=\"auto, (max-width: 1024px) 100vw, 1024px\" \/><figcaption class=\"wp-element-caption\">Aromaterapia natural que promove relaxamento profundo &#8211; Cr\u00e9ditos: depositphotos.com \/ num_skyman<\/figcaption><\/figure>\n\n\n\n<h2 class=\"wp-block-heading\">Quais ingredientes naturais podem ser usados?<\/h2>\n\n\n\n<p>Selecionar os elementos certos faz toda a diferen\u00e7a para potencializar o efeito do <strong>escalda-p\u00e9s terap\u00eautico<\/strong>. Cada ingrediente oferece propriedades \u00fanicas para relaxamento e circula\u00e7\u00e3o.<\/p>\n\n\n\n<ul class=\"wp-block-list\">\n<li>Sal grosso: desintoxicante e relaxante muscular<\/li>\n\n\n\n<li>Ervas como camomila ou lavanda: calmantes e arom\u00e1ticas<\/li>\n\n\n\n<li>\u00d3leos essenciais: estimulam a circula\u00e7\u00e3o e aliviam tens\u00e3o<\/li>\n<\/ul>\n\n\n\n<figure class=\"wp-block-image size-large\"><img loading=\"lazy\" decoding=\"async\" width=\"1024\" height=\"576\" src=\"https:\/\/www.em.com.br\/emfoco\/wp-content\/uploads\/2025\/08\/aromaterapia-_1755006704907-1024x576.jpg\" alt=\"Melhores formas de usar \u00f3leo de lavanda para relaxar e dormir com tranquilidade\" class=\"wp-image-90081\" srcset=\"https:\/\/www.em.com.br\/emfoco\/wp-content\/uploads\/2025\/08\/aromaterapia-_1755006704907-1024x576.jpg 1024w, https:\/\/www.em.com.br\/emfoco\/wp-content\/uploads\/2025\/08\/aromaterapia-_1755006704907-300x169.jpg 300w, https:\/\/www.em.com.br\/emfoco\/wp-content\/uploads\/2025\/08\/aromaterapia-_1755006704907-768x432.jpg 768w, https:\/\/www.em.com.br\/emfoco\/wp-content\/uploads\/2025\/08\/aromaterapia-_1755006704907-750x422.jpg 750w, https:\/\/www.em.com.br\/emfoco\/wp-content\/uploads\/2025\/08\/aromaterapia-_1755006704907-1140x641.jpg 1140w, https:\/\/www.em.com.br\/emfoco\/wp-content\/uploads\/2025\/08\/aromaterapia-_1755006704907.jpg 1280w\" sizes=\"auto, (max-width: 1024px) 100vw, 1024px\" \/><figcaption class=\"wp-element-caption\">Aromaterapia &#8211; Cr\u00e9ditos: depositphotos.com \/ duskbabe<\/figcaption><\/figure>\n\n\n\n<h2 class=\"wp-block-heading\">Qual a melhor forma de preparar o escalda-p\u00e9s?<\/h2>\n\n\n\n<p>Para obter o m\u00e1ximo de benef\u00edcio, o preparo do <strong>escalda-p\u00e9s<\/strong> deve ser feito com aten\u00e7\u00e3o \u00e0 temperatura e dura\u00e7\u00e3o. A \u00e1gua morna, entre 37\u00b0C e 40\u00b0C, \u00e9 ideal para estimular a circula\u00e7\u00e3o sem irritar a pele.<\/p>\n\n\n\n<p>Reserve de 15 a 20 minutos, garantindo que os p\u00e9s fiquem totalmente imersos. Aproveite o momento para massagear suavemente a planta dos p\u00e9s, intensificando a sensa\u00e7\u00e3o de relaxamento e promovendo um efeito terap\u00eautico mais completo.<\/p>\n\n\n\n<h2 class=\"wp-block-heading\">Que combina\u00e7\u00f5es de receitas podem ser testadas?<\/h2>\n\n\n\n<p>Algumas combina\u00e7\u00f5es naturais tornam o <strong>escalda-p\u00e9s relaxante<\/strong> ainda mais eficaz. Experimente misturas que unem aroma e fun\u00e7\u00e3o terap\u00eautica em sua rotina de autocuidado.<\/p>\n\n\n\n<ul class=\"wp-block-list\">\n<li>Sal grosso com lavanda: relaxamento e al\u00edvio de tens\u00e3o<\/li>\n\n\n\n<li>Camomila com \u00f3leo de menta: refrescante e estimulante para circula\u00e7\u00e3o<\/li>\n\n\n\n<li>Erva-doce com \u00f3leo essencial de laranja: melhora o humor e o bem-estar<\/li>\n<\/ul>\n\n\n\n<figure class=\"wp-block-image size-large\"><img loading=\"lazy\" decoding=\"async\" width=\"1024\" height=\"576\" src=\"https:\/\/www.em.com.br\/emfoco\/wp-content\/uploads\/2025\/04\/camomila_1743873907763-1024x576.jpg\" alt=\"Por que tomar ch\u00e1 de camomila diariamente pode proteger sua sa\u00fade mental\" class=\"wp-image-35634\" srcset=\"https:\/\/www.em.com.br\/emfoco\/wp-content\/uploads\/2025\/04\/camomila_1743873907763-1024x576.jpg 1024w, https:\/\/www.em.com.br\/emfoco\/wp-content\/uploads\/2025\/04\/camomila_1743873907763-300x169.jpg 300w, https:\/\/www.em.com.br\/emfoco\/wp-content\/uploads\/2025\/04\/camomila_1743873907763-768x432.jpg 768w, https:\/\/www.em.com.br\/emfoco\/wp-content\/uploads\/2025\/04\/camomila_1743873907763-750x422.jpg 750w, https:\/\/www.em.com.br\/emfoco\/wp-content\/uploads\/2025\/04\/camomila_1743873907763-1140x641.jpg 1140w, https:\/\/www.em.com.br\/emfoco\/wp-content\/uploads\/2025\/04\/camomila_1743873907763.jpg 1280w\" sizes=\"auto, (max-width: 1024px) 100vw, 1024px\" \/><figcaption class=\"wp-element-caption\">Camomila &#8211; Cr\u00e9ditos: depositphotos.com \/ gdolgikh<\/figcaption><\/figure>\n\n\n\n<h2 class=\"wp-block-heading\">Como potencializar os benef\u00edcios do escalda-p\u00e9s?<\/h2>\n\n\n\n<p>Al\u00e9m da imers\u00e3o, pequenas pr\u00e1ticas podem aumentar os efeitos do <strong>escalda-p\u00e9s<\/strong>. Inclua momentos de <strong><a href=\"https:\/\/www.em.com.br\/emfoco\/2025\/08\/27\/quando-fazer-exercicios-de-respiracao-profunda\/\" target=\"_blank\" rel=\"noreferrer noopener\">respira\u00e7\u00e3o profunda<\/a><\/strong> e m\u00fasica suave para criar um ambiente totalmente relaxante.<\/p>\n\n\n\n<ul class=\"wp-block-list\">\n<li>Massagens di\u00e1rias: estimulam a circula\u00e7\u00e3o e aliviam dores<\/li>\n\n\n\n<li>Compressas quentes p\u00f3s-escalda: prolongam o efeito relaxante<\/li>\n\n\n\n<li>Hidrata\u00e7\u00e3o dos p\u00e9s: evita ressecamento e melhora a sensa\u00e7\u00e3o de leveza<\/li>\n<\/ul>\n","protected":false},"excerpt":{"rendered":"<p>Um escalda-p\u00e9s relaxante pode ser a solu\u00e7\u00e3o ideal para quem busca aliviar o estresse di\u00e1rio e estimular a circula\u00e7\u00e3o. Simples de preparar, essas receitas combinam ingredientes naturais e aromas terap\u00eauticos que promovem bem-estar imediato. Como o escalda-p\u00e9s atua no corpo e na mente? O escalda-p\u00e9s aquece e relaxa os m\u00fasculos, promovendo sensa\u00e7\u00e3o de leveza e [&hellip;]<\/p>\n","protected":false},"author":13,"featured_media":103664,"comment_status":"open","ping_status":"open","sticky":false,"template":"","format":"standard","meta":{"jnews-multi-image_gallery":[],"jnews_single_post":{"format":"standard"},"jnews_primary_category":[],"jnews_social_meta":[],"jnews_override_counter":[],"footnotes":""},"categories":[8819],"tags":[712,9465,6339],"class_list":["post-103656","post","type-post","status-publish","format-standard","has-post-thumbnail","hentry","category-curiosidades","tag-autocuidado","tag-cuidados-com-os-pes","tag-pes-saudaveis"],"yoast_head":"<!-- This site is optimized with the Yoast SEO plugin v23.8 - https:\/\/yoast.com\/wordpress\/plugins\/seo\/ -->\n<title>A receita mais eficaz de escalda-p\u00e9s para aliviar o estresse - Estado de Minas - Em foco<\/title>\n<meta name=\"description\" content=\"O escalda-p\u00e9s ideal combina sal, ervas e \u00f3leos essenciais. Veja como transformar sua rotina com esse cuidado simples e poderoso.\" \/>\n<meta name=\"robots\" content=\"index, follow, max-snippet:-1, max-image-preview:large, max-video-preview:-1\" \/>\n<link rel=\"canonical\" href=\"https:\/\/www.em.com.br\/emfoco\/2025\/09\/12\/a-receita-mais-eficaz-de-escalda-pes-para-aliviar-o-estresse\/\" \/>\n<meta property=\"og:locale\" content=\"pt_BR\" \/>\n<meta property=\"og:type\" content=\"article\" \/>\n<meta property=\"og:title\" content=\"A receita mais eficaz de escalda-p\u00e9s para aliviar o estresse - Estado de Minas - Em foco\" \/>\n<meta property=\"og:description\" content=\"O escalda-p\u00e9s ideal combina sal, ervas e \u00f3leos essenciais. Veja como transformar sua rotina com esse cuidado simples e poderoso.\" \/>\n<meta property=\"og:url\" content=\"https:\/\/www.em.com.br\/emfoco\/2025\/09\/12\/a-receita-mais-eficaz-de-escalda-pes-para-aliviar-o-estresse\/\" \/>\n<meta property=\"og:site_name\" content=\"Estado de Minas - Em foco\" \/>\n<meta property=\"article:published_time\" content=\"2025-09-12T17:48:00+00:00\" \/>\n<meta property=\"article:modified_time\" content=\"2025-09-12T19:54:24+00:00\" \/>\n<meta property=\"og:image\" content=\"https:\/\/www.em.com.br\/emfoco\/wp-content\/uploads\/2025\/09\/Lavando-os-pes_1757706571410.jpg\" \/>\n\t<meta property=\"og:image:width\" content=\"1280\" \/>\n\t<meta property=\"og:image:height\" content=\"720\" \/>\n\t<meta property=\"og:image:type\" content=\"image\/jpeg\" \/>\n<meta name=\"author\" content=\"Gabriel Martins\" \/>\n<meta name=\"twitter:card\" content=\"summary_large_image\" \/>\n<meta name=\"twitter:label1\" content=\"Escrito por\" \/>\n\t<meta name=\"twitter:data1\" content=\"Gabriel Martins\" \/>\n\t<meta name=\"twitter:label2\" content=\"Est. tempo de leitura\" \/>\n\t<meta name=\"twitter:data2\" content=\"3 minutos\" \/>\n<!-- \/ Yoast SEO plugin. -->","yoast_head_json":{"title":"A receita mais eficaz de escalda-p\u00e9s para aliviar o estresse - Estado de Minas - Em foco","description":"O escalda-p\u00e9s ideal combina sal, ervas e \u00f3leos essenciais. Veja como transformar sua rotina com esse cuidado simples e poderoso.","robots":{"index":"index","follow":"follow","max-snippet":"max-snippet:-1","max-image-preview":"max-image-preview:large","max-video-preview":"max-video-preview:-1"},"canonical":"https:\/\/www.em.com.br\/emfoco\/2025\/09\/12\/a-receita-mais-eficaz-de-escalda-pes-para-aliviar-o-estresse\/","og_locale":"pt_BR","og_type":"article","og_title":"A receita mais eficaz de escalda-p\u00e9s para aliviar o estresse - Estado de Minas - Em foco","og_description":"O escalda-p\u00e9s ideal combina sal, ervas e \u00f3leos essenciais. Veja como transformar sua rotina com esse cuidado simples e poderoso.","og_url":"https:\/\/www.em.com.br\/emfoco\/2025\/09\/12\/a-receita-mais-eficaz-de-escalda-pes-para-aliviar-o-estresse\/","og_site_name":"Estado de Minas - Em foco","article_published_time":"2025-09-12T17:48:00+00:00","article_modified_time":"2025-09-12T19:54:24+00:00","og_image":[{"width":1280,"height":720,"url":"https:\/\/www.em.com.br\/emfoco\/wp-content\/uploads\/2025\/09\/Lavando-os-pes_1757706571410.jpg","type":"image\/jpeg"}],"author":"Gabriel Martins","twitter_card":"summary_large_image","twitter_misc":{"Escrito por":"Gabriel Martins","Est. tempo de leitura":"3 minutos"},"schema":{"@context":"https:\/\/schema.org","@graph":[{"@type":"WebPage","@id":"https:\/\/www.em.com.br\/emfoco\/2025\/09\/12\/a-receita-mais-eficaz-de-escalda-pes-para-aliviar-o-estresse\/","url":"https:\/\/www.em.com.br\/emfoco\/2025\/09\/12\/a-receita-mais-eficaz-de-escalda-pes-para-aliviar-o-estresse\/","name":"A receita mais eficaz de escalda-p\u00e9s para aliviar o estresse - Estado de Minas - Em foco","isPartOf":{"@id":"https:\/\/www.em.com.br\/emfoco\/#website"},"primaryImageOfPage":{"@id":"https:\/\/www.em.com.br\/emfoco\/2025\/09\/12\/a-receita-mais-eficaz-de-escalda-pes-para-aliviar-o-estresse\/#primaryimage"},"image":{"@id":"https:\/\/www.em.com.br\/emfoco\/2025\/09\/12\/a-receita-mais-eficaz-de-escalda-pes-para-aliviar-o-estresse\/#primaryimage"},"thumbnailUrl":"https:\/\/www.em.com.br\/emfoco\/wp-content\/uploads\/2025\/09\/Lavando-os-pes_1757706571410.jpg","datePublished":"2025-09-12T17:48:00+00:00","dateModified":"2025-09-12T19:54:24+00:00","author":{"@id":"https:\/\/www.em.com.br\/emfoco\/#\/schema\/person\/1c9ddeab18b98abeffef834667bcf08a"},"description":"O escalda-p\u00e9s ideal combina sal, ervas e \u00f3leos essenciais. Veja como transformar sua rotina com esse cuidado simples e poderoso.","breadcrumb":{"@id":"https:\/\/www.em.com.br\/emfoco\/2025\/09\/12\/a-receita-mais-eficaz-de-escalda-pes-para-aliviar-o-estresse\/#breadcrumb"},"inLanguage":"pt-BR","potentialAction":[{"@type":"ReadAction","target":["https:\/\/www.em.com.br\/emfoco\/2025\/09\/12\/a-receita-mais-eficaz-de-escalda-pes-para-aliviar-o-estresse\/"]}]},{"@type":"ImageObject","inLanguage":"pt-BR","@id":"https:\/\/www.em.com.br\/emfoco\/2025\/09\/12\/a-receita-mais-eficaz-de-escalda-pes-para-aliviar-o-estresse\/#primaryimage","url":"https:\/\/www.em.com.br\/emfoco\/wp-content\/uploads\/2025\/09\/Lavando-os-pes_1757706571410.jpg","contentUrl":"https:\/\/www.em.com.br\/emfoco\/wp-content\/uploads\/2025\/09\/Lavando-os-pes_1757706571410.jpg","width":1280,"height":720,"caption":"Estimula\u00e7\u00e3o da circula\u00e7\u00e3o que alivia incha\u00e7o e tens\u00e3o nos p\u00e9s - Cr\u00e9ditos: depositphotos.com \/ kotin"},{"@type":"BreadcrumbList","@id":"https:\/\/www.em.com.br\/emfoco\/2025\/09\/12\/a-receita-mais-eficaz-de-escalda-pes-para-aliviar-o-estresse\/#breadcrumb","itemListElement":[{"@type":"ListItem","position":1,"name":"In\u00edcio","item":"https:\/\/www.em.com.br\/emfoco\/"},{"@type":"ListItem","position":2,"name":"A receita mais eficaz de escalda-p\u00e9s para aliviar o estresse"}]},{"@type":"WebSite","@id":"https:\/\/www.em.com.br\/emfoco\/#website","url":"https:\/\/www.em.com.br\/emfoco\/","name":"Estado de Minas - Em foco","description":"Acompanhe as \u00faltimas not\u00edcias e fique bem informado sobre tudo o que acontece em Minas Gerais, Brasil e no mundo.","potentialAction":[{"@type":"SearchAction","target":{"@type":"EntryPoint","urlTemplate":"https:\/\/www.em.com.br\/emfoco\/?s={search_term_string}"},"query-input":{"@type":"PropertyValueSpecification","valueRequired":true,"valueName":"search_term_string"}}],"inLanguage":"pt-BR"},{"@type":"Person","@id":"https:\/\/www.em.com.br\/emfoco\/#\/schema\/person\/1c9ddeab18b98abeffef834667bcf08a","name":"Gabriel Martins","image":{"@type":"ImageObject","inLanguage":"pt-BR","@id":"https:\/\/www.em.com.br\/emfoco\/#\/schema\/person\/image\/","url":"https:\/\/secure.gravatar.com\/avatar\/f0f1e2efdfd88f1ad2cb08c5c2731e50?s=96&d=mm&r=g","contentUrl":"https:\/\/secure.gravatar.com\/avatar\/f0f1e2efdfd88f1ad2cb08c5c2731e50?s=96&d=mm&r=g","caption":"Gabriel Martins"},"sameAs":["https:\/\/www.em.com.br\/emfoco\/"],"url":"https:\/\/www.em.com.br\/emfoco\/author\/gabrielmartinsmyth\/"}]}},"_links":{"self":[{"href":"https:\/\/www.em.com.br\/emfoco\/wp-json\/wp\/v2\/posts\/103656","targetHints":{"allow":["GET"]}}],"collection":[{"href":"https:\/\/www.em.com.br\/emfoco\/wp-json\/wp\/v2\/posts"}],"about":[{"href":"https:\/\/www.em.com.br\/emfoco\/wp-json\/wp\/v2\/types\/post"}],"author":[{"embeddable":true,"href":"https:\/\/www.em.com.br\/emfoco\/wp-json\/wp\/v2\/users\/13"}],"replies":[{"embeddable":true,"href":"https:\/\/www.em.com.br\/emfoco\/wp-json\/wp\/v2\/comments?post=103656"}],"version-history":[{"count":1,"href":"https:\/\/www.em.com.br\/emfoco\/wp-json\/wp\/v2\/posts\/103656\/revisions"}],"predecessor-version":[{"id":103666,"href":"https:\/\/www.em.com.br\/emfoco\/wp-json\/wp\/v2\/posts\/103656\/revisions\/103666"}],"wp:featuredmedia":[{"embeddable":true,"href":"https:\/\/www.em.com.br\/emfoco\/wp-json\/wp\/v2\/media\/103664"}],"wp:attachment":[{"href":"https:\/\/www.em.com.br\/emfoco\/wp-json\/wp\/v2\/media?parent=103656"}],"wp:term":[{"taxonomy":"category","embeddable":true,"href":"https:\/\/www.em.com.br\/emfoco\/wp-json\/wp\/v2\/categories?post=103656"},{"taxonomy":"post_tag","embeddable":true,"href":"https:\/\/www.em.com.br\/emfoco\/wp-json\/wp\/v2\/tags?post=103656"}],"curies":[{"name":"wp","href":"https:\/\/api.w.org\/{rel}","templated":true}]}}