{"id":103577,"date":"2025-09-15T09:08:00","date_gmt":"2025-09-15T12:08:00","guid":{"rendered":"https:\/\/www.em.com.br\/emfoco\/?p=103577"},"modified":"2025-09-12T13:51:18","modified_gmt":"2025-09-12T16:51:18","slug":"a-raiz-natural-mais-eficaz-para-acelerar-o-metabolismo-e-proteger-o-corpo","status":"publish","type":"post","link":"https:\/\/www.em.com.br\/emfoco\/2025\/09\/15\/a-raiz-natural-mais-eficaz-para-acelerar-o-metabolismo-e-proteger-o-corpo\/","title":{"rendered":"A raiz natural mais eficaz para acelerar o metabolismo e proteger o corpo"},"content":{"rendered":"\n<p>O <strong>gengibre<\/strong> \u00e9 uma raiz vers\u00e1til que pode ser cultivada em casa, trazendo praticidade e benef\u00edcios \u00fanicos. Al\u00e9m de temperar receitas, fortalece o sistema digestivo e a imunidade de forma natural, ajudando na sa\u00fade di\u00e1ria.<\/p>\n\n\n\n<ul class=\"wp-block-list\">\n<li>Como plantar gengibre em vasos ou canteiros<\/li>\n\n\n\n<li>Benef\u00edcios digestivos e imunol\u00f3gicos<\/li>\n\n\n\n<li>Dicas pr\u00e1ticas para o uso no dia a dia<\/li>\n<\/ul>\n\n\n\n<h2 class=\"wp-block-heading\">Por que o gengibre \u00e9 considerado um aliado natural da sa\u00fade?<\/h2>\n\n\n\n<p>O <strong>gengibre<\/strong> cont\u00e9m compostos bioativos, como gingerol, que oferecem a\u00e7\u00e3o anti-inflamat\u00f3ria e antioxidante. Isso fortalece a imunidade, ajudando o corpo a reagir contra resfriados, gripes e inflama\u00e7\u00f5es comuns do dia a dia.<\/p>\n\n\n\n<p>Outro ponto importante \u00e9 sua contribui\u00e7\u00e3o para o <strong><a href=\"https:\/\/brasilescola.uol.com.br\/biologia\/sistema-digestivo.htm\" target=\"_blank\" rel=\"noreferrer noopener\">sistema digestivo<\/a><\/strong>. A raiz estimula enzimas que aceleram a digest\u00e3o, aliviando sintomas como n\u00e1useas, gases e azia. Seu consumo regular pode melhorar o equil\u00edbrio gastrointestinal.<\/p>\n\n\n\n<figure class=\"wp-block-image size-large\"><img loading=\"lazy\" decoding=\"async\" width=\"1024\" height=\"576\" src=\"https:\/\/www.em.com.br\/emfoco\/wp-content\/uploads\/2025\/07\/digestao_1752158029292-1024x576.jpg\" alt=\"Voc\u00ea pode estar prejudicando seu est\u00f4mago com um simples copo de \u00e1gua\" class=\"wp-image-73953\" srcset=\"https:\/\/www.em.com.br\/emfoco\/wp-content\/uploads\/2025\/07\/digestao_1752158029292-1024x576.jpg 1024w, https:\/\/www.em.com.br\/emfoco\/wp-content\/uploads\/2025\/07\/digestao_1752158029292-300x169.jpg 300w, https:\/\/www.em.com.br\/emfoco\/wp-content\/uploads\/2025\/07\/digestao_1752158029292-768x432.jpg 768w, https:\/\/www.em.com.br\/emfoco\/wp-content\/uploads\/2025\/07\/digestao_1752158029292-750x422.jpg 750w, https:\/\/www.em.com.br\/emfoco\/wp-content\/uploads\/2025\/07\/digestao_1752158029292-1140x641.jpg 1140w, https:\/\/www.em.com.br\/emfoco\/wp-content\/uploads\/2025\/07\/digestao_1752158029292.jpg 1280w\" sizes=\"auto, (max-width: 1024px) 100vw, 1024px\" \/><figcaption class=\"wp-element-caption\">Ilustra\u00e7\u00e3o sobre digest\u00e3o &#8211; Cr\u00e9ditos: depositphotos.com \/ Elen_Heilin<\/figcaption><\/figure>\n\n\n\n<h2 class=\"wp-block-heading\">Como plantar gengibre em casa de forma simples?<\/h2>\n\n\n\n<p>Ter um vaso de <strong>gengibre fresco<\/strong> em casa \u00e9 mais f\u00e1cil do que parece. Basta escolher um peda\u00e7o da raiz com brotos aparentes e plant\u00e1-lo em solo rico e \u00famido, garantindo um ambiente iluminado, mas sem exposi\u00e7\u00e3o solar direta.<\/p>\n\n\n\n<ul class=\"wp-block-list\">\n<li>Escolha uma raiz saud\u00e1vel com pequenos \u201colhos\u201d ou brotos<\/li>\n\n\n\n<li>Use vasos largos com boa drenagem<\/li>\n\n\n\n<li>Mantenha a terra sempre \u00famida, mas n\u00e3o encharcada<\/li>\n\n\n\n<li>Colha ap\u00f3s 8 a 10 meses de cultivo<\/li>\n<\/ul>\n\n\n\n<h2 class=\"wp-block-heading\">De que forma o gengibre fortalece a digest\u00e3o e a imunidade?<\/h2>\n\n\n\n<p>O consumo de <strong>ch\u00e1 de gengibre<\/strong> ajuda a melhorar a digest\u00e3o ao estimular a produ\u00e7\u00e3o de sucos g\u00e1stricos. Esse h\u00e1bito simples pode reduzir desconfortos, al\u00e9m de contribuir para um <strong><a href=\"https:\/\/www.em.com.br\/emfoco\/2025\/09\/09\/como-o-metabolismo-do-homem-se-transforma-depois-dos-40-anos\/\" target=\"_blank\" rel=\"noreferrer noopener\">metabolismo <\/a><\/strong>mais ativo e equilibrado.<\/p>\n\n\n\n<p>Na imunidade, seus compostos auxiliam no combate a v\u00edrus e bact\u00e9rias. Consumir gengibre regularmente pode diminuir a intensidade de gripes, fortalecer a resist\u00eancia e tornar o corpo menos vulner\u00e1vel a doen\u00e7as sazonais.<\/p>\n\n\n\n<figure class=\"wp-block-image size-large\"><img loading=\"lazy\" decoding=\"async\" width=\"1024\" height=\"576\" src=\"https:\/\/www.em.com.br\/emfoco\/wp-content\/uploads\/2025\/04\/ginger_1745418097734-1024x576.jpg\" alt=\"A raiz natural que alivia dores e melhora a digest\u00e3o de forma eficaz\" class=\"wp-image-40812\" srcset=\"https:\/\/www.em.com.br\/emfoco\/wp-content\/uploads\/2025\/04\/ginger_1745418097734-1024x576.jpg 1024w, https:\/\/www.em.com.br\/emfoco\/wp-content\/uploads\/2025\/04\/ginger_1745418097734-300x169.jpg 300w, https:\/\/www.em.com.br\/emfoco\/wp-content\/uploads\/2025\/04\/ginger_1745418097734-768x432.jpg 768w, https:\/\/www.em.com.br\/emfoco\/wp-content\/uploads\/2025\/04\/ginger_1745418097734-750x422.jpg 750w, https:\/\/www.em.com.br\/emfoco\/wp-content\/uploads\/2025\/04\/ginger_1745418097734-1140x641.jpg 1140w, https:\/\/www.em.com.br\/emfoco\/wp-content\/uploads\/2025\/04\/ginger_1745418097734.jpg 1280w\" sizes=\"auto, (max-width: 1024px) 100vw, 1024px\" \/><figcaption class=\"wp-element-caption\">Gengibre &#8211; Cr\u00e9ditos: depositphotos.com \/ VadimVasenin<\/figcaption><\/figure>\n\n\n\n<h2 class=\"wp-block-heading\">Quais receitas f\u00e1ceis podem incluir o gengibre no dia a dia?<\/h2>\n\n\n\n<p>Al\u00e9m de plantar, \u00e9 essencial saber como usar o <strong>gengibre<\/strong> na rotina. Ele pode ser inclu\u00eddo em receitas doces, salgadas e at\u00e9 bebidas, potencializando seus efeitos ben\u00e9ficos sem perder o sabor caracter\u00edstico que o torna t\u00e3o especial.<\/p>\n\n\n\n<ul class=\"wp-block-list\">\n<li>Ch\u00e1 de gengibre com lim\u00e3o para refor\u00e7ar a imunidade<\/li>\n\n\n\n<li>Suco verde com gengibre para acelerar o metabolismo<\/li>\n\n\n\n<li>Sopas e caldos com toque picante e digestivo<\/li>\n<\/ul>\n\n\n\n<h2 class=\"wp-block-heading\">Quais cuidados extras garantem bons resultados com o gengibre?<\/h2>\n\n\n\n<p>Para aproveitar todos os benef\u00edcios, \u00e9 importante adotar cuidados b\u00e1sicos. O <strong>armazenamento correto<\/strong> e a forma de preparo influenciam diretamente no sabor e nas propriedades medicinais dessa raiz t\u00e3o valorizada na sa\u00fade natural.<\/p>\n\n\n\n<ul class=\"wp-block-list\">\n<li>Armazene em local fresco, seco ou na geladeira<\/li>\n\n\n\n<li>Use ralado, em fatias ou em p\u00f3 para variar os usos<\/li>\n\n\n\n<li>Evite exageros: o consumo deve ser equilibrado<\/li>\n<\/ul>\n","protected":false},"excerpt":{"rendered":"<p>O gengibre \u00e9 uma raiz vers\u00e1til que pode ser cultivada em casa, trazendo praticidade e benef\u00edcios \u00fanicos. Al\u00e9m de temperar receitas, fortalece o sistema digestivo e a imunidade de forma natural, ajudando na sa\u00fade di\u00e1ria. Por que o gengibre \u00e9 considerado um aliado natural da sa\u00fade? O gengibre cont\u00e9m compostos bioativos, como gingerol, que oferecem [&hellip;]<\/p>\n","protected":false},"author":13,"featured_media":65600,"comment_status":"open","ping_status":"open","sticky":false,"template":"","format":"standard","meta":{"jnews-multi-image_gallery":[],"jnews_single_post":{"format":"standard"},"jnews_primary_category":[],"jnews_social_meta":[],"jnews_override_counter":[],"footnotes":""},"categories":[8819],"tags":[15915,4962,12328],"class_list":["post-103577","post","type-post","status-publish","format-standard","has-post-thumbnail","hentry","category-curiosidades","tag-fortalecer-a-saude","tag-gengibre","tag-sistema-digestivo"],"yoast_head":"<!-- This site is optimized with the Yoast SEO plugin v23.8 - https:\/\/yoast.com\/wordpress\/plugins\/seo\/ -->\n<title>A raiz natural mais eficaz para acelerar o metabolismo e proteger o corpo - Estado de Minas - Em foco<\/title>\n<meta name=\"description\" content=\"Essa raiz combate inflama\u00e7\u00f5es e acelera o metabolismo de forma natural. Veja como incluir nas suas receitas e aproveitar os benef\u00edcios.\" \/>\n<meta name=\"robots\" content=\"index, follow, max-snippet:-1, max-image-preview:large, max-video-preview:-1\" \/>\n<link rel=\"canonical\" href=\"https:\/\/www.em.com.br\/emfoco\/2025\/09\/15\/a-raiz-natural-mais-eficaz-para-acelerar-o-metabolismo-e-proteger-o-corpo\/\" \/>\n<meta property=\"og:locale\" content=\"pt_BR\" \/>\n<meta property=\"og:type\" content=\"article\" \/>\n<meta property=\"og:title\" content=\"A raiz natural mais eficaz para acelerar o metabolismo e proteger o corpo - Estado de Minas - Em foco\" \/>\n<meta property=\"og:description\" content=\"Essa raiz combate inflama\u00e7\u00f5es e acelera o metabolismo de forma natural. Veja como incluir nas suas receitas e aproveitar os benef\u00edcios.\" \/>\n<meta property=\"og:url\" content=\"https:\/\/www.em.com.br\/emfoco\/2025\/09\/15\/a-raiz-natural-mais-eficaz-para-acelerar-o-metabolismo-e-proteger-o-corpo\/\" \/>\n<meta property=\"og:site_name\" content=\"Estado de Minas - Em foco\" \/>\n<meta property=\"article:published_time\" content=\"2025-09-15T12:08:00+00:00\" \/>\n<meta property=\"article:modified_time\" content=\"2025-09-12T16:51:18+00:00\" \/>\n<meta property=\"og:image\" content=\"https:\/\/www.em.com.br\/emfoco\/wp-content\/uploads\/2025\/06\/Gengibre_1750690060826.jpg\" \/>\n\t<meta property=\"og:image:width\" content=\"1280\" \/>\n\t<meta property=\"og:image:height\" content=\"720\" \/>\n\t<meta property=\"og:image:type\" content=\"image\/jpeg\" \/>\n<meta name=\"author\" content=\"Gabriel Martins\" \/>\n<meta name=\"twitter:card\" content=\"summary_large_image\" \/>\n<meta name=\"twitter:label1\" content=\"Escrito por\" \/>\n\t<meta name=\"twitter:data1\" content=\"Gabriel Martins\" \/>\n\t<meta name=\"twitter:label2\" content=\"Est. tempo de leitura\" \/>\n\t<meta name=\"twitter:data2\" content=\"4 minutos\" \/>\n<!-- \/ Yoast SEO plugin. -->","yoast_head_json":{"title":"A raiz natural mais eficaz para acelerar o metabolismo e proteger o corpo - Estado de Minas - Em foco","description":"Essa raiz combate inflama\u00e7\u00f5es e acelera o metabolismo de forma natural. Veja como incluir nas suas receitas e aproveitar os benef\u00edcios.","robots":{"index":"index","follow":"follow","max-snippet":"max-snippet:-1","max-image-preview":"max-image-preview:large","max-video-preview":"max-video-preview:-1"},"canonical":"https:\/\/www.em.com.br\/emfoco\/2025\/09\/15\/a-raiz-natural-mais-eficaz-para-acelerar-o-metabolismo-e-proteger-o-corpo\/","og_locale":"pt_BR","og_type":"article","og_title":"A raiz natural mais eficaz para acelerar o metabolismo e proteger o corpo - Estado de Minas - Em foco","og_description":"Essa raiz combate inflama\u00e7\u00f5es e acelera o metabolismo de forma natural. Veja como incluir nas suas receitas e aproveitar os benef\u00edcios.","og_url":"https:\/\/www.em.com.br\/emfoco\/2025\/09\/15\/a-raiz-natural-mais-eficaz-para-acelerar-o-metabolismo-e-proteger-o-corpo\/","og_site_name":"Estado de Minas - Em foco","article_published_time":"2025-09-15T12:08:00+00:00","article_modified_time":"2025-09-12T16:51:18+00:00","og_image":[{"width":1280,"height":720,"url":"https:\/\/www.em.com.br\/emfoco\/wp-content\/uploads\/2025\/06\/Gengibre_1750690060826.jpg","type":"image\/jpeg"}],"author":"Gabriel Martins","twitter_card":"summary_large_image","twitter_misc":{"Escrito por":"Gabriel Martins","Est. tempo de leitura":"4 minutos"},"schema":{"@context":"https:\/\/schema.org","@graph":[{"@type":"WebPage","@id":"https:\/\/www.em.com.br\/emfoco\/2025\/09\/15\/a-raiz-natural-mais-eficaz-para-acelerar-o-metabolismo-e-proteger-o-corpo\/","url":"https:\/\/www.em.com.br\/emfoco\/2025\/09\/15\/a-raiz-natural-mais-eficaz-para-acelerar-o-metabolismo-e-proteger-o-corpo\/","name":"A raiz natural mais eficaz para acelerar o metabolismo e proteger o corpo - Estado de Minas - Em foco","isPartOf":{"@id":"https:\/\/www.em.com.br\/emfoco\/#website"},"primaryImageOfPage":{"@id":"https:\/\/www.em.com.br\/emfoco\/2025\/09\/15\/a-raiz-natural-mais-eficaz-para-acelerar-o-metabolismo-e-proteger-o-corpo\/#primaryimage"},"image":{"@id":"https:\/\/www.em.com.br\/emfoco\/2025\/09\/15\/a-raiz-natural-mais-eficaz-para-acelerar-o-metabolismo-e-proteger-o-corpo\/#primaryimage"},"thumbnailUrl":"https:\/\/www.em.com.br\/emfoco\/wp-content\/uploads\/2025\/06\/Gengibre_1750690060826.jpg","datePublished":"2025-09-15T12:08:00+00:00","dateModified":"2025-09-12T16:51:18+00:00","author":{"@id":"https:\/\/www.em.com.br\/emfoco\/#\/schema\/person\/1c9ddeab18b98abeffef834667bcf08a"},"description":"Essa raiz combate inflama\u00e7\u00f5es e acelera o metabolismo de forma natural. Veja como incluir nas suas receitas e aproveitar os benef\u00edcios.","breadcrumb":{"@id":"https:\/\/www.em.com.br\/emfoco\/2025\/09\/15\/a-raiz-natural-mais-eficaz-para-acelerar-o-metabolismo-e-proteger-o-corpo\/#breadcrumb"},"inLanguage":"pt-BR","potentialAction":[{"@type":"ReadAction","target":["https:\/\/www.em.com.br\/emfoco\/2025\/09\/15\/a-raiz-natural-mais-eficaz-para-acelerar-o-metabolismo-e-proteger-o-corpo\/"]}]},{"@type":"ImageObject","inLanguage":"pt-BR","@id":"https:\/\/www.em.com.br\/emfoco\/2025\/09\/15\/a-raiz-natural-mais-eficaz-para-acelerar-o-metabolismo-e-proteger-o-corpo\/#primaryimage","url":"https:\/\/www.em.com.br\/emfoco\/wp-content\/uploads\/2025\/06\/Gengibre_1750690060826.jpg","contentUrl":"https:\/\/www.em.com.br\/emfoco\/wp-content\/uploads\/2025\/06\/Gengibre_1750690060826.jpg","width":1280,"height":720,"caption":"Gengibre - Cr\u00e9ditos: depositphotos.com \/ VadimVasenin"},{"@type":"BreadcrumbList","@id":"https:\/\/www.em.com.br\/emfoco\/2025\/09\/15\/a-raiz-natural-mais-eficaz-para-acelerar-o-metabolismo-e-proteger-o-corpo\/#breadcrumb","itemListElement":[{"@type":"ListItem","position":1,"name":"In\u00edcio","item":"https:\/\/www.em.com.br\/emfoco\/"},{"@type":"ListItem","position":2,"name":"A raiz natural mais eficaz para acelerar o metabolismo e proteger o corpo"}]},{"@type":"WebSite","@id":"https:\/\/www.em.com.br\/emfoco\/#website","url":"https:\/\/www.em.com.br\/emfoco\/","name":"Estado de Minas - Em foco","description":"Acompanhe as \u00faltimas not\u00edcias e fique bem informado sobre tudo o que acontece em Minas Gerais, Brasil e no mundo.","potentialAction":[{"@type":"SearchAction","target":{"@type":"EntryPoint","urlTemplate":"https:\/\/www.em.com.br\/emfoco\/?s={search_term_string}"},"query-input":{"@type":"PropertyValueSpecification","valueRequired":true,"valueName":"search_term_string"}}],"inLanguage":"pt-BR"},{"@type":"Person","@id":"https:\/\/www.em.com.br\/emfoco\/#\/schema\/person\/1c9ddeab18b98abeffef834667bcf08a","name":"Gabriel Martins","image":{"@type":"ImageObject","inLanguage":"pt-BR","@id":"https:\/\/www.em.com.br\/emfoco\/#\/schema\/person\/image\/","url":"https:\/\/secure.gravatar.com\/avatar\/f0f1e2efdfd88f1ad2cb08c5c2731e50?s=96&d=mm&r=g","contentUrl":"https:\/\/secure.gravatar.com\/avatar\/f0f1e2efdfd88f1ad2cb08c5c2731e50?s=96&d=mm&r=g","caption":"Gabriel Martins"},"sameAs":["https:\/\/www.em.com.br\/emfoco\/"],"url":"https:\/\/www.em.com.br\/emfoco\/author\/gabrielmartinsmyth\/"}]}},"_links":{"self":[{"href":"https:\/\/www.em.com.br\/emfoco\/wp-json\/wp\/v2\/posts\/103577","targetHints":{"allow":["GET"]}}],"collection":[{"href":"https:\/\/www.em.com.br\/emfoco\/wp-json\/wp\/v2\/posts"}],"about":[{"href":"https:\/\/www.em.com.br\/emfoco\/wp-json\/wp\/v2\/types\/post"}],"author":[{"embeddable":true,"href":"https:\/\/www.em.com.br\/emfoco\/wp-json\/wp\/v2\/users\/13"}],"replies":[{"embeddable":true,"href":"https:\/\/www.em.com.br\/emfoco\/wp-json\/wp\/v2\/comments?post=103577"}],"version-history":[{"count":1,"href":"https:\/\/www.em.com.br\/emfoco\/wp-json\/wp\/v2\/posts\/103577\/revisions"}],"predecessor-version":[{"id":103586,"href":"https:\/\/www.em.com.br\/emfoco\/wp-json\/wp\/v2\/posts\/103577\/revisions\/103586"}],"wp:featuredmedia":[{"embeddable":true,"href":"https:\/\/www.em.com.br\/emfoco\/wp-json\/wp\/v2\/media\/65600"}],"wp:attachment":[{"href":"https:\/\/www.em.com.br\/emfoco\/wp-json\/wp\/v2\/media?parent=103577"}],"wp:term":[{"taxonomy":"category","embeddable":true,"href":"https:\/\/www.em.com.br\/emfoco\/wp-json\/wp\/v2\/categories?post=103577"},{"taxonomy":"post_tag","embeddable":true,"href":"https:\/\/www.em.com.br\/emfoco\/wp-json\/wp\/v2\/tags?post=103577"}],"curies":[{"name":"wp","href":"https:\/\/api.w.org\/{rel}","templated":true}]}}