{"id":103546,"date":"2025-09-15T10:38:00","date_gmt":"2025-09-15T13:38:00","guid":{"rendered":"https:\/\/www.em.com.br\/emfoco\/?p=103546"},"modified":"2025-09-12T13:31:19","modified_gmt":"2025-09-12T16:31:19","slug":"esse-cantinho-verde-mudou-a-rotina-de-quem-sofre-com-estresse","status":"publish","type":"post","link":"https:\/\/www.em.com.br\/emfoco\/2025\/09\/15\/esse-cantinho-verde-mudou-a-rotina-de-quem-sofre-com-estresse\/","title":{"rendered":"Esse cantinho verde mudou a rotina de quem sofre com estresse"},"content":{"rendered":"\n<p>Transformar a casa em um ref\u00fagio acolhedor \u00e9 mais simples do que parece. Com um <strong>cantinho verde<\/strong> bem planejado, voc\u00ea pode estimular relaxamento, renovar a energia e criar um espa\u00e7o de conex\u00e3o com a natureza no dia a dia.<\/p>\n\n\n\n<ul class=\"wp-block-list\">\n<li>Escolha plantas que purificam o ar e acalmam o ambiente<\/li>\n\n\n\n<li>Use ilumina\u00e7\u00e3o suave para intensificar a sensa\u00e7\u00e3o de bem-estar<\/li>\n\n\n\n<li>Inclua elementos naturais que ampliem a energia positiva<\/li>\n<\/ul>\n\n\n\n<h2 class=\"wp-block-heading\">Por que ter um cantinho verde dentro de casa faz tanta diferen\u00e7a?<\/h2>\n\n\n\n<p>Um <strong>espa\u00e7o verde<\/strong> em casa contribui para equilibrar as emo\u00e7\u00f5es, reduzir o estresse e melhorar o humor. O contato di\u00e1rio com plantas aumenta a sensa\u00e7\u00e3o de acolhimento e cria uma atmosfera favor\u00e1vel ao descanso e \u00e0 inspira\u00e7\u00e3o.<\/p>\n\n\n\n<p>Al\u00e9m dos benef\u00edcios emocionais, um <strong>cantinho com plantas<\/strong> tamb\u00e9m influencia a sa\u00fade f\u00edsica. Ele ajuda a melhorar a <strong><a href=\"https:\/\/www.em.com.br\/emfoco\/2025\/08\/11\/essas-plantas-estao-mudando-a-qualidade-do-ar-nas-casas-brasileiras\/\" target=\"_blank\" rel=\"noreferrer noopener\">qualidade do ar<\/a><\/strong>, manter a umidade equilibrada e proporcionar um ambiente mais agrad\u00e1vel e saud\u00e1vel para toda a fam\u00edlia.<\/p>\n\n\n\n<figure class=\"wp-block-image size-large\"><img loading=\"lazy\" decoding=\"async\" width=\"1024\" height=\"576\" src=\"https:\/\/www.em.com.br\/emfoco\/wp-content\/uploads\/2025\/07\/estresse_1753374506495-1024x576.jpg\" alt=\"7 dicas eficazes para aliviar o estresse no dia-a-dia sem complica\u00e7\u00e3o\" class=\"wp-image-81067\" srcset=\"https:\/\/www.em.com.br\/emfoco\/wp-content\/uploads\/2025\/07\/estresse_1753374506495-1024x576.jpg 1024w, https:\/\/www.em.com.br\/emfoco\/wp-content\/uploads\/2025\/07\/estresse_1753374506495-300x169.jpg 300w, https:\/\/www.em.com.br\/emfoco\/wp-content\/uploads\/2025\/07\/estresse_1753374506495-768x432.jpg 768w, https:\/\/www.em.com.br\/emfoco\/wp-content\/uploads\/2025\/07\/estresse_1753374506495-750x422.jpg 750w, https:\/\/www.em.com.br\/emfoco\/wp-content\/uploads\/2025\/07\/estresse_1753374506495-1140x641.jpg 1140w, https:\/\/www.em.com.br\/emfoco\/wp-content\/uploads\/2025\/07\/estresse_1753374506495.jpg 1280w\" sizes=\"auto, (max-width: 1024px) 100vw, 1024px\" \/><figcaption class=\"wp-element-caption\">Mulher estressada &#8211; Cr\u00e9ditos: depositphotos.com \/ Krakenimages.com<\/figcaption><\/figure>\n\n\n\n<h2 class=\"wp-block-heading\">Quais plantas s\u00e3o ideais para criar esse ambiente?<\/h2>\n\n\n\n<p>Nem todas as esp\u00e9cies se adaptam bem ao interior da casa. Para garantir praticidade e beleza, opte por plantas resistentes que exigem pouca manuten\u00e7\u00e3o, mas oferecem grande impacto est\u00e9tico e energ\u00e9tico.<\/p>\n\n\n\n<ul class=\"wp-block-list\">\n<li>Samambaia: cl\u00e1ssica e \u00f3tima para trazer frescor<\/li>\n\n\n\n<li>Espada-de-s\u00e3o-jorge: associada \u00e0 prote\u00e7\u00e3o energ\u00e9tica<\/li>\n\n\n\n<li>L\u00edrio-da-paz: purifica o ar e harmoniza o ambiente<\/li>\n<\/ul>\n\n\n\n<figure class=\"wp-block-image size-large\"><img loading=\"lazy\" decoding=\"async\" width=\"1024\" height=\"576\" src=\"https:\/\/www.em.com.br\/emfoco\/wp-content\/uploads\/2025\/07\/samambaia-de-boston_1753449138385-1024x576.jpg\" alt=\"As melhores plantas que crescem na sombra e s\u00e3o perfeitas para seu apartamento\" class=\"wp-image-81359\" srcset=\"https:\/\/www.em.com.br\/emfoco\/wp-content\/uploads\/2025\/07\/samambaia-de-boston_1753449138385-1024x576.jpg 1024w, https:\/\/www.em.com.br\/emfoco\/wp-content\/uploads\/2025\/07\/samambaia-de-boston_1753449138385-300x169.jpg 300w, https:\/\/www.em.com.br\/emfoco\/wp-content\/uploads\/2025\/07\/samambaia-de-boston_1753449138385-768x432.jpg 768w, https:\/\/www.em.com.br\/emfoco\/wp-content\/uploads\/2025\/07\/samambaia-de-boston_1753449138385-750x422.jpg 750w, https:\/\/www.em.com.br\/emfoco\/wp-content\/uploads\/2025\/07\/samambaia-de-boston_1753449138385-1140x641.jpg 1140w, https:\/\/www.em.com.br\/emfoco\/wp-content\/uploads\/2025\/07\/samambaia-de-boston_1753449138385.jpg 1280w\" sizes=\"auto, (max-width: 1024px) 100vw, 1024px\" \/><figcaption class=\"wp-element-caption\">Samambaia-de-boston &#8211; Cr\u00e9ditos: depositphotos.com \/ StudioLightAndShade<\/figcaption><\/figure>\n\n\n\n<h2 class=\"wp-block-heading\">Como a ilumina\u00e7\u00e3o pode transformar o seu cantinho verde?<\/h2>\n\n\n\n<p>A <strong><a href=\"https:\/\/studioguido.com.br\/2023\/12\/12\/iluminacao-saudavel-torna-possivel-cultivar-hortas-em-apartamentos-com-pouca-luz-natural\/\" target=\"_blank\" rel=\"noreferrer noopener\">ilumina\u00e7\u00e3o natural<\/a><\/strong> \u00e9 essencial para manter a vitalidade das plantas, mas tamb\u00e9m influencia o bem-estar de quem usa o espa\u00e7o. Locais pr\u00f3ximos a janelas recebem luz ideal e ampliam a sensa\u00e7\u00e3o de amplitude e aconchego.<\/p>\n\n\n\n<p>J\u00e1 a ilumina\u00e7\u00e3o artificial pode complementar com um efeito acolhedor. Apostar em <strong>luzes amareladas<\/strong>, pendentes ou lanternas cria uma atmosfera intimista e relaxante, perfeita para momentos de pausa no dia a dia.<\/p>\n\n\n\n<h2 class=\"wp-block-heading\">Quais elementos extras ampliam a sensa\u00e7\u00e3o de relaxamento?<\/h2>\n\n\n\n<p>Al\u00e9m das plantas, itens decorativos ajudam a intensificar a energia positiva do espa\u00e7o. A escolha certa de objetos transforma o <strong>cantinho verde<\/strong> em um verdadeiro ref\u00fagio de paz e equil\u00edbrio.<\/p>\n\n\n\n<ul class=\"wp-block-list\">\n<li>Fontes de \u00e1gua: o som suave transmite calma<\/li>\n\n\n\n<li>Aromatizadores naturais: \u00f3leos essenciais estimulam os sentidos<\/li>\n\n\n\n<li>Tapetes ou almofadas: tornam o local mais aconchegante<\/li>\n<\/ul>\n\n\n\n<h2 class=\"wp-block-heading\">Quais truques finais garantem um cantinho verde sempre agrad\u00e1vel?<\/h2>\n\n\n\n<p>Para que o espa\u00e7o se mantenha funcional e acolhedor, alguns cuidados simples fazem toda a diferen\u00e7a. Com pequenas a\u00e7\u00f5es, seu <strong>cantinho relaxante<\/strong> se mant\u00e9m sempre renovado e cheio de boas energias.<\/p>\n\n\n\n<ul class=\"wp-block-list\">\n<li>Troque vasos de lugar para estimular novas perspectivas<\/li>\n\n\n\n<li>Fa\u00e7a regas leves e frequentes em vez de exagerar na \u00e1gua<\/li>\n\n\n\n<li>Inclua pedras decorativas para equilibrar est\u00e9tica e energia<\/li>\n<\/ul>\n","protected":false},"excerpt":{"rendered":"<p>Transformar a casa em um ref\u00fagio acolhedor \u00e9 mais simples do que parece. Com um cantinho verde bem planejado, voc\u00ea pode estimular relaxamento, renovar a energia e criar um espa\u00e7o de conex\u00e3o com a natureza no dia a dia. Por que ter um cantinho verde dentro de casa faz tanta diferen\u00e7a? Um espa\u00e7o verde em [&hellip;]<\/p>\n","protected":false},"author":13,"featured_media":97769,"comment_status":"open","ping_status":"open","sticky":false,"template":"","format":"standard","meta":{"jnews-multi-image_gallery":[],"jnews_single_post":{"format":"standard"},"jnews_primary_category":[],"jnews_social_meta":[],"jnews_override_counter":[],"footnotes":""},"categories":[9053],"tags":[11039,3792,3325,373],"class_list":["post-103546","post","type-post","status-publish","format-standard","has-post-thumbnail","hentry","category-saude","tag-equilibrio-mental","tag-horta","tag-jardim","tag-relaxamento"],"yoast_head":"<!-- This site is optimized with the Yoast SEO plugin v23.8 - https:\/\/yoast.com\/wordpress\/plugins\/seo\/ -->\n<title>Esse cantinho verde mudou a rotina de quem sofre com estresse - Estado de Minas - Em foco<\/title>\n<meta name=\"description\" content=\"Criar um cantinho verde em casa melhora o humor, purifica o ar e reduz o estresse. Veja como montar o seu com plantas simples e acess\u00edveis.\" \/>\n<meta name=\"robots\" content=\"index, follow, max-snippet:-1, max-image-preview:large, max-video-preview:-1\" \/>\n<link rel=\"canonical\" href=\"https:\/\/www.em.com.br\/emfoco\/2025\/09\/15\/esse-cantinho-verde-mudou-a-rotina-de-quem-sofre-com-estresse\/\" \/>\n<meta property=\"og:locale\" content=\"pt_BR\" \/>\n<meta property=\"og:type\" content=\"article\" \/>\n<meta property=\"og:title\" content=\"Esse cantinho verde mudou a rotina de quem sofre com estresse - Estado de Minas - Em foco\" \/>\n<meta property=\"og:description\" content=\"Criar um cantinho verde em casa melhora o humor, purifica o ar e reduz o estresse. Veja como montar o seu com plantas simples e acess\u00edveis.\" \/>\n<meta property=\"og:url\" content=\"https:\/\/www.em.com.br\/emfoco\/2025\/09\/15\/esse-cantinho-verde-mudou-a-rotina-de-quem-sofre-com-estresse\/\" \/>\n<meta property=\"og:site_name\" content=\"Estado de Minas - Em foco\" \/>\n<meta property=\"article:published_time\" content=\"2025-09-15T13:38:00+00:00\" \/>\n<meta property=\"article:modified_time\" content=\"2025-09-12T16:31:19+00:00\" \/>\n<meta property=\"og:image\" content=\"https:\/\/www.em.com.br\/emfoco\/wp-content\/uploads\/2025\/08\/horta-na-varanda_1756415753049.jpg\" \/>\n\t<meta property=\"og:image:width\" content=\"1280\" \/>\n\t<meta property=\"og:image:height\" content=\"720\" \/>\n\t<meta property=\"og:image:type\" content=\"image\/jpeg\" \/>\n<meta name=\"author\" content=\"Gabriel Martins\" \/>\n<meta name=\"twitter:card\" content=\"summary_large_image\" \/>\n<meta name=\"twitter:label1\" content=\"Escrito por\" \/>\n\t<meta name=\"twitter:data1\" content=\"Gabriel Martins\" \/>\n\t<meta name=\"twitter:label2\" content=\"Est. tempo de leitura\" \/>\n\t<meta name=\"twitter:data2\" content=\"3 minutos\" \/>\n<!-- \/ Yoast SEO plugin. -->","yoast_head_json":{"title":"Esse cantinho verde mudou a rotina de quem sofre com estresse - Estado de Minas - Em foco","description":"Criar um cantinho verde em casa melhora o humor, purifica o ar e reduz o estresse. Veja como montar o seu com plantas simples e acess\u00edveis.","robots":{"index":"index","follow":"follow","max-snippet":"max-snippet:-1","max-image-preview":"max-image-preview:large","max-video-preview":"max-video-preview:-1"},"canonical":"https:\/\/www.em.com.br\/emfoco\/2025\/09\/15\/esse-cantinho-verde-mudou-a-rotina-de-quem-sofre-com-estresse\/","og_locale":"pt_BR","og_type":"article","og_title":"Esse cantinho verde mudou a rotina de quem sofre com estresse - Estado de Minas - Em foco","og_description":"Criar um cantinho verde em casa melhora o humor, purifica o ar e reduz o estresse. Veja como montar o seu com plantas simples e acess\u00edveis.","og_url":"https:\/\/www.em.com.br\/emfoco\/2025\/09\/15\/esse-cantinho-verde-mudou-a-rotina-de-quem-sofre-com-estresse\/","og_site_name":"Estado de Minas - Em foco","article_published_time":"2025-09-15T13:38:00+00:00","article_modified_time":"2025-09-12T16:31:19+00:00","og_image":[{"width":1280,"height":720,"url":"https:\/\/www.em.com.br\/emfoco\/wp-content\/uploads\/2025\/08\/horta-na-varanda_1756415753049.jpg","type":"image\/jpeg"}],"author":"Gabriel Martins","twitter_card":"summary_large_image","twitter_misc":{"Escrito por":"Gabriel Martins","Est. tempo de leitura":"3 minutos"},"schema":{"@context":"https:\/\/schema.org","@graph":[{"@type":"WebPage","@id":"https:\/\/www.em.com.br\/emfoco\/2025\/09\/15\/esse-cantinho-verde-mudou-a-rotina-de-quem-sofre-com-estresse\/","url":"https:\/\/www.em.com.br\/emfoco\/2025\/09\/15\/esse-cantinho-verde-mudou-a-rotina-de-quem-sofre-com-estresse\/","name":"Esse cantinho verde mudou a rotina de quem sofre com estresse - Estado de Minas - Em foco","isPartOf":{"@id":"https:\/\/www.em.com.br\/emfoco\/#website"},"primaryImageOfPage":{"@id":"https:\/\/www.em.com.br\/emfoco\/2025\/09\/15\/esse-cantinho-verde-mudou-a-rotina-de-quem-sofre-com-estresse\/#primaryimage"},"image":{"@id":"https:\/\/www.em.com.br\/emfoco\/2025\/09\/15\/esse-cantinho-verde-mudou-a-rotina-de-quem-sofre-com-estresse\/#primaryimage"},"thumbnailUrl":"https:\/\/www.em.com.br\/emfoco\/wp-content\/uploads\/2025\/08\/horta-na-varanda_1756415753049.jpg","datePublished":"2025-09-15T13:38:00+00:00","dateModified":"2025-09-12T16:31:19+00:00","author":{"@id":"https:\/\/www.em.com.br\/emfoco\/#\/schema\/person\/1c9ddeab18b98abeffef834667bcf08a"},"description":"Criar um cantinho verde em casa melhora o humor, purifica o ar e reduz o estresse. Veja como montar o seu com plantas simples e acess\u00edveis.","breadcrumb":{"@id":"https:\/\/www.em.com.br\/emfoco\/2025\/09\/15\/esse-cantinho-verde-mudou-a-rotina-de-quem-sofre-com-estresse\/#breadcrumb"},"inLanguage":"pt-BR","potentialAction":[{"@type":"ReadAction","target":["https:\/\/www.em.com.br\/emfoco\/2025\/09\/15\/esse-cantinho-verde-mudou-a-rotina-de-quem-sofre-com-estresse\/"]}]},{"@type":"ImageObject","inLanguage":"pt-BR","@id":"https:\/\/www.em.com.br\/emfoco\/2025\/09\/15\/esse-cantinho-verde-mudou-a-rotina-de-quem-sofre-com-estresse\/#primaryimage","url":"https:\/\/www.em.com.br\/emfoco\/wp-content\/uploads\/2025\/08\/horta-na-varanda_1756415753049.jpg","contentUrl":"https:\/\/www.em.com.br\/emfoco\/wp-content\/uploads\/2025\/08\/horta-na-varanda_1756415753049.jpg","width":1280,"height":720,"caption":"O ciclo de crescimento dos vegetais s\u00e3o curtos e voc\u00ea pode replantar com facilidade - Cr\u00e9ditos: depositphotos.com \/ ChiccoDodiFC"},{"@type":"BreadcrumbList","@id":"https:\/\/www.em.com.br\/emfoco\/2025\/09\/15\/esse-cantinho-verde-mudou-a-rotina-de-quem-sofre-com-estresse\/#breadcrumb","itemListElement":[{"@type":"ListItem","position":1,"name":"In\u00edcio","item":"https:\/\/www.em.com.br\/emfoco\/"},{"@type":"ListItem","position":2,"name":"Esse cantinho verde mudou a rotina de quem sofre com estresse"}]},{"@type":"WebSite","@id":"https:\/\/www.em.com.br\/emfoco\/#website","url":"https:\/\/www.em.com.br\/emfoco\/","name":"Estado de Minas - Em foco","description":"Acompanhe as \u00faltimas not\u00edcias e fique bem informado sobre tudo o que acontece em Minas Gerais, Brasil e no mundo.","potentialAction":[{"@type":"SearchAction","target":{"@type":"EntryPoint","urlTemplate":"https:\/\/www.em.com.br\/emfoco\/?s={search_term_string}"},"query-input":{"@type":"PropertyValueSpecification","valueRequired":true,"valueName":"search_term_string"}}],"inLanguage":"pt-BR"},{"@type":"Person","@id":"https:\/\/www.em.com.br\/emfoco\/#\/schema\/person\/1c9ddeab18b98abeffef834667bcf08a","name":"Gabriel Martins","image":{"@type":"ImageObject","inLanguage":"pt-BR","@id":"https:\/\/www.em.com.br\/emfoco\/#\/schema\/person\/image\/","url":"https:\/\/secure.gravatar.com\/avatar\/f0f1e2efdfd88f1ad2cb08c5c2731e50?s=96&d=mm&r=g","contentUrl":"https:\/\/secure.gravatar.com\/avatar\/f0f1e2efdfd88f1ad2cb08c5c2731e50?s=96&d=mm&r=g","caption":"Gabriel Martins"},"sameAs":["https:\/\/www.em.com.br\/emfoco\/"],"url":"https:\/\/www.em.com.br\/emfoco\/author\/gabrielmartinsmyth\/"}]}},"_links":{"self":[{"href":"https:\/\/www.em.com.br\/emfoco\/wp-json\/wp\/v2\/posts\/103546","targetHints":{"allow":["GET"]}}],"collection":[{"href":"https:\/\/www.em.com.br\/emfoco\/wp-json\/wp\/v2\/posts"}],"about":[{"href":"https:\/\/www.em.com.br\/emfoco\/wp-json\/wp\/v2\/types\/post"}],"author":[{"embeddable":true,"href":"https:\/\/www.em.com.br\/emfoco\/wp-json\/wp\/v2\/users\/13"}],"replies":[{"embeddable":true,"href":"https:\/\/www.em.com.br\/emfoco\/wp-json\/wp\/v2\/comments?post=103546"}],"version-history":[{"count":1,"href":"https:\/\/www.em.com.br\/emfoco\/wp-json\/wp\/v2\/posts\/103546\/revisions"}],"predecessor-version":[{"id":103574,"href":"https:\/\/www.em.com.br\/emfoco\/wp-json\/wp\/v2\/posts\/103546\/revisions\/103574"}],"wp:featuredmedia":[{"embeddable":true,"href":"https:\/\/www.em.com.br\/emfoco\/wp-json\/wp\/v2\/media\/97769"}],"wp:attachment":[{"href":"https:\/\/www.em.com.br\/emfoco\/wp-json\/wp\/v2\/media?parent=103546"}],"wp:term":[{"taxonomy":"category","embeddable":true,"href":"https:\/\/www.em.com.br\/emfoco\/wp-json\/wp\/v2\/categories?post=103546"},{"taxonomy":"post_tag","embeddable":true,"href":"https:\/\/www.em.com.br\/emfoco\/wp-json\/wp\/v2\/tags?post=103546"}],"curies":[{"name":"wp","href":"https:\/\/api.w.org\/{rel}","templated":true}]}}