{"id":103501,"date":"2025-09-12T16:58:00","date_gmt":"2025-09-12T19:58:00","guid":{"rendered":"https:\/\/www.em.com.br\/emfoco\/?p=103501"},"modified":"2025-09-12T11:12:31","modified_gmt":"2025-09-12T14:12:31","slug":"essa-dor-nas-costas-que-melhora-sentado-pode-ser-estenose-lombar","status":"publish","type":"post","link":"https:\/\/www.em.com.br\/emfoco\/2025\/09\/12\/essa-dor-nas-costas-que-melhora-sentado-pode-ser-estenose-lombar\/","title":{"rendered":"Essa dor nas costas que melhora sentado pode ser estenose lombar"},"content":{"rendered":"\n<p>A estenose lombar \u00e9 uma condi\u00e7\u00e3o m\u00e9dica que resulta no estreitamento do canal espinhal na regi\u00e3o lombar, frequentemente afetando indiv\u00edduos acima dos 50 anos. Este estreitamento pode exercer press\u00e3o sobre os nervos e ocasionalmente sobre a medula espinhal, gerando dores e desconfortos que impactam as atividades di\u00e1rias. Reconhecer e compreender os sinais dessa condi\u00e7\u00e3o \u00e9 essencial para buscar o tratamento e aliviar os sintomas.<\/p>\n\n\n\n<p>Inicialmente, a estenose lombar pode apresentar sintomas leves, mas com o passar do tempo, dores nas costas e nas pernas podem se intensificar, especialmente ao caminhar ou permanecer em p\u00e9, como explica a <a href=\"https:\/\/clinicaavanttos.com.br\/estenose-lombar-pode-esconder-algo-mais-grave-do-que-imagina\/\" target=\"_blank\" rel=\"noreferrer noopener\">Cl\u00ednica Avanttos<\/a>. Curiosamente, sentar ou inclinar-se para frente tende a proporcionar algum al\u00edvio. A detec\u00e7\u00e3o precoce \u00e9 crucial para evitar complica\u00e7\u00f5es mais s\u00e9rias e iniciar o tratamento eficaz.<\/p>\n\n\n\n<h2 class=\"wp-block-heading\">Quais s\u00e3o os sinais distintivos da estenose lombar?<\/h2>\n\n\n\n<p>Os sintomas t\u00edpicos da estenose lombar incluem dor irradiando da <a href=\"https:\/\/www.em.com.br\/emfoco\/2025\/09\/11\/dor-na-lombar-pode-ser-sinal-de-hernia-de-disco-que-precisa-de-atencao-medica\/\" target=\"_blank\" rel=\"noreferrer noopener\">regi\u00e3o lombar para as pernas<\/a>, frequentemente acompanhada de sensa\u00e7\u00e3o de formigamento ou queima\u00e7\u00e3o. Os pacientes tamb\u00e9m podem experimentar fraqueza muscular nas pernas, c\u00e3ibras e at\u00e9 perda de sensibilidade, o que pode afetar o equil\u00edbrio e a mobilidade.<\/p>\n\n\n\n<p>A dificuldade para caminhar, sensa\u00e7\u00e3o de peso nas pernas e instabilidade ao subir ou descer escadas s\u00e3o comuns. Em casos graves, pode haver comprometimento da for\u00e7a motora, reduzindo a capacidade de realizar tarefas cotidianas. Al\u00e9m disso, embora raro, pode haver comprometimento do controle esfincteriano.<\/p>\n\n\n\n<h2 class=\"wp-block-heading\">A fisioterapia \u00e9 eficaz no tratamento da estenose lombar?<\/h2>\n\n\n\n<p>Sim, a fisioterapia \u00e9 amplamente recomendada como parte do tratamento da estenose lombar, com foco no al\u00edvio da dor e na recupera\u00e7\u00e3o da mobilidade. Fisioterapeutas empregam m\u00e9todos para fortalecer os m\u00fasculos que suportam a coluna, melhorando a flexibilidade e reduzindo a press\u00e3o nos nervos. Com o avan\u00e7o do tratamento, ajustes s\u00e3o feitos para minimizar o desconforto.<\/p>\n\n\n<div class=\"wp-block-image\">\n<figure class=\"aligncenter size-large\"><img loading=\"lazy\" decoding=\"async\" width=\"1024\" height=\"576\" src=\"https:\/\/www.em.com.br\/emfoco\/wp-content\/uploads\/2025\/09\/dor-lombar_1757686263534-1024x576.jpg\" alt=\"Essa dor nas costas que melhora sentado pode ser estenose lombar\" class=\"wp-image-103526\" srcset=\"https:\/\/www.em.com.br\/emfoco\/wp-content\/uploads\/2025\/09\/dor-lombar_1757686263534-1024x576.jpg 1024w, https:\/\/www.em.com.br\/emfoco\/wp-content\/uploads\/2025\/09\/dor-lombar_1757686263534-300x169.jpg 300w, https:\/\/www.em.com.br\/emfoco\/wp-content\/uploads\/2025\/09\/dor-lombar_1757686263534-768x432.jpg 768w, https:\/\/www.em.com.br\/emfoco\/wp-content\/uploads\/2025\/09\/dor-lombar_1757686263534-750x422.jpg 750w, https:\/\/www.em.com.br\/emfoco\/wp-content\/uploads\/2025\/09\/dor-lombar_1757686263534-1140x641.jpg 1140w, https:\/\/www.em.com.br\/emfoco\/wp-content\/uploads\/2025\/09\/dor-lombar_1757686263534.jpg 1280w\" sizes=\"auto, (max-width: 1024px) 100vw, 1024px\" \/><figcaption class=\"wp-element-caption\">Estenose lombar pode causar fraqueza e sensa\u00e7\u00e3o de peso nas pernas (Cr\u00e9ditos: depositphotos.com \/ Koldunov)<\/figcaption><\/figure><\/div>\n\n\n<p>Come\u00e7ar a fisioterapia logo ap\u00f3s o diagn\u00f3stico \u00e9 ben\u00e9fico, sobretudo quando se percebem os primeiros sinais de dor e dificuldades de movimento. A terapia \u00e9 adaptada \u00e0s necessidades espec\u00edficas de cada paciente, buscando evitar a depend\u00eancia de medicamentos e adiando, quando poss\u00edvel, a necessidade de interven\u00e7\u00f5es cir\u00fargicas.<\/p>\n\n\n\n<h2 class=\"wp-block-heading\">Que outras abordagens podem auxiliar no manejo da estenose lombar?<\/h2>\n\n\n\n<p>Al\u00e9m da fisioterapia, outras medidas podem ser adotadas para melhorar a vida de quem lida com essa condi\u00e7\u00e3o. O uso de suportes, como \u00f3rteses, e a pr\u00e1tica de exerc\u00edcios supervisionados s\u00e3o recomendados para preservar a autonomia e aumentar a seguran\u00e7a em atividades di\u00e1rias.<\/p>\n\n\n\n<p>Consultas m\u00e9dicas regulares s\u00e3o essenciais para monitorar a progress\u00e3o dos sintomas e ajustar o tratamento conforme necess\u00e1rio. Essa abordagem multidisciplinar permite um controle mais efetivo da estenose lombar, prevenindo a progress\u00e3o dos sintomas e melhorando o bem-estar geral do paciente.<\/p>\n","protected":false},"excerpt":{"rendered":"<p>A estenose lombar \u00e9 uma condi\u00e7\u00e3o m\u00e9dica que resulta no estreitamento do canal espinhal na regi\u00e3o lombar, frequentemente afetando indiv\u00edduos acima dos 50 anos. Este estreitamento pode exercer press\u00e3o sobre os nervos e ocasionalmente sobre a medula espinhal, gerando dores e desconfortos que impactam as atividades di\u00e1rias. Reconhecer e compreender os sinais dessa condi\u00e7\u00e3o \u00e9 [&hellip;]<\/p>\n","protected":false},"author":10,"featured_media":103524,"comment_status":"open","ping_status":"open","sticky":false,"template":"","format":"standard","meta":{"jnews-multi-image_gallery":[],"jnews_single_post":{"format":"standard"},"jnews_primary_category":[],"jnews_social_meta":[],"jnews_override_counter":[],"footnotes":""},"categories":[9053],"tags":[5286,9959,10598,415],"class_list":["post-103501","post","type-post","status-publish","format-standard","has-post-thumbnail","hentry","category-saude","tag-coluna","tag-dor","tag-lombar","tag-saude"],"yoast_head":"<!-- This site is optimized with the Yoast SEO plugin v23.8 - https:\/\/yoast.com\/wordpress\/plugins\/seo\/ -->\n<title>Essa dor nas costas que melhora sentado pode ser estenose lombar - Estado de Minas - Em foco<\/title>\n<meta name=\"description\" content=\"Dor, formigamento e fraqueza podem indicar estenose lombar, mas h\u00e1 tratamentos que fortalecem o corpo e devolvem qualidade de vida.\" \/>\n<meta name=\"robots\" content=\"index, follow, max-snippet:-1, max-image-preview:large, max-video-preview:-1\" \/>\n<link rel=\"canonical\" href=\"https:\/\/www.em.com.br\/emfoco\/2025\/09\/12\/essa-dor-nas-costas-que-melhora-sentado-pode-ser-estenose-lombar\/\" \/>\n<meta property=\"og:locale\" content=\"pt_BR\" \/>\n<meta property=\"og:type\" content=\"article\" \/>\n<meta property=\"og:title\" content=\"Essa dor nas costas que melhora sentado pode ser estenose lombar - Estado de Minas - Em foco\" \/>\n<meta property=\"og:description\" content=\"Dor, formigamento e fraqueza podem indicar estenose lombar, mas h\u00e1 tratamentos que fortalecem o corpo e devolvem qualidade de vida.\" \/>\n<meta property=\"og:url\" content=\"https:\/\/www.em.com.br\/emfoco\/2025\/09\/12\/essa-dor-nas-costas-que-melhora-sentado-pode-ser-estenose-lombar\/\" \/>\n<meta property=\"og:site_name\" content=\"Estado de Minas - Em foco\" \/>\n<meta property=\"article:published_time\" content=\"2025-09-12T19:58:00+00:00\" \/>\n<meta property=\"article:modified_time\" content=\"2025-09-12T14:12:31+00:00\" \/>\n<meta property=\"og:image\" content=\"https:\/\/www.em.com.br\/emfoco\/wp-content\/uploads\/2025\/09\/dor-lombar_1757686107738-1.jpg\" \/>\n\t<meta property=\"og:image:width\" content=\"1280\" \/>\n\t<meta property=\"og:image:height\" content=\"720\" \/>\n\t<meta property=\"og:image:type\" content=\"image\/jpeg\" \/>\n<meta name=\"author\" content=\"Patryck Reinehr\" \/>\n<meta name=\"twitter:card\" content=\"summary_large_image\" \/>\n<meta name=\"twitter:label1\" content=\"Escrito por\" \/>\n\t<meta name=\"twitter:data1\" content=\"Patryck Reinehr\" \/>\n\t<meta name=\"twitter:label2\" content=\"Est. tempo de leitura\" \/>\n\t<meta name=\"twitter:data2\" content=\"3 minutos\" \/>\n<!-- \/ Yoast SEO plugin. -->","yoast_head_json":{"title":"Essa dor nas costas que melhora sentado pode ser estenose lombar - Estado de Minas - Em foco","description":"Dor, formigamento e fraqueza podem indicar estenose lombar, mas h\u00e1 tratamentos que fortalecem o corpo e devolvem qualidade de vida.","robots":{"index":"index","follow":"follow","max-snippet":"max-snippet:-1","max-image-preview":"max-image-preview:large","max-video-preview":"max-video-preview:-1"},"canonical":"https:\/\/www.em.com.br\/emfoco\/2025\/09\/12\/essa-dor-nas-costas-que-melhora-sentado-pode-ser-estenose-lombar\/","og_locale":"pt_BR","og_type":"article","og_title":"Essa dor nas costas que melhora sentado pode ser estenose lombar - Estado de Minas - Em foco","og_description":"Dor, formigamento e fraqueza podem indicar estenose lombar, mas h\u00e1 tratamentos que fortalecem o corpo e devolvem qualidade de vida.","og_url":"https:\/\/www.em.com.br\/emfoco\/2025\/09\/12\/essa-dor-nas-costas-que-melhora-sentado-pode-ser-estenose-lombar\/","og_site_name":"Estado de Minas - Em foco","article_published_time":"2025-09-12T19:58:00+00:00","article_modified_time":"2025-09-12T14:12:31+00:00","og_image":[{"width":1280,"height":720,"url":"https:\/\/www.em.com.br\/emfoco\/wp-content\/uploads\/2025\/09\/dor-lombar_1757686107738-1.jpg","type":"image\/jpeg"}],"author":"Patryck Reinehr","twitter_card":"summary_large_image","twitter_misc":{"Escrito por":"Patryck Reinehr","Est. tempo de leitura":"3 minutos"},"schema":{"@context":"https:\/\/schema.org","@graph":[{"@type":"WebPage","@id":"https:\/\/www.em.com.br\/emfoco\/2025\/09\/12\/essa-dor-nas-costas-que-melhora-sentado-pode-ser-estenose-lombar\/","url":"https:\/\/www.em.com.br\/emfoco\/2025\/09\/12\/essa-dor-nas-costas-que-melhora-sentado-pode-ser-estenose-lombar\/","name":"Essa dor nas costas que melhora sentado pode ser estenose lombar - Estado de Minas - Em foco","isPartOf":{"@id":"https:\/\/www.em.com.br\/emfoco\/#website"},"primaryImageOfPage":{"@id":"https:\/\/www.em.com.br\/emfoco\/2025\/09\/12\/essa-dor-nas-costas-que-melhora-sentado-pode-ser-estenose-lombar\/#primaryimage"},"image":{"@id":"https:\/\/www.em.com.br\/emfoco\/2025\/09\/12\/essa-dor-nas-costas-que-melhora-sentado-pode-ser-estenose-lombar\/#primaryimage"},"thumbnailUrl":"https:\/\/www.em.com.br\/emfoco\/wp-content\/uploads\/2025\/09\/dor-lombar_1757686107738-1.jpg","datePublished":"2025-09-12T19:58:00+00:00","dateModified":"2025-09-12T14:12:31+00:00","author":{"@id":"https:\/\/www.em.com.br\/emfoco\/#\/schema\/person\/43407752bebcbbb4d0ec79deedc0d7ce"},"description":"Dor, formigamento e fraqueza podem indicar estenose lombar, mas h\u00e1 tratamentos que fortalecem o corpo e devolvem qualidade de vida.","breadcrumb":{"@id":"https:\/\/www.em.com.br\/emfoco\/2025\/09\/12\/essa-dor-nas-costas-que-melhora-sentado-pode-ser-estenose-lombar\/#breadcrumb"},"inLanguage":"pt-BR","potentialAction":[{"@type":"ReadAction","target":["https:\/\/www.em.com.br\/emfoco\/2025\/09\/12\/essa-dor-nas-costas-que-melhora-sentado-pode-ser-estenose-lombar\/"]}]},{"@type":"ImageObject","inLanguage":"pt-BR","@id":"https:\/\/www.em.com.br\/emfoco\/2025\/09\/12\/essa-dor-nas-costas-que-melhora-sentado-pode-ser-estenose-lombar\/#primaryimage","url":"https:\/\/www.em.com.br\/emfoco\/wp-content\/uploads\/2025\/09\/dor-lombar_1757686107738-1.jpg","contentUrl":"https:\/\/www.em.com.br\/emfoco\/wp-content\/uploads\/2025\/09\/dor-lombar_1757686107738-1.jpg","width":1280,"height":720,"caption":"Fisioterapia ajuda a aliviar a dor e recuperar a mobilidade na estenose lombar (Cr\u00e9ditos: depositphotos.com \/ Milkos)"},{"@type":"BreadcrumbList","@id":"https:\/\/www.em.com.br\/emfoco\/2025\/09\/12\/essa-dor-nas-costas-que-melhora-sentado-pode-ser-estenose-lombar\/#breadcrumb","itemListElement":[{"@type":"ListItem","position":1,"name":"In\u00edcio","item":"https:\/\/www.em.com.br\/emfoco\/"},{"@type":"ListItem","position":2,"name":"Essa dor nas costas que melhora sentado pode ser estenose lombar"}]},{"@type":"WebSite","@id":"https:\/\/www.em.com.br\/emfoco\/#website","url":"https:\/\/www.em.com.br\/emfoco\/","name":"Estado de Minas - Em foco","description":"Acompanhe as \u00faltimas not\u00edcias e fique bem informado sobre tudo o que acontece em Minas Gerais, Brasil e no mundo.","potentialAction":[{"@type":"SearchAction","target":{"@type":"EntryPoint","urlTemplate":"https:\/\/www.em.com.br\/emfoco\/?s={search_term_string}"},"query-input":{"@type":"PropertyValueSpecification","valueRequired":true,"valueName":"search_term_string"}}],"inLanguage":"pt-BR"},{"@type":"Person","@id":"https:\/\/www.em.com.br\/emfoco\/#\/schema\/person\/43407752bebcbbb4d0ec79deedc0d7ce","name":"Patryck Reinehr","image":{"@type":"ImageObject","inLanguage":"pt-BR","@id":"https:\/\/www.em.com.br\/emfoco\/#\/schema\/person\/image\/","url":"https:\/\/secure.gravatar.com\/avatar\/570c7fb2898c0e2df0823196891bea88?s=96&d=mm&r=g","contentUrl":"https:\/\/secure.gravatar.com\/avatar\/570c7fb2898c0e2df0823196891bea88?s=96&d=mm&r=g","caption":"Patryck Reinehr"},"url":"https:\/\/www.em.com.br\/emfoco\/author\/patryckmyth\/"}]}},"_links":{"self":[{"href":"https:\/\/www.em.com.br\/emfoco\/wp-json\/wp\/v2\/posts\/103501","targetHints":{"allow":["GET"]}}],"collection":[{"href":"https:\/\/www.em.com.br\/emfoco\/wp-json\/wp\/v2\/posts"}],"about":[{"href":"https:\/\/www.em.com.br\/emfoco\/wp-json\/wp\/v2\/types\/post"}],"author":[{"embeddable":true,"href":"https:\/\/www.em.com.br\/emfoco\/wp-json\/wp\/v2\/users\/10"}],"replies":[{"embeddable":true,"href":"https:\/\/www.em.com.br\/emfoco\/wp-json\/wp\/v2\/comments?post=103501"}],"version-history":[{"count":1,"href":"https:\/\/www.em.com.br\/emfoco\/wp-json\/wp\/v2\/posts\/103501\/revisions"}],"predecessor-version":[{"id":103527,"href":"https:\/\/www.em.com.br\/emfoco\/wp-json\/wp\/v2\/posts\/103501\/revisions\/103527"}],"wp:featuredmedia":[{"embeddable":true,"href":"https:\/\/www.em.com.br\/emfoco\/wp-json\/wp\/v2\/media\/103524"}],"wp:attachment":[{"href":"https:\/\/www.em.com.br\/emfoco\/wp-json\/wp\/v2\/media?parent=103501"}],"wp:term":[{"taxonomy":"category","embeddable":true,"href":"https:\/\/www.em.com.br\/emfoco\/wp-json\/wp\/v2\/categories?post=103501"},{"taxonomy":"post_tag","embeddable":true,"href":"https:\/\/www.em.com.br\/emfoco\/wp-json\/wp\/v2\/tags?post=103501"}],"curies":[{"name":"wp","href":"https:\/\/api.w.org\/{rel}","templated":true}]}}