{"id":10349,"date":"2025-01-17T13:20:00","date_gmt":"2025-01-17T16:20:00","guid":{"rendered":"https:\/\/www.em.com.br\/emfoco\/?p=10349"},"modified":"2025-06-17T17:20:22","modified_gmt":"2025-06-17T20:20:22","slug":"conheca-os-suvs-mais-baratos-e-acessiveis-do-brasil-em-2025","status":"publish","type":"post","link":"https:\/\/www.em.com.br\/emfoco\/2025\/01\/17\/conheca-os-suvs-mais-baratos-e-acessiveis-do-brasil-em-2025\/","title":{"rendered":"Conhe\u00e7a os SUVs mais baratos e acess\u00edveis do Brasil em 2025"},"content":{"rendered":"\n<p>O mercado <strong><a href=\"https:\/\/www.em.com.br\/emfoco\/2025\/05\/16\/novo-audi-a6-e-tron-chega-ao-brasil-para-revolucionar-o-mercado-de-sedans-eletricos\/\" target=\"_blank\" rel=\"noreferrer noopener\">brasileiro <\/a><\/strong>de <strong>SUVs<\/strong> vivencia um per\u00edodo de expans\u00e3o not\u00e1vel, consolidando sua posi\u00e7\u00e3o como a categoria mais procurada pelos consumidores nacionais. Os SUVs representam 48,22% das vendas totais de ve\u00edculos no pa\u00eds, demonstrando uma evolu\u00e7\u00e3o significativa da prefer\u00eancia nacional por esses utilit\u00e1rios esportivos. A demanda crescente reflete as necessidades contempor\u00e2neas das fam\u00edlias brasileiras, que buscam ve\u00edculos vers\u00e1teis capazes de oferecer conforto urbano e capacidade para aventuras.<\/p>\n\n\n\n<p>O <strong><a href=\"https:\/\/www.vw.com.br\/pt\/carros\/t-cross.html\" target=\"_blank\" rel=\"noreferrer noopener\">Volkswagen T-Cross<\/a><\/strong> foi, novamente, o SUV mais vendido do Brasil em 2024, evidenciando como essa categoria consegue conciliar praticidade com custo acess\u00edvel. A an\u00e1lise dos cinco <strong>SUVs<\/strong> mais econ\u00f4micos revela uma competi\u00e7\u00e3o acirrada entre as montadoras para conquistar consumidores que valorizam o equil\u00edbrio entre pre\u00e7o e funcionalidade no mercado nacional.<\/p>\n\n\n\n<h2 class=\"wp-block-heading\"><strong>Por que os SUVs conquistaram o cora\u00e7\u00e3o brasileiro?<\/strong><\/h2>\n\n\n\n<p>A prefer\u00eancia nacional pelos <strong>SUVs<\/strong> representa uma mudan\u00e7a estrutural no comportamento de compra dos brasileiros. Diferentemente dos carros tradicionais, esses ve\u00edculos oferecem uma posi\u00e7\u00e3o de condu\u00e7\u00e3o elevada que proporciona maior visibilidade e sensa\u00e7\u00e3o de seguran\u00e7a ao dirigir. O espa\u00e7o interno ampliado e a versatilidade do porta-malas atendem perfeitamente \u00e0s demandas das fam\u00edlias modernas, que precisam transportar desde compras cotidianas at\u00e9 equipamentos para viagens de fim de semana.<\/p>\n\n\n\n<p>Desde 2020, os SUVs ultrapassaram os hatches pequenos em n\u00famero de emplacamentos, marcando uma transforma\u00e7\u00e3o definitiva no mercado automotivo brasileiro. Essa mudan\u00e7a reflete tamb\u00e9m a evolu\u00e7\u00e3o tecnol\u00f3gica dos motores turbo, que conseguem entregar performance adequada mesmo em motoriza\u00e7\u00f5es menores, combinando economia de combust\u00edvel com desempenho satisfat\u00f3rio para o uso urbano e rodovi\u00e1rio.<\/p>\n\n\n\n<figure class=\"wp-block-image size-full is-resized\"><img loading=\"lazy\" decoding=\"async\" width=\"774\" height=\"436\" src=\"https:\/\/www.em.com.br\/emfoco\/wp-content\/uploads\/2025\/01\/image-66-e1736773063639.png\" alt=\"Conhe\u00e7a os SUVs mais baratos e acess\u00edveis do Brasil em 2025\" class=\"wp-image-10357\" style=\"width:1120px;height:auto\" srcset=\"https:\/\/www.em.com.br\/emfoco\/wp-content\/uploads\/2025\/01\/image-66-e1736773063639.png 774w, https:\/\/www.em.com.br\/emfoco\/wp-content\/uploads\/2025\/01\/image-66-e1736773063639-300x169.png 300w, https:\/\/www.em.com.br\/emfoco\/wp-content\/uploads\/2025\/01\/image-66-e1736773063639-768x433.png 768w, https:\/\/www.em.com.br\/emfoco\/wp-content\/uploads\/2025\/01\/image-66-e1736773063639-750x422.png 750w\" sizes=\"auto, (max-width: 774px) 100vw, 774px\" \/><figcaption class=\"wp-element-caption\">Citro\u00ebn Basalt &#8211; Cr\u00e9ditos: Stellantis\/Divulga\u00e7\u00e3o<\/figcaption><\/figure>\n\n\n\n<h2 class=\"wp-block-heading\"><strong>Qual SUV oferece o melhor custo-benef\u00edcio para iniciantes?<\/strong><\/h2>\n\n\n\n<p>O <strong>Citro\u00ebn Basalt<\/strong> emerge como a op\u00e7\u00e3o mais democr\u00e1tica do segmento, estabelecendo um novo patamar de acessibilidade com seu pre\u00e7o inicial de R$ 89.990. Desenvolvido em parceria com a \u00cdndia, o Basalt \u00e9 fruto do projeto CCubed, uma estrat\u00e9gia global da <strong>Stellantis<\/strong> para criar ve\u00edculos econ\u00f4micos sem comprometer qualidade. Sua motoriza\u00e7\u00e3o de entrada utiliza o propulsor 1.0 <strong>Firefly<\/strong> de 75 cv, enquanto as vers\u00f5es superiores recebem o motor 1.0 turbo de 130 cv, demonstrando versatilidade tecnol\u00f3gica.<\/p>\n\n\n\n<p>O porta-malas, com capacidade para 490 litros, \u00e9 um dos destaques, superando muitos concorrentes diretos e oferecendo praticidade superior para fam\u00edlias. O <strong>Basalt<\/strong> representa uma estrat\u00e9gia audaciosa da <strong>Citro\u00ebn<\/strong> para democratizar o acesso aos <strong>SUVs<\/strong>, posicionando-se como alternativa vi\u00e1vel para consumidores que anteriormente consideravam apenas hatches convencionais em suas escolhas de compra.<\/p>\n\n\n\n<h2 class=\"wp-block-heading\"><strong>Como os concorrentes diretos se posicionam no mercado?<\/strong><\/h2>\n\n\n\n<p>O <strong>Renault Kardian<\/strong> e o <strong>Fiat Pulse<\/strong> disputam a segunda posi\u00e7\u00e3o entre os <strong>SUVs<\/strong> mais acess\u00edveis, com pre\u00e7os iniciais pr\u00f3ximos aos R$ 107.000. O <strong>Kardian<\/strong> se destaca pela motoriza\u00e7\u00e3o turbo de 125 cv como padr\u00e3o em toda linha, oferecendo performance consistente independentemente da vers\u00e3o escolhida. Sua proposta de c\u00e2mbio automatizado de dupla embreagem nas vers\u00f5es superiores representa um diferencial tecnol\u00f3gico significativo no segmento econ\u00f4mico.<\/p>\n\n\n\n<p>O <strong>Pulse<\/strong>, por sua vez, aposta na diversidade de op\u00e7\u00f5es mec\u00e2nicas, incluindo a vers\u00e3o <strong>Abarth<\/strong> com motor 1.3 turbo de 185 cv para consumidores que priorizam desempenho esportivo. Essa estrat\u00e9gia da <strong>Fiat<\/strong> demonstra como \u00e9 poss\u00edvel expandir um modelo b\u00e1sico para atender diferentes perfis de condutores, desde fam\u00edlias econ\u00f4micas at\u00e9 entusiastas que buscam adrenalina no tr\u00e2nsito urbano.<\/p>\n\n\n\n<h2 class=\"wp-block-heading\"><strong>Quais modelos completam o top 5 mais acess\u00edvel?<\/strong><\/h2>\n\n\n\n<p>O <strong>Nissan Kicks<\/strong> e o <strong>Citro\u00ebn C3 Aircross<\/strong> ocupam respectivamente a quarta e quinta posi\u00e7\u00f5es no ranking de acessibilidade, ambos iniciando pr\u00f3ximo aos R$ 115.000. O <strong>Kicks<\/strong> mant\u00e9m uma proposta conservadora com motor 1.6 flex naturalmente aspirado, priorizando confiabilidade e baixo custo de manuten\u00e7\u00e3o sobre performance. Sua vers\u00e3o <strong>Exclusive<\/strong> pode atingir R$ 155.990, demonstrando amplitude de configura\u00e7\u00f5es para diferentes or\u00e7amentos familiares.<\/p>\n\n\n\n<p>O <strong>C3 Aircross<\/strong> completa o quinteto com uma abordagem diferenciada, oferecendo exclusivamente motor 1.0 turbo de 130 cv e c\u00e2mbio <strong>CVT<\/strong> autom\u00e1tico em todas as vers\u00f5es. Essa estrat\u00e9gia elimina a complexidade de escolha entre diferentes motoriza\u00e7\u00f5es, simplificando a decis\u00e3o de compra e garantindo performance turbo mesmo na vers\u00e3o de entrada. Ambos os modelos representam alternativas consolidadas para consumidores que buscam tradi\u00e7\u00e3o e confiabilidade em suas escolhas automotivas.<\/p>\n\n\n\n<h2 class=\"wp-block-heading\"><strong>O futuro promissor dos SUVs econ\u00f4micos brasileiros<\/strong><\/h2>\n\n\n\n<p>A consolida\u00e7\u00e3o dos <strong>SUVs<\/strong> como categoria dominante no mercado brasileiro sinaliza uma tend\u00eancia irrevers\u00edvel na prefer\u00eancia nacional. Atualmente, eles representam 55,86% de todos os carros zero km vendidos no pa\u00eds, evidenciando como esses ve\u00edculos conseguiram transcender nichos espec\u00edficos para se tornarem a escolha principal das fam\u00edlias brasileiras. Essa transforma\u00e7\u00e3o impulsiona as montadoras a desenvolverem constantemente novas op\u00e7\u00f5es, prometendo maior diversidade e competitividade no segmento econ\u00f4mico.<\/p>\n\n\n\n<p>A competi\u00e7\u00e3o entre os cinco modelos mais acess\u00edveis demonstra a maturidade do mercado nacional de <strong>SUVs<\/strong>, onde cada marca desenvolve estrat\u00e9gias espec\u00edficas para atrair consumidores. Desde a abordagem ultraecon\u00f4mica do <strong>Basalt<\/strong> at\u00e9 as vers\u00f5es mais sofisticadas do <strong>Kicks<\/strong> e <strong>C3 Aircross<\/strong>, o cen\u00e1rio atual oferece alternativas consistentes para diferentes perfis de compradores, consolidando os <strong>SUVs<\/strong> como a categoria que melhor atende \u00e0s necessidades contempor\u00e2neas da mobilidade brasileira.<\/p>\n","protected":false},"excerpt":{"rendered":"<p>O mercado brasileiro de SUVs vivencia um per\u00edodo de expans\u00e3o not\u00e1vel, consolidando sua posi\u00e7\u00e3o como a categoria mais procurada pelos consumidores nacionais. Os SUVs representam 48,22% das vendas totais de ve\u00edculos no pa\u00eds, demonstrando uma evolu\u00e7\u00e3o significativa da prefer\u00eancia nacional por esses utilit\u00e1rios esportivos. A demanda crescente reflete as necessidades contempor\u00e2neas das fam\u00edlias brasileiras, que [&hellip;]<\/p>\n","protected":false},"author":5,"featured_media":62448,"comment_status":"open","ping_status":"open","sticky":false,"template":"","format":"standard","meta":{"jnews-multi-image_gallery":[],"jnews_single_post":{"format":"standard"},"jnews_primary_category":[],"jnews_social_meta":[],"jnews_override_counter":[],"footnotes":""},"categories":[27,1],"tags":[1116,3404,1118],"class_list":["post-10349","post","type-post","status-publish","format-standard","has-post-thumbnail","hentry","category-carros","category-noticias","tag-carros","tag-carros-acessiveis","tag-suv"],"yoast_head":"<!-- This site is optimized with the Yoast SEO plugin v23.8 - https:\/\/yoast.com\/wordpress\/plugins\/seo\/ -->\n<title>Conhe\u00e7a os SUVs mais baratos e acess\u00edveis do Brasil em 2025 - Estado de Minas - Em foco<\/title>\n<meta name=\"description\" content=\"Conhe\u00e7a os SUVs acess\u00edveis que est\u00e3o dominando o mercado em 2025 e veja por que eles s\u00e3o os favoritos dos brasileiros!\" \/>\n<meta name=\"robots\" content=\"index, follow, max-snippet:-1, max-image-preview:large, max-video-preview:-1\" \/>\n<link rel=\"canonical\" href=\"https:\/\/www.em.com.br\/emfoco\/2025\/01\/17\/conheca-os-suvs-mais-baratos-e-acessiveis-do-brasil-em-2025\/\" \/>\n<meta property=\"og:locale\" content=\"pt_BR\" \/>\n<meta property=\"og:type\" content=\"article\" \/>\n<meta property=\"og:title\" content=\"Conhe\u00e7a os SUVs mais baratos e acess\u00edveis do Brasil em 2025 - Estado de Minas - Em foco\" \/>\n<meta property=\"og:description\" content=\"Conhe\u00e7a os SUVs acess\u00edveis que est\u00e3o dominando o mercado em 2025 e veja por que eles s\u00e3o os favoritos dos brasileiros!\" \/>\n<meta property=\"og:url\" content=\"https:\/\/www.em.com.br\/emfoco\/2025\/01\/17\/conheca-os-suvs-mais-baratos-e-acessiveis-do-brasil-em-2025\/\" \/>\n<meta property=\"og:site_name\" content=\"Estado de Minas - Em foco\" \/>\n<meta property=\"article:published_time\" content=\"2025-01-17T16:20:00+00:00\" \/>\n<meta property=\"article:modified_time\" content=\"2025-06-17T20:20:22+00:00\" \/>\n<meta property=\"og:image\" content=\"https:\/\/www.em.com.br\/emfoco\/wp-content\/uploads\/2025\/01\/carros_1750190926493.jpg\" \/>\n\t<meta property=\"og:image:width\" content=\"1280\" \/>\n\t<meta property=\"og:image:height\" content=\"720\" \/>\n\t<meta property=\"og:image:type\" content=\"image\/jpeg\" \/>\n<meta name=\"author\" content=\"N\u00fabia Rangel\" \/>\n<meta name=\"twitter:card\" content=\"summary_large_image\" \/>\n<meta name=\"twitter:label1\" content=\"Escrito por\" \/>\n\t<meta name=\"twitter:data1\" content=\"N\u00fabia Rangel\" \/>\n\t<meta name=\"twitter:label2\" content=\"Est. tempo de leitura\" \/>\n\t<meta name=\"twitter:data2\" content=\"5 minutos\" \/>\n<!-- \/ Yoast SEO plugin. -->","yoast_head_json":{"title":"Conhe\u00e7a os SUVs mais baratos e acess\u00edveis do Brasil em 2025 - Estado de Minas - Em foco","description":"Conhe\u00e7a os SUVs acess\u00edveis que est\u00e3o dominando o mercado em 2025 e veja por que eles s\u00e3o os favoritos dos brasileiros!","robots":{"index":"index","follow":"follow","max-snippet":"max-snippet:-1","max-image-preview":"max-image-preview:large","max-video-preview":"max-video-preview:-1"},"canonical":"https:\/\/www.em.com.br\/emfoco\/2025\/01\/17\/conheca-os-suvs-mais-baratos-e-acessiveis-do-brasil-em-2025\/","og_locale":"pt_BR","og_type":"article","og_title":"Conhe\u00e7a os SUVs mais baratos e acess\u00edveis do Brasil em 2025 - Estado de Minas - Em foco","og_description":"Conhe\u00e7a os SUVs acess\u00edveis que est\u00e3o dominando o mercado em 2025 e veja por que eles s\u00e3o os favoritos dos brasileiros!","og_url":"https:\/\/www.em.com.br\/emfoco\/2025\/01\/17\/conheca-os-suvs-mais-baratos-e-acessiveis-do-brasil-em-2025\/","og_site_name":"Estado de Minas - Em foco","article_published_time":"2025-01-17T16:20:00+00:00","article_modified_time":"2025-06-17T20:20:22+00:00","og_image":[{"width":1280,"height":720,"url":"https:\/\/www.em.com.br\/emfoco\/wp-content\/uploads\/2025\/01\/carros_1750190926493.jpg","type":"image\/jpeg"}],"author":"N\u00fabia Rangel","twitter_card":"summary_large_image","twitter_misc":{"Escrito por":"N\u00fabia Rangel","Est. tempo de leitura":"5 minutos"},"schema":{"@context":"https:\/\/schema.org","@graph":[{"@type":"WebPage","@id":"https:\/\/www.em.com.br\/emfoco\/2025\/01\/17\/conheca-os-suvs-mais-baratos-e-acessiveis-do-brasil-em-2025\/","url":"https:\/\/www.em.com.br\/emfoco\/2025\/01\/17\/conheca-os-suvs-mais-baratos-e-acessiveis-do-brasil-em-2025\/","name":"Conhe\u00e7a os SUVs mais baratos e acess\u00edveis do Brasil em 2025 - Estado de Minas - Em foco","isPartOf":{"@id":"https:\/\/www.em.com.br\/emfoco\/#website"},"primaryImageOfPage":{"@id":"https:\/\/www.em.com.br\/emfoco\/2025\/01\/17\/conheca-os-suvs-mais-baratos-e-acessiveis-do-brasil-em-2025\/#primaryimage"},"image":{"@id":"https:\/\/www.em.com.br\/emfoco\/2025\/01\/17\/conheca-os-suvs-mais-baratos-e-acessiveis-do-brasil-em-2025\/#primaryimage"},"thumbnailUrl":"https:\/\/www.em.com.br\/emfoco\/wp-content\/uploads\/2025\/01\/carros_1750190926493.jpg","datePublished":"2025-01-17T16:20:00+00:00","dateModified":"2025-06-17T20:20:22+00:00","author":{"@id":"https:\/\/www.em.com.br\/emfoco\/#\/schema\/person\/524437ef54f8a5d32591b143307f2e20"},"description":"Conhe\u00e7a os SUVs acess\u00edveis que est\u00e3o dominando o mercado em 2025 e veja por que eles s\u00e3o os favoritos dos brasileiros!","breadcrumb":{"@id":"https:\/\/www.em.com.br\/emfoco\/2025\/01\/17\/conheca-os-suvs-mais-baratos-e-acessiveis-do-brasil-em-2025\/#breadcrumb"},"inLanguage":"pt-BR","potentialAction":[{"@type":"ReadAction","target":["https:\/\/www.em.com.br\/emfoco\/2025\/01\/17\/conheca-os-suvs-mais-baratos-e-acessiveis-do-brasil-em-2025\/"]}]},{"@type":"ImageObject","inLanguage":"pt-BR","@id":"https:\/\/www.em.com.br\/emfoco\/2025\/01\/17\/conheca-os-suvs-mais-baratos-e-acessiveis-do-brasil-em-2025\/#primaryimage","url":"https:\/\/www.em.com.br\/emfoco\/wp-content\/uploads\/2025\/01\/carros_1750190926493.jpg","contentUrl":"https:\/\/www.em.com.br\/emfoco\/wp-content\/uploads\/2025\/01\/carros_1750190926493.jpg","width":1280,"height":720,"caption":"Carros - Cr\u00e9ditos: depositphotos.com \/ SashaKhalabuzar"},{"@type":"BreadcrumbList","@id":"https:\/\/www.em.com.br\/emfoco\/2025\/01\/17\/conheca-os-suvs-mais-baratos-e-acessiveis-do-brasil-em-2025\/#breadcrumb","itemListElement":[{"@type":"ListItem","position":1,"name":"In\u00edcio","item":"https:\/\/www.em.com.br\/emfoco\/"},{"@type":"ListItem","position":2,"name":"Conhe\u00e7a os SUVs mais baratos e acess\u00edveis do Brasil em 2025"}]},{"@type":"WebSite","@id":"https:\/\/www.em.com.br\/emfoco\/#website","url":"https:\/\/www.em.com.br\/emfoco\/","name":"Estado de Minas - Em foco","description":"Acompanhe as \u00faltimas not\u00edcias e fique bem informado sobre tudo o que acontece em Minas Gerais, Brasil e no mundo.","potentialAction":[{"@type":"SearchAction","target":{"@type":"EntryPoint","urlTemplate":"https:\/\/www.em.com.br\/emfoco\/?s={search_term_string}"},"query-input":{"@type":"PropertyValueSpecification","valueRequired":true,"valueName":"search_term_string"}}],"inLanguage":"pt-BR"},{"@type":"Person","@id":"https:\/\/www.em.com.br\/emfoco\/#\/schema\/person\/524437ef54f8a5d32591b143307f2e20","name":"N\u00fabia Rangel","image":{"@type":"ImageObject","inLanguage":"pt-BR","@id":"https:\/\/www.em.com.br\/emfoco\/#\/schema\/person\/image\/","url":"https:\/\/secure.gravatar.com\/avatar\/47cff2827a5ba23c37e8068c86817ea4?s=96&d=mm&r=g","contentUrl":"https:\/\/secure.gravatar.com\/avatar\/47cff2827a5ba23c37e8068c86817ea4?s=96&d=mm&r=g","caption":"N\u00fabia Rangel"},"sameAs":["https:\/\/www.em.com.br\/emfoco\/"],"url":"https:\/\/www.em.com.br\/emfoco\/author\/nubiamyth\/"}]}},"_links":{"self":[{"href":"https:\/\/www.em.com.br\/emfoco\/wp-json\/wp\/v2\/posts\/10349","targetHints":{"allow":["GET"]}}],"collection":[{"href":"https:\/\/www.em.com.br\/emfoco\/wp-json\/wp\/v2\/posts"}],"about":[{"href":"https:\/\/www.em.com.br\/emfoco\/wp-json\/wp\/v2\/types\/post"}],"author":[{"embeddable":true,"href":"https:\/\/www.em.com.br\/emfoco\/wp-json\/wp\/v2\/users\/5"}],"replies":[{"embeddable":true,"href":"https:\/\/www.em.com.br\/emfoco\/wp-json\/wp\/v2\/comments?post=10349"}],"version-history":[{"count":4,"href":"https:\/\/www.em.com.br\/emfoco\/wp-json\/wp\/v2\/posts\/10349\/revisions"}],"predecessor-version":[{"id":62455,"href":"https:\/\/www.em.com.br\/emfoco\/wp-json\/wp\/v2\/posts\/10349\/revisions\/62455"}],"wp:featuredmedia":[{"embeddable":true,"href":"https:\/\/www.em.com.br\/emfoco\/wp-json\/wp\/v2\/media\/62448"}],"wp:attachment":[{"href":"https:\/\/www.em.com.br\/emfoco\/wp-json\/wp\/v2\/media?parent=10349"}],"wp:term":[{"taxonomy":"category","embeddable":true,"href":"https:\/\/www.em.com.br\/emfoco\/wp-json\/wp\/v2\/categories?post=10349"},{"taxonomy":"post_tag","embeddable":true,"href":"https:\/\/www.em.com.br\/emfoco\/wp-json\/wp\/v2\/tags?post=10349"}],"curies":[{"name":"wp","href":"https:\/\/api.w.org\/{rel}","templated":true}]}}