{"id":103458,"date":"2025-09-13T15:58:40","date_gmt":"2025-09-13T18:58:40","guid":{"rendered":"https:\/\/www.em.com.br\/emfoco\/?p=103458"},"modified":"2025-09-11T22:27:43","modified_gmt":"2025-09-12T01:27:43","slug":"o-segredo-dos-ambientes-sofisticados-que-todo-mundo-deseja","status":"publish","type":"post","link":"https:\/\/www.em.com.br\/emfoco\/2025\/09\/13\/o-segredo-dos-ambientes-sofisticados-que-todo-mundo-deseja\/","title":{"rendered":"O segredo dos ambientes sofisticados que todo mundo deseja"},"content":{"rendered":"\n<p>Desenvolver um espa\u00e7o que represente verdadeiramente quem se \u00e9 pode transformar uma casa em um verdadeiro lar. Um ambiente bem planejado reflete mais que um simples gosto pessoal; ele se molda ao estilo de vida e necessidades di\u00e1rias de seu habitante. Mergulhar de cabe\u00e7a na personaliza\u00e7\u00e3o dos interiores permite fugir das tend\u00eancias passageiras e criar algo realmente especial, um ref\u00fagio adaptado ao ritmo e \u00e0s nuances de cada um.<\/p>\n\n\n\n<p>Na busca por um espa\u00e7o que seja tanto belo quanto funcional, m\u00f3veis sob medida emergem como solu\u00e7\u00f5es ideais. Eles oferecem flexibilidade para acomodar cada detalhe \u00fanico. Por exemplo, um cozinheiro apaixonado pode projetar uma cozinha onde cada utens\u00edlio tem seu lugar certo, enquanto quem precisa de um espa\u00e7o de trabalho confort\u00e1vel em casa pode criar um escrit\u00f3rio perfeitamente ergon\u00f4mico. Ao inv\u00e9s de ceder a compromissos com o padr\u00e3o de mercado, o m\u00f3vel sob medida se ajusta exatamente \u00e0s exig\u00eancias do morador.&nbsp;<\/p>\n\n\n\n<h2 class=\"wp-block-heading\">Por que optar por m\u00f3veis sob medida?<\/h2>\n\n\n\n<p>Muitas vezes, o mobili\u00e1rio pronto n\u00e3o satisfaz totalmente as expectativas de quem busca otimizar seu espa\u00e7o. Os m\u00f3veis sob medida s\u00e3o a resposta para problemas comuns, como prateleiras que n\u00e3o acomodam cole\u00e7\u00f5es espec\u00edficas ou <a href=\"https:\/\/br.pinterest.com\/search\/pins\/?q=cozinha%20planejada&amp;rs=typed\" target=\"_blank\" rel=\"noopener\">arm\u00e1rios<\/a> que n\u00e3o aproveitam bem os \u00e2ngulos de um quarto. Adaptar um m\u00f3vel ao espa\u00e7o garante que ele n\u00e3o s\u00f3 encaixe fisicamente, mas tamb\u00e9m complemente o estilo de vida e as prefer\u00eancias est\u00e9ticas de quem o projeta. Em regi\u00f5es urbanas no <strong>Brasil<\/strong>, como o <strong>Rio de Janeiro<\/strong>, a busca por m\u00f3veis planejados cresceu ap\u00f3s iniciativas de empresas como a <strong>Tok&amp;Stok<\/strong>, que oferecem consultoria personalizada para clientes que desejam exclusividade e aproveitamento total de seus ambientes.<\/p>\n\n\n\n<iframe loading=\"lazy\" src=\"https:\/\/assets.pinterest.com\/ext\/embed.html?id=563018698923343\" height=\"714\" width=\"345\" frameborder=\"0\" scrolling=\"no\" ><\/iframe>\n\n\n\n\n\n<h2 class=\"wp-block-heading\">Como m\u00f3veis sob medida podem beneficiar ambientes grandes e pequenos?<\/h2>\n\n\n\n<p>Tanto em grandes como em pequenos espa\u00e7os, otimizar o ambiente \u00e9 essencial. Em um apartamento compacto, um m\u00f3vel multifuncional pode maximizar cada cent\u00edmetro, integrando \u00e1reas de armazenamento em locais inusitados, como debaixo da cama ou em divis\u00f3rias de sala. Em casas mais espa\u00e7osas, o foco \u00e9 criar uma harmonia visual que disfarce \u00e1reas ociosas, transformando-as em recantos \u00fateis e agrad\u00e1veis.&nbsp;<\/p>\n\n\n\n<p>Leia tamb\u00e9m: <a href=\"https:\/\/www.em.com.br\/emfoco\/2025\/09\/11\/como-manter-a-casa-limpa-e-organizada-sem-perder-tempo\/\" target=\"_blank\" rel=\"noopener\">Como manter a casa limpa e organizada sem perder tempo<\/a><\/p>\n\n\n\n<h2 class=\"wp-block-heading\">Quais s\u00e3o as vantagens de um ambiente personalizado?<\/h2>\n\n\n\n<p>Personalizar ambientes n\u00e3o significa apenas escolher cores ou materiais, mas refletir uma identidade \u00fanica em cada canto. Isso torna o local acolhedor e inspirador, uma verdadeira extens\u00e3o de sua personalidade. Al\u00e9m disso, m\u00f3veis planejados tamb\u00e9m oferecem durabilidade, sendo fabricados com materiais de qualidade e expertise artesanal. Essa abordagem sustent\u00e1vel n\u00e3o s\u00f3 atende \u00e0s necessidades atuais, mas tamb\u00e9m adapta-se a futuras mudan\u00e7as na vida do propriet\u00e1rio. Tecnologias recentes, como as apresentadas na <strong>Feicon<\/strong> 2024, demonstram como o setor aposta em automa\u00e7\u00e3o residencial e materiais ecol\u00f3gicos, ampliando as possibilidades de personaliza\u00e7\u00e3o e efici\u00eancia dos projetos.<\/p>\n\n\n\n<p>Investir em um espa\u00e7o adapt\u00e1vel contribui para uma maneira mais respons\u00e1vel de consumir, priorizando qualidade em vez de quantidade. Assim, cada pe\u00e7a se torna uma parte significativa e duradoura da hist\u00f3ria pessoal de quem a utiliza, unindo est\u00e9tica, funcionalidade e respeito pelo ambiente. No fim, o importante \u00e9 que o espa\u00e7o seja um reflexo genu\u00edno, um palco onde se possa celebrar as peculiaridades e viv\u00eancias cotidianas com alegria e satisfa\u00e7\u00e3o.<\/p>\n","protected":false},"excerpt":{"rendered":"<p>Desenvolver um espa\u00e7o que represente verdadeiramente quem se \u00e9 pode transformar uma casa em um verdadeiro lar. Um ambiente bem planejado reflete mais que um simples gosto pessoal; ele se molda ao estilo de vida e necessidades di\u00e1rias de seu habitante. Mergulhar de cabe\u00e7a na personaliza\u00e7\u00e3o dos interiores permite fugir das tend\u00eancias passageiras e criar [&hellip;]<\/p>\n","protected":false},"author":9,"featured_media":103464,"comment_status":"open","ping_status":"open","sticky":false,"template":"","format":"standard","meta":{"jnews-multi-image_gallery":[],"jnews_single_post":{"format":"standard"},"jnews_primary_category":[],"jnews_social_meta":[],"jnews_override_counter":[],"footnotes":""},"categories":[8819,1],"tags":[13903,15899,4674],"class_list":["post-103458","post","type-post","status-publish","format-standard","has-post-thumbnail","hentry","category-curiosidades","category-noticias","tag-design-de-interiores","tag-moveis-sob-medida","tag-personalizacao"],"yoast_head":"<!-- This site is optimized with the Yoast SEO plugin v23.8 - https:\/\/yoast.com\/wordpress\/plugins\/seo\/ -->\n<title>O segredo dos ambientes sofisticados que todo mundo deseja<\/title>\n<meta name=\"description\" content=\"M\u00f3veis sob medida transformam qualquer espa\u00e7o em um lar funcional e elegante. Descubra como eles podem refletir sua personalidade e estilo.\" \/>\n<meta name=\"robots\" content=\"index, follow, max-snippet:-1, max-image-preview:large, max-video-preview:-1\" \/>\n<link rel=\"canonical\" href=\"https:\/\/www.em.com.br\/emfoco\/2025\/09\/13\/o-segredo-dos-ambientes-sofisticados-que-todo-mundo-deseja\/\" \/>\n<meta property=\"og:locale\" content=\"pt_BR\" \/>\n<meta property=\"og:type\" content=\"article\" \/>\n<meta property=\"og:title\" content=\"O segredo dos ambientes sofisticados que todo mundo deseja\" \/>\n<meta property=\"og:description\" content=\"M\u00f3veis sob medida transformam qualquer espa\u00e7o em um lar funcional e elegante. Descubra como eles podem refletir sua personalidade e estilo.\" \/>\n<meta property=\"og:url\" content=\"https:\/\/www.em.com.br\/emfoco\/2025\/09\/13\/o-segredo-dos-ambientes-sofisticados-que-todo-mundo-deseja\/\" \/>\n<meta property=\"og:site_name\" content=\"Estado de Minas - Em foco\" \/>\n<meta property=\"article:published_time\" content=\"2025-09-13T18:58:40+00:00\" \/>\n<meta property=\"article:modified_time\" content=\"2025-09-12T01:27:43+00:00\" \/>\n<meta property=\"og:image\" content=\"https:\/\/www.em.com.br\/emfoco\/wp-content\/uploads\/2025\/09\/moveis-_1757640176640.jpg\" \/>\n\t<meta property=\"og:image:width\" content=\"1280\" \/>\n\t<meta property=\"og:image:height\" content=\"720\" \/>\n\t<meta property=\"og:image:type\" content=\"image\/jpeg\" \/>\n<meta name=\"author\" content=\"Daniely Cardoso\" \/>\n<meta name=\"twitter:card\" content=\"summary_large_image\" \/>\n<meta name=\"twitter:label1\" content=\"Escrito por\" \/>\n\t<meta name=\"twitter:data1\" content=\"Daniely Cardoso\" \/>\n\t<meta name=\"twitter:label2\" content=\"Est. tempo de leitura\" \/>\n\t<meta name=\"twitter:data2\" content=\"4 minutos\" \/>\n<!-- \/ Yoast SEO plugin. -->","yoast_head_json":{"title":"O segredo dos ambientes sofisticados que todo mundo deseja","description":"M\u00f3veis sob medida transformam qualquer espa\u00e7o em um lar funcional e elegante. Descubra como eles podem refletir sua personalidade e estilo.","robots":{"index":"index","follow":"follow","max-snippet":"max-snippet:-1","max-image-preview":"max-image-preview:large","max-video-preview":"max-video-preview:-1"},"canonical":"https:\/\/www.em.com.br\/emfoco\/2025\/09\/13\/o-segredo-dos-ambientes-sofisticados-que-todo-mundo-deseja\/","og_locale":"pt_BR","og_type":"article","og_title":"O segredo dos ambientes sofisticados que todo mundo deseja","og_description":"M\u00f3veis sob medida transformam qualquer espa\u00e7o em um lar funcional e elegante. Descubra como eles podem refletir sua personalidade e estilo.","og_url":"https:\/\/www.em.com.br\/emfoco\/2025\/09\/13\/o-segredo-dos-ambientes-sofisticados-que-todo-mundo-deseja\/","og_site_name":"Estado de Minas - Em foco","article_published_time":"2025-09-13T18:58:40+00:00","article_modified_time":"2025-09-12T01:27:43+00:00","og_image":[{"width":1280,"height":720,"url":"https:\/\/www.em.com.br\/emfoco\/wp-content\/uploads\/2025\/09\/moveis-_1757640176640.jpg","type":"image\/jpeg"}],"author":"Daniely Cardoso","twitter_card":"summary_large_image","twitter_misc":{"Escrito por":"Daniely Cardoso","Est. tempo de leitura":"4 minutos"},"schema":{"@context":"https:\/\/schema.org","@graph":[{"@type":"WebPage","@id":"https:\/\/www.em.com.br\/emfoco\/2025\/09\/13\/o-segredo-dos-ambientes-sofisticados-que-todo-mundo-deseja\/","url":"https:\/\/www.em.com.br\/emfoco\/2025\/09\/13\/o-segredo-dos-ambientes-sofisticados-que-todo-mundo-deseja\/","name":"O segredo dos ambientes sofisticados que todo mundo deseja","isPartOf":{"@id":"https:\/\/www.em.com.br\/emfoco\/#website"},"primaryImageOfPage":{"@id":"https:\/\/www.em.com.br\/emfoco\/2025\/09\/13\/o-segredo-dos-ambientes-sofisticados-que-todo-mundo-deseja\/#primaryimage"},"image":{"@id":"https:\/\/www.em.com.br\/emfoco\/2025\/09\/13\/o-segredo-dos-ambientes-sofisticados-que-todo-mundo-deseja\/#primaryimage"},"thumbnailUrl":"https:\/\/www.em.com.br\/emfoco\/wp-content\/uploads\/2025\/09\/moveis-_1757640176640.jpg","datePublished":"2025-09-13T18:58:40+00:00","dateModified":"2025-09-12T01:27:43+00:00","author":{"@id":"https:\/\/www.em.com.br\/emfoco\/#\/schema\/person\/0a8186d72f2c3a5c6276d90b41f271a0"},"description":"M\u00f3veis sob medida transformam qualquer espa\u00e7o em um lar funcional e elegante. Descubra como eles podem refletir sua personalidade e estilo.","breadcrumb":{"@id":"https:\/\/www.em.com.br\/emfoco\/2025\/09\/13\/o-segredo-dos-ambientes-sofisticados-que-todo-mundo-deseja\/#breadcrumb"},"inLanguage":"pt-BR","potentialAction":[{"@type":"ReadAction","target":["https:\/\/www.em.com.br\/emfoco\/2025\/09\/13\/o-segredo-dos-ambientes-sofisticados-que-todo-mundo-deseja\/"]}]},{"@type":"ImageObject","inLanguage":"pt-BR","@id":"https:\/\/www.em.com.br\/emfoco\/2025\/09\/13\/o-segredo-dos-ambientes-sofisticados-que-todo-mundo-deseja\/#primaryimage","url":"https:\/\/www.em.com.br\/emfoco\/wp-content\/uploads\/2025\/09\/moveis-_1757640176640.jpg","contentUrl":"https:\/\/www.em.com.br\/emfoco\/wp-content\/uploads\/2025\/09\/moveis-_1757640176640.jpg","width":1280,"height":720,"caption":"M\u00f3veis planejados - Cr\u00e9ditos: depositphotos.com \/ IgorBorodin"},{"@type":"BreadcrumbList","@id":"https:\/\/www.em.com.br\/emfoco\/2025\/09\/13\/o-segredo-dos-ambientes-sofisticados-que-todo-mundo-deseja\/#breadcrumb","itemListElement":[{"@type":"ListItem","position":1,"name":"In\u00edcio","item":"https:\/\/www.em.com.br\/emfoco\/"},{"@type":"ListItem","position":2,"name":"O segredo dos ambientes sofisticados que todo mundo deseja"}]},{"@type":"WebSite","@id":"https:\/\/www.em.com.br\/emfoco\/#website","url":"https:\/\/www.em.com.br\/emfoco\/","name":"Estado de Minas - Em foco","description":"Acompanhe as \u00faltimas not\u00edcias e fique bem informado sobre tudo o que acontece em Minas Gerais, Brasil e no mundo.","potentialAction":[{"@type":"SearchAction","target":{"@type":"EntryPoint","urlTemplate":"https:\/\/www.em.com.br\/emfoco\/?s={search_term_string}"},"query-input":{"@type":"PropertyValueSpecification","valueRequired":true,"valueName":"search_term_string"}}],"inLanguage":"pt-BR"},{"@type":"Person","@id":"https:\/\/www.em.com.br\/emfoco\/#\/schema\/person\/0a8186d72f2c3a5c6276d90b41f271a0","name":"Daniely Cardoso","image":{"@type":"ImageObject","inLanguage":"pt-BR","@id":"https:\/\/www.em.com.br\/emfoco\/#\/schema\/person\/image\/","url":"https:\/\/secure.gravatar.com\/avatar\/4b80ddbd124d1f071b626d52d62e5dff?s=96&d=mm&r=g","contentUrl":"https:\/\/secure.gravatar.com\/avatar\/4b80ddbd124d1f071b626d52d62e5dff?s=96&d=mm&r=g","caption":"Daniely Cardoso"},"url":"https:\/\/www.em.com.br\/emfoco\/author\/danielymyth\/"}]}},"_links":{"self":[{"href":"https:\/\/www.em.com.br\/emfoco\/wp-json\/wp\/v2\/posts\/103458","targetHints":{"allow":["GET"]}}],"collection":[{"href":"https:\/\/www.em.com.br\/emfoco\/wp-json\/wp\/v2\/posts"}],"about":[{"href":"https:\/\/www.em.com.br\/emfoco\/wp-json\/wp\/v2\/types\/post"}],"author":[{"embeddable":true,"href":"https:\/\/www.em.com.br\/emfoco\/wp-json\/wp\/v2\/users\/9"}],"replies":[{"embeddable":true,"href":"https:\/\/www.em.com.br\/emfoco\/wp-json\/wp\/v2\/comments?post=103458"}],"version-history":[{"count":2,"href":"https:\/\/www.em.com.br\/emfoco\/wp-json\/wp\/v2\/posts\/103458\/revisions"}],"predecessor-version":[{"id":103465,"href":"https:\/\/www.em.com.br\/emfoco\/wp-json\/wp\/v2\/posts\/103458\/revisions\/103465"}],"wp:featuredmedia":[{"embeddable":true,"href":"https:\/\/www.em.com.br\/emfoco\/wp-json\/wp\/v2\/media\/103464"}],"wp:attachment":[{"href":"https:\/\/www.em.com.br\/emfoco\/wp-json\/wp\/v2\/media?parent=103458"}],"wp:term":[{"taxonomy":"category","embeddable":true,"href":"https:\/\/www.em.com.br\/emfoco\/wp-json\/wp\/v2\/categories?post=103458"},{"taxonomy":"post_tag","embeddable":true,"href":"https:\/\/www.em.com.br\/emfoco\/wp-json\/wp\/v2\/tags?post=103458"}],"curies":[{"name":"wp","href":"https:\/\/api.w.org\/{rel}","templated":true}]}}