{"id":103341,"date":"2025-09-14T10:28:00","date_gmt":"2025-09-14T13:28:00","guid":{"rendered":"https:\/\/www.em.com.br\/emfoco\/?p=103341"},"modified":"2025-09-11T17:33:47","modified_gmt":"2025-09-11T20:33:47","slug":"superalimentos-que-retardam-o-envelhecimento-de-forma-natural","status":"publish","type":"post","link":"https:\/\/www.em.com.br\/emfoco\/2025\/09\/14\/superalimentos-que-retardam-o-envelhecimento-de-forma-natural\/","title":{"rendered":"Superalimentos que retardam o envelhecimento de forma natural"},"content":{"rendered":"\n<p>Alguns <strong>superalimentos<\/strong> possuem antioxidantes, vitaminas e compostos bioativos que ajudam a <strong>retardar o envelhecimento celular<\/strong>, fortalecendo a imunidade e protegendo o corpo contra doen\u00e7as cr\u00f4nicas. Conhe\u00e7a quais s\u00e3o e como inclu\u00ed-los na rotina.<\/p>\n\n\n\n<ul class=\"wp-block-list\">\n<li>Ricos em antioxidantes que combatem radicais livres<\/li>\n\n\n\n<li>Contribuem para a sa\u00fade da pele e do cora\u00e7\u00e3o<\/li>\n\n\n\n<li>Podem prolongar a vitalidade do organismo<\/li>\n<\/ul>\n\n\n\n<h2 class=\"wp-block-heading\">Por que os superalimentos s\u00e3o t\u00e3o poderosos contra o envelhecimento?<\/h2>\n\n\n\n<p>Os <strong>antioxidantes naturais<\/strong> presentes em frutas, gr\u00e3os e vegetais atuam neutralizando radicais livres, que aceleram o desgaste celular. Essa a\u00e7\u00e3o protege o DNA, prevenindo inflama\u00e7\u00f5es cr\u00f4nicas e doen\u00e7as relacionadas \u00e0 idade, como diabetes e problemas cardiovasculares.<\/p>\n\n\n\n<p>Outro ponto importante \u00e9 a presen\u00e7a de <strong><a href=\"https:\/\/www.ecycle.com.br\/fitonutrientes\/\" target=\"_blank\" rel=\"noreferrer noopener\">fitonutrientes<\/a><\/strong>, subst\u00e2ncias que potencializam o sistema imunol\u00f3gico e ajudam na regenera\u00e7\u00e3o celular. Incorporar esses alimentos ao dia a dia fortalece o organismo, aumenta a disposi\u00e7\u00e3o e contribui para uma longevidade mais saud\u00e1vel.<\/p>\n\n\n\n<figure class=\"wp-block-image size-large\"><img loading=\"lazy\" decoding=\"async\" width=\"1024\" height=\"576\" src=\"https:\/\/www.em.com.br\/emfoco\/wp-content\/uploads\/2025\/09\/Rejuvenescer_1757090089077-1024x576.jpg\" alt=\"Cientistas revelam poss\u00edvel caminho para reverter o envelhecimento da pele\" class=\"wp-image-101244\" srcset=\"https:\/\/www.em.com.br\/emfoco\/wp-content\/uploads\/2025\/09\/Rejuvenescer_1757090089077-1024x576.jpg 1024w, https:\/\/www.em.com.br\/emfoco\/wp-content\/uploads\/2025\/09\/Rejuvenescer_1757090089077-300x169.jpg 300w, https:\/\/www.em.com.br\/emfoco\/wp-content\/uploads\/2025\/09\/Rejuvenescer_1757090089077-768x432.jpg 768w, https:\/\/www.em.com.br\/emfoco\/wp-content\/uploads\/2025\/09\/Rejuvenescer_1757090089077-750x422.jpg 750w, https:\/\/www.em.com.br\/emfoco\/wp-content\/uploads\/2025\/09\/Rejuvenescer_1757090089077-1140x641.jpg 1140w, https:\/\/www.em.com.br\/emfoco\/wp-content\/uploads\/2025\/09\/Rejuvenescer_1757090089077.jpg 1280w\" sizes=\"auto, (max-width: 1024px) 100vw, 1024px\" \/><figcaption class=\"wp-element-caption\">Imagem ilustrativa de rejuvenescimento &#8211; Cr\u00e9ditos: depositphotos.com \/ IgorVetushko<\/figcaption><\/figure>\n\n\n\n<h2 class=\"wp-block-heading\">Quais alimentos ricos em antioxidantes n\u00e3o podem faltar?<\/h2>\n\n\n\n<p>Alguns alimentos concentram doses elevadas de nutrientes protetores. Eles n\u00e3o apenas retardam o envelhecimento celular, mas tamb\u00e9m melhoram a energia e a fun\u00e7\u00e3o cerebral. S\u00e3o op\u00e7\u00f5es acess\u00edveis e f\u00e1ceis de incluir em refei\u00e7\u00f5es di\u00e1rias.<\/p>\n\n\n\n<ul class=\"wp-block-list\">\n<li>Frutas vermelhas: morango, mirtilo e amora, ricas em polifen\u00f3is<\/li>\n\n\n\n<li>Nozes e am\u00eandoas: fonte de vitamina E e gorduras boas<\/li>\n\n\n\n<li>Ch\u00e1 verde: cont\u00e9m catequinas com forte efeito antioxidante<\/li>\n<\/ul>\n\n\n\n<figure class=\"wp-block-image size-large\"><img loading=\"lazy\" decoding=\"async\" width=\"1024\" height=\"576\" src=\"https:\/\/www.em.com.br\/emfoco\/wp-content\/uploads\/2025\/05\/cha-verde_1747153985506-1024x576.jpg\" alt=\"O melhor ch\u00e1 para sa\u00fade e emagrecimento em uma s\u00f3 x\u00edcara\" class=\"wp-image-47002\" srcset=\"https:\/\/www.em.com.br\/emfoco\/wp-content\/uploads\/2025\/05\/cha-verde_1747153985506-1024x576.jpg 1024w, https:\/\/www.em.com.br\/emfoco\/wp-content\/uploads\/2025\/05\/cha-verde_1747153985506-300x169.jpg 300w, https:\/\/www.em.com.br\/emfoco\/wp-content\/uploads\/2025\/05\/cha-verde_1747153985506-768x432.jpg 768w, https:\/\/www.em.com.br\/emfoco\/wp-content\/uploads\/2025\/05\/cha-verde_1747153985506-750x422.jpg 750w, https:\/\/www.em.com.br\/emfoco\/wp-content\/uploads\/2025\/05\/cha-verde_1747153985506-1140x641.jpg 1140w, https:\/\/www.em.com.br\/emfoco\/wp-content\/uploads\/2025\/05\/cha-verde_1747153985506.jpg 1280w\" sizes=\"auto, (max-width: 1024px) 100vw, 1024px\" \/><figcaption class=\"wp-element-caption\">Ch\u00e1 &#8211; Cr\u00e9ditos: depositphotos.com \/ VadimVasenin<\/figcaption><\/figure>\n\n\n\n<h2 class=\"wp-block-heading\">De que forma esses alimentos agem na pele e nos \u00f3rg\u00e3os?<\/h2>\n\n\n\n<p>O consumo regular de <strong>superalimentos antioxidantes<\/strong> favorece a elasticidade da pele, pois estimula a produ\u00e7\u00e3o de col\u00e1geno e combate o estresse oxidativo. Isso resulta em menos rugas, manchas e sinais de envelhecimento precoce ao longo dos anos.<\/p>\n\n\n\n<p>Nos \u00f3rg\u00e3os internos, esses nutrientes reduzem inflama\u00e7\u00f5es e protegem contra doen\u00e7as degenerativas. A presen\u00e7a de <strong>\u00e1cidos graxos essenciais<\/strong> ajuda no equil\u00edbrio hormonal, melhora a <strong><a href=\"https:\/\/www.em.com.br\/emfoco\/2025\/08\/08\/essa-fruta-tropical-poderosa-ajuda-a-fortalecer-a-saude-cardiovascular\/\" target=\"_blank\" rel=\"noreferrer noopener\">sa\u00fade cardiovascular<\/a><\/strong> e contribui para a preserva\u00e7\u00e3o da mem\u00f3ria e da cogni\u00e7\u00e3o.<\/p>\n\n\n\n<h2 class=\"wp-block-heading\">Quais outros alimentos ajudam na longevidade saud\u00e1vel?<\/h2>\n\n\n\n<p>Al\u00e9m dos antioxidantes, existem alimentos que trazem benef\u00edcios complementares ao organismo. Eles oferecem minerais, fibras e prote\u00ednas que regulam fun\u00e7\u00f5es vitais, mantendo o corpo em equil\u00edbrio e favorecendo a preven\u00e7\u00e3o de doen\u00e7as ligadas ao envelhecimento.<\/p>\n\n\n\n<ul class=\"wp-block-list\">\n<li>Salm\u00e3o e sardinha: ricos em \u00f4mega-3, essenciais ao c\u00e9rebro<\/li>\n\n\n\n<li>Azeite de oliva extra virgem: protege o cora\u00e7\u00e3o e reduz inflama\u00e7\u00f5es<\/li>\n\n\n\n<li>Leguminosas: feij\u00e3o, lentilha e gr\u00e3o-de-bico, ricos em fibras e ferro<\/li>\n<\/ul>\n\n\n\n<figure class=\"wp-block-image size-large\"><img loading=\"lazy\" decoding=\"async\" width=\"1024\" height=\"576\" src=\"https:\/\/www.em.com.br\/emfoco\/wp-content\/uploads\/2025\/04\/azeite-de-oliva_1743874241593-1024x576.jpg\" alt=\"Conhe\u00e7a os benef\u00edcios do azeite de oliva e como ele pode ser seu aliado para a sa\u00fade do cora\u00e7\u00e3o\" class=\"wp-image-35640\" srcset=\"https:\/\/www.em.com.br\/emfoco\/wp-content\/uploads\/2025\/04\/azeite-de-oliva_1743874241593-1024x576.jpg 1024w, https:\/\/www.em.com.br\/emfoco\/wp-content\/uploads\/2025\/04\/azeite-de-oliva_1743874241593-300x169.jpg 300w, https:\/\/www.em.com.br\/emfoco\/wp-content\/uploads\/2025\/04\/azeite-de-oliva_1743874241593-768x432.jpg 768w, https:\/\/www.em.com.br\/emfoco\/wp-content\/uploads\/2025\/04\/azeite-de-oliva_1743874241593-750x422.jpg 750w, https:\/\/www.em.com.br\/emfoco\/wp-content\/uploads\/2025\/04\/azeite-de-oliva_1743874241593-1140x641.jpg 1140w, https:\/\/www.em.com.br\/emfoco\/wp-content\/uploads\/2025\/04\/azeite-de-oliva_1743874241593.jpg 1280w\" sizes=\"auto, (max-width: 1024px) 100vw, 1024px\" \/><figcaption class=\"wp-element-caption\">Azeite &#8211; Cr\u00e9ditos: depositphotos.com \/ amastoris<\/figcaption><\/figure>\n\n\n\n<h2 class=\"wp-block-heading\">Como incluir os superalimentos no dia a dia de forma pr\u00e1tica?<\/h2>\n\n\n\n<p>Manter uma alimenta\u00e7\u00e3o variada \u00e9 a melhor estrat\u00e9gia para aproveitar os benef\u00edcios dos <strong>superalimentos<\/strong>. Com pequenas mudan\u00e7as, \u00e9 poss\u00edvel potencializar a vitalidade, retardar o envelhecimento celular e melhorar a qualidade de vida sem grandes restri\u00e7\u00f5es.<\/p>\n\n\n\n<ul class=\"wp-block-list\">\n<li>Troque o lanche da tarde por frutas vermelhas ou oleaginosas<\/li>\n\n\n\n<li>Adicione ch\u00e1 verde nas pausas do dia em vez de refrigerantes<\/li>\n\n\n\n<li>Inclua peixes ricos em \u00f4mega-3 pelo menos duas vezes na semana<\/li>\n<\/ul>\n","protected":false},"excerpt":{"rendered":"<p>Alguns superalimentos possuem antioxidantes, vitaminas e compostos bioativos que ajudam a retardar o envelhecimento celular, fortalecendo a imunidade e protegendo o corpo contra doen\u00e7as cr\u00f4nicas. Conhe\u00e7a quais s\u00e3o e como inclu\u00ed-los na rotina. Por que os superalimentos s\u00e3o t\u00e3o poderosos contra o envelhecimento? Os antioxidantes naturais presentes em frutas, gr\u00e3os e vegetais atuam neutralizando radicais [&hellip;]<\/p>\n","protected":false},"author":13,"featured_media":88049,"comment_status":"open","ping_status":"open","sticky":false,"template":"","format":"standard","meta":{"jnews-multi-image_gallery":[],"jnews_single_post":{"format":"standard"},"jnews_primary_category":[],"jnews_social_meta":[],"jnews_override_counter":[],"footnotes":""},"categories":[9053],"tags":[627,2597,11203],"class_list":["post-103341","post","type-post","status-publish","format-standard","has-post-thumbnail","hentry","category-saude","tag-envelhecimento","tag-longevidade","tag-superalimentos"],"yoast_head":"<!-- This site is optimized with the Yoast SEO plugin v23.8 - https:\/\/yoast.com\/wordpress\/plugins\/seo\/ -->\n<title>Superalimentos que retardam o envelhecimento de forma natural - Estado de Minas - Em foco<\/title>\n<meta name=\"description\" content=\"Superalimentos com antioxidantes ajudam a combater o envelhecimento e fortalecer a imunidade. Veja quais n\u00e3o podem faltar no seu dia.\" \/>\n<meta name=\"robots\" content=\"index, follow, max-snippet:-1, max-image-preview:large, max-video-preview:-1\" \/>\n<link rel=\"canonical\" href=\"https:\/\/www.em.com.br\/emfoco\/2025\/09\/14\/superalimentos-que-retardam-o-envelhecimento-de-forma-natural\/\" \/>\n<meta property=\"og:locale\" content=\"pt_BR\" \/>\n<meta property=\"og:type\" content=\"article\" \/>\n<meta property=\"og:title\" content=\"Superalimentos que retardam o envelhecimento de forma natural - Estado de Minas - Em foco\" \/>\n<meta property=\"og:description\" content=\"Superalimentos com antioxidantes ajudam a combater o envelhecimento e fortalecer a imunidade. Veja quais n\u00e3o podem faltar no seu dia.\" \/>\n<meta property=\"og:url\" content=\"https:\/\/www.em.com.br\/emfoco\/2025\/09\/14\/superalimentos-que-retardam-o-envelhecimento-de-forma-natural\/\" \/>\n<meta property=\"og:site_name\" content=\"Estado de Minas - Em foco\" \/>\n<meta property=\"article:published_time\" content=\"2025-09-14T13:28:00+00:00\" \/>\n<meta property=\"article:modified_time\" content=\"2025-09-11T20:33:47+00:00\" \/>\n<meta property=\"og:image\" content=\"https:\/\/www.em.com.br\/emfoco\/wp-content\/uploads\/2025\/08\/Fruteira_1754571283456.jpg\" \/>\n\t<meta property=\"og:image:width\" content=\"1280\" \/>\n\t<meta property=\"og:image:height\" content=\"720\" \/>\n\t<meta property=\"og:image:type\" content=\"image\/jpeg\" \/>\n<meta name=\"author\" content=\"Gabriel Martins\" \/>\n<meta name=\"twitter:card\" content=\"summary_large_image\" \/>\n<meta name=\"twitter:label1\" content=\"Escrito por\" \/>\n\t<meta name=\"twitter:data1\" content=\"Gabriel Martins\" \/>\n\t<meta name=\"twitter:label2\" content=\"Est. tempo de leitura\" \/>\n\t<meta name=\"twitter:data2\" content=\"4 minutos\" \/>\n<!-- \/ Yoast SEO plugin. -->","yoast_head_json":{"title":"Superalimentos que retardam o envelhecimento de forma natural - Estado de Minas - Em foco","description":"Superalimentos com antioxidantes ajudam a combater o envelhecimento e fortalecer a imunidade. Veja quais n\u00e3o podem faltar no seu dia.","robots":{"index":"index","follow":"follow","max-snippet":"max-snippet:-1","max-image-preview":"max-image-preview:large","max-video-preview":"max-video-preview:-1"},"canonical":"https:\/\/www.em.com.br\/emfoco\/2025\/09\/14\/superalimentos-que-retardam-o-envelhecimento-de-forma-natural\/","og_locale":"pt_BR","og_type":"article","og_title":"Superalimentos que retardam o envelhecimento de forma natural - Estado de Minas - Em foco","og_description":"Superalimentos com antioxidantes ajudam a combater o envelhecimento e fortalecer a imunidade. Veja quais n\u00e3o podem faltar no seu dia.","og_url":"https:\/\/www.em.com.br\/emfoco\/2025\/09\/14\/superalimentos-que-retardam-o-envelhecimento-de-forma-natural\/","og_site_name":"Estado de Minas - Em foco","article_published_time":"2025-09-14T13:28:00+00:00","article_modified_time":"2025-09-11T20:33:47+00:00","og_image":[{"width":1280,"height":720,"url":"https:\/\/www.em.com.br\/emfoco\/wp-content\/uploads\/2025\/08\/Fruteira_1754571283456.jpg","type":"image\/jpeg"}],"author":"Gabriel Martins","twitter_card":"summary_large_image","twitter_misc":{"Escrito por":"Gabriel Martins","Est. tempo de leitura":"4 minutos"},"schema":{"@context":"https:\/\/schema.org","@graph":[{"@type":"WebPage","@id":"https:\/\/www.em.com.br\/emfoco\/2025\/09\/14\/superalimentos-que-retardam-o-envelhecimento-de-forma-natural\/","url":"https:\/\/www.em.com.br\/emfoco\/2025\/09\/14\/superalimentos-que-retardam-o-envelhecimento-de-forma-natural\/","name":"Superalimentos que retardam o envelhecimento de forma natural - Estado de Minas - Em foco","isPartOf":{"@id":"https:\/\/www.em.com.br\/emfoco\/#website"},"primaryImageOfPage":{"@id":"https:\/\/www.em.com.br\/emfoco\/2025\/09\/14\/superalimentos-que-retardam-o-envelhecimento-de-forma-natural\/#primaryimage"},"image":{"@id":"https:\/\/www.em.com.br\/emfoco\/2025\/09\/14\/superalimentos-que-retardam-o-envelhecimento-de-forma-natural\/#primaryimage"},"thumbnailUrl":"https:\/\/www.em.com.br\/emfoco\/wp-content\/uploads\/2025\/08\/Fruteira_1754571283456.jpg","datePublished":"2025-09-14T13:28:00+00:00","dateModified":"2025-09-11T20:33:47+00:00","author":{"@id":"https:\/\/www.em.com.br\/emfoco\/#\/schema\/person\/1c9ddeab18b98abeffef834667bcf08a"},"description":"Superalimentos com antioxidantes ajudam a combater o envelhecimento e fortalecer a imunidade. Veja quais n\u00e3o podem faltar no seu dia.","breadcrumb":{"@id":"https:\/\/www.em.com.br\/emfoco\/2025\/09\/14\/superalimentos-que-retardam-o-envelhecimento-de-forma-natural\/#breadcrumb"},"inLanguage":"pt-BR","potentialAction":[{"@type":"ReadAction","target":["https:\/\/www.em.com.br\/emfoco\/2025\/09\/14\/superalimentos-que-retardam-o-envelhecimento-de-forma-natural\/"]}]},{"@type":"ImageObject","inLanguage":"pt-BR","@id":"https:\/\/www.em.com.br\/emfoco\/2025\/09\/14\/superalimentos-que-retardam-o-envelhecimento-de-forma-natural\/#primaryimage","url":"https:\/\/www.em.com.br\/emfoco\/wp-content\/uploads\/2025\/08\/Fruteira_1754571283456.jpg","contentUrl":"https:\/\/www.em.com.br\/emfoco\/wp-content\/uploads\/2025\/08\/Fruteira_1754571283456.jpg","width":1280,"height":720,"caption":"Frutas vermelhas - Cr\u00e9ditos: depositphotos.com \/ AntonMatyukha"},{"@type":"BreadcrumbList","@id":"https:\/\/www.em.com.br\/emfoco\/2025\/09\/14\/superalimentos-que-retardam-o-envelhecimento-de-forma-natural\/#breadcrumb","itemListElement":[{"@type":"ListItem","position":1,"name":"In\u00edcio","item":"https:\/\/www.em.com.br\/emfoco\/"},{"@type":"ListItem","position":2,"name":"Superalimentos que retardam o envelhecimento de forma natural"}]},{"@type":"WebSite","@id":"https:\/\/www.em.com.br\/emfoco\/#website","url":"https:\/\/www.em.com.br\/emfoco\/","name":"Estado de Minas - Em foco","description":"Acompanhe as \u00faltimas not\u00edcias e fique bem informado sobre tudo o que acontece em Minas Gerais, Brasil e no mundo.","potentialAction":[{"@type":"SearchAction","target":{"@type":"EntryPoint","urlTemplate":"https:\/\/www.em.com.br\/emfoco\/?s={search_term_string}"},"query-input":{"@type":"PropertyValueSpecification","valueRequired":true,"valueName":"search_term_string"}}],"inLanguage":"pt-BR"},{"@type":"Person","@id":"https:\/\/www.em.com.br\/emfoco\/#\/schema\/person\/1c9ddeab18b98abeffef834667bcf08a","name":"Gabriel Martins","image":{"@type":"ImageObject","inLanguage":"pt-BR","@id":"https:\/\/www.em.com.br\/emfoco\/#\/schema\/person\/image\/","url":"https:\/\/secure.gravatar.com\/avatar\/f0f1e2efdfd88f1ad2cb08c5c2731e50?s=96&d=mm&r=g","contentUrl":"https:\/\/secure.gravatar.com\/avatar\/f0f1e2efdfd88f1ad2cb08c5c2731e50?s=96&d=mm&r=g","caption":"Gabriel Martins"},"sameAs":["https:\/\/www.em.com.br\/emfoco\/"],"url":"https:\/\/www.em.com.br\/emfoco\/author\/gabrielmartinsmyth\/"}]}},"_links":{"self":[{"href":"https:\/\/www.em.com.br\/emfoco\/wp-json\/wp\/v2\/posts\/103341","targetHints":{"allow":["GET"]}}],"collection":[{"href":"https:\/\/www.em.com.br\/emfoco\/wp-json\/wp\/v2\/posts"}],"about":[{"href":"https:\/\/www.em.com.br\/emfoco\/wp-json\/wp\/v2\/types\/post"}],"author":[{"embeddable":true,"href":"https:\/\/www.em.com.br\/emfoco\/wp-json\/wp\/v2\/users\/13"}],"replies":[{"embeddable":true,"href":"https:\/\/www.em.com.br\/emfoco\/wp-json\/wp\/v2\/comments?post=103341"}],"version-history":[{"count":1,"href":"https:\/\/www.em.com.br\/emfoco\/wp-json\/wp\/v2\/posts\/103341\/revisions"}],"predecessor-version":[{"id":103356,"href":"https:\/\/www.em.com.br\/emfoco\/wp-json\/wp\/v2\/posts\/103341\/revisions\/103356"}],"wp:featuredmedia":[{"embeddable":true,"href":"https:\/\/www.em.com.br\/emfoco\/wp-json\/wp\/v2\/media\/88049"}],"wp:attachment":[{"href":"https:\/\/www.em.com.br\/emfoco\/wp-json\/wp\/v2\/media?parent=103341"}],"wp:term":[{"taxonomy":"category","embeddable":true,"href":"https:\/\/www.em.com.br\/emfoco\/wp-json\/wp\/v2\/categories?post=103341"},{"taxonomy":"post_tag","embeddable":true,"href":"https:\/\/www.em.com.br\/emfoco\/wp-json\/wp\/v2\/tags?post=103341"}],"curies":[{"name":"wp","href":"https:\/\/api.w.org\/{rel}","templated":true}]}}