{"id":103319,"date":"2025-09-12T13:38:00","date_gmt":"2025-09-12T16:38:00","guid":{"rendered":"https:\/\/www.em.com.br\/emfoco\/?p=103319"},"modified":"2025-09-11T16:01:56","modified_gmt":"2025-09-11T19:01:56","slug":"trabalhadores-respiram-aliviados-com-orcamento-do-seguro-desemprego","status":"publish","type":"post","link":"https:\/\/www.em.com.br\/emfoco\/2025\/09\/12\/trabalhadores-respiram-aliviados-com-orcamento-do-seguro-desemprego\/","title":{"rendered":"Trabalhadores respiram aliviados com or\u00e7amento do seguro-desemprego"},"content":{"rendered":"\n<p>Em meio a um cen\u00e1rio econ\u00f4mico global que apresenta desafios, os <strong>programas sociais no Brasil<\/strong> continuam a desempenhar um papel vital na prote\u00e7\u00e3o dos cidad\u00e3os mais vulner\u00e1veis. Entre esses programas, o seguro-desemprego se destaca como uma importante rede de seguran\u00e7a para trabalhadores que perdem seus empregos, proporcionando-lhes suporte tempor\u00e1rio durante a busca de uma nova coloca\u00e7\u00e3o no mercado de trabalho. Com a destina\u00e7\u00e3o de cerca de R$ 56 bilh\u00f5es para o benef\u00edcio em 2025, o governo demonstra compromisso em manter essa rede de amparo social ativa e eficiente, sendo um pilar fundamental para mitigar crises individuais e coletivas decorrentes do desemprego.<\/p>\n\n\n\n<p>Apesar de discuss\u00f5es recorrentes sobre eventuais cortes ou mudan\u00e7as, a manuten\u00e7\u00e3o do or\u00e7amento evidencia a prioridade do seguro-desemprego dentro das pol\u00edticas p\u00fablicas brasileiras. Esse investimento n\u00e3o s\u00f3 assegura que milh\u00f5es de trabalhadores tenham garantia de renda, mas tamb\u00e9m garante que o consumo interno \u2013 essencial para a sa\u00fade econ\u00f4mica do pa\u00eds \u2013 n\u00e3o seja abruptamente afetado pelas oscila\u00e7\u00f5es do mercado de trabalho. Assim, o seguro-desemprego transcende o simples aux\u00edlio financeiro e se consolida como estrat\u00e9gia macroecon\u00f4mica relevante.<\/p>\n\n\n\n<h2 class=\"wp-block-heading\">O que \u00e9 o seguro-desemprego e sua import\u00e2ncia social<\/h2>\n\n\n<div class=\"wp-block-image\">\n<figure class=\"aligncenter size-large\"><img loading=\"lazy\" decoding=\"async\" width=\"1024\" height=\"576\" src=\"https:\/\/www.em.com.br\/emfoco\/wp-content\/uploads\/2025\/06\/aposentado-dinheiro-reais_1743473135543-1024x576.jpg\" alt=\"5 regras do INSS que liberam aposentadoria sem idade m\u00ednima\" class=\"wp-image-54988\" srcset=\"https:\/\/www.em.com.br\/emfoco\/wp-content\/uploads\/2025\/06\/aposentado-dinheiro-reais_1743473135543-1024x576.jpg 1024w, https:\/\/www.em.com.br\/emfoco\/wp-content\/uploads\/2025\/06\/aposentado-dinheiro-reais_1743473135543-300x169.jpg 300w, https:\/\/www.em.com.br\/emfoco\/wp-content\/uploads\/2025\/06\/aposentado-dinheiro-reais_1743473135543-768x432.jpg 768w, https:\/\/www.em.com.br\/emfoco\/wp-content\/uploads\/2025\/06\/aposentado-dinheiro-reais_1743473135543-750x422.jpg 750w, https:\/\/www.em.com.br\/emfoco\/wp-content\/uploads\/2025\/06\/aposentado-dinheiro-reais_1743473135543-1140x641.jpg 1140w, https:\/\/www.em.com.br\/emfoco\/wp-content\/uploads\/2025\/06\/aposentado-dinheiro-reais_1743473135543.jpg 1280w\" sizes=\"auto, (max-width: 1024px) 100vw, 1024px\" \/><figcaption class=\"wp-element-caption\">Idosa colocando dinheiro na bolsa &#8211; Cr\u00e9ditos: depositphotos.com \/ rochu_2008<\/figcaption><\/figure><\/div>\n\n\n<p>O seguro-desemprego \u00e9 um <strong>benef\u00edcio tempor\u00e1rio<\/strong> destinado a trabalhadores demitidos sem justa causa, que garante apoio financeiro enquanto buscam uma nova oportunidade de emprego. Esse suporte \u00e9 fundamental para evitar a entrada abrupta na pobreza e proporciona maior estabilidade social, reduzindo tens\u00f5es derivadas da inseguran\u00e7a econ\u00f4mica.<\/p>\n\n\n\n<p>Al\u00e9m de beneficiar diretamente quem perde o emprego, o seguro-desemprego impede que muitas fam\u00edlias entrem em situa\u00e7\u00e3o de vulnerabilidade social severa. Ele tamb\u00e9m age indiretamente na economia, sustentando a demanda interna e protegendo setores que dependem do consumo cont\u00ednuo das fam\u00edlias.<\/p>\n\n\n\n<p>Por isso, esse benef\u00edcio \u00e9 considerado uma das mais importantes a\u00e7\u00f5es p\u00fablicas de prote\u00e7\u00e3o social, elevando o grau de resili\u00eancia das fam\u00edlias brasileiras diante de crises e flutua\u00e7\u00f5es do mercado de trabalho, tornando-se indispens\u00e1vel para a manuten\u00e7\u00e3o do equil\u00edbrio social.<\/p>\n\n\n\n<h2 class=\"wp-block-heading\">Diretrizes e novidades para 2025<\/h2>\n\n\n\n<p>O <strong>or\u00e7amento de R$ 56 bilh\u00f5es<\/strong> destinado ao <a href=\"https:\/\/www.gov.br\/trabalho-e-emprego\/pt-br\/noticias-e-conteudo\/2025\/janeiro\/seguro-desemprego-2025-atualizacao-das-faixas-e-valores-do-beneficio\" target=\"_blank\" rel=\"noreferrer noopener\">seguro-desemprego em 2025<\/a> reflete o compromisso com a continuidade e fortalecimento do programa. O governo federal assegura, com essa quantia, a manuten\u00e7\u00e3o das regras atuais, que incluem condi\u00e7\u00f5es objetivas de elegibilidade e valores alinhados \u00e0 realidade econ\u00f4mica do pa\u00eds.<\/p>\n\n\n\n<p>Em 2025, espera-se que os crit\u00e9rios de acesso sigam praticamente os mesmos, como a necessidade de demiss\u00e3o sem justa causa e cumprimento de car\u00eancia entre solicita\u00e7\u00f5es. Medidas de moderniza\u00e7\u00e3o dos canais de atendimento e simplifica\u00e7\u00e3o de processos tamb\u00e9m est\u00e3o entre as prioridades, visando diminuir a burocracia para o trabalhador.<\/p>\n\n\n\n<p>Al\u00e9m disso, autoridades sinalizam aten\u00e7\u00e3o especial \u00e0s novas din\u00e2micas do mercado de trabalho, como o crescimento do trabalho informal e digital. Estuda-se a viabilidade de ajustes na legisla\u00e7\u00e3o para contemplar novas formas de contrata\u00e7\u00e3o, garantindo que o seguro-desemprego continue a ser uma ferramenta inclusiva e abrangente.<\/p>\n\n\n\n<h2 class=\"wp-block-heading\">Quem tem direito ao benef\u00edcio?<\/h2>\n\n\n\n<p>Para ser eleg\u00edvel ao seguro-desemprego, o trabalhador deve ter sido demitido sem justa causa e ter cumprido per\u00edodos m\u00ednimos de trabalho e car\u00eancia definidos pela legisla\u00e7\u00e3o. A quantidade de parcelas e o valor do benef\u00edcio variam conforme o tempo de servi\u00e7o e o n\u00famero de solicita\u00e7\u00f5es anteriores.<\/p>\n\n\n\n<p>Al\u00e9m disso, \u00e9 necess\u00e1rio que o trabalhador n\u00e3o tenha outra fonte de renda suficiente para o pr\u00f3prio sustento e de sua fam\u00edlia, e que n\u00e3o esteja recebendo benef\u00edcios da <strong>Previd\u00eancia Social<\/strong> \u2013 exceto aux\u00edlio-acidente e pens\u00e3o por morte. Estas regras s\u00e3o estabelecidas para garantir que o recurso p\u00fablico v\u00e1, de fato, <strong>para quem mais precisa<\/strong>.<\/p>\n\n\n\n<p>\u00c9 fundamental que o trabalhador busque informa\u00e7\u00f5es atualizadas nos canais oficiais sobre documenta\u00e7\u00e3o exigida e procedimentos de solicita\u00e7\u00e3o, evitando erros que possam atrasar a libera\u00e7\u00e3o do benef\u00edcio.<\/p>\n\n\n\n<h2 class=\"wp-block-heading\">Desafios e principais mitos do seguro-desemprego<\/h2>\n\n\n\n<p>Alguns desafios persistem, como a necessidade de garantir sustentabilidade financeira do programa sem aumentar a burocracia. Embora rumores sobre o fim ou cortes dr\u00e1sticos do benef\u00edcio sejam frequentes em momentos de crise, o or\u00e7amento robusto para 2025 desmente essas especula\u00e7\u00f5es.<\/p>\n\n\n\n<p>Entre os mitos mais comuns, destaca-se a ideia infundada de que o seguro-desemprego estimula a ociosidade. Estudos mostram que, na realidade, o benef\u00edcio permite que o trabalhador busque uma recoloca\u00e7\u00e3o adequada ao seu perfil, o que tende a gerar v\u00ednculos empregat\u00edcios mais est\u00e1veis.<\/p>\n\n\n\n<p>Outro desafio \u00e9 acompanhar as r\u00e1pidas mudan\u00e7as nas formas de trabalho e adaptar o programa a novas realidades, sem perder de vista a sua fun\u00e7\u00e3o primordial de proteger o trabalhador diante do imprevisto da demiss\u00e3o.<\/p>\n\n\n\n<h2 class=\"wp-block-heading\">Papel econ\u00f4mico e impacto coletivo<\/h2>\n\n\n\n<p>O <strong>seguro-desemprego<\/strong> funciona como pol\u00edtica antic\u00edclica, atenuando os efeitos adversos do desemprego sobre a economia. Ao manter o poder de consumo das fam\u00edlias, contribui para a estabilidade de diversos setores, colaborando para o equil\u00edbrio geral do pa\u00eds em per\u00edodos de crise.<\/p>\n\n\n\n<p>Ao evitar quedas bruscas no padr\u00e3o de vida da popula\u00e7\u00e3o, o benef\u00edcio ajuda a preservar a qualidade de vida e o bem-estar social, reduzindo as assimetrias sociais e favorecendo a coes\u00e3o social. Seu papel vai al\u00e9m do indiv\u00edduo e alcan\u00e7a impactos macroecon\u00f4micos positivos.<\/p>\n\n\n\n<p>Combinado a outras pol\u00edticas p\u00fablicas, o seguro-desemprego comp\u00f5e a rede de prote\u00e7\u00e3o social brasileira, sendo pilar fundamental para a redu\u00e7\u00e3o de desigualdades e fomento a um crescimento sustent\u00e1vel.<\/p>\n\n\n\n<p>Leia mais: <a href=\"https:\/\/www.em.com.br\/emfoco\/2025\/09\/05\/seguro-desemprego-em-2025-sobe-com-novo-salario-minimo\/\" target=\"_blank\" rel=\"noreferrer noopener\">Seguro-desemprego em 2025 sobe com novo sal\u00e1rio m\u00ednimo<\/a><\/p>\n\n\n\n<h2 class=\"wp-block-heading\">Perspectivas para o futuro do seguro-desemprego<\/h2>\n\n\n\n<p>Para os pr\u00f3ximos anos, a expectativa \u00e9 de que o seguro-desemprego continue sendo aperfei\u00e7oado, acompanhando as transforma\u00e7\u00f5es do mercado de trabalho sem perder sua ess\u00eancia de prote\u00e7\u00e3o social. Novas regula\u00e7\u00f5es podem ser implementadas para garantir que trabalhadores de setores inovadores tamb\u00e9m sejam contemplados.<\/p>\n\n\n\n<p>Avan\u00e7os tecnol\u00f3gicos permitir\u00e3o processos cada vez mais \u00e1geis e seguros, diminuindo fraudes e ampliando o acesso ao benef\u00edcio, inclusive para quem reside em regi\u00f5es remotas. A digitaliza\u00e7\u00e3o dos servi\u00e7os \u00e9 vista como caminho natural para aproximar o programa do cidad\u00e3o.<\/p>\n\n\n\n<p>Assim, em 2025 e nos anos seguintes, a tend\u00eancia \u00e9 de evolu\u00e7\u00e3o cont\u00ednua, assegurando que o seguro-desemprego mantenha seu papel estrat\u00e9gico de amparo ao trabalhador e estabiliza\u00e7\u00e3o econ\u00f4mica do <strong>Brasil<\/strong>.<\/p>\n","protected":false},"excerpt":{"rendered":"<p>Em meio a um cen\u00e1rio econ\u00f4mico global que apresenta desafios, os programas sociais no Brasil continuam a desempenhar um papel vital na prote\u00e7\u00e3o dos cidad\u00e3os mais vulner\u00e1veis. Entre esses programas, o seguro-desemprego se destaca como uma importante rede de seguran\u00e7a para trabalhadores que perdem seus empregos, proporcionando-lhes suporte tempor\u00e1rio durante a busca de uma nova [&hellip;]<\/p>\n","protected":false},"author":20,"featured_media":54992,"comment_status":"open","ping_status":"open","sticky":false,"template":"","format":"standard","meta":{"jnews-multi-image_gallery":[],"jnews_single_post":{"format":"standard"},"jnews_primary_category":[],"jnews_social_meta":[],"jnews_override_counter":[],"footnotes":""},"categories":[28,1],"tags":[259,158,1832],"class_list":["post-103319","post","type-post","status-publish","format-standard","has-post-thumbnail","hentry","category-economia","category-noticias","tag-beneficio","tag-brasil","tag-seguro-desemprego"],"yoast_head":"<!-- This site is optimized with the Yoast SEO plugin v23.8 - https:\/\/yoast.com\/wordpress\/plugins\/seo\/ -->\n<title>Trabalhadores respiram aliviados com or\u00e7amento do seguro-desemprego - Estado de Minas - Em foco<\/title>\n<meta name=\"description\" content=\"Trabalhadores demitidos sem justa causa t\u00eam direito ao seguro-desemprego. Entenda as regras e novidades para 2025.\" \/>\n<meta name=\"robots\" content=\"index, follow, max-snippet:-1, max-image-preview:large, max-video-preview:-1\" \/>\n<link rel=\"canonical\" href=\"https:\/\/www.em.com.br\/emfoco\/2025\/09\/12\/trabalhadores-respiram-aliviados-com-orcamento-do-seguro-desemprego\/\" \/>\n<meta property=\"og:locale\" content=\"pt_BR\" \/>\n<meta property=\"og:type\" content=\"article\" \/>\n<meta property=\"og:title\" content=\"Trabalhadores respiram aliviados com or\u00e7amento do seguro-desemprego - Estado de Minas - Em foco\" \/>\n<meta property=\"og:description\" content=\"Trabalhadores demitidos sem justa causa t\u00eam direito ao seguro-desemprego. Entenda as regras e novidades para 2025.\" \/>\n<meta property=\"og:url\" content=\"https:\/\/www.em.com.br\/emfoco\/2025\/09\/12\/trabalhadores-respiram-aliviados-com-orcamento-do-seguro-desemprego\/\" \/>\n<meta property=\"og:site_name\" content=\"Estado de Minas - Em foco\" \/>\n<meta property=\"article:published_time\" content=\"2025-09-12T16:38:00+00:00\" \/>\n<meta property=\"article:modified_time\" content=\"2025-09-11T19:01:56+00:00\" \/>\n<meta property=\"og:image\" content=\"https:\/\/www.em.com.br\/emfoco\/wp-content\/uploads\/2025\/06\/idoso-computador_1744372658031.jpg\" \/>\n\t<meta property=\"og:image:width\" content=\"1280\" \/>\n\t<meta property=\"og:image:height\" content=\"720\" \/>\n\t<meta property=\"og:image:type\" content=\"image\/jpeg\" \/>\n<meta name=\"author\" content=\"Ingrid Diniz\" \/>\n<meta name=\"twitter:card\" content=\"summary_large_image\" \/>\n<meta name=\"twitter:label1\" content=\"Escrito por\" \/>\n\t<meta name=\"twitter:data1\" content=\"Ingrid Diniz\" \/>\n\t<meta name=\"twitter:label2\" content=\"Est. tempo de leitura\" \/>\n\t<meta name=\"twitter:data2\" content=\"6 minutos\" \/>\n<!-- \/ Yoast SEO plugin. -->","yoast_head_json":{"title":"Trabalhadores respiram aliviados com or\u00e7amento do seguro-desemprego - Estado de Minas - Em foco","description":"Trabalhadores demitidos sem justa causa t\u00eam direito ao seguro-desemprego. Entenda as regras e novidades para 2025.","robots":{"index":"index","follow":"follow","max-snippet":"max-snippet:-1","max-image-preview":"max-image-preview:large","max-video-preview":"max-video-preview:-1"},"canonical":"https:\/\/www.em.com.br\/emfoco\/2025\/09\/12\/trabalhadores-respiram-aliviados-com-orcamento-do-seguro-desemprego\/","og_locale":"pt_BR","og_type":"article","og_title":"Trabalhadores respiram aliviados com or\u00e7amento do seguro-desemprego - Estado de Minas - Em foco","og_description":"Trabalhadores demitidos sem justa causa t\u00eam direito ao seguro-desemprego. Entenda as regras e novidades para 2025.","og_url":"https:\/\/www.em.com.br\/emfoco\/2025\/09\/12\/trabalhadores-respiram-aliviados-com-orcamento-do-seguro-desemprego\/","og_site_name":"Estado de Minas - Em foco","article_published_time":"2025-09-12T16:38:00+00:00","article_modified_time":"2025-09-11T19:01:56+00:00","og_image":[{"width":1280,"height":720,"url":"https:\/\/www.em.com.br\/emfoco\/wp-content\/uploads\/2025\/06\/idoso-computador_1744372658031.jpg","type":"image\/jpeg"}],"author":"Ingrid Diniz","twitter_card":"summary_large_image","twitter_misc":{"Escrito por":"Ingrid Diniz","Est. tempo de leitura":"6 minutos"},"schema":{"@context":"https:\/\/schema.org","@graph":[{"@type":"WebPage","@id":"https:\/\/www.em.com.br\/emfoco\/2025\/09\/12\/trabalhadores-respiram-aliviados-com-orcamento-do-seguro-desemprego\/","url":"https:\/\/www.em.com.br\/emfoco\/2025\/09\/12\/trabalhadores-respiram-aliviados-com-orcamento-do-seguro-desemprego\/","name":"Trabalhadores respiram aliviados com or\u00e7amento do seguro-desemprego - Estado de Minas - Em foco","isPartOf":{"@id":"https:\/\/www.em.com.br\/emfoco\/#website"},"primaryImageOfPage":{"@id":"https:\/\/www.em.com.br\/emfoco\/2025\/09\/12\/trabalhadores-respiram-aliviados-com-orcamento-do-seguro-desemprego\/#primaryimage"},"image":{"@id":"https:\/\/www.em.com.br\/emfoco\/2025\/09\/12\/trabalhadores-respiram-aliviados-com-orcamento-do-seguro-desemprego\/#primaryimage"},"thumbnailUrl":"https:\/\/www.em.com.br\/emfoco\/wp-content\/uploads\/2025\/06\/idoso-computador_1744372658031.jpg","datePublished":"2025-09-12T16:38:00+00:00","dateModified":"2025-09-11T19:01:56+00:00","author":{"@id":"https:\/\/www.em.com.br\/emfoco\/#\/schema\/person\/649e610b4eb8fff87ff394e54fe17b2b"},"description":"Trabalhadores demitidos sem justa causa t\u00eam direito ao seguro-desemprego. Entenda as regras e novidades para 2025.","breadcrumb":{"@id":"https:\/\/www.em.com.br\/emfoco\/2025\/09\/12\/trabalhadores-respiram-aliviados-com-orcamento-do-seguro-desemprego\/#breadcrumb"},"inLanguage":"pt-BR","potentialAction":[{"@type":"ReadAction","target":["https:\/\/www.em.com.br\/emfoco\/2025\/09\/12\/trabalhadores-respiram-aliviados-com-orcamento-do-seguro-desemprego\/"]}]},{"@type":"ImageObject","inLanguage":"pt-BR","@id":"https:\/\/www.em.com.br\/emfoco\/2025\/09\/12\/trabalhadores-respiram-aliviados-com-orcamento-do-seguro-desemprego\/#primaryimage","url":"https:\/\/www.em.com.br\/emfoco\/wp-content\/uploads\/2025\/06\/idoso-computador_1744372658031.jpg","contentUrl":"https:\/\/www.em.com.br\/emfoco\/wp-content\/uploads\/2025\/06\/idoso-computador_1744372658031.jpg","width":1280,"height":720,"caption":"Novas regras do INSS que podem antecipar sua aposentadoria - Cr\u00e9ditos: depositphotos.com \/ NatashaFedorova"},{"@type":"BreadcrumbList","@id":"https:\/\/www.em.com.br\/emfoco\/2025\/09\/12\/trabalhadores-respiram-aliviados-com-orcamento-do-seguro-desemprego\/#breadcrumb","itemListElement":[{"@type":"ListItem","position":1,"name":"In\u00edcio","item":"https:\/\/www.em.com.br\/emfoco\/"},{"@type":"ListItem","position":2,"name":"Trabalhadores respiram aliviados com or\u00e7amento do seguro-desemprego"}]},{"@type":"WebSite","@id":"https:\/\/www.em.com.br\/emfoco\/#website","url":"https:\/\/www.em.com.br\/emfoco\/","name":"Estado de Minas - Em foco","description":"Acompanhe as \u00faltimas not\u00edcias e fique bem informado sobre tudo o que acontece em Minas Gerais, Brasil e no mundo.","potentialAction":[{"@type":"SearchAction","target":{"@type":"EntryPoint","urlTemplate":"https:\/\/www.em.com.br\/emfoco\/?s={search_term_string}"},"query-input":{"@type":"PropertyValueSpecification","valueRequired":true,"valueName":"search_term_string"}}],"inLanguage":"pt-BR"},{"@type":"Person","@id":"https:\/\/www.em.com.br\/emfoco\/#\/schema\/person\/649e610b4eb8fff87ff394e54fe17b2b","name":"Ingrid Diniz","image":{"@type":"ImageObject","inLanguage":"pt-BR","@id":"https:\/\/www.em.com.br\/emfoco\/#\/schema\/person\/image\/","url":"https:\/\/secure.gravatar.com\/avatar\/a3baa1449ec5c39b4c42babc9d4f3951?s=96&d=mm&r=g","contentUrl":"https:\/\/secure.gravatar.com\/avatar\/a3baa1449ec5c39b4c42babc9d4f3951?s=96&d=mm&r=g","caption":"Ingrid Diniz"},"sameAs":["https:\/\/www.em.com.br\/"],"url":"https:\/\/www.em.com.br\/emfoco\/author\/ingridmyth\/"}]}},"_links":{"self":[{"href":"https:\/\/www.em.com.br\/emfoco\/wp-json\/wp\/v2\/posts\/103319","targetHints":{"allow":["GET"]}}],"collection":[{"href":"https:\/\/www.em.com.br\/emfoco\/wp-json\/wp\/v2\/posts"}],"about":[{"href":"https:\/\/www.em.com.br\/emfoco\/wp-json\/wp\/v2\/types\/post"}],"author":[{"embeddable":true,"href":"https:\/\/www.em.com.br\/emfoco\/wp-json\/wp\/v2\/users\/20"}],"replies":[{"embeddable":true,"href":"https:\/\/www.em.com.br\/emfoco\/wp-json\/wp\/v2\/comments?post=103319"}],"version-history":[{"count":1,"href":"https:\/\/www.em.com.br\/emfoco\/wp-json\/wp\/v2\/posts\/103319\/revisions"}],"predecessor-version":[{"id":103331,"href":"https:\/\/www.em.com.br\/emfoco\/wp-json\/wp\/v2\/posts\/103319\/revisions\/103331"}],"wp:featuredmedia":[{"embeddable":true,"href":"https:\/\/www.em.com.br\/emfoco\/wp-json\/wp\/v2\/media\/54992"}],"wp:attachment":[{"href":"https:\/\/www.em.com.br\/emfoco\/wp-json\/wp\/v2\/media?parent=103319"}],"wp:term":[{"taxonomy":"category","embeddable":true,"href":"https:\/\/www.em.com.br\/emfoco\/wp-json\/wp\/v2\/categories?post=103319"},{"taxonomy":"post_tag","embeddable":true,"href":"https:\/\/www.em.com.br\/emfoco\/wp-json\/wp\/v2\/tags?post=103319"}],"curies":[{"name":"wp","href":"https:\/\/api.w.org\/{rel}","templated":true}]}}