{"id":103204,"date":"2025-09-13T10:28:00","date_gmt":"2025-09-13T13:28:00","guid":{"rendered":"https:\/\/www.em.com.br\/emfoco\/?p=103204"},"modified":"2025-09-11T13:45:34","modified_gmt":"2025-09-11T16:45:34","slug":"as-3-ervas-medicinais-mais-eficazes-contra-ansiedade-e-insonia","status":"publish","type":"post","link":"https:\/\/www.em.com.br\/emfoco\/2025\/09\/13\/as-3-ervas-medicinais-mais-eficazes-contra-ansiedade-e-insonia\/","title":{"rendered":"As 3 ervas medicinais mais eficazes contra ansiedade e ins\u00f4nia"},"content":{"rendered":"\n<p>O uso de <strong>ervas medicinais<\/strong> pode ser um aliado poderoso para quem enfrenta dificuldades para dormir ou sofre com estresse di\u00e1rio. Entre as mais eficazes est\u00e3o a <strong>lavanda<\/strong>, a <strong>melissa<\/strong> e o <strong>maracuj\u00e1<\/strong>, conhecidas por seus efeitos calmantes e relaxantes.<\/p>\n\n\n\n<ul class=\"wp-block-list\">\n<li>Lavanda: aroma relaxante que acalma a mente<\/li>\n\n\n\n<li>Melissa: reduz estresse e melhora a qualidade do sono<\/li>\n\n\n\n<li>Maracuj\u00e1: efeito sedativo natural contra ins\u00f4nia e ansiedade<\/li>\n<\/ul>\n\n\n\n<h2 class=\"wp-block-heading\">Como a lavanda pode melhorar seu sono?<\/h2>\n\n\n\n<p>A <strong>lavanda<\/strong> \u00e9 conhecida por seu aroma inconfund\u00edvel e propriedades relaxantes. Estudos mostram que seu \u00f3leo essencial ajuda a reduzir a frequ\u00eancia card\u00edaca, criando um ambiente prop\u00edcio para o descanso e favorecendo um sono mais profundo.<\/p>\n\n\n\n<p>Al\u00e9m do uso em aromaterapia, a lavanda pode ser aplicada em travesseiros, sprays de ambiente ou at\u00e9 em ch\u00e1s. Seu efeito calmante ajuda a reduzir a <strong><a href=\"https:\/\/drauziovarella.uol.com.br\/neurologia\/ansiedade-noturna-por-que-algumas-pessoas-se-sentem-mais-ansiosas-na-hora-de-dormir\/\" target=\"_blank\" rel=\"noreferrer noopener\">ansiedade noturna<\/a><\/strong>, contribuindo para uma noite de sono mais tranquila e restauradora.<\/p>\n\n\n\n<figure class=\"wp-block-image size-large\"><img loading=\"lazy\" decoding=\"async\" width=\"1024\" height=\"576\" src=\"https:\/\/www.em.com.br\/emfoco\/wp-content\/uploads\/2025\/09\/Lavanda_1756824173715-1024x576.jpg\" alt=\"A planta perfumada que relaxa, combate dores e ainda cuida da pele\" class=\"wp-image-99805\" srcset=\"https:\/\/www.em.com.br\/emfoco\/wp-content\/uploads\/2025\/09\/Lavanda_1756824173715-1024x576.jpg 1024w, https:\/\/www.em.com.br\/emfoco\/wp-content\/uploads\/2025\/09\/Lavanda_1756824173715-300x169.jpg 300w, https:\/\/www.em.com.br\/emfoco\/wp-content\/uploads\/2025\/09\/Lavanda_1756824173715-768x432.jpg 768w, https:\/\/www.em.com.br\/emfoco\/wp-content\/uploads\/2025\/09\/Lavanda_1756824173715-750x422.jpg 750w, https:\/\/www.em.com.br\/emfoco\/wp-content\/uploads\/2025\/09\/Lavanda_1756824173715-1140x641.jpg 1140w, https:\/\/www.em.com.br\/emfoco\/wp-content\/uploads\/2025\/09\/Lavanda_1756824173715.jpg 1280w\" sizes=\"auto, (max-width: 1024px) 100vw, 1024px\" \/><figcaption class=\"wp-element-caption\">Lavanda &#8211; Cr\u00e9ditos: depositphotos.com \/ Kazlouskaya<\/figcaption><\/figure>\n\n\n\n<h2 class=\"wp-block-heading\">Quais benef\u00edcios a melissa oferece para acalmar a mente?<\/h2>\n\n\n\n<p>A <strong>melissa<\/strong>, tamb\u00e9m chamada de erva-cidreira, \u00e9 usada tradicionalmente para aliviar nervosismo e tens\u00f5es. Seu consumo em infus\u00f5es atua no sistema nervoso central, proporcionando relaxamento f\u00edsico e mental, o que favorece uma sensa\u00e7\u00e3o de calma.<\/p>\n\n\n\n<ul class=\"wp-block-list\">\n<li>Reduz sintomas de ansiedade e agita\u00e7\u00e3o<\/li>\n\n\n\n<li>Auxilia no tratamento da ins\u00f4nia leve<\/li>\n\n\n\n<li>Melhora a qualidade do descanso noturno<\/li>\n<\/ul>\n\n\n\n<figure class=\"wp-block-image size-large\"><img loading=\"lazy\" decoding=\"async\" width=\"1024\" height=\"576\" src=\"https:\/\/www.em.com.br\/emfoco\/wp-content\/uploads\/2025\/09\/cha-de-erva-cidreira_1756924902407-1024x576.jpg\" alt=\"Esses s\u00e3o os melhores ch\u00e1s para quem est\u00e1 tendo problemas para dormir\" class=\"wp-image-100364\" srcset=\"https:\/\/www.em.com.br\/emfoco\/wp-content\/uploads\/2025\/09\/cha-de-erva-cidreira_1756924902407-1024x576.jpg 1024w, https:\/\/www.em.com.br\/emfoco\/wp-content\/uploads\/2025\/09\/cha-de-erva-cidreira_1756924902407-300x169.jpg 300w, https:\/\/www.em.com.br\/emfoco\/wp-content\/uploads\/2025\/09\/cha-de-erva-cidreira_1756924902407-768x432.jpg 768w, https:\/\/www.em.com.br\/emfoco\/wp-content\/uploads\/2025\/09\/cha-de-erva-cidreira_1756924902407-750x422.jpg 750w, https:\/\/www.em.com.br\/emfoco\/wp-content\/uploads\/2025\/09\/cha-de-erva-cidreira_1756924902407-1140x641.jpg 1140w, https:\/\/www.em.com.br\/emfoco\/wp-content\/uploads\/2025\/09\/cha-de-erva-cidreira_1756924902407.jpg 1280w\" sizes=\"auto, (max-width: 1024px) 100vw, 1024px\" \/><figcaption class=\"wp-element-caption\">Ch\u00e1 de erva-cidreira &#8211; Cr\u00e9ditos: depositphotos.com \/ MadeleineSteinbach<\/figcaption><\/figure>\n\n\n\n<h2 class=\"wp-block-heading\">De que forma o maracuj\u00e1 atua contra o estresse?<\/h2>\n\n\n\n<p>O <strong>maracuj\u00e1<\/strong> cont\u00e9m subst\u00e2ncias com efeito sedativo natural, como a passiflorina, que ajudam a reduzir a atividade cerebral excessiva. Essa a\u00e7\u00e3o contribui para a diminui\u00e7\u00e3o da tens\u00e3o, do estresse e da dificuldade em iniciar o sono.<\/p>\n\n\n\n<p>Consumido em forma de ch\u00e1 ou c\u00e1psulas, o maracuj\u00e1 \u00e9 amplamente usado como suporte natural para pessoas com <strong><a href=\"https:\/\/www.em.com.br\/emfoco\/2025\/09\/10\/a-planta-esquecida-que-melhora-a-concentracao-e-ainda-acalma-a-ansiedade\/\" target=\"_blank\" rel=\"noreferrer noopener\">ansiedade<\/a><\/strong>. Al\u00e9m de promover relaxamento, auxilia em quadros leves de ins\u00f4nia, favorecendo um descanso mais prolongado.<\/p>\n\n\n\n<figure class=\"wp-block-image size-large\"><img loading=\"lazy\" decoding=\"async\" width=\"1024\" height=\"576\" src=\"https:\/\/www.em.com.br\/emfoco\/wp-content\/uploads\/2025\/08\/Maracuja_1755268402447-1024x576.jpg\" alt=\"A planta que vai transformar seu jardim em ref\u00fagio de borboletas\" class=\"wp-image-92046\" srcset=\"https:\/\/www.em.com.br\/emfoco\/wp-content\/uploads\/2025\/08\/Maracuja_1755268402447-1024x576.jpg 1024w, https:\/\/www.em.com.br\/emfoco\/wp-content\/uploads\/2025\/08\/Maracuja_1755268402447-300x169.jpg 300w, https:\/\/www.em.com.br\/emfoco\/wp-content\/uploads\/2025\/08\/Maracuja_1755268402447-768x432.jpg 768w, https:\/\/www.em.com.br\/emfoco\/wp-content\/uploads\/2025\/08\/Maracuja_1755268402447-750x422.jpg 750w, https:\/\/www.em.com.br\/emfoco\/wp-content\/uploads\/2025\/08\/Maracuja_1755268402447-1140x641.jpg 1140w, https:\/\/www.em.com.br\/emfoco\/wp-content\/uploads\/2025\/08\/Maracuja_1755268402447.jpg 1280w\" sizes=\"auto, (max-width: 1024px) 100vw, 1024px\" \/><figcaption class=\"wp-element-caption\">Flor de maracuj\u00e1 &#8211; Cr\u00e9ditos: depositphotos.com \/ EsinDeniz<\/figcaption><\/figure>\n\n\n\n<h2 class=\"wp-block-heading\">Quais combina\u00e7\u00f5es potencializam os efeitos relaxantes?<\/h2>\n\n\n\n<p>Combinar diferentes <strong>ervas calmantes<\/strong> pode intensificar seus efeitos e trazer mais benef\u00edcios. Muitos ch\u00e1s prontos misturam lavanda, melissa e maracuj\u00e1, criando uma sinergia que atua diretamente na qualidade do sono e no equil\u00edbrio emocional.<\/p>\n\n\n\n<ul class=\"wp-block-list\">\n<li>Lavanda com melissa para noites mais tranquilas<\/li>\n\n\n\n<li>Melissa e maracuj\u00e1 para reduzir preocupa\u00e7\u00f5es excessivas<\/li>\n\n\n\n<li>Lavanda e maracuj\u00e1 em ch\u00e1s arom\u00e1ticos relaxantes<\/li>\n<\/ul>\n\n\n\n<h2 class=\"wp-block-heading\">Como incluir essas ervas no dia a dia de forma pr\u00e1tica?<\/h2>\n\n\n\n<p>Introduzir <strong>ervas relaxantes<\/strong> na rotina pode ser simples e acess\u00edvel. Elas podem ser utilizadas em infus\u00f5es, c\u00e1psulas naturais ou at\u00e9 como aromaterapia, dependendo das prefer\u00eancias individuais e da intensidade do estresse enfrentado diariamente.<\/p>\n\n\n\n<ul class=\"wp-block-list\">\n<li>Ch\u00e1s noturnos preparados antes de dormir<\/li>\n\n\n\n<li>\u00d3leos essenciais aplicados no ambiente<\/li>\n\n\n\n<li>Suplementos naturais como c\u00e1psulas de ervas<\/li>\n<\/ul>\n","protected":false},"excerpt":{"rendered":"<p>O uso de ervas medicinais pode ser um aliado poderoso para quem enfrenta dificuldades para dormir ou sofre com estresse di\u00e1rio. Entre as mais eficazes est\u00e3o a lavanda, a melissa e o maracuj\u00e1, conhecidas por seus efeitos calmantes e relaxantes. Como a lavanda pode melhorar seu sono? A lavanda \u00e9 conhecida por seu aroma inconfund\u00edvel [&hellip;]<\/p>\n","protected":false},"author":13,"featured_media":95205,"comment_status":"open","ping_status":"open","sticky":false,"template":"","format":"standard","meta":{"jnews-multi-image_gallery":[],"jnews_single_post":{"format":"standard"},"jnews_primary_category":[],"jnews_social_meta":[],"jnews_override_counter":[],"footnotes":""},"categories":[9053],"tags":[4947,2125,7989],"class_list":["post-103204","post","type-post","status-publish","format-standard","has-post-thumbnail","hentry","category-saude","tag-ansiedade","tag-ervas","tag-ervas-medicinais"],"yoast_head":"<!-- This site is optimized with the Yoast SEO plugin v23.8 - https:\/\/yoast.com\/wordpress\/plugins\/seo\/ -->\n<title>As 3 ervas medicinais mais eficazes contra ansiedade e ins\u00f4nia - Estado de Minas - Em foco<\/title>\n<meta name=\"description\" content=\"Quem sofre com estresse e ins\u00f4nia est\u00e1 encontrando al\u00edvio com essas ervas calmantes de efeito comprovado e f\u00e1cil acesso.\" \/>\n<meta name=\"robots\" content=\"index, follow, max-snippet:-1, max-image-preview:large, max-video-preview:-1\" \/>\n<link rel=\"canonical\" href=\"https:\/\/www.em.com.br\/emfoco\/2025\/09\/13\/as-3-ervas-medicinais-mais-eficazes-contra-ansiedade-e-insonia\/\" \/>\n<meta property=\"og:locale\" content=\"pt_BR\" \/>\n<meta property=\"og:type\" content=\"article\" \/>\n<meta property=\"og:title\" content=\"As 3 ervas medicinais mais eficazes contra ansiedade e ins\u00f4nia - Estado de Minas - Em foco\" \/>\n<meta property=\"og:description\" content=\"Quem sofre com estresse e ins\u00f4nia est\u00e1 encontrando al\u00edvio com essas ervas calmantes de efeito comprovado e f\u00e1cil acesso.\" \/>\n<meta property=\"og:url\" content=\"https:\/\/www.em.com.br\/emfoco\/2025\/09\/13\/as-3-ervas-medicinais-mais-eficazes-contra-ansiedade-e-insonia\/\" \/>\n<meta property=\"og:site_name\" content=\"Estado de Minas - Em foco\" \/>\n<meta property=\"article:published_time\" content=\"2025-09-13T13:28:00+00:00\" \/>\n<meta property=\"article:modified_time\" content=\"2025-09-11T16:45:34+00:00\" \/>\n<meta property=\"og:image\" content=\"https:\/\/www.em.com.br\/emfoco\/wp-content\/uploads\/2025\/08\/insonia_1755870088685.jpg\" \/>\n\t<meta property=\"og:image:width\" content=\"1280\" \/>\n\t<meta property=\"og:image:height\" content=\"720\" \/>\n\t<meta property=\"og:image:type\" content=\"image\/jpeg\" \/>\n<meta name=\"author\" content=\"Gabriel Martins\" \/>\n<meta name=\"twitter:card\" content=\"summary_large_image\" \/>\n<meta name=\"twitter:label1\" content=\"Escrito por\" \/>\n\t<meta name=\"twitter:data1\" content=\"Gabriel Martins\" \/>\n\t<meta name=\"twitter:label2\" content=\"Est. tempo de leitura\" \/>\n\t<meta name=\"twitter:data2\" content=\"4 minutos\" \/>\n<!-- \/ Yoast SEO plugin. -->","yoast_head_json":{"title":"As 3 ervas medicinais mais eficazes contra ansiedade e ins\u00f4nia - Estado de Minas - Em foco","description":"Quem sofre com estresse e ins\u00f4nia est\u00e1 encontrando al\u00edvio com essas ervas calmantes de efeito comprovado e f\u00e1cil acesso.","robots":{"index":"index","follow":"follow","max-snippet":"max-snippet:-1","max-image-preview":"max-image-preview:large","max-video-preview":"max-video-preview:-1"},"canonical":"https:\/\/www.em.com.br\/emfoco\/2025\/09\/13\/as-3-ervas-medicinais-mais-eficazes-contra-ansiedade-e-insonia\/","og_locale":"pt_BR","og_type":"article","og_title":"As 3 ervas medicinais mais eficazes contra ansiedade e ins\u00f4nia - Estado de Minas - Em foco","og_description":"Quem sofre com estresse e ins\u00f4nia est\u00e1 encontrando al\u00edvio com essas ervas calmantes de efeito comprovado e f\u00e1cil acesso.","og_url":"https:\/\/www.em.com.br\/emfoco\/2025\/09\/13\/as-3-ervas-medicinais-mais-eficazes-contra-ansiedade-e-insonia\/","og_site_name":"Estado de Minas - Em foco","article_published_time":"2025-09-13T13:28:00+00:00","article_modified_time":"2025-09-11T16:45:34+00:00","og_image":[{"width":1280,"height":720,"url":"https:\/\/www.em.com.br\/emfoco\/wp-content\/uploads\/2025\/08\/insonia_1755870088685.jpg","type":"image\/jpeg"}],"author":"Gabriel Martins","twitter_card":"summary_large_image","twitter_misc":{"Escrito por":"Gabriel Martins","Est. tempo de leitura":"4 minutos"},"schema":{"@context":"https:\/\/schema.org","@graph":[{"@type":"WebPage","@id":"https:\/\/www.em.com.br\/emfoco\/2025\/09\/13\/as-3-ervas-medicinais-mais-eficazes-contra-ansiedade-e-insonia\/","url":"https:\/\/www.em.com.br\/emfoco\/2025\/09\/13\/as-3-ervas-medicinais-mais-eficazes-contra-ansiedade-e-insonia\/","name":"As 3 ervas medicinais mais eficazes contra ansiedade e ins\u00f4nia - Estado de Minas - Em foco","isPartOf":{"@id":"https:\/\/www.em.com.br\/emfoco\/#website"},"primaryImageOfPage":{"@id":"https:\/\/www.em.com.br\/emfoco\/2025\/09\/13\/as-3-ervas-medicinais-mais-eficazes-contra-ansiedade-e-insonia\/#primaryimage"},"image":{"@id":"https:\/\/www.em.com.br\/emfoco\/2025\/09\/13\/as-3-ervas-medicinais-mais-eficazes-contra-ansiedade-e-insonia\/#primaryimage"},"thumbnailUrl":"https:\/\/www.em.com.br\/emfoco\/wp-content\/uploads\/2025\/08\/insonia_1755870088685.jpg","datePublished":"2025-09-13T13:28:00+00:00","dateModified":"2025-09-11T16:45:34+00:00","author":{"@id":"https:\/\/www.em.com.br\/emfoco\/#\/schema\/person\/1c9ddeab18b98abeffef834667bcf08a"},"description":"Quem sofre com estresse e ins\u00f4nia est\u00e1 encontrando al\u00edvio com essas ervas calmantes de efeito comprovado e f\u00e1cil acesso.","breadcrumb":{"@id":"https:\/\/www.em.com.br\/emfoco\/2025\/09\/13\/as-3-ervas-medicinais-mais-eficazes-contra-ansiedade-e-insonia\/#breadcrumb"},"inLanguage":"pt-BR","potentialAction":[{"@type":"ReadAction","target":["https:\/\/www.em.com.br\/emfoco\/2025\/09\/13\/as-3-ervas-medicinais-mais-eficazes-contra-ansiedade-e-insonia\/"]}]},{"@type":"ImageObject","inLanguage":"pt-BR","@id":"https:\/\/www.em.com.br\/emfoco\/2025\/09\/13\/as-3-ervas-medicinais-mais-eficazes-contra-ansiedade-e-insonia\/#primaryimage","url":"https:\/\/www.em.com.br\/emfoco\/wp-content\/uploads\/2025\/08\/insonia_1755870088685.jpg","contentUrl":"https:\/\/www.em.com.br\/emfoco\/wp-content\/uploads\/2025\/08\/insonia_1755870088685.jpg","width":1280,"height":720,"caption":"Excesso de exposi\u00e7\u00e3o causa irritabilidade e cansa\u00e7o cont\u00ednuo - Cr\u00e9ditos: depositphotos.com \/ HayDmitriy"},{"@type":"BreadcrumbList","@id":"https:\/\/www.em.com.br\/emfoco\/2025\/09\/13\/as-3-ervas-medicinais-mais-eficazes-contra-ansiedade-e-insonia\/#breadcrumb","itemListElement":[{"@type":"ListItem","position":1,"name":"In\u00edcio","item":"https:\/\/www.em.com.br\/emfoco\/"},{"@type":"ListItem","position":2,"name":"As 3 ervas medicinais mais eficazes contra ansiedade e ins\u00f4nia"}]},{"@type":"WebSite","@id":"https:\/\/www.em.com.br\/emfoco\/#website","url":"https:\/\/www.em.com.br\/emfoco\/","name":"Estado de Minas - Em foco","description":"Acompanhe as \u00faltimas not\u00edcias e fique bem informado sobre tudo o que acontece em Minas Gerais, Brasil e no mundo.","potentialAction":[{"@type":"SearchAction","target":{"@type":"EntryPoint","urlTemplate":"https:\/\/www.em.com.br\/emfoco\/?s={search_term_string}"},"query-input":{"@type":"PropertyValueSpecification","valueRequired":true,"valueName":"search_term_string"}}],"inLanguage":"pt-BR"},{"@type":"Person","@id":"https:\/\/www.em.com.br\/emfoco\/#\/schema\/person\/1c9ddeab18b98abeffef834667bcf08a","name":"Gabriel Martins","image":{"@type":"ImageObject","inLanguage":"pt-BR","@id":"https:\/\/www.em.com.br\/emfoco\/#\/schema\/person\/image\/","url":"https:\/\/secure.gravatar.com\/avatar\/f0f1e2efdfd88f1ad2cb08c5c2731e50?s=96&d=mm&r=g","contentUrl":"https:\/\/secure.gravatar.com\/avatar\/f0f1e2efdfd88f1ad2cb08c5c2731e50?s=96&d=mm&r=g","caption":"Gabriel Martins"},"sameAs":["https:\/\/www.em.com.br\/emfoco\/"],"url":"https:\/\/www.em.com.br\/emfoco\/author\/gabrielmartinsmyth\/"}]}},"_links":{"self":[{"href":"https:\/\/www.em.com.br\/emfoco\/wp-json\/wp\/v2\/posts\/103204","targetHints":{"allow":["GET"]}}],"collection":[{"href":"https:\/\/www.em.com.br\/emfoco\/wp-json\/wp\/v2\/posts"}],"about":[{"href":"https:\/\/www.em.com.br\/emfoco\/wp-json\/wp\/v2\/types\/post"}],"author":[{"embeddable":true,"href":"https:\/\/www.em.com.br\/emfoco\/wp-json\/wp\/v2\/users\/13"}],"replies":[{"embeddable":true,"href":"https:\/\/www.em.com.br\/emfoco\/wp-json\/wp\/v2\/comments?post=103204"}],"version-history":[{"count":1,"href":"https:\/\/www.em.com.br\/emfoco\/wp-json\/wp\/v2\/posts\/103204\/revisions"}],"predecessor-version":[{"id":103250,"href":"https:\/\/www.em.com.br\/emfoco\/wp-json\/wp\/v2\/posts\/103204\/revisions\/103250"}],"wp:featuredmedia":[{"embeddable":true,"href":"https:\/\/www.em.com.br\/emfoco\/wp-json\/wp\/v2\/media\/95205"}],"wp:attachment":[{"href":"https:\/\/www.em.com.br\/emfoco\/wp-json\/wp\/v2\/media?parent=103204"}],"wp:term":[{"taxonomy":"category","embeddable":true,"href":"https:\/\/www.em.com.br\/emfoco\/wp-json\/wp\/v2\/categories?post=103204"},{"taxonomy":"post_tag","embeddable":true,"href":"https:\/\/www.em.com.br\/emfoco\/wp-json\/wp\/v2\/tags?post=103204"}],"curies":[{"name":"wp","href":"https:\/\/api.w.org\/{rel}","templated":true}]}}