{"id":103143,"date":"2025-09-12T22:48:38","date_gmt":"2025-09-13T01:48:38","guid":{"rendered":"https:\/\/www.em.com.br\/emfoco\/?p=103143"},"modified":"2025-09-11T13:00:38","modified_gmt":"2025-09-11T16:00:38","slug":"os-sinais-fisicos-e-comportamentais-que-mostram-ansiedade-infantil","status":"publish","type":"post","link":"https:\/\/www.em.com.br\/emfoco\/2025\/09\/12\/os-sinais-fisicos-e-comportamentais-que-mostram-ansiedade-infantil\/","title":{"rendered":"Os sinais f\u00edsicos e comportamentais que mostram ansiedade infantil"},"content":{"rendered":"\n<p>Nos \u00faltimos anos, a aten\u00e7\u00e3o \u00e0 sa\u00fade mental das crian\u00e7as tem se intensificado, especialmente em rela\u00e7\u00e3o \u00e0 ansiedade. Com mudan\u00e7as sociais e educacionais, muitas crian\u00e7as apresentam sinais de ansiedade que podem afetar seu desenvolvimento. Compreender esses sinais \u00e9 fundamental para oferecer o suporte necess\u00e1rio. Dados da <strong>Organiza\u00e7\u00e3o Mundial da Sa\u00fade<\/strong> indicam que cerca de 10% das crian\u00e7as e adolescentes ao redor do mundo apresentam algum transtorno de ansiedade, evidenciando a import\u00e2ncia desse tema.<\/p>\n\n\n\n<p>Um dos desafios ao identificar a ansiedade infantil \u00e9 que os sintomas podem ser silenciosos e frequentemente confundidos com comportamentos t\u00edpicos da inf\u00e2ncia. Entretanto, observar mudan\u00e7as no comportamento pode ser revelador. Crian\u00e7as ansiosas podem manifestar preocupa\u00e7\u00f5es excessivas em rela\u00e7\u00e3o a diversas situa\u00e7\u00f5es, desde a escola at\u00e9 intera\u00e7\u00f5es sociais.<\/p>\n\n\n\n<h2 class=\"wp-block-heading\">Quais s\u00e3o os sinais f\u00edsicos da ansiedade em crian\u00e7as?<\/h2>\n\n\n\n<p>Os sinais f\u00edsicos s\u00e3o frequentemente os mais evidentes. Crian\u00e7as ansiosas podem queixar-se de dores de barriga, de cabe\u00e7a, ou cansa\u00e7o sem causa aparente. Al\u00e9m disso, \u00e9 comum que exibam tens\u00e3o muscular ou at\u00e9 mesmo tenham dificuldade para respirar. Um estudo recente da <strong>Universidade de S\u00e3o Paulo<\/strong> refor\u00e7a que sintomas f\u00edsicos costumam ser subestimados em ambientes escolares, o que pode retardar o diagn\u00f3stico. Esses sintomas s\u00e3o manifesta\u00e7\u00f5es f\u00edsicas de uma mente em constante estado de alerta.<\/p>\n\n\n<div class=\"wp-block-image\">\n<figure class=\"aligncenter size-large\"><img loading=\"lazy\" decoding=\"async\" width=\"1024\" height=\"576\" src=\"https:\/\/www.em.com.br\/emfoco\/wp-content\/uploads\/2025\/09\/ansiedade-criancas_1757606244623-1024x576.jpg\" alt=\"\" class=\"wp-image-103192\" srcset=\"https:\/\/www.em.com.br\/emfoco\/wp-content\/uploads\/2025\/09\/ansiedade-criancas_1757606244623-1024x576.jpg 1024w, https:\/\/www.em.com.br\/emfoco\/wp-content\/uploads\/2025\/09\/ansiedade-criancas_1757606244623-300x169.jpg 300w, https:\/\/www.em.com.br\/emfoco\/wp-content\/uploads\/2025\/09\/ansiedade-criancas_1757606244623-768x432.jpg 768w, https:\/\/www.em.com.br\/emfoco\/wp-content\/uploads\/2025\/09\/ansiedade-criancas_1757606244623-750x422.jpg 750w, https:\/\/www.em.com.br\/emfoco\/wp-content\/uploads\/2025\/09\/ansiedade-criancas_1757606244623-1140x641.jpg 1140w, https:\/\/www.em.com.br\/emfoco\/wp-content\/uploads\/2025\/09\/ansiedade-criancas_1757606244623.jpg 1280w\" sizes=\"auto, (max-width: 1024px) 100vw, 1024px\" \/><figcaption class=\"wp-element-caption\">Ansiedade infantil &#8211; Cr\u00e9ditos: depositphotos.com \/ efurorstudio<\/figcaption><\/figure><\/div>\n\n\n<h2 class=\"wp-block-heading\">Quais comportamentos podem indicar ansiedade infantil?<\/h2>\n\n\n\n<p>A observa\u00e7\u00e3o comportamental \u00e9 crucial. Crian\u00e7as ansiosas podem evitar situa\u00e7\u00f5es sociais, apresentando pouca disposi\u00e7\u00e3o para brincar em grupo ou falar em p\u00fablico. Frequentemente, mostram-se irritadi\u00e7as ou chorosas, e podem recusar-se a ir \u00e0 escola. Outro sinal \u00e9 a procrastina\u00e7\u00e3o, visto que as crian\u00e7as evitam tarefas que consideram estressantes. Pesquisas do<a href=\"https:\/\/www.nimh.nih.gov\/\" target=\"_blank\" rel=\"noopener\"> Instituto Nacional de Sa\u00fade Mental<\/a> apontam que essas manifesta\u00e7\u00f5es comportamentais podem variar de acordo com idade e contexto familiar.<\/p>\n\n\n\n<h2 class=\"wp-block-heading\">Qual \u00e9 o papel dos cuidadores na identifica\u00e7\u00e3o da ansiedade?<\/h2>\n\n\n\n<p>Os cuidadores exercem um papel vital na identifica\u00e7\u00e3o da ansiedade nas crian\u00e7as. Observa\u00e7\u00f5es cuidadosas do comportamento em casa e na escola podem fornecer pistas importantes. Comunicar-se regularmente com professores pode ajudar a criar uma imagem mais clara de como a crian\u00e7a lida com o estresse. Em <strong>S\u00e3o Paulo<\/strong>, por exemplo, algumas escolas j\u00e1 adotam protocolos espec\u00edficos para registrar e monitorar esses sinais em parceria com psic\u00f3logos escolares.<\/p>\n\n\n\n<p>Leia tamb\u00e9m: <a href=\"https:\/\/www.em.com.br\/emfoco\/2025\/09\/07\/as-atitudes-dos-adultos-que-as-criancas-observam-em-silencio\/\" target=\"_blank\" rel=\"noopener\">As atitudes dos adultos que as crian\u00e7as observam em sil\u00eancio<\/a><\/p>\n\n\n\n<h2 class=\"wp-block-heading\">Quando \u00e9 necess\u00e1rio buscar ajuda profissional?<\/h2>\n\n\n\n<p>Nem todos os sinais de ansiedade necessitam de interven\u00e7\u00e3o imediata. Todavia, quando esses sinais persistem e come\u00e7am a impactar atividades di\u00e1rias, \u00e9 necess\u00e1rio procurar a orienta\u00e7\u00e3o de um profissional. Psic\u00f3logos e terapeutas infantis s\u00e3o capacitados para diagnosticar e tratar ansiedade em crian\u00e7as, utilizando abordagens delicadas e apropriadas para cada faixa et\u00e1ria. Segundo diretrizes da <strong>Associa\u00e7\u00e3o Brasileira de Psiquiatria<\/strong>, quanto mais cedo for iniciado o acompanhamento, melhores tendem a ser os resultados no bem-estar geral da crian\u00e7a.<\/p>\n\n\n\n<p>Trabalhar na compreens\u00e3o e mitiga\u00e7\u00e3o da ansiedade infantil n\u00e3o \u00e9 apenas uma a\u00e7\u00e3o de resposta, mas uma estrat\u00e9gia proativa para assegurar o bem-estar das crian\u00e7as. Com apoio adequado, \u00e9 poss\u00edvel auxiliar as crian\u00e7as a desenvolverem resili\u00eancia e habilidades para lidarem com o estresse ao longo da vida.<\/p>\n","protected":false},"excerpt":{"rendered":"<p>Nos \u00faltimos anos, a aten\u00e7\u00e3o \u00e0 sa\u00fade mental das crian\u00e7as tem se intensificado, especialmente em rela\u00e7\u00e3o \u00e0 ansiedade. Com mudan\u00e7as sociais e educacionais, muitas crian\u00e7as apresentam sinais de ansiedade que podem afetar seu desenvolvimento. Compreender esses sinais \u00e9 fundamental para oferecer o suporte necess\u00e1rio. Dados da Organiza\u00e7\u00e3o Mundial da Sa\u00fade indicam que cerca de 10% [&hellip;]<\/p>\n","protected":false},"author":9,"featured_media":103191,"comment_status":"open","ping_status":"open","sticky":false,"template":"","format":"standard","meta":{"jnews-multi-image_gallery":[],"jnews_single_post":{"format":"standard"},"jnews_primary_category":[],"jnews_social_meta":[],"jnews_override_counter":[],"footnotes":""},"categories":[1],"tags":[10936,6746,410],"class_list":["post-103143","post","type-post","status-publish","format-standard","has-post-thumbnail","hentry","category-noticias","tag-ansiedade-infantil","tag-desenvolvimento-infantil","tag-saude-mental"],"yoast_head":"<!-- This site is optimized with the Yoast SEO plugin v23.8 - https:\/\/yoast.com\/wordpress\/plugins\/seo\/ -->\n<title>Os sinais f\u00edsicos e comportamentais que mostram ansiedade infantil<\/title>\n<meta name=\"description\" content=\"Aprenda a identificar sinais f\u00edsicos e comportamentais da ansiedade infantil e saiba quando buscar ajuda profissional para seu filho.\" \/>\n<meta name=\"robots\" content=\"index, follow, max-snippet:-1, max-image-preview:large, max-video-preview:-1\" \/>\n<link rel=\"canonical\" href=\"https:\/\/www.em.com.br\/emfoco\/2025\/09\/12\/os-sinais-fisicos-e-comportamentais-que-mostram-ansiedade-infantil\/\" \/>\n<meta property=\"og:locale\" content=\"pt_BR\" \/>\n<meta property=\"og:type\" content=\"article\" \/>\n<meta property=\"og:title\" content=\"Os sinais f\u00edsicos e comportamentais que mostram ansiedade infantil\" \/>\n<meta property=\"og:description\" content=\"Aprenda a identificar sinais f\u00edsicos e comportamentais da ansiedade infantil e saiba quando buscar ajuda profissional para seu filho.\" \/>\n<meta property=\"og:url\" content=\"https:\/\/www.em.com.br\/emfoco\/2025\/09\/12\/os-sinais-fisicos-e-comportamentais-que-mostram-ansiedade-infantil\/\" \/>\n<meta property=\"og:site_name\" content=\"Estado de Minas - Em foco\" \/>\n<meta property=\"article:published_time\" content=\"2025-09-13T01:48:38+00:00\" \/>\n<meta property=\"article:modified_time\" content=\"2025-09-11T16:00:38+00:00\" \/>\n<meta property=\"og:image\" content=\"https:\/\/www.em.com.br\/emfoco\/wp-content\/uploads\/2025\/09\/ansiedade-criancas_1757606132971.jpg\" \/>\n\t<meta property=\"og:image:width\" content=\"1280\" \/>\n\t<meta property=\"og:image:height\" content=\"720\" \/>\n\t<meta property=\"og:image:type\" content=\"image\/jpeg\" \/>\n<meta name=\"author\" content=\"Daniely Cardoso\" \/>\n<meta name=\"twitter:card\" content=\"summary_large_image\" \/>\n<meta name=\"twitter:label1\" content=\"Escrito por\" \/>\n\t<meta name=\"twitter:data1\" content=\"Daniely Cardoso\" \/>\n\t<meta name=\"twitter:label2\" content=\"Est. tempo de leitura\" \/>\n\t<meta name=\"twitter:data2\" content=\"4 minutos\" \/>\n<!-- \/ Yoast SEO plugin. -->","yoast_head_json":{"title":"Os sinais f\u00edsicos e comportamentais que mostram ansiedade infantil","description":"Aprenda a identificar sinais f\u00edsicos e comportamentais da ansiedade infantil e saiba quando buscar ajuda profissional para seu filho.","robots":{"index":"index","follow":"follow","max-snippet":"max-snippet:-1","max-image-preview":"max-image-preview:large","max-video-preview":"max-video-preview:-1"},"canonical":"https:\/\/www.em.com.br\/emfoco\/2025\/09\/12\/os-sinais-fisicos-e-comportamentais-que-mostram-ansiedade-infantil\/","og_locale":"pt_BR","og_type":"article","og_title":"Os sinais f\u00edsicos e comportamentais que mostram ansiedade infantil","og_description":"Aprenda a identificar sinais f\u00edsicos e comportamentais da ansiedade infantil e saiba quando buscar ajuda profissional para seu filho.","og_url":"https:\/\/www.em.com.br\/emfoco\/2025\/09\/12\/os-sinais-fisicos-e-comportamentais-que-mostram-ansiedade-infantil\/","og_site_name":"Estado de Minas - Em foco","article_published_time":"2025-09-13T01:48:38+00:00","article_modified_time":"2025-09-11T16:00:38+00:00","og_image":[{"width":1280,"height":720,"url":"https:\/\/www.em.com.br\/emfoco\/wp-content\/uploads\/2025\/09\/ansiedade-criancas_1757606132971.jpg","type":"image\/jpeg"}],"author":"Daniely Cardoso","twitter_card":"summary_large_image","twitter_misc":{"Escrito por":"Daniely Cardoso","Est. tempo de leitura":"4 minutos"},"schema":{"@context":"https:\/\/schema.org","@graph":[{"@type":"WebPage","@id":"https:\/\/www.em.com.br\/emfoco\/2025\/09\/12\/os-sinais-fisicos-e-comportamentais-que-mostram-ansiedade-infantil\/","url":"https:\/\/www.em.com.br\/emfoco\/2025\/09\/12\/os-sinais-fisicos-e-comportamentais-que-mostram-ansiedade-infantil\/","name":"Os sinais f\u00edsicos e comportamentais que mostram ansiedade infantil","isPartOf":{"@id":"https:\/\/www.em.com.br\/emfoco\/#website"},"primaryImageOfPage":{"@id":"https:\/\/www.em.com.br\/emfoco\/2025\/09\/12\/os-sinais-fisicos-e-comportamentais-que-mostram-ansiedade-infantil\/#primaryimage"},"image":{"@id":"https:\/\/www.em.com.br\/emfoco\/2025\/09\/12\/os-sinais-fisicos-e-comportamentais-que-mostram-ansiedade-infantil\/#primaryimage"},"thumbnailUrl":"https:\/\/www.em.com.br\/emfoco\/wp-content\/uploads\/2025\/09\/ansiedade-criancas_1757606132971.jpg","datePublished":"2025-09-13T01:48:38+00:00","dateModified":"2025-09-11T16:00:38+00:00","author":{"@id":"https:\/\/www.em.com.br\/emfoco\/#\/schema\/person\/0a8186d72f2c3a5c6276d90b41f271a0"},"description":"Aprenda a identificar sinais f\u00edsicos e comportamentais da ansiedade infantil e saiba quando buscar ajuda profissional para seu filho.","breadcrumb":{"@id":"https:\/\/www.em.com.br\/emfoco\/2025\/09\/12\/os-sinais-fisicos-e-comportamentais-que-mostram-ansiedade-infantil\/#breadcrumb"},"inLanguage":"pt-BR","potentialAction":[{"@type":"ReadAction","target":["https:\/\/www.em.com.br\/emfoco\/2025\/09\/12\/os-sinais-fisicos-e-comportamentais-que-mostram-ansiedade-infantil\/"]}]},{"@type":"ImageObject","inLanguage":"pt-BR","@id":"https:\/\/www.em.com.br\/emfoco\/2025\/09\/12\/os-sinais-fisicos-e-comportamentais-que-mostram-ansiedade-infantil\/#primaryimage","url":"https:\/\/www.em.com.br\/emfoco\/wp-content\/uploads\/2025\/09\/ansiedade-criancas_1757606132971.jpg","contentUrl":"https:\/\/www.em.com.br\/emfoco\/wp-content\/uploads\/2025\/09\/ansiedade-criancas_1757606132971.jpg","width":1280,"height":720,"caption":"Ansiedade nas crian\u00e7as - Cr\u00e9ditos: depositphotos.com \/ ramirezom"},{"@type":"BreadcrumbList","@id":"https:\/\/www.em.com.br\/emfoco\/2025\/09\/12\/os-sinais-fisicos-e-comportamentais-que-mostram-ansiedade-infantil\/#breadcrumb","itemListElement":[{"@type":"ListItem","position":1,"name":"In\u00edcio","item":"https:\/\/www.em.com.br\/emfoco\/"},{"@type":"ListItem","position":2,"name":"Os sinais f\u00edsicos e comportamentais que mostram ansiedade infantil"}]},{"@type":"WebSite","@id":"https:\/\/www.em.com.br\/emfoco\/#website","url":"https:\/\/www.em.com.br\/emfoco\/","name":"Estado de Minas - Em foco","description":"Acompanhe as \u00faltimas not\u00edcias e fique bem informado sobre tudo o que acontece em Minas Gerais, Brasil e no mundo.","potentialAction":[{"@type":"SearchAction","target":{"@type":"EntryPoint","urlTemplate":"https:\/\/www.em.com.br\/emfoco\/?s={search_term_string}"},"query-input":{"@type":"PropertyValueSpecification","valueRequired":true,"valueName":"search_term_string"}}],"inLanguage":"pt-BR"},{"@type":"Person","@id":"https:\/\/www.em.com.br\/emfoco\/#\/schema\/person\/0a8186d72f2c3a5c6276d90b41f271a0","name":"Daniely Cardoso","image":{"@type":"ImageObject","inLanguage":"pt-BR","@id":"https:\/\/www.em.com.br\/emfoco\/#\/schema\/person\/image\/","url":"https:\/\/secure.gravatar.com\/avatar\/4b80ddbd124d1f071b626d52d62e5dff?s=96&d=mm&r=g","contentUrl":"https:\/\/secure.gravatar.com\/avatar\/4b80ddbd124d1f071b626d52d62e5dff?s=96&d=mm&r=g","caption":"Daniely Cardoso"},"url":"https:\/\/www.em.com.br\/emfoco\/author\/danielymyth\/"}]}},"_links":{"self":[{"href":"https:\/\/www.em.com.br\/emfoco\/wp-json\/wp\/v2\/posts\/103143","targetHints":{"allow":["GET"]}}],"collection":[{"href":"https:\/\/www.em.com.br\/emfoco\/wp-json\/wp\/v2\/posts"}],"about":[{"href":"https:\/\/www.em.com.br\/emfoco\/wp-json\/wp\/v2\/types\/post"}],"author":[{"embeddable":true,"href":"https:\/\/www.em.com.br\/emfoco\/wp-json\/wp\/v2\/users\/9"}],"replies":[{"embeddable":true,"href":"https:\/\/www.em.com.br\/emfoco\/wp-json\/wp\/v2\/comments?post=103143"}],"version-history":[{"count":2,"href":"https:\/\/www.em.com.br\/emfoco\/wp-json\/wp\/v2\/posts\/103143\/revisions"}],"predecessor-version":[{"id":103193,"href":"https:\/\/www.em.com.br\/emfoco\/wp-json\/wp\/v2\/posts\/103143\/revisions\/103193"}],"wp:featuredmedia":[{"embeddable":true,"href":"https:\/\/www.em.com.br\/emfoco\/wp-json\/wp\/v2\/media\/103191"}],"wp:attachment":[{"href":"https:\/\/www.em.com.br\/emfoco\/wp-json\/wp\/v2\/media?parent=103143"}],"wp:term":[{"taxonomy":"category","embeddable":true,"href":"https:\/\/www.em.com.br\/emfoco\/wp-json\/wp\/v2\/categories?post=103143"},{"taxonomy":"post_tag","embeddable":true,"href":"https:\/\/www.em.com.br\/emfoco\/wp-json\/wp\/v2\/tags?post=103143"}],"curies":[{"name":"wp","href":"https:\/\/api.w.org\/{rel}","templated":true}]}}