{"id":103138,"date":"2025-09-12T22:38:01","date_gmt":"2025-09-13T01:38:01","guid":{"rendered":"https:\/\/www.em.com.br\/emfoco\/?p=103138"},"modified":"2025-09-11T12:55:00","modified_gmt":"2025-09-11T15:55:00","slug":"as-frutas-mais-completas-da-natureza-para-regular-o-intestino","status":"publish","type":"post","link":"https:\/\/www.em.com.br\/emfoco\/2025\/09\/12\/as-frutas-mais-completas-da-natureza-para-regular-o-intestino\/","title":{"rendered":"As frutas mais completas da natureza para regular o intestino"},"content":{"rendered":"\n<p>Quando o assunto \u00e9 sa\u00fade digestiva, muitas pessoas buscam maneiras naturais de melhorar o funcionamento do intestino. Uma solu\u00e7\u00e3o eficaz e saud\u00e1vel \u00e9 integrar frutas na dieta di\u00e1ria. Algumas frutas s\u00e3o especialmente ben\u00e9ficas para o trato digestivo, pois cont\u00eam fibras, vitaminas e outros nutrientes que favorecem o peristaltismo intestinal e ajudam a prevenir o desconforto digestivo. Conhecer essas frutas e suas propriedades \u00e9 crucial para quem busca uma vida mais saud\u00e1vel. Estudos realizados em <strong>Universidade de S\u00e3o Paulo<\/strong> e em outros centros de pesquisa refor\u00e7am a import\u00e2ncia do papel das frutas para a microbiota intestinal.<\/p>\n\n\n\n<h2 class=\"wp-block-heading\">Por que as frutas s\u00e3o importantes para a sa\u00fade intestinal?<\/h2>\n\n\n\n<p>As frutas s\u00e3o fundamentais para manter o equil\u00edbrio do sistema digestivo, principalmente devido ao seu alto teor de fibras diet\u00e9ticas. As fibras s\u00e3o essenciais para promover uma digest\u00e3o eficiente e regular. Al\u00e9m disso, muitas frutas cont\u00eam antioxidantes e outros compostos bioativos que contribuem para a sa\u00fade intestinal, ajudando a proteger o organismo contra inflama\u00e7\u00f5es e fortalecendo o sistema imunol\u00f3gico. Incorporar uma variedade de frutas na dieta \u00e9 uma maneira pr\u00e1tica de garantir esses benef\u00edcios. Conforme destacado pela <strong>Organiza\u00e7\u00e3o Mundial da Sa\u00fade<\/strong>, o consumo regular de frutas est\u00e1 diretamente associado a uma melhor sa\u00fade digestiva e menor risco de doen\u00e7as cr\u00f4nicas.<\/p>\n\n\n\n<h2 class=\"wp-block-heading\">Quais frutas s\u00e3o melhores para o intestino?<\/h2>\n\n\n\n<p>Entre as frutas mais eficazes para melhorar o funcionamento intestinal, destaca-se a <strong>ameixa<\/strong>, conhecida por sua capacidade de aliviar a constipa\u00e7\u00e3o. As ameixas cont\u00eam sorbitol, um a\u00e7\u00facar natural que auxilia no aumento do teor de \u00e1gua no intestino e, consequentemente, melhora seu funcionamento. Al\u00e9m disso, a <strong>papaia<\/strong> \u00e9 outra fruta que merece aten\u00e7\u00e3o. Rica em <a href=\"https:\/\/www.tuasaude.com\/alimentos-ricos-em-fibras\/\" target=\"_blank\" rel=\"noopener\">fibras<\/a> e uma enzima chamada papa\u00edna, a papaia ajuda na digest\u00e3o de prote\u00ednas e regula o tr\u00e2nsito intestinal.&nbsp;<\/p>\n\n\n<div class=\"wp-block-image\">\n<figure class=\"aligncenter size-large\"><img loading=\"lazy\" decoding=\"async\" width=\"1024\" height=\"576\" src=\"https:\/\/www.em.com.br\/emfoco\/wp-content\/uploads\/2025\/05\/ameixa_1747152368746-1024x576.jpg\" alt=\"Aprenda a plantar ameixa no quintal e tenha frutas durante o ver\u00e3o\" class=\"wp-image-46964\" srcset=\"https:\/\/www.em.com.br\/emfoco\/wp-content\/uploads\/2025\/05\/ameixa_1747152368746-1024x576.jpg 1024w, https:\/\/www.em.com.br\/emfoco\/wp-content\/uploads\/2025\/05\/ameixa_1747152368746-300x169.jpg 300w, https:\/\/www.em.com.br\/emfoco\/wp-content\/uploads\/2025\/05\/ameixa_1747152368746-768x432.jpg 768w, https:\/\/www.em.com.br\/emfoco\/wp-content\/uploads\/2025\/05\/ameixa_1747152368746-750x422.jpg 750w, https:\/\/www.em.com.br\/emfoco\/wp-content\/uploads\/2025\/05\/ameixa_1747152368746-1140x641.jpg 1140w, https:\/\/www.em.com.br\/emfoco\/wp-content\/uploads\/2025\/05\/ameixa_1747152368746.jpg 1280w\" sizes=\"auto, (max-width: 1024px) 100vw, 1024px\" \/><figcaption class=\"wp-element-caption\">Ameixa &#8211; Cr\u00e9ditos: depositphotos.com \/ anitasstudio<\/figcaption><\/figure><\/div>\n\n\n<h2 class=\"wp-block-heading\">Como adicionar essas frutas na dieta di\u00e1ria?<\/h2>\n\n\n\n<p>Adicionar frutas \u00e0 dieta pode ser feito de maneira simples e saborosa. Inclu\u00ed-las em saladas, smoothies ou como lanches entre refei\u00e7\u00f5es s\u00e3o maneiras f\u00e1ceis de garantir o consumo di\u00e1rio. A <strong>banana<\/strong>, uma fruta acess\u00edvel e pr\u00e1tica, \u00e9 rica em pot\u00e1ssio e fibras sol\u00faveis, contribuindo para suavizar o tr\u00e2nsito intestinal. A <strong>ma\u00e7\u00e3<\/strong>, com sua pectina, tem um efeito prebi\u00f3tico que alimenta as boas bact\u00e9rias do intestino, promovendo um equil\u00edbrio saud\u00e1vel.<\/p>\n\n\n\n<p>Leia tamb\u00e9m: <a href=\"https:\/\/www.em.com.br\/emfoco\/2025\/09\/11\/a-fruta-mais-refrescante-para-voce-plantar-em-casa-e-colher-todo-o-ano\/\" target=\"_blank\" rel=\"noopener\">A fruta mais refrescante para voc\u00ea plantar em casa e colher todo o ano<\/a><\/p>\n\n\n\n<h2 class=\"wp-block-heading\">Quais s\u00e3o os benef\u00edcios adicionais das frutas para o intestino?<\/h2>\n\n\n\n<p>Al\u00e9m de regular o intestino, muitas frutas oferecem outros benef\u00edcios \u00e0 sa\u00fade. As frutas c\u00edtricas, como laranjas e lim\u00f5es, s\u00e3o ricas em vitamina C e antioxidantes que combatem radicais livres, promovendo a sa\u00fade celular. A uva, conhecida por suas propriedades antioxidantes, tamb\u00e9m auxilia no aumento da motilidade intestinal gra\u00e7as \u00e0 sua composi\u00e7\u00e3o de fibras e \u00e1gua, sendo um excelente recurso para a manuten\u00e7\u00e3o de um intestino saud\u00e1vel. A participa\u00e7\u00e3o de entidades como a <strong>Sociedade Brasileira de Nutri\u00e7\u00e3o<\/strong> em campanhas nacionais sobre alimenta\u00e7\u00e3o saud\u00e1vel tem destacado cada vez mais o papel das frutas no cotidiano da popula\u00e7\u00e3o.<\/p>\n\n\n\n<p>Portanto, a incorpora\u00e7\u00e3o de frutas na alimenta\u00e7\u00e3o n\u00e3o s\u00f3 melhora a regularidade do intestino, mas tamb\u00e9m contribui para uma sa\u00fade integral. Ao combinar essas frutas de maneira variada, pode-se garantir um card\u00e1pio nutritivo e ben\u00e9fico para o sistema digestivo, favorecendo assim uma melhor qualidade de vida.<\/p>\n","protected":false},"excerpt":{"rendered":"<p>Quando o assunto \u00e9 sa\u00fade digestiva, muitas pessoas buscam maneiras naturais de melhorar o funcionamento do intestino. Uma solu\u00e7\u00e3o eficaz e saud\u00e1vel \u00e9 integrar frutas na dieta di\u00e1ria. Algumas frutas s\u00e3o especialmente ben\u00e9ficas para o trato digestivo, pois cont\u00eam fibras, vitaminas e outros nutrientes que favorecem o peristaltismo intestinal e ajudam a prevenir o desconforto [&hellip;]<\/p>\n","protected":false},"author":9,"featured_media":32895,"comment_status":"open","ping_status":"open","sticky":false,"template":"","format":"standard","meta":{"jnews-multi-image_gallery":[],"jnews_single_post":{"format":"standard"},"jnews_primary_category":[],"jnews_social_meta":[],"jnews_override_counter":[],"footnotes":""},"categories":[8691,1],"tags":[5181,2555,8900,9087],"class_list":["post-103138","post","type-post","status-publish","format-standard","has-post-thumbnail","hentry","category-bem-estar","category-noticias","tag-fibras","tag-frutas","tag-intestino","tag-saude-digestiva"],"yoast_head":"<!-- This site is optimized with the Yoast SEO plugin v23.8 - https:\/\/yoast.com\/wordpress\/plugins\/seo\/ -->\n<title>As frutas mais completas da natureza para regular o intestino<\/title>\n<meta name=\"description\" content=\"Aprenda quais frutas regulam o intestino, aliviam a pris\u00e3o de ventre e melhoram a digest\u00e3o de forma pr\u00e1tica e natural todos os dias.\" \/>\n<meta name=\"robots\" content=\"index, follow, max-snippet:-1, max-image-preview:large, max-video-preview:-1\" \/>\n<link rel=\"canonical\" href=\"https:\/\/www.em.com.br\/emfoco\/2025\/09\/12\/as-frutas-mais-completas-da-natureza-para-regular-o-intestino\/\" \/>\n<meta property=\"og:locale\" content=\"pt_BR\" \/>\n<meta property=\"og:type\" content=\"article\" \/>\n<meta property=\"og:title\" content=\"As frutas mais completas da natureza para regular o intestino\" \/>\n<meta property=\"og:description\" content=\"Aprenda quais frutas regulam o intestino, aliviam a pris\u00e3o de ventre e melhoram a digest\u00e3o de forma pr\u00e1tica e natural todos os dias.\" \/>\n<meta property=\"og:url\" content=\"https:\/\/www.em.com.br\/emfoco\/2025\/09\/12\/as-frutas-mais-completas-da-natureza-para-regular-o-intestino\/\" \/>\n<meta property=\"og:site_name\" content=\"Estado de Minas - Em foco\" \/>\n<meta property=\"article:published_time\" content=\"2025-09-13T01:38:01+00:00\" \/>\n<meta property=\"article:modified_time\" content=\"2025-09-11T15:55:00+00:00\" \/>\n<meta property=\"og:image\" content=\"https:\/\/www.em.com.br\/emfoco\/wp-content\/uploads\/2025\/03\/mamao_1743082698323.jpg\" \/>\n\t<meta property=\"og:image:width\" content=\"1280\" \/>\n\t<meta property=\"og:image:height\" content=\"720\" \/>\n\t<meta property=\"og:image:type\" content=\"image\/jpeg\" \/>\n<meta name=\"author\" content=\"Daniely Cardoso\" \/>\n<meta name=\"twitter:card\" content=\"summary_large_image\" \/>\n<meta name=\"twitter:label1\" content=\"Escrito por\" \/>\n\t<meta name=\"twitter:data1\" content=\"Daniely Cardoso\" \/>\n\t<meta name=\"twitter:label2\" content=\"Est. tempo de leitura\" \/>\n\t<meta name=\"twitter:data2\" content=\"4 minutos\" \/>\n<!-- \/ Yoast SEO plugin. -->","yoast_head_json":{"title":"As frutas mais completas da natureza para regular o intestino","description":"Aprenda quais frutas regulam o intestino, aliviam a pris\u00e3o de ventre e melhoram a digest\u00e3o de forma pr\u00e1tica e natural todos os dias.","robots":{"index":"index","follow":"follow","max-snippet":"max-snippet:-1","max-image-preview":"max-image-preview:large","max-video-preview":"max-video-preview:-1"},"canonical":"https:\/\/www.em.com.br\/emfoco\/2025\/09\/12\/as-frutas-mais-completas-da-natureza-para-regular-o-intestino\/","og_locale":"pt_BR","og_type":"article","og_title":"As frutas mais completas da natureza para regular o intestino","og_description":"Aprenda quais frutas regulam o intestino, aliviam a pris\u00e3o de ventre e melhoram a digest\u00e3o de forma pr\u00e1tica e natural todos os dias.","og_url":"https:\/\/www.em.com.br\/emfoco\/2025\/09\/12\/as-frutas-mais-completas-da-natureza-para-regular-o-intestino\/","og_site_name":"Estado de Minas - Em foco","article_published_time":"2025-09-13T01:38:01+00:00","article_modified_time":"2025-09-11T15:55:00+00:00","og_image":[{"width":1280,"height":720,"url":"https:\/\/www.em.com.br\/emfoco\/wp-content\/uploads\/2025\/03\/mamao_1743082698323.jpg","type":"image\/jpeg"}],"author":"Daniely Cardoso","twitter_card":"summary_large_image","twitter_misc":{"Escrito por":"Daniely Cardoso","Est. tempo de leitura":"4 minutos"},"schema":{"@context":"https:\/\/schema.org","@graph":[{"@type":"WebPage","@id":"https:\/\/www.em.com.br\/emfoco\/2025\/09\/12\/as-frutas-mais-completas-da-natureza-para-regular-o-intestino\/","url":"https:\/\/www.em.com.br\/emfoco\/2025\/09\/12\/as-frutas-mais-completas-da-natureza-para-regular-o-intestino\/","name":"As frutas mais completas da natureza para regular o intestino","isPartOf":{"@id":"https:\/\/www.em.com.br\/emfoco\/#website"},"primaryImageOfPage":{"@id":"https:\/\/www.em.com.br\/emfoco\/2025\/09\/12\/as-frutas-mais-completas-da-natureza-para-regular-o-intestino\/#primaryimage"},"image":{"@id":"https:\/\/www.em.com.br\/emfoco\/2025\/09\/12\/as-frutas-mais-completas-da-natureza-para-regular-o-intestino\/#primaryimage"},"thumbnailUrl":"https:\/\/www.em.com.br\/emfoco\/wp-content\/uploads\/2025\/03\/mamao_1743082698323.jpg","datePublished":"2025-09-13T01:38:01+00:00","dateModified":"2025-09-11T15:55:00+00:00","author":{"@id":"https:\/\/www.em.com.br\/emfoco\/#\/schema\/person\/0a8186d72f2c3a5c6276d90b41f271a0"},"description":"Aprenda quais frutas regulam o intestino, aliviam a pris\u00e3o de ventre e melhoram a digest\u00e3o de forma pr\u00e1tica e natural todos os dias.","breadcrumb":{"@id":"https:\/\/www.em.com.br\/emfoco\/2025\/09\/12\/as-frutas-mais-completas-da-natureza-para-regular-o-intestino\/#breadcrumb"},"inLanguage":"pt-BR","potentialAction":[{"@type":"ReadAction","target":["https:\/\/www.em.com.br\/emfoco\/2025\/09\/12\/as-frutas-mais-completas-da-natureza-para-regular-o-intestino\/"]}]},{"@type":"ImageObject","inLanguage":"pt-BR","@id":"https:\/\/www.em.com.br\/emfoco\/2025\/09\/12\/as-frutas-mais-completas-da-natureza-para-regular-o-intestino\/#primaryimage","url":"https:\/\/www.em.com.br\/emfoco\/wp-content\/uploads\/2025\/03\/mamao_1743082698323.jpg","contentUrl":"https:\/\/www.em.com.br\/emfoco\/wp-content\/uploads\/2025\/03\/mamao_1743082698323.jpg","width":1280,"height":720,"caption":"Mam\u00e3o - Cr\u00e9ditos: depositphotos.com \/ alebloshka"},{"@type":"BreadcrumbList","@id":"https:\/\/www.em.com.br\/emfoco\/2025\/09\/12\/as-frutas-mais-completas-da-natureza-para-regular-o-intestino\/#breadcrumb","itemListElement":[{"@type":"ListItem","position":1,"name":"In\u00edcio","item":"https:\/\/www.em.com.br\/emfoco\/"},{"@type":"ListItem","position":2,"name":"As frutas mais completas da natureza para regular o intestino"}]},{"@type":"WebSite","@id":"https:\/\/www.em.com.br\/emfoco\/#website","url":"https:\/\/www.em.com.br\/emfoco\/","name":"Estado de Minas - Em foco","description":"Acompanhe as \u00faltimas not\u00edcias e fique bem informado sobre tudo o que acontece em Minas Gerais, Brasil e no mundo.","potentialAction":[{"@type":"SearchAction","target":{"@type":"EntryPoint","urlTemplate":"https:\/\/www.em.com.br\/emfoco\/?s={search_term_string}"},"query-input":{"@type":"PropertyValueSpecification","valueRequired":true,"valueName":"search_term_string"}}],"inLanguage":"pt-BR"},{"@type":"Person","@id":"https:\/\/www.em.com.br\/emfoco\/#\/schema\/person\/0a8186d72f2c3a5c6276d90b41f271a0","name":"Daniely Cardoso","image":{"@type":"ImageObject","inLanguage":"pt-BR","@id":"https:\/\/www.em.com.br\/emfoco\/#\/schema\/person\/image\/","url":"https:\/\/secure.gravatar.com\/avatar\/4b80ddbd124d1f071b626d52d62e5dff?s=96&d=mm&r=g","contentUrl":"https:\/\/secure.gravatar.com\/avatar\/4b80ddbd124d1f071b626d52d62e5dff?s=96&d=mm&r=g","caption":"Daniely Cardoso"},"url":"https:\/\/www.em.com.br\/emfoco\/author\/danielymyth\/"}]}},"_links":{"self":[{"href":"https:\/\/www.em.com.br\/emfoco\/wp-json\/wp\/v2\/posts\/103138","targetHints":{"allow":["GET"]}}],"collection":[{"href":"https:\/\/www.em.com.br\/emfoco\/wp-json\/wp\/v2\/posts"}],"about":[{"href":"https:\/\/www.em.com.br\/emfoco\/wp-json\/wp\/v2\/types\/post"}],"author":[{"embeddable":true,"href":"https:\/\/www.em.com.br\/emfoco\/wp-json\/wp\/v2\/users\/9"}],"replies":[{"embeddable":true,"href":"https:\/\/www.em.com.br\/emfoco\/wp-json\/wp\/v2\/comments?post=103138"}],"version-history":[{"count":2,"href":"https:\/\/www.em.com.br\/emfoco\/wp-json\/wp\/v2\/posts\/103138\/revisions"}],"predecessor-version":[{"id":103190,"href":"https:\/\/www.em.com.br\/emfoco\/wp-json\/wp\/v2\/posts\/103138\/revisions\/103190"}],"wp:featuredmedia":[{"embeddable":true,"href":"https:\/\/www.em.com.br\/emfoco\/wp-json\/wp\/v2\/media\/32895"}],"wp:attachment":[{"href":"https:\/\/www.em.com.br\/emfoco\/wp-json\/wp\/v2\/media?parent=103138"}],"wp:term":[{"taxonomy":"category","embeddable":true,"href":"https:\/\/www.em.com.br\/emfoco\/wp-json\/wp\/v2\/categories?post=103138"},{"taxonomy":"post_tag","embeddable":true,"href":"https:\/\/www.em.com.br\/emfoco\/wp-json\/wp\/v2\/tags?post=103138"}],"curies":[{"name":"wp","href":"https:\/\/api.w.org\/{rel}","templated":true}]}}