{"id":103099,"date":"2025-09-12T06:28:00","date_gmt":"2025-09-12T09:28:00","guid":{"rendered":"https:\/\/www.em.com.br\/emfoco\/?p=103099"},"modified":"2025-09-11T12:08:49","modified_gmt":"2025-09-11T15:08:49","slug":"temperaturas-podem-passar-dos-40c-no-brasil-nos-proximos-dias-veja","status":"publish","type":"post","link":"https:\/\/www.em.com.br\/emfoco\/2025\/09\/12\/temperaturas-podem-passar-dos-40c-no-brasil-nos-proximos-dias-veja\/","title":{"rendered":"Temperaturas podem passar dos 40\u00b0C no Brasil nos pr\u00f3ximos dias, veja"},"content":{"rendered":"\n<p>As cidades de&nbsp;<strong>Palmas<\/strong>&nbsp;e&nbsp;<strong>Goi\u00e2nia<\/strong>&nbsp;acabam de registrar novos recordes de calor para o ano de&nbsp;<strong>2025<\/strong>. Uma&nbsp;<strong>massa de ar quente<\/strong>&nbsp;predomina sobre grande parte do&nbsp;<strong>Brasil<\/strong>, trazendo temperaturas elevadas e causando preocupa\u00e7\u00f5es em rela\u00e7\u00e3o \u00e0 sa\u00fade e atividades di\u00e1rias.<\/p>\n\n\n\n<ul class=\"wp-block-list\">\n<li>Entenda como a massa de ar quente est\u00e1 afetando o Brasil.<\/li>\n\n\n\n<li>Quais capitais podem enfrentar novos recordes de calor?<\/li>\n\n\n\n<li>Dicas para lidar com temperaturas extremas.<\/li>\n<\/ul>\n\n\n\n<h2 class=\"wp-block-heading\">Como a massa de ar quente afeta o Brasil?<\/h2>\n\n\n\n<p>A\u00a0<strong><a href=\"https:\/\/brasilescola.uol.com.br\/geografia\/massas-ar.htm\" target=\"_blank\" rel=\"noreferrer noopener\">massa de ar quente<\/a><\/strong>\u00a0que atualmente cobre o\u00a0<strong>Brasil<\/strong>\u00a0est\u00e1 provocando temperaturas acima da m\u00e9dia. Este fen\u00f4meno meteorol\u00f3gico comum no ver\u00e3o \u00e9 potencializado por altera\u00e7\u00f5es clim\u00e1ticas, como tem sido observado nos \u00faltimos anos.<\/p>\n\n\n\n<p>As altas temperaturas afetam n\u00e3o apenas o conforto t\u00e9rmico, mas tamb\u00e9m agravam quest\u00f5es de sa\u00fade p\u00fablica e produtividade, especialmente em grandes centros urbanos como&nbsp;<strong>Palmas<\/strong>&nbsp;e&nbsp;<strong>Goi\u00e2nia<\/strong>.<\/p>\n\n\n\n<h2 class=\"wp-block-heading\">Quais capitais devem registrar novos recordes?<\/h2>\n\n\n\n<p>Al\u00e9m de&nbsp;<strong>Palmas<\/strong>&nbsp;e&nbsp;<strong>Goi\u00e2nia<\/strong>, outras capitais brasileiras est\u00e3o sob alerta de calor extremo. Especialistas apontam que cidades como&nbsp;<strong>Cuiab\u00e1<\/strong>&nbsp;e&nbsp;<strong>Belo Horizonte<\/strong>&nbsp;tamb\u00e9m podem registrar temperaturas recordes nos pr\u00f3ximos dias.<\/p>\n\n\n\n<p>Monitorar avisos clim\u00e1ticos e ajustar rotinas di\u00e1rias pode ser essencial para minimizar impactos. Alguns \u00f3rg\u00e3os de meteorologia, como o&nbsp;<strong>Instituto Nacional de Meteorologia<\/strong>, j\u00e1 emitem alertas constantes para a popula\u00e7\u00e3o.<\/p>\n\n\n\n<figure class=\"wp-block-image\"><img decoding=\"async\" src=\"https:\/\/www.em.com.br\/emfoco\/wp-content\/uploads\/2025\/08\/clima-celular_1755126304880-1024x576.jpg\" alt=\"\"\/><figcaption class=\"wp-element-caption\">Clima celular &#8211; Cr\u00e9ditos: depositphotos.com \/ AlexRuhl<\/figcaption><\/figure>\n\n\n\n<h2 class=\"wp-block-heading\">Quais s\u00e3o as dicas para lidar com o calor extremo?<\/h2>\n\n\n\n<p>Enfrentar&nbsp;<strong>temperaturas elevadas<\/strong>&nbsp;exige cuidados redobrados. Algumas estrat\u00e9gias pr\u00e1ticas incluem manter-se hidratado, evitar exposi\u00e7\u00e3o direta ao sol entre 10h e 16h, e usar roupas leves e claras.<\/p>\n\n\n\n<ul class=\"wp-block-list\">\n<li>Hidrate-se constantemente, independentemente da sede.<\/li>\n\n\n\n<li>Procure ambientes com ventila\u00e7\u00e3o adequada ou use ventiladores.<\/li>\n\n\n\n<li>Considere adaptar a rotina de exerc\u00edcios para hor\u00e1rios mais frescos.<\/li>\n<\/ul>\n\n\n\n<p><em>Aten\u00e7\u00e3o<\/em>: Em caso de sintomas como tontura ou n\u00e1usea, procure assist\u00eancia m\u00e9dica.<\/p>\n\n\n\n<h2 class=\"wp-block-heading\">Qual o impacto do calor em Goi\u00e2nia e Palmas?<\/h2>\n\n\n\n<p>Os recordes de&nbsp;<strong>calor em Palmas<\/strong>&nbsp;e&nbsp;<strong>Goi\u00e2nia<\/strong>&nbsp;t\u00eam impactos significativos. O aumento na demanda por energia e \u00e1gua pressiona a infraestrutura j\u00e1 existente, exigindo respostas r\u00e1pidas dos governos locais.<\/p>\n\n\n\n<p>Como resposta, campanhas de conscientiza\u00e7\u00e3o e a\u00e7\u00f5es emergenciais, inclusive pelo&nbsp;<strong>Minist\u00e9rio da Sa\u00fade<\/strong>, est\u00e3o sendo implementadas para proteger a popula\u00e7\u00e3o.<\/p>\n\n\n\n<p>Leia tamb\u00e9m: <a href=\"https:\/\/www.em.com.br\/emfoco\/2025\/09\/07\/o-clima-esta-mudando-rapido-em-todo-pais-e-os-proximos-dias-exigem-atencao\/\" target=\"_blank\" rel=\"noreferrer noopener\">O clima est\u00e1 mudando r\u00e1pido em todo pa\u00eds e os pr\u00f3ximos dias exigem aten\u00e7\u00e3o<\/a><\/p>\n\n\n\n<h2 class=\"wp-block-heading\">Quais os principais insights e aprendizados?<\/h2>\n\n\n\n<ul class=\"wp-block-list\">\n<li>A massa de ar quente est\u00e1 provocando recordes de calor em v\u00e1rias capitais brasileiras.<\/li>\n\n\n\n<li>Medidas pr\u00e1ticas e preventivas podem ajudar a mitigar os efeitos do calor intenso.<\/li>\n\n\n\n<li>Planejamento e conscientiza\u00e7\u00e3o s\u00e3o fundamentais para enfrentar crises clim\u00e1ticas futuras.<\/li>\n<\/ul>\n","protected":false},"excerpt":{"rendered":"<p>As cidades de&nbsp;Palmas&nbsp;e&nbsp;Goi\u00e2nia&nbsp;acabam de registrar novos recordes de calor para o ano de&nbsp;2025. Uma&nbsp;massa de ar quente&nbsp;predomina sobre grande parte do&nbsp;Brasil, trazendo temperaturas elevadas e causando preocupa\u00e7\u00f5es em rela\u00e7\u00e3o \u00e0 sa\u00fade e atividades di\u00e1rias. Como a massa de ar quente afeta o Brasil? A\u00a0massa de ar quente\u00a0que atualmente cobre o\u00a0Brasil\u00a0est\u00e1 provocando temperaturas acima da m\u00e9dia. [&hellip;]<\/p>\n","protected":false},"author":11,"featured_media":92198,"comment_status":"open","ping_status":"open","sticky":false,"template":"","format":"standard","meta":{"jnews-multi-image_gallery":[],"jnews_single_post":{"format":"standard"},"jnews_primary_category":[],"jnews_social_meta":[],"jnews_override_counter":[],"footnotes":""},"categories":[30,1],"tags":[705,152,6378,249],"class_list":["post-103099","post","type-post","status-publish","format-standard","has-post-thumbnail","hentry","category-clima","category-noticias","tag-calor","tag-clima","tag-recorde","tag-temperatura"],"yoast_head":"<!-- This site is optimized with the Yoast SEO plugin v23.8 - https:\/\/yoast.com\/wordpress\/plugins\/seo\/ -->\n<title>Temperaturas podem passar dos 40\u00b0C no Brasil nos pr\u00f3ximos dias, veja - Estado de Minas - Em foco<\/title>\n<meta name=\"description\" content=\"A massa de ar quente est\u00e1 elevando as temperaturas no Brasil. Descubra os impactos e as melhores dicas para lidar com o calor.\" \/>\n<meta name=\"robots\" content=\"index, follow, max-snippet:-1, max-image-preview:large, max-video-preview:-1\" \/>\n<link rel=\"canonical\" href=\"https:\/\/www.em.com.br\/emfoco\/2025\/09\/12\/temperaturas-podem-passar-dos-40c-no-brasil-nos-proximos-dias-veja\/\" \/>\n<meta property=\"og:locale\" content=\"pt_BR\" \/>\n<meta property=\"og:type\" content=\"article\" \/>\n<meta property=\"og:title\" content=\"Temperaturas podem passar dos 40\u00b0C no Brasil nos pr\u00f3ximos dias, veja - Estado de Minas - Em foco\" \/>\n<meta property=\"og:description\" content=\"A massa de ar quente est\u00e1 elevando as temperaturas no Brasil. Descubra os impactos e as melhores dicas para lidar com o calor.\" \/>\n<meta property=\"og:url\" content=\"https:\/\/www.em.com.br\/emfoco\/2025\/09\/12\/temperaturas-podem-passar-dos-40c-no-brasil-nos-proximos-dias-veja\/\" \/>\n<meta property=\"og:site_name\" content=\"Estado de Minas - Em foco\" \/>\n<meta property=\"article:published_time\" content=\"2025-09-12T09:28:00+00:00\" \/>\n<meta property=\"article:modified_time\" content=\"2025-09-11T15:08:49+00:00\" \/>\n<meta property=\"og:image\" content=\"https:\/\/www.em.com.br\/emfoco\/wp-content\/uploads\/2025\/08\/mosaico_1755283172867.jpg\" \/>\n\t<meta property=\"og:image:width\" content=\"1280\" \/>\n\t<meta property=\"og:image:height\" content=\"720\" \/>\n\t<meta property=\"og:image:type\" content=\"image\/jpeg\" \/>\n<meta name=\"author\" content=\"Andre\u0301 Rangel\u00a0\" \/>\n<meta name=\"twitter:card\" content=\"summary_large_image\" \/>\n<meta name=\"twitter:label1\" content=\"Escrito por\" \/>\n\t<meta name=\"twitter:data1\" content=\"Andre\u0301 Rangel\u00a0\" \/>\n\t<meta name=\"twitter:label2\" content=\"Est. tempo de leitura\" \/>\n\t<meta name=\"twitter:data2\" content=\"3 minutos\" \/>\n<!-- \/ Yoast SEO plugin. -->","yoast_head_json":{"title":"Temperaturas podem passar dos 40\u00b0C no Brasil nos pr\u00f3ximos dias, veja - Estado de Minas - Em foco","description":"A massa de ar quente est\u00e1 elevando as temperaturas no Brasil. Descubra os impactos e as melhores dicas para lidar com o calor.","robots":{"index":"index","follow":"follow","max-snippet":"max-snippet:-1","max-image-preview":"max-image-preview:large","max-video-preview":"max-video-preview:-1"},"canonical":"https:\/\/www.em.com.br\/emfoco\/2025\/09\/12\/temperaturas-podem-passar-dos-40c-no-brasil-nos-proximos-dias-veja\/","og_locale":"pt_BR","og_type":"article","og_title":"Temperaturas podem passar dos 40\u00b0C no Brasil nos pr\u00f3ximos dias, veja - Estado de Minas - Em foco","og_description":"A massa de ar quente est\u00e1 elevando as temperaturas no Brasil. Descubra os impactos e as melhores dicas para lidar com o calor.","og_url":"https:\/\/www.em.com.br\/emfoco\/2025\/09\/12\/temperaturas-podem-passar-dos-40c-no-brasil-nos-proximos-dias-veja\/","og_site_name":"Estado de Minas - Em foco","article_published_time":"2025-09-12T09:28:00+00:00","article_modified_time":"2025-09-11T15:08:49+00:00","og_image":[{"width":1280,"height":720,"url":"https:\/\/www.em.com.br\/emfoco\/wp-content\/uploads\/2025\/08\/mosaico_1755283172867.jpg","type":"image\/jpeg"}],"author":"Andre\u0301 Rangel\u00a0","twitter_card":"summary_large_image","twitter_misc":{"Escrito por":"Andre\u0301 Rangel\u00a0","Est. tempo de leitura":"3 minutos"},"schema":{"@context":"https:\/\/schema.org","@graph":[{"@type":"WebPage","@id":"https:\/\/www.em.com.br\/emfoco\/2025\/09\/12\/temperaturas-podem-passar-dos-40c-no-brasil-nos-proximos-dias-veja\/","url":"https:\/\/www.em.com.br\/emfoco\/2025\/09\/12\/temperaturas-podem-passar-dos-40c-no-brasil-nos-proximos-dias-veja\/","name":"Temperaturas podem passar dos 40\u00b0C no Brasil nos pr\u00f3ximos dias, veja - Estado de Minas - Em foco","isPartOf":{"@id":"https:\/\/www.em.com.br\/emfoco\/#website"},"primaryImageOfPage":{"@id":"https:\/\/www.em.com.br\/emfoco\/2025\/09\/12\/temperaturas-podem-passar-dos-40c-no-brasil-nos-proximos-dias-veja\/#primaryimage"},"image":{"@id":"https:\/\/www.em.com.br\/emfoco\/2025\/09\/12\/temperaturas-podem-passar-dos-40c-no-brasil-nos-proximos-dias-veja\/#primaryimage"},"thumbnailUrl":"https:\/\/www.em.com.br\/emfoco\/wp-content\/uploads\/2025\/08\/mosaico_1755283172867.jpg","datePublished":"2025-09-12T09:28:00+00:00","dateModified":"2025-09-11T15:08:49+00:00","author":{"@id":"https:\/\/www.em.com.br\/emfoco\/#\/schema\/person\/60eda09c1fedf0d6891f4cef4b60b8b8"},"description":"A massa de ar quente est\u00e1 elevando as temperaturas no Brasil. Descubra os impactos e as melhores dicas para lidar com o calor.","breadcrumb":{"@id":"https:\/\/www.em.com.br\/emfoco\/2025\/09\/12\/temperaturas-podem-passar-dos-40c-no-brasil-nos-proximos-dias-veja\/#breadcrumb"},"inLanguage":"pt-BR","potentialAction":[{"@type":"ReadAction","target":["https:\/\/www.em.com.br\/emfoco\/2025\/09\/12\/temperaturas-podem-passar-dos-40c-no-brasil-nos-proximos-dias-veja\/"]}]},{"@type":"ImageObject","inLanguage":"pt-BR","@id":"https:\/\/www.em.com.br\/emfoco\/2025\/09\/12\/temperaturas-podem-passar-dos-40c-no-brasil-nos-proximos-dias-veja\/#primaryimage","url":"https:\/\/www.em.com.br\/emfoco\/wp-content\/uploads\/2025\/08\/mosaico_1755283172867.jpg","contentUrl":"https:\/\/www.em.com.br\/emfoco\/wp-content\/uploads\/2025\/08\/mosaico_1755283172867.jpg","width":1280,"height":720,"caption":"Clima - Cr\u00e9ditos: depositphotos.com \/ VladisChern Cr\u00e9ditos: depositphotos.com \/ nirutdps Cr\u00e9ditos: depositphotos.com \/ AlexRuhl"},{"@type":"BreadcrumbList","@id":"https:\/\/www.em.com.br\/emfoco\/2025\/09\/12\/temperaturas-podem-passar-dos-40c-no-brasil-nos-proximos-dias-veja\/#breadcrumb","itemListElement":[{"@type":"ListItem","position":1,"name":"In\u00edcio","item":"https:\/\/www.em.com.br\/emfoco\/"},{"@type":"ListItem","position":2,"name":"Temperaturas podem passar dos 40\u00b0C no Brasil nos pr\u00f3ximos dias, veja"}]},{"@type":"WebSite","@id":"https:\/\/www.em.com.br\/emfoco\/#website","url":"https:\/\/www.em.com.br\/emfoco\/","name":"Estado de Minas - Em foco","description":"Acompanhe as \u00faltimas not\u00edcias e fique bem informado sobre tudo o que acontece em Minas Gerais, Brasil e no mundo.","potentialAction":[{"@type":"SearchAction","target":{"@type":"EntryPoint","urlTemplate":"https:\/\/www.em.com.br\/emfoco\/?s={search_term_string}"},"query-input":{"@type":"PropertyValueSpecification","valueRequired":true,"valueName":"search_term_string"}}],"inLanguage":"pt-BR"},{"@type":"Person","@id":"https:\/\/www.em.com.br\/emfoco\/#\/schema\/person\/60eda09c1fedf0d6891f4cef4b60b8b8","name":"Andre\u0301 Rangel\u00a0","image":{"@type":"ImageObject","inLanguage":"pt-BR","@id":"https:\/\/www.em.com.br\/emfoco\/#\/schema\/person\/image\/","url":"https:\/\/secure.gravatar.com\/avatar\/6234dc814c77c8ef6d8bba622c787efc?s=96&d=mm&r=g","contentUrl":"https:\/\/secure.gravatar.com\/avatar\/6234dc814c77c8ef6d8bba622c787efc?s=96&d=mm&r=g","caption":"Andre\u0301 Rangel\u00a0"},"url":"https:\/\/www.em.com.br\/emfoco\/author\/luizmyth\/"}]}},"_links":{"self":[{"href":"https:\/\/www.em.com.br\/emfoco\/wp-json\/wp\/v2\/posts\/103099","targetHints":{"allow":["GET"]}}],"collection":[{"href":"https:\/\/www.em.com.br\/emfoco\/wp-json\/wp\/v2\/posts"}],"about":[{"href":"https:\/\/www.em.com.br\/emfoco\/wp-json\/wp\/v2\/types\/post"}],"author":[{"embeddable":true,"href":"https:\/\/www.em.com.br\/emfoco\/wp-json\/wp\/v2\/users\/11"}],"replies":[{"embeddable":true,"href":"https:\/\/www.em.com.br\/emfoco\/wp-json\/wp\/v2\/comments?post=103099"}],"version-history":[{"count":2,"href":"https:\/\/www.em.com.br\/emfoco\/wp-json\/wp\/v2\/posts\/103099\/revisions"}],"predecessor-version":[{"id":103150,"href":"https:\/\/www.em.com.br\/emfoco\/wp-json\/wp\/v2\/posts\/103099\/revisions\/103150"}],"wp:featuredmedia":[{"embeddable":true,"href":"https:\/\/www.em.com.br\/emfoco\/wp-json\/wp\/v2\/media\/92198"}],"wp:attachment":[{"href":"https:\/\/www.em.com.br\/emfoco\/wp-json\/wp\/v2\/media?parent=103099"}],"wp:term":[{"taxonomy":"category","embeddable":true,"href":"https:\/\/www.em.com.br\/emfoco\/wp-json\/wp\/v2\/categories?post=103099"},{"taxonomy":"post_tag","embeddable":true,"href":"https:\/\/www.em.com.br\/emfoco\/wp-json\/wp\/v2\/tags?post=103099"}],"curies":[{"name":"wp","href":"https:\/\/api.w.org\/{rel}","templated":true}]}}