{"id":103050,"date":"2025-09-12T07:18:15","date_gmt":"2025-09-12T10:18:15","guid":{"rendered":"https:\/\/www.em.com.br\/emfoco\/?p=103050"},"modified":"2025-09-11T11:01:33","modified_gmt":"2025-09-11T14:01:33","slug":"a-planta-milenar-que-ativa-a-circulacao-e-traz-alivio-para-pes-pesados","status":"publish","type":"post","link":"https:\/\/www.em.com.br\/emfoco\/2025\/09\/12\/a-planta-milenar-que-ativa-a-circulacao-e-traz-alivio-para-pes-pesados\/","title":{"rendered":"A planta milenar que ativa a circula\u00e7\u00e3o e traz al\u00edvio para p\u00e9s pesados"},"content":{"rendered":"\n<p><strong>O alecrim<\/strong> tem sido uma planta apreciada ao longo dos anos, conhecida principalmente pelo seu aroma marcante e sua versatilidade tanto na culin\u00e1ria quanto na medicina tradicional. Esta erva perene \u00e9 um elemento chave em diversos rem\u00e9dios caseiros, especialmente aqueles voltados para o cuidado dos p\u00e9s. Seu uso em escalda-p\u00e9s oferece uma ampla gama de benef\u00edcios, aproveitando suas propriedades para promover uma melhor sa\u00fade e bem-estar geral.<\/p>\n\n\n\n<p>O ritual de mergulhar os p\u00e9s em \u00e1gua de alecrim proporciona al\u00edvio significativo, estimulando a boa circula\u00e7\u00e3o sangu\u00ednea. Esta pr\u00e1tica \u00e9 especialmente ben\u00e9fica para quem passa muito tempo em p\u00e9, ajudando a aliviar o cansa\u00e7o e a sensa\u00e7\u00e3o de peso nas pernas. O alecrim estimula o fluxo sangu\u00edneo, promovendo uma sensa\u00e7\u00e3o de renova\u00e7\u00e3o e descanso ao final de um dia intenso. Em diversas regi\u00f5es, como <strong>Europa<\/strong> e <strong>Am\u00e9rica do Sul<\/strong>, o uso do alecrim em banhos de p\u00e9s \u00e9 uma tradi\u00e7\u00e3o antiga.<\/p>\n\n\n\n<h2 class=\"wp-block-heading\">Como o alecrim pode ajudar no al\u00edvio da tens\u00e3o muscular?<\/h2>\n\n\n\n<p>O alecrim \u00e9 reconhecido por suas propriedades relaxantes, especialmente \u00fateis para aliviar a tens\u00e3o em m\u00fasculos e articula\u00e7\u00f5es. Os \u00f3leos naturais presentes no alecrim agem como um suave calmante, ideal para o descanso dos p\u00e9s e tornozelos ap\u00f3s um longo dia. Esse efeito relaxante \u00e9 particularmente \u00fatil para quem deseja aliviar o estresse f\u00edsico de maneira natural e eficaz.<\/p>\n\n\n<div class=\"wp-block-image\">\n<figure class=\"aligncenter size-large\"><img loading=\"lazy\" decoding=\"async\" width=\"1024\" height=\"576\" src=\"https:\/\/www.em.com.br\/emfoco\/wp-content\/uploads\/2025\/04\/alecrim_1744905593973-1024x576.jpg\" alt=\"Aprenda a plantar ervas que combatem o envelhecimento precoce em casa\" class=\"wp-image-39306\" srcset=\"https:\/\/www.em.com.br\/emfoco\/wp-content\/uploads\/2025\/04\/alecrim_1744905593973-1024x576.jpg 1024w, https:\/\/www.em.com.br\/emfoco\/wp-content\/uploads\/2025\/04\/alecrim_1744905593973-300x169.jpg 300w, https:\/\/www.em.com.br\/emfoco\/wp-content\/uploads\/2025\/04\/alecrim_1744905593973-768x432.jpg 768w, https:\/\/www.em.com.br\/emfoco\/wp-content\/uploads\/2025\/04\/alecrim_1744905593973-750x422.jpg 750w, https:\/\/www.em.com.br\/emfoco\/wp-content\/uploads\/2025\/04\/alecrim_1744905593973-1140x641.jpg 1140w, https:\/\/www.em.com.br\/emfoco\/wp-content\/uploads\/2025\/04\/alecrim_1744905593973.jpg 1280w\" sizes=\"auto, (max-width: 1024px) 100vw, 1024px\" \/><figcaption class=\"wp-element-caption\">Alecrim &#8211; Cr\u00e9ditos: depositphotos.com \/ MarusiaBO<\/figcaption><\/figure><\/div>\n\n\n<h2 class=\"wp-block-heading\">Quais s\u00e3o os benef\u00edcios anti-inflamat\u00f3rios do alecrim?<\/h2>\n\n\n\n<p>Al\u00e9m das propriedades relaxantes, o alecrim tamb\u00e9m possui not\u00e1veis efeitos<a href=\"https:\/\/www.em.com.br\/emfoco\/2025\/09\/05\/os-melhores-chas-anti-inflamatorios-para-aliviar-dores-e-inchacos\/\" target=\"_blank\" rel=\"noopener\"> anti-inflamat\u00f3rios<\/a>. Seu uso em forma de escalda-p\u00e9s pode ajudar a reduzir o incha\u00e7o e o desconforto nos p\u00e9s, apresentando-se como uma alternativa natural aos tratamentos convencionais. Essa capacidade de diminuir inflama\u00e7\u00f5es faz do banho de p\u00e9s com \u00e1gua de alecrim um m\u00e9todo valioso para o cuidado regular dos p\u00e9s.<\/p>\n\n\n\n<h2 class=\"wp-block-heading\">De que forma o alecrim ajuda na higiene e elimina\u00e7\u00e3o do odor?<\/h2>\n\n\n\n<p>Para al\u00e9m do al\u00edvio f\u00edsico, o alecrim contribui tamb\u00e9m para a higiene pessoal. Suas propriedades antibacterianas auxiliam na manuten\u00e7\u00e3o dos p\u00e9s livres de microrganismos que podem causar infec\u00e7\u00f5es ou mau odor. Ao neutralizar as bact\u00e9rias respons\u00e1veis pelos <a href=\"https:\/\/www.msdmanuals.com\/pt\/casa\/dist%C3%BArbios-da-pele\/dist%C3%BArbios-de-transpira%C3%A7%C3%A3o\/odor-corporal\" target=\"_blank\" rel=\"noopener\">odores desagrad\u00e1veis<\/a>, o alecrim proporciona uma sensa\u00e7\u00e3o prolongada de limpeza e frescor.<\/p>\n\n\n\n<p>Em conclus\u00e3o, o escalda-p\u00e9s com \u00e1gua de alecrim \u00e9 uma pr\u00e1tica ben\u00e9fica, que une cuidados com a sa\u00fade, relaxamento e higiene. Este simples rem\u00e9dio caseiro proporciona melhorias significativas na circula\u00e7\u00e3o, redu\u00e7\u00e3o de inflama\u00e7\u00f5es e elimina\u00e7\u00e3o de odores, tornando-se uma ferramenta valiosa para manter o bem-estar dos p\u00e9s de maneira natural e acess\u00edvel. Em pa\u00edses como <strong>Portugal<\/strong>, a tradi\u00e7\u00e3o do uso do alecrim em rituais de bem-estar \u00e9 preservada e recomendada em diversas cl\u00ednicas de terapias naturais.<\/p>\n","protected":false},"excerpt":{"rendered":"<p>O alecrim tem sido uma planta apreciada ao longo dos anos, conhecida principalmente pelo seu aroma marcante e sua versatilidade tanto na culin\u00e1ria quanto na medicina tradicional. Esta erva perene \u00e9 um elemento chave em diversos rem\u00e9dios caseiros, especialmente aqueles voltados para o cuidado dos p\u00e9s. Seu uso em escalda-p\u00e9s oferece uma ampla gama de [&hellip;]<\/p>\n","protected":false},"author":9,"featured_media":103069,"comment_status":"open","ping_status":"open","sticky":false,"template":"","format":"standard","meta":{"jnews-multi-image_gallery":[],"jnews_single_post":{"format":"standard"},"jnews_primary_category":[],"jnews_social_meta":[],"jnews_override_counter":[],"footnotes":""},"categories":[8691,1],"tags":[711,8372,13364,373],"class_list":["post-103050","post","type-post","status-publish","format-standard","has-post-thumbnail","hentry","category-bem-estar","category-noticias","tag-bem-estar","tag-circulacao","tag-escalda-pes","tag-relaxamento"],"yoast_head":"<!-- This site is optimized with the Yoast SEO plugin v23.8 - https:\/\/yoast.com\/wordpress\/plugins\/seo\/ -->\n<title>A planta milenar que ativa a circula\u00e7\u00e3o e traz al\u00edvio para p\u00e9s pesados<\/title>\n<meta name=\"description\" content=\"Banho de p\u00e9s natural que alivia dores, reduz o incha\u00e7o, melhora a circula\u00e7\u00e3o e ainda traz relaxamento e frescor ao corpo.\" \/>\n<meta name=\"robots\" content=\"index, follow, max-snippet:-1, max-image-preview:large, max-video-preview:-1\" \/>\n<link rel=\"canonical\" href=\"https:\/\/www.em.com.br\/emfoco\/2025\/09\/12\/a-planta-milenar-que-ativa-a-circulacao-e-traz-alivio-para-pes-pesados\/\" \/>\n<meta property=\"og:locale\" content=\"pt_BR\" \/>\n<meta property=\"og:type\" content=\"article\" \/>\n<meta property=\"og:title\" content=\"A planta milenar que ativa a circula\u00e7\u00e3o e traz al\u00edvio para p\u00e9s pesados\" \/>\n<meta property=\"og:description\" content=\"Banho de p\u00e9s natural que alivia dores, reduz o incha\u00e7o, melhora a circula\u00e7\u00e3o e ainda traz relaxamento e frescor ao corpo.\" \/>\n<meta property=\"og:url\" content=\"https:\/\/www.em.com.br\/emfoco\/2025\/09\/12\/a-planta-milenar-que-ativa-a-circulacao-e-traz-alivio-para-pes-pesados\/\" \/>\n<meta property=\"og:site_name\" content=\"Estado de Minas - Em foco\" \/>\n<meta property=\"article:published_time\" content=\"2025-09-12T10:18:15+00:00\" \/>\n<meta property=\"article:modified_time\" content=\"2025-09-11T14:01:33+00:00\" \/>\n<meta property=\"og:image\" content=\"https:\/\/www.em.com.br\/emfoco\/wp-content\/uploads\/2025\/09\/banho-nos-pes_1757598938703.jpg\" \/>\n\t<meta property=\"og:image:width\" content=\"1280\" \/>\n\t<meta property=\"og:image:height\" content=\"720\" \/>\n\t<meta property=\"og:image:type\" content=\"image\/jpeg\" \/>\n<meta name=\"author\" content=\"Daniely Cardoso\" \/>\n<meta name=\"twitter:card\" content=\"summary_large_image\" \/>\n<meta name=\"twitter:label1\" content=\"Escrito por\" \/>\n\t<meta name=\"twitter:data1\" content=\"Daniely Cardoso\" \/>\n\t<meta name=\"twitter:label2\" content=\"Est. tempo de leitura\" \/>\n\t<meta name=\"twitter:data2\" content=\"3 minutos\" \/>\n<!-- \/ Yoast SEO plugin. -->","yoast_head_json":{"title":"A planta milenar que ativa a circula\u00e7\u00e3o e traz al\u00edvio para p\u00e9s pesados","description":"Banho de p\u00e9s natural que alivia dores, reduz o incha\u00e7o, melhora a circula\u00e7\u00e3o e ainda traz relaxamento e frescor ao corpo.","robots":{"index":"index","follow":"follow","max-snippet":"max-snippet:-1","max-image-preview":"max-image-preview:large","max-video-preview":"max-video-preview:-1"},"canonical":"https:\/\/www.em.com.br\/emfoco\/2025\/09\/12\/a-planta-milenar-que-ativa-a-circulacao-e-traz-alivio-para-pes-pesados\/","og_locale":"pt_BR","og_type":"article","og_title":"A planta milenar que ativa a circula\u00e7\u00e3o e traz al\u00edvio para p\u00e9s pesados","og_description":"Banho de p\u00e9s natural que alivia dores, reduz o incha\u00e7o, melhora a circula\u00e7\u00e3o e ainda traz relaxamento e frescor ao corpo.","og_url":"https:\/\/www.em.com.br\/emfoco\/2025\/09\/12\/a-planta-milenar-que-ativa-a-circulacao-e-traz-alivio-para-pes-pesados\/","og_site_name":"Estado de Minas - Em foco","article_published_time":"2025-09-12T10:18:15+00:00","article_modified_time":"2025-09-11T14:01:33+00:00","og_image":[{"width":1280,"height":720,"url":"https:\/\/www.em.com.br\/emfoco\/wp-content\/uploads\/2025\/09\/banho-nos-pes_1757598938703.jpg","type":"image\/jpeg"}],"author":"Daniely Cardoso","twitter_card":"summary_large_image","twitter_misc":{"Escrito por":"Daniely Cardoso","Est. tempo de leitura":"3 minutos"},"schema":{"@context":"https:\/\/schema.org","@graph":[{"@type":"WebPage","@id":"https:\/\/www.em.com.br\/emfoco\/2025\/09\/12\/a-planta-milenar-que-ativa-a-circulacao-e-traz-alivio-para-pes-pesados\/","url":"https:\/\/www.em.com.br\/emfoco\/2025\/09\/12\/a-planta-milenar-que-ativa-a-circulacao-e-traz-alivio-para-pes-pesados\/","name":"A planta milenar que ativa a circula\u00e7\u00e3o e traz al\u00edvio para p\u00e9s pesados","isPartOf":{"@id":"https:\/\/www.em.com.br\/emfoco\/#website"},"primaryImageOfPage":{"@id":"https:\/\/www.em.com.br\/emfoco\/2025\/09\/12\/a-planta-milenar-que-ativa-a-circulacao-e-traz-alivio-para-pes-pesados\/#primaryimage"},"image":{"@id":"https:\/\/www.em.com.br\/emfoco\/2025\/09\/12\/a-planta-milenar-que-ativa-a-circulacao-e-traz-alivio-para-pes-pesados\/#primaryimage"},"thumbnailUrl":"https:\/\/www.em.com.br\/emfoco\/wp-content\/uploads\/2025\/09\/banho-nos-pes_1757598938703.jpg","datePublished":"2025-09-12T10:18:15+00:00","dateModified":"2025-09-11T14:01:33+00:00","author":{"@id":"https:\/\/www.em.com.br\/emfoco\/#\/schema\/person\/0a8186d72f2c3a5c6276d90b41f271a0"},"description":"Banho de p\u00e9s natural que alivia dores, reduz o incha\u00e7o, melhora a circula\u00e7\u00e3o e ainda traz relaxamento e frescor ao corpo.","breadcrumb":{"@id":"https:\/\/www.em.com.br\/emfoco\/2025\/09\/12\/a-planta-milenar-que-ativa-a-circulacao-e-traz-alivio-para-pes-pesados\/#breadcrumb"},"inLanguage":"pt-BR","potentialAction":[{"@type":"ReadAction","target":["https:\/\/www.em.com.br\/emfoco\/2025\/09\/12\/a-planta-milenar-que-ativa-a-circulacao-e-traz-alivio-para-pes-pesados\/"]}]},{"@type":"ImageObject","inLanguage":"pt-BR","@id":"https:\/\/www.em.com.br\/emfoco\/2025\/09\/12\/a-planta-milenar-que-ativa-a-circulacao-e-traz-alivio-para-pes-pesados\/#primaryimage","url":"https:\/\/www.em.com.br\/emfoco\/wp-content\/uploads\/2025\/09\/banho-nos-pes_1757598938703.jpg","contentUrl":"https:\/\/www.em.com.br\/emfoco\/wp-content\/uploads\/2025\/09\/banho-nos-pes_1757598938703.jpg","width":1280,"height":720,"caption":"Banho nos p\u00e9s - Cr\u00e9ditos: depositphotos.com \/ photosoupy"},{"@type":"BreadcrumbList","@id":"https:\/\/www.em.com.br\/emfoco\/2025\/09\/12\/a-planta-milenar-que-ativa-a-circulacao-e-traz-alivio-para-pes-pesados\/#breadcrumb","itemListElement":[{"@type":"ListItem","position":1,"name":"In\u00edcio","item":"https:\/\/www.em.com.br\/emfoco\/"},{"@type":"ListItem","position":2,"name":"A planta milenar que ativa a circula\u00e7\u00e3o e traz al\u00edvio para p\u00e9s pesados"}]},{"@type":"WebSite","@id":"https:\/\/www.em.com.br\/emfoco\/#website","url":"https:\/\/www.em.com.br\/emfoco\/","name":"Estado de Minas - Em foco","description":"Acompanhe as \u00faltimas not\u00edcias e fique bem informado sobre tudo o que acontece em Minas Gerais, Brasil e no mundo.","potentialAction":[{"@type":"SearchAction","target":{"@type":"EntryPoint","urlTemplate":"https:\/\/www.em.com.br\/emfoco\/?s={search_term_string}"},"query-input":{"@type":"PropertyValueSpecification","valueRequired":true,"valueName":"search_term_string"}}],"inLanguage":"pt-BR"},{"@type":"Person","@id":"https:\/\/www.em.com.br\/emfoco\/#\/schema\/person\/0a8186d72f2c3a5c6276d90b41f271a0","name":"Daniely Cardoso","image":{"@type":"ImageObject","inLanguage":"pt-BR","@id":"https:\/\/www.em.com.br\/emfoco\/#\/schema\/person\/image\/","url":"https:\/\/secure.gravatar.com\/avatar\/4b80ddbd124d1f071b626d52d62e5dff?s=96&d=mm&r=g","contentUrl":"https:\/\/secure.gravatar.com\/avatar\/4b80ddbd124d1f071b626d52d62e5dff?s=96&d=mm&r=g","caption":"Daniely Cardoso"},"url":"https:\/\/www.em.com.br\/emfoco\/author\/danielymyth\/"}]}},"_links":{"self":[{"href":"https:\/\/www.em.com.br\/emfoco\/wp-json\/wp\/v2\/posts\/103050","targetHints":{"allow":["GET"]}}],"collection":[{"href":"https:\/\/www.em.com.br\/emfoco\/wp-json\/wp\/v2\/posts"}],"about":[{"href":"https:\/\/www.em.com.br\/emfoco\/wp-json\/wp\/v2\/types\/post"}],"author":[{"embeddable":true,"href":"https:\/\/www.em.com.br\/emfoco\/wp-json\/wp\/v2\/users\/9"}],"replies":[{"embeddable":true,"href":"https:\/\/www.em.com.br\/emfoco\/wp-json\/wp\/v2\/comments?post=103050"}],"version-history":[{"count":2,"href":"https:\/\/www.em.com.br\/emfoco\/wp-json\/wp\/v2\/posts\/103050\/revisions"}],"predecessor-version":[{"id":103075,"href":"https:\/\/www.em.com.br\/emfoco\/wp-json\/wp\/v2\/posts\/103050\/revisions\/103075"}],"wp:featuredmedia":[{"embeddable":true,"href":"https:\/\/www.em.com.br\/emfoco\/wp-json\/wp\/v2\/media\/103069"}],"wp:attachment":[{"href":"https:\/\/www.em.com.br\/emfoco\/wp-json\/wp\/v2\/media?parent=103050"}],"wp:term":[{"taxonomy":"category","embeddable":true,"href":"https:\/\/www.em.com.br\/emfoco\/wp-json\/wp\/v2\/categories?post=103050"},{"taxonomy":"post_tag","embeddable":true,"href":"https:\/\/www.em.com.br\/emfoco\/wp-json\/wp\/v2\/tags?post=103050"}],"curies":[{"name":"wp","href":"https:\/\/api.w.org\/{rel}","templated":true}]}}