{"id":10292,"date":"2025-01-13T13:59:00","date_gmt":"2025-01-13T16:59:00","guid":{"rendered":"https:\/\/www.em.com.br\/emfoco\/?p=10292"},"modified":"2025-01-13T03:41:12","modified_gmt":"2025-01-13T06:41:12","slug":"comunicado-importante-para-todos-que-guardam-seus-celulares-usados","status":"publish","type":"post","link":"https:\/\/www.em.com.br\/emfoco\/2025\/01\/13\/comunicado-importante-para-todos-que-guardam-seus-celulares-usados\/","title":{"rendered":"Comunicado importante para todos que guardam seus celulares usados"},"content":{"rendered":"\n<p>Embora a tecnologia avance rapidamente, muitos dos dispositivos antigos permanecem subutilizados em casa. Apesar de muitos consumidores se desfazerem de seus celulares ao adquirir um modelo novo, esses aparelhos ainda podem oferecer v\u00e1rias funcionalidades \u00fateis e eficazes. Especialmente em um mundo onde a seguran\u00e7a \u00e9 uma quest\u00e3o crescente, reaproveitar celulares antigos pode ser uma excelente estrat\u00e9gia.<\/p>\n\n\n\n<p>A frequ\u00eancia de roubos de celulares no Brasil sublinha a import\u00e2ncia de ter um aparelho de reserva. Figuras assustadoras, como o quase um milh\u00e3o de aparelhos furtados em 2023, ressaltam o valor de ter um dispositivo adicional para emerg\u00eancias e outros fins pr\u00e1ticos.<\/p>\n\n\n\n<h2 class=\"wp-block-heading\">Como otimizar o uso de um celular antigo?<\/h2>\n\n\n\n<p>A reutiliza\u00e7\u00e3o de celulares antigos pode ser extremamente ben\u00e9fica. Por exemplo, eles podem ser reconfigurados como um sistema GPS exclusivo para ve\u00edculos, poupando, assim, a bateria dos aparelhos mais atuais. Essa alternativa n\u00e3o s\u00f3 \u00e9 pr\u00e1tica para motoristas, como tamb\u00e9m pode reduzir a chance de furtos em tr\u00e2nsito, uma vez que os celulares principais ficam fora de vista.<\/p>\n\n\n\n<figure class=\"wp-block-image size-large\"><img loading=\"lazy\" decoding=\"async\" width=\"1024\" height=\"576\" src=\"https:\/\/www.em.com.br\/emfoco\/wp-content\/uploads\/2025\/01\/httpsneural.myth_.devstaticcachea8f6a476-dddf-4c91-a760-2a546fbdeaaf-1024x576.jpeg\" alt=\"Comunicado importante para todos que guardam seus celulares usados\" class=\"wp-image-10293\" srcset=\"https:\/\/www.em.com.br\/emfoco\/wp-content\/uploads\/2025\/01\/httpsneural.myth_.devstaticcachea8f6a476-dddf-4c91-a760-2a546fbdeaaf-1024x576.jpeg 1024w, https:\/\/www.em.com.br\/emfoco\/wp-content\/uploads\/2025\/01\/httpsneural.myth_.devstaticcachea8f6a476-dddf-4c91-a760-2a546fbdeaaf-300x169.jpeg 300w, https:\/\/www.em.com.br\/emfoco\/wp-content\/uploads\/2025\/01\/httpsneural.myth_.devstaticcachea8f6a476-dddf-4c91-a760-2a546fbdeaaf-768x432.jpeg 768w, https:\/\/www.em.com.br\/emfoco\/wp-content\/uploads\/2025\/01\/httpsneural.myth_.devstaticcachea8f6a476-dddf-4c91-a760-2a546fbdeaaf-750x422.jpeg 750w, https:\/\/www.em.com.br\/emfoco\/wp-content\/uploads\/2025\/01\/httpsneural.myth_.devstaticcachea8f6a476-dddf-4c91-a760-2a546fbdeaaf-1140x641.jpeg 1140w, https:\/\/www.em.com.br\/emfoco\/wp-content\/uploads\/2025\/01\/httpsneural.myth_.devstaticcachea8f6a476-dddf-4c91-a760-2a546fbdeaaf.jpeg 1280w\" sizes=\"auto, (max-width: 1024px) 100vw, 1024px\" \/><figcaption class=\"wp-element-caption\">Comunicado importante para todos que guardam seus celulares usados Cr\u00e9ditos: depositphotos.com \/ LDProd<\/figcaption><\/figure>\n\n\n\n<h2 class=\"wp-block-heading\">Qual a import\u00e2ncia de ter um &#8220;Celular do Pix&#8221;?<\/h2>\n\n\n\n<p>No contexto atual, onde transa\u00e7\u00f5es digitais s\u00e3o alvo frequente de ataques, ter um celular exclusivo para finan\u00e7as pode melhorar significativamente a seguran\u00e7a pessoal. Um &#8220;Celular do Pix&#8221; destinado apenas para realizar opera\u00e7\u00f5es banc\u00e1rias e que permanece em casa, pode reduzir os riscos de fraude em situa\u00e7\u00f5es de perda ou roubo do celular de uso di\u00e1rio.<\/p>\n\n\n\n<h2 class=\"wp-block-heading\">Pode um smartphone desatualizado ajudar em uma casa conectada?<\/h2>\n\n\n\n<p>Com a crescente populariza\u00e7\u00e3o de tecnologias para casas inteligentes, celulares antigos encontram um novo prop\u00f3sito. Eles podem servir como o ponto central para controlar dispositivos inteligentes, como ilumina\u00e7\u00e3o, termostatos e outros eletrodom\u00e9sticos conectados. Assim, um celular j\u00e1 aposentado de suas fun\u00e7\u00f5es prim\u00e1rias pode reviver como a central de comando de uma casa moderna.<\/p>\n\n\n\n<h2 class=\"wp-block-heading\">Transformando um celular usado em uma c\u00e2mera de seguran\u00e7a<\/h2>\n\n\n\n<p>Criar sistemas de vigil\u00e2ncia com celulares antigos \u00e9 poss\u00edvel gra\u00e7as a aplicativos espec\u00edficos que permitem ao dispositivo funcionar como uma c\u00e2mera de seguran\u00e7a ou monitor de beb\u00eas. Este uso reimagina a c\u00e2mera do smartphone, apontando para a facilidade de instala\u00e7\u00e3o e custo reduzido comparado a sistemas tradicionais de seguran\u00e7a.<\/p>\n\n\n\n<p>Explorar novas utilidades para smartphones desatualizados n\u00e3o s\u00f3 promove uma pr\u00e1tica sustent\u00e1vel, ao minimizar o lixo eletr\u00f4nico, mas tamb\u00e9m oferece solu\u00e7\u00f5es econ\u00f4micas e pr\u00e1ticas para problemas cotidianos, alavancando o que anteriormente era apenas um item obsoleto.<\/p>\n","protected":false},"excerpt":{"rendered":"<p>Embora a tecnologia avance rapidamente, muitos dos dispositivos antigos permanecem subutilizados em casa. Apesar de muitos consumidores se desfazerem de seus celulares ao adquirir um modelo novo, esses aparelhos ainda podem oferecer v\u00e1rias funcionalidades \u00fateis e eficazes.<\/p>\n","protected":false},"author":2,"featured_media":10293,"comment_status":"open","ping_status":"open","sticky":false,"template":"","format":"standard","meta":{"jnews-multi-image_gallery":[],"jnews_single_post":{"format":"standard"},"jnews_primary_category":[],"jnews_social_meta":[],"jnews_override_counter":[],"footnotes":""},"categories":[29,1],"tags":[2580,3387,3386,325,161],"class_list":["post-10292","post","type-post","status-publish","format-standard","has-post-thumbnail","hentry","category-entretenimento","category-noticias","tag-celular","tag-gps","tag-smartphone","tag-sustentabilidade","tag-tecnologia"],"yoast_head":"<!-- This site is optimized with the Yoast SEO plugin v23.8 - https:\/\/yoast.com\/wordpress\/plugins\/seo\/ -->\n<title>Comunicado importante para todos que guardam seus celulares usados - Estado de Minas - Em foco<\/title>\n<meta name=\"description\" content=\"Embora a tecnologia avance rapidamente, muitos dos dispositivos antigos permanecem subutilizados em casa. Apesar de muitos consumidores se desfazerem de seus celulares ao adquirir um modelo novo, esses aparelhos ainda podem oferecer v\u00e1rias funcionalidades \u00fateis e eficazes.\" \/>\n<meta name=\"robots\" content=\"index, follow, max-snippet:-1, max-image-preview:large, max-video-preview:-1\" \/>\n<link rel=\"canonical\" href=\"https:\/\/www.em.com.br\/emfoco\/2025\/01\/13\/comunicado-importante-para-todos-que-guardam-seus-celulares-usados\/\" \/>\n<meta property=\"og:locale\" content=\"pt_BR\" \/>\n<meta property=\"og:type\" content=\"article\" \/>\n<meta property=\"og:title\" content=\"Comunicado importante para todos que guardam seus celulares usados - Estado de Minas - Em foco\" \/>\n<meta property=\"og:description\" content=\"Embora a tecnologia avance rapidamente, muitos dos dispositivos antigos permanecem subutilizados em casa. Apesar de muitos consumidores se desfazerem de seus celulares ao adquirir um modelo novo, esses aparelhos ainda podem oferecer v\u00e1rias funcionalidades \u00fateis e eficazes.\" \/>\n<meta property=\"og:url\" content=\"https:\/\/www.em.com.br\/emfoco\/2025\/01\/13\/comunicado-importante-para-todos-que-guardam-seus-celulares-usados\/\" \/>\n<meta property=\"og:site_name\" content=\"Estado de Minas - Em foco\" \/>\n<meta property=\"article:published_time\" content=\"2025-01-13T16:59:00+00:00\" \/>\n<meta property=\"article:modified_time\" content=\"2025-01-13T06:41:12+00:00\" \/>\n<meta property=\"og:image\" content=\"https:\/\/www.em.com.br\/emfoco\/wp-content\/uploads\/2025\/01\/httpsneural.myth_.devstaticcachea8f6a476-dddf-4c91-a760-2a546fbdeaaf.jpeg\" \/>\n\t<meta property=\"og:image:width\" content=\"1280\" \/>\n\t<meta property=\"og:image:height\" content=\"720\" \/>\n\t<meta property=\"og:image:type\" content=\"image\/jpeg\" \/>\n<meta name=\"author\" content=\"Guilherme\" \/>\n<meta name=\"twitter:card\" content=\"summary_large_image\" \/>\n<meta name=\"twitter:label1\" content=\"Escrito por\" \/>\n\t<meta name=\"twitter:data1\" content=\"Guilherme\" \/>\n\t<meta name=\"twitter:label2\" content=\"Est. tempo de leitura\" \/>\n\t<meta name=\"twitter:data2\" content=\"3 minutos\" \/>\n<!-- \/ Yoast SEO plugin. -->","yoast_head_json":{"title":"Comunicado importante para todos que guardam seus celulares usados - Estado de Minas - Em foco","description":"Embora a tecnologia avance rapidamente, muitos dos dispositivos antigos permanecem subutilizados em casa. Apesar de muitos consumidores se desfazerem de seus celulares ao adquirir um modelo novo, esses aparelhos ainda podem oferecer v\u00e1rias funcionalidades \u00fateis e eficazes.","robots":{"index":"index","follow":"follow","max-snippet":"max-snippet:-1","max-image-preview":"max-image-preview:large","max-video-preview":"max-video-preview:-1"},"canonical":"https:\/\/www.em.com.br\/emfoco\/2025\/01\/13\/comunicado-importante-para-todos-que-guardam-seus-celulares-usados\/","og_locale":"pt_BR","og_type":"article","og_title":"Comunicado importante para todos que guardam seus celulares usados - Estado de Minas - Em foco","og_description":"Embora a tecnologia avance rapidamente, muitos dos dispositivos antigos permanecem subutilizados em casa. Apesar de muitos consumidores se desfazerem de seus celulares ao adquirir um modelo novo, esses aparelhos ainda podem oferecer v\u00e1rias funcionalidades \u00fateis e eficazes.","og_url":"https:\/\/www.em.com.br\/emfoco\/2025\/01\/13\/comunicado-importante-para-todos-que-guardam-seus-celulares-usados\/","og_site_name":"Estado de Minas - Em foco","article_published_time":"2025-01-13T16:59:00+00:00","article_modified_time":"2025-01-13T06:41:12+00:00","og_image":[{"width":1280,"height":720,"url":"https:\/\/www.em.com.br\/emfoco\/wp-content\/uploads\/2025\/01\/httpsneural.myth_.devstaticcachea8f6a476-dddf-4c91-a760-2a546fbdeaaf.jpeg","type":"image\/jpeg"}],"author":"Guilherme","twitter_card":"summary_large_image","twitter_misc":{"Escrito por":"Guilherme","Est. tempo de leitura":"3 minutos"},"schema":{"@context":"https:\/\/schema.org","@graph":[{"@type":"WebPage","@id":"https:\/\/www.em.com.br\/emfoco\/2025\/01\/13\/comunicado-importante-para-todos-que-guardam-seus-celulares-usados\/","url":"https:\/\/www.em.com.br\/emfoco\/2025\/01\/13\/comunicado-importante-para-todos-que-guardam-seus-celulares-usados\/","name":"Comunicado importante para todos que guardam seus celulares usados - Estado de Minas - Em foco","isPartOf":{"@id":"https:\/\/www.em.com.br\/emfoco\/#website"},"primaryImageOfPage":{"@id":"https:\/\/www.em.com.br\/emfoco\/2025\/01\/13\/comunicado-importante-para-todos-que-guardam-seus-celulares-usados\/#primaryimage"},"image":{"@id":"https:\/\/www.em.com.br\/emfoco\/2025\/01\/13\/comunicado-importante-para-todos-que-guardam-seus-celulares-usados\/#primaryimage"},"thumbnailUrl":"https:\/\/www.em.com.br\/emfoco\/wp-content\/uploads\/2025\/01\/httpsneural.myth_.devstaticcachea8f6a476-dddf-4c91-a760-2a546fbdeaaf.jpeg","datePublished":"2025-01-13T16:59:00+00:00","dateModified":"2025-01-13T06:41:12+00:00","author":{"@id":"https:\/\/www.em.com.br\/emfoco\/#\/schema\/person\/097c4a57cc4dc96be3b74aaf7185dd84"},"description":"Embora a tecnologia avance rapidamente, muitos dos dispositivos antigos permanecem subutilizados em casa. Apesar de muitos consumidores se desfazerem de seus celulares ao adquirir um modelo novo, esses aparelhos ainda podem oferecer v\u00e1rias funcionalidades \u00fateis e eficazes.","breadcrumb":{"@id":"https:\/\/www.em.com.br\/emfoco\/2025\/01\/13\/comunicado-importante-para-todos-que-guardam-seus-celulares-usados\/#breadcrumb"},"inLanguage":"pt-BR","potentialAction":[{"@type":"ReadAction","target":["https:\/\/www.em.com.br\/emfoco\/2025\/01\/13\/comunicado-importante-para-todos-que-guardam-seus-celulares-usados\/"]}]},{"@type":"ImageObject","inLanguage":"pt-BR","@id":"https:\/\/www.em.com.br\/emfoco\/2025\/01\/13\/comunicado-importante-para-todos-que-guardam-seus-celulares-usados\/#primaryimage","url":"https:\/\/www.em.com.br\/emfoco\/wp-content\/uploads\/2025\/01\/httpsneural.myth_.devstaticcachea8f6a476-dddf-4c91-a760-2a546fbdeaaf.jpeg","contentUrl":"https:\/\/www.em.com.br\/emfoco\/wp-content\/uploads\/2025\/01\/httpsneural.myth_.devstaticcachea8f6a476-dddf-4c91-a760-2a546fbdeaaf.jpeg","width":1280,"height":720,"caption":"Comunicado importante para todos que guardam seus celulares usados Cr\u00e9ditos: depositphotos.com \/ LDProd"},{"@type":"BreadcrumbList","@id":"https:\/\/www.em.com.br\/emfoco\/2025\/01\/13\/comunicado-importante-para-todos-que-guardam-seus-celulares-usados\/#breadcrumb","itemListElement":[{"@type":"ListItem","position":1,"name":"In\u00edcio","item":"https:\/\/www.em.com.br\/emfoco\/"},{"@type":"ListItem","position":2,"name":"Comunicado importante para todos que guardam seus celulares usados"}]},{"@type":"WebSite","@id":"https:\/\/www.em.com.br\/emfoco\/#website","url":"https:\/\/www.em.com.br\/emfoco\/","name":"Estado de Minas - Em foco","description":"Acompanhe as \u00faltimas not\u00edcias e fique bem informado sobre tudo o que acontece em Minas Gerais, Brasil e no mundo.","potentialAction":[{"@type":"SearchAction","target":{"@type":"EntryPoint","urlTemplate":"https:\/\/www.em.com.br\/emfoco\/?s={search_term_string}"},"query-input":{"@type":"PropertyValueSpecification","valueRequired":true,"valueName":"search_term_string"}}],"inLanguage":"pt-BR"},{"@type":"Person","@id":"https:\/\/www.em.com.br\/emfoco\/#\/schema\/person\/097c4a57cc4dc96be3b74aaf7185dd84","name":"Guilherme","image":{"@type":"ImageObject","inLanguage":"pt-BR","@id":"https:\/\/www.em.com.br\/emfoco\/#\/schema\/person\/image\/","url":"https:\/\/secure.gravatar.com\/avatar\/6a059d20d980bdeb1d1d6b0fa2b4633c?s=96&d=mm&r=g","contentUrl":"https:\/\/secure.gravatar.com\/avatar\/6a059d20d980bdeb1d1d6b0fa2b4633c?s=96&d=mm&r=g","caption":"Guilherme"},"url":"https:\/\/www.em.com.br\/emfoco\/author\/guilhermemyth\/"}]}},"_links":{"self":[{"href":"https:\/\/www.em.com.br\/emfoco\/wp-json\/wp\/v2\/posts\/10292","targetHints":{"allow":["GET"]}}],"collection":[{"href":"https:\/\/www.em.com.br\/emfoco\/wp-json\/wp\/v2\/posts"}],"about":[{"href":"https:\/\/www.em.com.br\/emfoco\/wp-json\/wp\/v2\/types\/post"}],"author":[{"embeddable":true,"href":"https:\/\/www.em.com.br\/emfoco\/wp-json\/wp\/v2\/users\/2"}],"replies":[{"embeddable":true,"href":"https:\/\/www.em.com.br\/emfoco\/wp-json\/wp\/v2\/comments?post=10292"}],"version-history":[{"count":2,"href":"https:\/\/www.em.com.br\/emfoco\/wp-json\/wp\/v2\/posts\/10292\/revisions"}],"predecessor-version":[{"id":10295,"href":"https:\/\/www.em.com.br\/emfoco\/wp-json\/wp\/v2\/posts\/10292\/revisions\/10295"}],"wp:featuredmedia":[{"embeddable":true,"href":"https:\/\/www.em.com.br\/emfoco\/wp-json\/wp\/v2\/media\/10293"}],"wp:attachment":[{"href":"https:\/\/www.em.com.br\/emfoco\/wp-json\/wp\/v2\/media?parent=10292"}],"wp:term":[{"taxonomy":"category","embeddable":true,"href":"https:\/\/www.em.com.br\/emfoco\/wp-json\/wp\/v2\/categories?post=10292"},{"taxonomy":"post_tag","embeddable":true,"href":"https:\/\/www.em.com.br\/emfoco\/wp-json\/wp\/v2\/tags?post=10292"}],"curies":[{"name":"wp","href":"https:\/\/api.w.org\/{rel}","templated":true}]}}