{"id":102882,"date":"2025-09-11T18:58:00","date_gmt":"2025-09-11T21:58:00","guid":{"rendered":"https:\/\/www.em.com.br\/emfoco\/?p=102882"},"modified":"2025-09-10T18:51:34","modified_gmt":"2025-09-10T21:51:34","slug":"nova-lei-muda-regras-de-ferias-na-clt-e-garante-mais-direitos","status":"publish","type":"post","link":"https:\/\/www.em.com.br\/emfoco\/2025\/09\/11\/nova-lei-muda-regras-de-ferias-na-clt-e-garante-mais-direitos\/","title":{"rendered":"Nova lei muda regras de f\u00e9rias na CLT e garante mais direitos"},"content":{"rendered":"\n<p>Em um movimento para modernizar as rela\u00e7\u00f5es de trabalho, o ano de 2025 trouxe mudan\u00e7as significativas nas regras de concess\u00e3o de f\u00e9rias para os trabalhadores brasileiros, gra\u00e7as \u00e0 atualiza\u00e7\u00e3o da <strong>Consolida\u00e7\u00e3o das Leis do Trabalho<\/strong> (CLT). Essas altera\u00e7\u00f5es t\u00eam como objetivo refor\u00e7ar os direitos dos empregados e aumentar a previsibilidade nos per\u00edodos de descanso, al\u00e9m de impor consequ\u00eancias mais r\u00edgidas para empresas que descumprirem a legisla\u00e7\u00e3o. A moderniza\u00e7\u00e3o aproxima o <strong>Brasil <\/strong>de padr\u00f5es internacionais, promovendo uma cultura de respeito no ambiente laboral.<\/p>\n\n\n\n<p>A principal inova\u00e7\u00e3o desta reforma \u00e9 a aplica\u00e7\u00e3o autom\u00e1tica de uma multa aos empregadores que n\u00e3o concederem f\u00e9rias dentro do prazo legal estipulado. Antes, esse processo exigia a\u00e7\u00e3o judicial do trabalhador, tornando-o demorado e desgastante. Agora, a penaliza\u00e7\u00e3o \u00e9 imediata, inibindo poss\u00edveis abusos das empresas e fortalecendo o cumprimento das normas trabalhistas de forma \u00e1gil.<\/p>\n\n\n\n<p>As mudan\u00e7as j\u00e1 est\u00e3o em vigor, exigindo que as empresas adaptem rapidamente seus procedimentos internos para se manterem em conformidade. Nesta nova fase, n\u00e3o apenas se refor\u00e7am os direitos dos trabalhadores, mas tamb\u00e9m incentiva-se um ambiente de trabalho mais transparente e justo, onde a previs\u00e3o legal e o respeito m\u00fatuo ganham ainda mais relev\u00e2ncia.<\/p>\n\n\n\n<h2 class=\"wp-block-heading\">Novas regras para concess\u00e3o de f\u00e9rias<\/h2>\n\n\n<div class=\"wp-block-image\">\n<figure class=\"aligncenter size-large\"><img loading=\"lazy\" decoding=\"async\" width=\"1024\" height=\"576\" src=\"https:\/\/www.em.com.br\/emfoco\/wp-content\/uploads\/2025\/06\/descanso_1749537488091-1024x576.jpg\" alt=\"Novas regras do aviso de f\u00e9rias: o que mudou em julho e como evitar multa\" class=\"wp-image-58456\" srcset=\"https:\/\/www.em.com.br\/emfoco\/wp-content\/uploads\/2025\/06\/descanso_1749537488091-1024x576.jpg 1024w, https:\/\/www.em.com.br\/emfoco\/wp-content\/uploads\/2025\/06\/descanso_1749537488091-300x169.jpg 300w, https:\/\/www.em.com.br\/emfoco\/wp-content\/uploads\/2025\/06\/descanso_1749537488091-768x432.jpg 768w, https:\/\/www.em.com.br\/emfoco\/wp-content\/uploads\/2025\/06\/descanso_1749537488091-750x422.jpg 750w, https:\/\/www.em.com.br\/emfoco\/wp-content\/uploads\/2025\/06\/descanso_1749537488091-1140x641.jpg 1140w, https:\/\/www.em.com.br\/emfoco\/wp-content\/uploads\/2025\/06\/descanso_1749537488091.jpg 1280w\" sizes=\"auto, (max-width: 1024px) 100vw, 1024px\" \/><figcaption class=\"wp-element-caption\">Homem lendo deitado no sof\u00e1 &#8211; Cr\u00e9ditos: depositphotos.com \/ VitalikRadko<\/figcaption><\/figure><\/div>\n\n\n<p>A reforma da <strong><a href=\"https:\/\/www.planalto.gov.br\/ccivil_03\/decreto-lei\/del5452.htm\" target=\"_blank\" rel=\"noreferrer noopener\">CLT de 2025<\/a><\/strong> trouxe ajustes significativos na concess\u00e3o das f\u00e9rias. Agora, empregadores que n\u00e3o respeitarem o prazo legal para realizar o descanso dos funcion\u00e1rios s\u00e3o multados automaticamente, sem necessidade de a\u00e7\u00e3o judicial. Essa automatiza\u00e7\u00e3o das penalidades traz um novo n\u00edvel de seguran\u00e7a e cumprimento efetivo da legisla\u00e7\u00e3o.<\/p>\n\n\n\n<p>As empresas dever\u00e3o cumprir rigorosamente os prazos para evitar as multas, o que eleva o padr\u00e3o de responsabilidade no cumprimento das f\u00e9rias. Al\u00e9m disso, os trabalhadores se sentem mais amparados, pois n\u00e3o dependem mais de longos processos judiciais para garantir seus direitos. Com isso, o ambiente de trabalho tende a se tornar mais equilibrado e justo.<\/p>\n\n\n\n<p>Empregadores precisam estar atentos \u00e0s mudan\u00e7as e revisar suas pol\u00edticas internas, j\u00e1 que a fiscaliza\u00e7\u00e3o ser\u00e1 mais rigorosa. O descumprimento da lei n\u00e3o gera apenas multa, mas pode comprometer a imagem da empresa e seu relacionamento com os colaboradores.<\/p>\n\n\n\n<h2 class=\"wp-block-heading\">Exig\u00eancias para o fracionamento das f\u00e9rias<\/h2>\n\n\n\n<p>O fracionamento das f\u00e9rias agora conta com exig\u00eancias mais criteriosas. O primeiro per\u00edodo de f\u00e9rias deve ter no m\u00ednimo 14 dias corridos, enquanto os subsequentes n\u00e3o podem ter menos de cinco dias cada. Isso garante ao trabalhador per\u00edodos mais longos de descanso e preserva sua <strong>sa\u00fade f\u00edsica e mental<\/strong>.<\/p>\n\n\n\n<p>Al\u00e9m disso, a empresa est\u00e1 obrigada a apresentar uma justificativa formal para o eventual fracionamento, tornando o processo mais transparente. O trabalhador, por sua vez, pode recusar a proposta de divis\u00e3o caso n\u00e3o concorde, ampliando sua autonomia sobre o pr\u00f3prio repouso.<\/p>\n\n\n\n<p>Essa mudan\u00e7a equilibra as necessidades empresariais com a prote\u00e7\u00e3o do empregado, priorizando um descanso efetivo e reconhecendo a import\u00e2ncia da recupera\u00e7\u00e3o para o rendimento no trabalho.<\/p>\n\n\n\n<h2 class=\"wp-block-heading\">Comunica\u00e7\u00e3o obrigat\u00f3ria sobre f\u00e9rias<\/h2>\n\n\n\n<p>Outra altera\u00e7\u00e3o importante \u00e9 a necessidade de comunica\u00e7\u00e3o por escrito do in\u00edcio das f\u00e9rias com <strong>anteced\u00eancia m\u00ednima de 30 dias<\/strong>. Antes, muitos empregados eram informados de forma informal ou em cima da hora, dificultando o planejamento pessoal.<\/p>\n\n\n\n<p>Com essa medida, os trabalhadores conseguem programar viagens, compromissos familiares ou descanso com mais tranquilidade. A regra tamb\u00e9m facilita o planejamento organizacional da empresa para poss\u00edveis aus\u00eancias e substitui\u00e7\u00f5es internas.<\/p>\n\n\n\n<p>A formaliza\u00e7\u00e3o da comunica\u00e7\u00e3o visa aumentar a transpar\u00eancia e criar um ambiente de trabalho mais previs\u00edvel, reduzindo conflitos e imprevistos relacionados ao agendamento das f\u00e9rias.<\/p>\n\n\n\n<h2 class=\"wp-block-heading\">Penalidades para descumprimento da nova lei<\/h2>\n\n\n\n<p>A imposi\u00e7\u00e3o autom\u00e1tica de multa caso o empregador n\u00e3o cumpra o prazo das f\u00e9rias \u00e9 um instrumento de prote\u00e7\u00e3o direta ao trabalhador. Isso evita que empresas protelarem indevidamente o descanso e refor\u00e7a a seriedade do direito garantido.<\/p>\n\n\n\n<p>O valor das multas \u00e9 significativo e pode impactar financeiramente as empresas, al\u00e9m de prejudicar sua reputa\u00e7\u00e3o no mercado. Esse rigor enfraquece pr\u00e1ticas abusivas e estimula a ado\u00e7\u00e3o de boas pr\u00e1ticas gerenciais no RH das companhias.<\/p>\n\n\n\n<p>Empresas reincidentes podem enfrentar san\u00e7\u00f5es mais severas, podendo, inclusive, atrair a\u00e7\u00f5es fiscalizat\u00f3rias extras, al\u00e9m de restri\u00e7\u00f5es em licita\u00e7\u00f5es p\u00fablicas e perdas de certificados de responsabilidade social.<\/p>\n\n\n\n<h2 class=\"wp-block-heading\">Benef\u00edcios adicionais e atualiza\u00e7\u00e3o de direitos<\/h2>\n\n\n\n<p>Al\u00e9m das f\u00e9rias, os empregados j\u00e1 contam com outros direitos garantidos, como pagamento integral do <strong>13\u00ba sal\u00e1rio<\/strong>, dep\u00f3sitos regulares do <strong>FGTS <\/strong>e direito \u00e0 desconex\u00e3o ap\u00f3s o expediente. As mudan\u00e7as somam-se a esse arcabou\u00e7o de prote\u00e7\u00e3o ao trabalhador brasileiro.<\/p>\n\n\n\n<p>A atualiza\u00e7\u00e3o legal de 2025 reafirma o compromisso do <strong>Brasil <\/strong>com os direitos fundamentais de quem trabalha, alinhando procedimentos com padr\u00f5es internacionais. Isso fortalece tanto o corpo funcional quanto a imagem de empresas que valorizam o cumprimento legal.<\/p>\n\n\n\n<p>Com esses avan\u00e7os, o pa\u00eds se destaca pela busca de uma rela\u00e7\u00e3o mais justa, segura e saud\u00e1vel entre empregado e empregador, promovendo bem-estar e produtividade.<\/p>\n\n\n\n<p>Leia mais: <a href=\"https:\/\/www.em.com.br\/emfoco\/2025\/09\/07\/saiba-se-o-saque-aniversario-do-fgts-e-o-ideal-para-voce\/\" target=\"_blank\" rel=\"noreferrer noopener\"><\/a><a href=\"https:\/\/www.em.com.br\/emfoco\/2025\/09\/09\/ferias-na-clt-quais-as-novas-regras-para-a-sua-familia\/\" target=\"_blank\" rel=\"noreferrer noopener\">F\u00e9rias na CLT! Quais as novas regras para a sua fam\u00edlia<\/a><\/p>\n\n\n\n<h2 class=\"wp-block-heading\">Impactos nas rela\u00e7\u00f5es trabalhistas e cultura organizacional<\/h2>\n\n\n\n<p>As novas regras para f\u00e9rias transformam a din\u00e2mica das rela\u00e7\u00f5es trabalhistas, impondo maior transpar\u00eancia e respeito vindo das empresas. Isso reflete diretamente na satisfa\u00e7\u00e3o dos funcion\u00e1rios e na imagem da organiza\u00e7\u00e3o.<\/p>\n\n\n\n<p>Os ajustes legais incentivam pr\u00e1ticas modernas de gest\u00e3o de pessoas, que valorizam planejamento, comunica\u00e7\u00e3o clara e processos participativos. Empresas que se adaptam ganham em clima organizacional e atra\u00e7\u00e3o de talentos.<\/p>\n\n\n\n<p>Ao adotar essas medidas, estabelecimentos refor\u00e7am os pilares da cultura de respeito m\u00fatuo e legalidade, ilustrando o compromisso com direitos e deveres que beneficiam toda a sociedade.<\/p>\n","protected":false},"excerpt":{"rendered":"<p>Em um movimento para modernizar as rela\u00e7\u00f5es de trabalho, o ano de 2025 trouxe mudan\u00e7as significativas nas regras de concess\u00e3o de f\u00e9rias para os trabalhadores brasileiros, gra\u00e7as \u00e0 atualiza\u00e7\u00e3o da Consolida\u00e7\u00e3o das Leis do Trabalho (CLT). Essas altera\u00e7\u00f5es t\u00eam como objetivo refor\u00e7ar os direitos dos empregados e aumentar a previsibilidade nos per\u00edodos de descanso, al\u00e9m [&hellip;]<\/p>\n","protected":false},"author":20,"featured_media":55049,"comment_status":"open","ping_status":"open","sticky":false,"template":"","format":"standard","meta":{"jnews-multi-image_gallery":[],"jnews_single_post":{"format":"standard"},"jnews_primary_category":[],"jnews_social_meta":[],"jnews_override_counter":[],"footnotes":""},"categories":[28,1],"tags":[1052,1344,264],"class_list":["post-102882","post","type-post","status-publish","format-standard","has-post-thumbnail","hentry","category-economia","category-noticias","tag-clt","tag-ferias","tag-trabalhadores"],"yoast_head":"<!-- This site is optimized with the Yoast SEO plugin v23.8 - https:\/\/yoast.com\/wordpress\/plugins\/seo\/ -->\n<title>Nova lei muda regras de f\u00e9rias na CLT e garante mais direitos - Estado de Minas - Em foco<\/title>\n<meta name=\"description\" content=\"Trabalhadores brasileiros agora t\u00eam mais seguran\u00e7a no direito \u00e0s f\u00e9rias. Veja como a nova lei de 2025 transforma o descanso garantido pela CLT.\" \/>\n<meta name=\"robots\" content=\"index, follow, max-snippet:-1, max-image-preview:large, max-video-preview:-1\" \/>\n<link rel=\"canonical\" href=\"https:\/\/www.em.com.br\/emfoco\/2025\/09\/11\/nova-lei-muda-regras-de-ferias-na-clt-e-garante-mais-direitos\/\" \/>\n<meta property=\"og:locale\" content=\"pt_BR\" \/>\n<meta property=\"og:type\" content=\"article\" \/>\n<meta property=\"og:title\" content=\"Nova lei muda regras de f\u00e9rias na CLT e garante mais direitos - Estado de Minas - Em foco\" \/>\n<meta property=\"og:description\" content=\"Trabalhadores brasileiros agora t\u00eam mais seguran\u00e7a no direito \u00e0s f\u00e9rias. Veja como a nova lei de 2025 transforma o descanso garantido pela CLT.\" \/>\n<meta property=\"og:url\" content=\"https:\/\/www.em.com.br\/emfoco\/2025\/09\/11\/nova-lei-muda-regras-de-ferias-na-clt-e-garante-mais-direitos\/\" \/>\n<meta property=\"og:site_name\" content=\"Estado de Minas - Em foco\" \/>\n<meta property=\"article:published_time\" content=\"2025-09-11T21:58:00+00:00\" \/>\n<meta property=\"article:modified_time\" content=\"2025-09-10T21:51:34+00:00\" \/>\n<meta property=\"og:image\" content=\"https:\/\/www.em.com.br\/emfoco\/wp-content\/uploads\/2025\/06\/carteira-de-trabalh_1748978867226.jpg\" \/>\n\t<meta property=\"og:image:width\" content=\"1280\" \/>\n\t<meta property=\"og:image:height\" content=\"720\" \/>\n\t<meta property=\"og:image:type\" content=\"image\/jpeg\" \/>\n<meta name=\"author\" content=\"Ingrid Diniz\" \/>\n<meta name=\"twitter:card\" content=\"summary_large_image\" \/>\n<meta name=\"twitter:label1\" content=\"Escrito por\" \/>\n\t<meta name=\"twitter:data1\" content=\"Ingrid Diniz\" \/>\n\t<meta name=\"twitter:label2\" content=\"Est. tempo de leitura\" \/>\n\t<meta name=\"twitter:data2\" content=\"6 minutos\" \/>\n<!-- \/ Yoast SEO plugin. -->","yoast_head_json":{"title":"Nova lei muda regras de f\u00e9rias na CLT e garante mais direitos - Estado de Minas - Em foco","description":"Trabalhadores brasileiros agora t\u00eam mais seguran\u00e7a no direito \u00e0s f\u00e9rias. Veja como a nova lei de 2025 transforma o descanso garantido pela CLT.","robots":{"index":"index","follow":"follow","max-snippet":"max-snippet:-1","max-image-preview":"max-image-preview:large","max-video-preview":"max-video-preview:-1"},"canonical":"https:\/\/www.em.com.br\/emfoco\/2025\/09\/11\/nova-lei-muda-regras-de-ferias-na-clt-e-garante-mais-direitos\/","og_locale":"pt_BR","og_type":"article","og_title":"Nova lei muda regras de f\u00e9rias na CLT e garante mais direitos - Estado de Minas - Em foco","og_description":"Trabalhadores brasileiros agora t\u00eam mais seguran\u00e7a no direito \u00e0s f\u00e9rias. Veja como a nova lei de 2025 transforma o descanso garantido pela CLT.","og_url":"https:\/\/www.em.com.br\/emfoco\/2025\/09\/11\/nova-lei-muda-regras-de-ferias-na-clt-e-garante-mais-direitos\/","og_site_name":"Estado de Minas - Em foco","article_published_time":"2025-09-11T21:58:00+00:00","article_modified_time":"2025-09-10T21:51:34+00:00","og_image":[{"width":1280,"height":720,"url":"https:\/\/www.em.com.br\/emfoco\/wp-content\/uploads\/2025\/06\/carteira-de-trabalh_1748978867226.jpg","type":"image\/jpeg"}],"author":"Ingrid Diniz","twitter_card":"summary_large_image","twitter_misc":{"Escrito por":"Ingrid Diniz","Est. tempo de leitura":"6 minutos"},"schema":{"@context":"https:\/\/schema.org","@graph":[{"@type":"WebPage","@id":"https:\/\/www.em.com.br\/emfoco\/2025\/09\/11\/nova-lei-muda-regras-de-ferias-na-clt-e-garante-mais-direitos\/","url":"https:\/\/www.em.com.br\/emfoco\/2025\/09\/11\/nova-lei-muda-regras-de-ferias-na-clt-e-garante-mais-direitos\/","name":"Nova lei muda regras de f\u00e9rias na CLT e garante mais direitos - Estado de Minas - Em foco","isPartOf":{"@id":"https:\/\/www.em.com.br\/emfoco\/#website"},"primaryImageOfPage":{"@id":"https:\/\/www.em.com.br\/emfoco\/2025\/09\/11\/nova-lei-muda-regras-de-ferias-na-clt-e-garante-mais-direitos\/#primaryimage"},"image":{"@id":"https:\/\/www.em.com.br\/emfoco\/2025\/09\/11\/nova-lei-muda-regras-de-ferias-na-clt-e-garante-mais-direitos\/#primaryimage"},"thumbnailUrl":"https:\/\/www.em.com.br\/emfoco\/wp-content\/uploads\/2025\/06\/carteira-de-trabalh_1748978867226.jpg","datePublished":"2025-09-11T21:58:00+00:00","dateModified":"2025-09-10T21:51:34+00:00","author":{"@id":"https:\/\/www.em.com.br\/emfoco\/#\/schema\/person\/649e610b4eb8fff87ff394e54fe17b2b"},"description":"Trabalhadores brasileiros agora t\u00eam mais seguran\u00e7a no direito \u00e0s f\u00e9rias. Veja como a nova lei de 2025 transforma o descanso garantido pela CLT.","breadcrumb":{"@id":"https:\/\/www.em.com.br\/emfoco\/2025\/09\/11\/nova-lei-muda-regras-de-ferias-na-clt-e-garante-mais-direitos\/#breadcrumb"},"inLanguage":"pt-BR","potentialAction":[{"@type":"ReadAction","target":["https:\/\/www.em.com.br\/emfoco\/2025\/09\/11\/nova-lei-muda-regras-de-ferias-na-clt-e-garante-mais-direitos\/"]}]},{"@type":"ImageObject","inLanguage":"pt-BR","@id":"https:\/\/www.em.com.br\/emfoco\/2025\/09\/11\/nova-lei-muda-regras-de-ferias-na-clt-e-garante-mais-direitos\/#primaryimage","url":"https:\/\/www.em.com.br\/emfoco\/wp-content\/uploads\/2025\/06\/carteira-de-trabalh_1748978867226.jpg","contentUrl":"https:\/\/www.em.com.br\/emfoco\/wp-content\/uploads\/2025\/06\/carteira-de-trabalh_1748978867226.jpg","width":1280,"height":720,"caption":"Direito ao 13\u00ba sal\u00e1rio e como calcular o valor - Cr\u00e9ditos: depositphotos.com \/ rmcarvalhobsb"},{"@type":"BreadcrumbList","@id":"https:\/\/www.em.com.br\/emfoco\/2025\/09\/11\/nova-lei-muda-regras-de-ferias-na-clt-e-garante-mais-direitos\/#breadcrumb","itemListElement":[{"@type":"ListItem","position":1,"name":"In\u00edcio","item":"https:\/\/www.em.com.br\/emfoco\/"},{"@type":"ListItem","position":2,"name":"Nova lei muda regras de f\u00e9rias na CLT e garante mais direitos"}]},{"@type":"WebSite","@id":"https:\/\/www.em.com.br\/emfoco\/#website","url":"https:\/\/www.em.com.br\/emfoco\/","name":"Estado de Minas - Em foco","description":"Acompanhe as \u00faltimas not\u00edcias e fique bem informado sobre tudo o que acontece em Minas Gerais, Brasil e no mundo.","potentialAction":[{"@type":"SearchAction","target":{"@type":"EntryPoint","urlTemplate":"https:\/\/www.em.com.br\/emfoco\/?s={search_term_string}"},"query-input":{"@type":"PropertyValueSpecification","valueRequired":true,"valueName":"search_term_string"}}],"inLanguage":"pt-BR"},{"@type":"Person","@id":"https:\/\/www.em.com.br\/emfoco\/#\/schema\/person\/649e610b4eb8fff87ff394e54fe17b2b","name":"Ingrid Diniz","image":{"@type":"ImageObject","inLanguage":"pt-BR","@id":"https:\/\/www.em.com.br\/emfoco\/#\/schema\/person\/image\/","url":"https:\/\/secure.gravatar.com\/avatar\/a3baa1449ec5c39b4c42babc9d4f3951?s=96&d=mm&r=g","contentUrl":"https:\/\/secure.gravatar.com\/avatar\/a3baa1449ec5c39b4c42babc9d4f3951?s=96&d=mm&r=g","caption":"Ingrid Diniz"},"sameAs":["https:\/\/www.em.com.br\/"],"url":"https:\/\/www.em.com.br\/emfoco\/author\/ingridmyth\/"}]}},"_links":{"self":[{"href":"https:\/\/www.em.com.br\/emfoco\/wp-json\/wp\/v2\/posts\/102882","targetHints":{"allow":["GET"]}}],"collection":[{"href":"https:\/\/www.em.com.br\/emfoco\/wp-json\/wp\/v2\/posts"}],"about":[{"href":"https:\/\/www.em.com.br\/emfoco\/wp-json\/wp\/v2\/types\/post"}],"author":[{"embeddable":true,"href":"https:\/\/www.em.com.br\/emfoco\/wp-json\/wp\/v2\/users\/20"}],"replies":[{"embeddable":true,"href":"https:\/\/www.em.com.br\/emfoco\/wp-json\/wp\/v2\/comments?post=102882"}],"version-history":[{"count":2,"href":"https:\/\/www.em.com.br\/emfoco\/wp-json\/wp\/v2\/posts\/102882\/revisions"}],"predecessor-version":[{"id":102996,"href":"https:\/\/www.em.com.br\/emfoco\/wp-json\/wp\/v2\/posts\/102882\/revisions\/102996"}],"wp:featuredmedia":[{"embeddable":true,"href":"https:\/\/www.em.com.br\/emfoco\/wp-json\/wp\/v2\/media\/55049"}],"wp:attachment":[{"href":"https:\/\/www.em.com.br\/emfoco\/wp-json\/wp\/v2\/media?parent=102882"}],"wp:term":[{"taxonomy":"category","embeddable":true,"href":"https:\/\/www.em.com.br\/emfoco\/wp-json\/wp\/v2\/categories?post=102882"},{"taxonomy":"post_tag","embeddable":true,"href":"https:\/\/www.em.com.br\/emfoco\/wp-json\/wp\/v2\/tags?post=102882"}],"curies":[{"name":"wp","href":"https:\/\/api.w.org\/{rel}","templated":true}]}}