{"id":10287,"date":"2025-01-13T08:39:00","date_gmt":"2025-01-13T11:39:00","guid":{"rendered":"https:\/\/www.em.com.br\/emfoco\/?p=10287"},"modified":"2025-01-13T03:34:58","modified_gmt":"2025-01-13T06:34:58","slug":"sabao-caseiro-de-alcool-glicerinado-aqui-voce-aprende","status":"publish","type":"post","link":"https:\/\/www.em.com.br\/emfoco\/2025\/01\/13\/sabao-caseiro-de-alcool-glicerinado-aqui-voce-aprende\/","title":{"rendered":"Sab\u00e3o caseiro de \u00c1lcool Glicerinado aqui voc\u00ea aprende"},"content":{"rendered":"\n<p>Produzir sab\u00e3o caseiro \u00e9 uma tradi\u00e7\u00e3o que remonta a muitas gera\u00e7\u00f5es, sendo passado frequentemente de av\u00f3s para netos. Esta pr\u00e1tica artesanal, al\u00e9m de ser econ\u00f4mica, mostra-se incrivelmente sustent\u00e1vel. O sab\u00e3o de \u00e1lcool glicerinado, em particular, destaca-se por combinar efic\u00e1cia na limpeza com delicadeza no cuidado com as m\u00e3os.<\/p>\n\n\n\n<p>Este tipo de sab\u00e3o vem ganhando popularidade devido \u00e0 sua composi\u00e7\u00e3o que une o poder desengordurante do \u00e1lcool \u00e0 suavidade da glicerina. Assim, ele oferece uma alternativa mais gentil para a pele, sem sacrificar a efici\u00eancia na limpeza de diversas superf\u00edcies.<\/p>\n\n\n\n<h2 class=\"wp-block-heading\">Os Benef\u00edcios do Sab\u00e3o de \u00c1lcool Glicerinado<\/h2>\n\n\n\n<p>O <a href=\"https:\/\/receitasdepesos.com.br\/sabao-caseiro-de-alcool-glicerinado-aqui-voce-aprende.html\/\" target=\"_blank\" rel=\"noreferrer noopener\">sab\u00e3o de \u00e1lcool glicerinado<\/a> apresenta uma s\u00e9rie de vantagens que o tornam uma op\u00e7\u00e3o atraente para a limpeza dom\u00e9stica. <strong>Primeiro<\/strong>, est\u00e1 a economia, pois utiliza ingredientes que s\u00e3o acess\u00edveis e muitas vezes reaproveitados. <strong>Em segundo lugar<\/strong>, \u00e9 uma escolha mais sustent\u00e1vel, reduzindo o uso de produtos qu\u00edmicos agressivos que impactam negativamente o meio ambiente. Desta forma, n\u00e3o apenas protege a natureza, mas tamb\u00e9m previne irrita\u00e7\u00f5es na pele.<\/p>\n\n\n\n<figure class=\"wp-block-image size-large\"><img loading=\"lazy\" decoding=\"async\" width=\"1024\" height=\"576\" src=\"https:\/\/www.em.com.br\/emfoco\/wp-content\/uploads\/2025\/01\/httpsneural.myth_.devstaticcache96bf2099-1449-4c93-8db8-fee57a3bfd2e-1024x576.jpeg\" alt=\"Sab\u00e3o caseiro de \u00c1lcool Glicerinado aqui voc\u00ea aprende\" class=\"wp-image-10288\" srcset=\"https:\/\/www.em.com.br\/emfoco\/wp-content\/uploads\/2025\/01\/httpsneural.myth_.devstaticcache96bf2099-1449-4c93-8db8-fee57a3bfd2e-1024x576.jpeg 1024w, https:\/\/www.em.com.br\/emfoco\/wp-content\/uploads\/2025\/01\/httpsneural.myth_.devstaticcache96bf2099-1449-4c93-8db8-fee57a3bfd2e-300x169.jpeg 300w, https:\/\/www.em.com.br\/emfoco\/wp-content\/uploads\/2025\/01\/httpsneural.myth_.devstaticcache96bf2099-1449-4c93-8db8-fee57a3bfd2e-768x432.jpeg 768w, https:\/\/www.em.com.br\/emfoco\/wp-content\/uploads\/2025\/01\/httpsneural.myth_.devstaticcache96bf2099-1449-4c93-8db8-fee57a3bfd2e-750x422.jpeg 750w, https:\/\/www.em.com.br\/emfoco\/wp-content\/uploads\/2025\/01\/httpsneural.myth_.devstaticcache96bf2099-1449-4c93-8db8-fee57a3bfd2e-1140x641.jpeg 1140w, https:\/\/www.em.com.br\/emfoco\/wp-content\/uploads\/2025\/01\/httpsneural.myth_.devstaticcache96bf2099-1449-4c93-8db8-fee57a3bfd2e.jpeg 1280w\" sizes=\"auto, (max-width: 1024px) 100vw, 1024px\" \/><figcaption class=\"wp-element-caption\">Sab\u00e3o caseiro de \u00c1lcool Glicerinado aqui voc\u00ea aprende Cr\u00e9ditos: depositphotos.com \/ lvenks<\/figcaption><\/figure>\n\n\n\n<h2 class=\"wp-block-heading\">Como Fazer Sab\u00e3o de \u00c1lcool Glicerinado em Casa?<\/h2>\n\n\n\n<p>Para preparar o sab\u00e3o caseiro de \u00e1lcool glicerinado, s\u00e3o necess\u00e1rios ingredientes que est\u00e3o dispon\u00edveis no cotidiano. O processo demanda aten\u00e7\u00e3o especial \u00e0 seguran\u00e7a, devido ao uso de soda c\u00e1ustica. Mantendo sempre em mente esse aspecto, os passos a seguir ir\u00e3o detalhar como criar um lote eficiente de sab\u00e3o.<\/p>\n\n\n\n<ol class=\"wp-block-list\">\n<li><strong>Dissolver a Soda:<\/strong> Em um balde grande, dissolve-se 1 kg de soda c\u00e1ustica (NaOH) em 2 litros de \u00e1gua. Este passo deve ser realizado com cuidado, pois a solu\u00e7\u00e3o aquece consideravelmente.<\/li>\n\n\n\n<li><strong>Incorporar o \u00d3leo:<\/strong> Ap\u00f3s a dissolu\u00e7\u00e3o completa da soda, adicione 2 litros de \u00f3leo de cozinha usado e coado, mexendo devagar para evitar respingos.<\/li>\n\n\n\n<li><strong>Adicionar o \u00c1lcool e Glicerina:<\/strong> Seguidamente, junta-se 1 litro de \u00e1lcool 96% e 500 ml de glicerina l\u00edquida, misturando at\u00e9 obter uma composi\u00e7\u00e3o uniforme.<\/li>\n\n\n\n<li><strong>Perfumar:<\/strong> Se desejado, algumas gotas de ess\u00eancia podem ser inclu\u00eddas para fragr\u00e2ncia.<\/li>\n\n\n\n<li><strong>Curar o Sab\u00e3o:<\/strong> Despeje a mistura em formas apropriadas e deixe curar por pelo menos 24 horas antes de cortar as barras.<\/li>\n<\/ol>\n\n\n\n<h2 class=\"wp-block-heading\">Cuidados e Variedades na Produ\u00e7\u00e3o<\/h2>\n\n\n\n<p>Durante a fabrica\u00e7\u00e3o, \u00e9 imprescind\u00edvel o uso de equipamentos de prote\u00e7\u00e3o, como luvas e \u00f3culos, para manipular a soda c\u00e1ustica com seguran\u00e7a. Misturar bem cada ingrediente garante que o sab\u00e3o atingir\u00e1 a textura desejada e funcionar\u00e1 corretamente.<\/p>\n\n\n\n<p>Para aqueles que desejam personalizar o produto final, h\u00e1 v\u00e1rias possibilidades. \u00c9 vi\u00e1vel adicionar <em>ess\u00eancias para aromatizar<\/em> ou <em>corantes naturais<\/em> para variar as cores das barras. Al\u00e9m disso, ingredientes como caf\u00e9 mo\u00eddo podem criar um sab\u00e3o esfoliante.<\/p>\n\n\n\n<h2 class=\"wp-block-heading\">Armazenamento e Dura\u00e7\u00e3o<\/h2>\n\n\n\n<p>O armazenamento correto do sab\u00e3o caseiro assegura que ele mantenha suas propriedades e efic\u00e1cia por um tempo prolongado. Portanto, \u00e9 recomendado que as barras sejam guardadas em um local seco e livre de umidade. Esse cuidado preserva a integridade do sab\u00e3o e impede que ele se desintegre ou perca sua consist\u00eancia.<\/p>\n\n\n\n<p>Fazer sab\u00e3o de \u00e1lcool glicerinado em casa n\u00e3o \u00e9 apenas uma forma de resgatar t\u00e9cnicas antigas, mas tamb\u00e9m de promover pr\u00e1ticas sustent\u00e1veis e econ\u00f4micas no dia a dia, adaptando cada f\u00f3rmula ao gosto e necessidade de cada lar.<\/p>\n","protected":false},"excerpt":{"rendered":"<p>Produzir sab\u00e3o caseiro \u00e9 uma tradi\u00e7\u00e3o que remonta a muitas gera\u00e7\u00f5es, sendo passado frequentemente de av\u00f3s para netos. Esta pr\u00e1tica artesanal, al\u00e9m de ser econ\u00f4mica, mostra-se incrivelmente sustent\u00e1vel.<\/p>\n","protected":false},"author":2,"featured_media":10288,"comment_status":"open","ping_status":"open","sticky":false,"template":"","format":"standard","meta":{"jnews-multi-image_gallery":[],"jnews_single_post":{"format":"standard"},"jnews_primary_category":[],"jnews_social_meta":[],"jnews_override_counter":[],"footnotes":""},"categories":[29,1],"tags":[3384,160,3385,3337,3383,325],"class_list":["post-10287","post","type-post","status-publish","format-standard","has-post-thumbnail","hentry","category-entretenimento","category-noticias","tag-alcool-glicerinado","tag-economia","tag-faca-voce-mesmo","tag-limpeza","tag-sabao-caseiro","tag-sustentabilidade"],"yoast_head":"<!-- This site is optimized with the Yoast SEO plugin v23.8 - https:\/\/yoast.com\/wordpress\/plugins\/seo\/ -->\n<title>Sab\u00e3o caseiro de \u00c1lcool Glicerinado aqui voc\u00ea aprende - Estado de Minas - Em foco<\/title>\n<meta name=\"description\" content=\"Produzir sab\u00e3o caseiro \u00e9 uma tradi\u00e7\u00e3o que remonta a muitas gera\u00e7\u00f5es, sendo passado frequentemente de av\u00f3s para netos. Esta pr\u00e1tica artesanal, al\u00e9m de ser econ\u00f4mica, mostra-se incrivelmente sustent\u00e1vel.\" \/>\n<meta name=\"robots\" content=\"index, follow, max-snippet:-1, max-image-preview:large, max-video-preview:-1\" \/>\n<link rel=\"canonical\" href=\"https:\/\/www.em.com.br\/emfoco\/2025\/01\/13\/sabao-caseiro-de-alcool-glicerinado-aqui-voce-aprende\/\" \/>\n<meta property=\"og:locale\" content=\"pt_BR\" \/>\n<meta property=\"og:type\" content=\"article\" \/>\n<meta property=\"og:title\" content=\"Sab\u00e3o caseiro de \u00c1lcool Glicerinado aqui voc\u00ea aprende - Estado de Minas - Em foco\" \/>\n<meta property=\"og:description\" content=\"Produzir sab\u00e3o caseiro \u00e9 uma tradi\u00e7\u00e3o que remonta a muitas gera\u00e7\u00f5es, sendo passado frequentemente de av\u00f3s para netos. Esta pr\u00e1tica artesanal, al\u00e9m de ser econ\u00f4mica, mostra-se incrivelmente sustent\u00e1vel.\" \/>\n<meta property=\"og:url\" content=\"https:\/\/www.em.com.br\/emfoco\/2025\/01\/13\/sabao-caseiro-de-alcool-glicerinado-aqui-voce-aprende\/\" \/>\n<meta property=\"og:site_name\" content=\"Estado de Minas - Em foco\" \/>\n<meta property=\"article:published_time\" content=\"2025-01-13T11:39:00+00:00\" \/>\n<meta property=\"article:modified_time\" content=\"2025-01-13T06:34:58+00:00\" \/>\n<meta property=\"og:image\" content=\"https:\/\/www.em.com.br\/emfoco\/wp-content\/uploads\/2025\/01\/httpsneural.myth_.devstaticcache96bf2099-1449-4c93-8db8-fee57a3bfd2e.jpeg\" \/>\n\t<meta property=\"og:image:width\" content=\"1280\" \/>\n\t<meta property=\"og:image:height\" content=\"720\" \/>\n\t<meta property=\"og:image:type\" content=\"image\/jpeg\" \/>\n<meta name=\"author\" content=\"Guilherme\" \/>\n<meta name=\"twitter:card\" content=\"summary_large_image\" \/>\n<meta name=\"twitter:label1\" content=\"Escrito por\" \/>\n\t<meta name=\"twitter:data1\" content=\"Guilherme\" \/>\n\t<meta name=\"twitter:label2\" content=\"Est. tempo de leitura\" \/>\n\t<meta name=\"twitter:data2\" content=\"4 minutos\" \/>\n<!-- \/ Yoast SEO plugin. -->","yoast_head_json":{"title":"Sab\u00e3o caseiro de \u00c1lcool Glicerinado aqui voc\u00ea aprende - Estado de Minas - Em foco","description":"Produzir sab\u00e3o caseiro \u00e9 uma tradi\u00e7\u00e3o que remonta a muitas gera\u00e7\u00f5es, sendo passado frequentemente de av\u00f3s para netos. Esta pr\u00e1tica artesanal, al\u00e9m de ser econ\u00f4mica, mostra-se incrivelmente sustent\u00e1vel.","robots":{"index":"index","follow":"follow","max-snippet":"max-snippet:-1","max-image-preview":"max-image-preview:large","max-video-preview":"max-video-preview:-1"},"canonical":"https:\/\/www.em.com.br\/emfoco\/2025\/01\/13\/sabao-caseiro-de-alcool-glicerinado-aqui-voce-aprende\/","og_locale":"pt_BR","og_type":"article","og_title":"Sab\u00e3o caseiro de \u00c1lcool Glicerinado aqui voc\u00ea aprende - Estado de Minas - Em foco","og_description":"Produzir sab\u00e3o caseiro \u00e9 uma tradi\u00e7\u00e3o que remonta a muitas gera\u00e7\u00f5es, sendo passado frequentemente de av\u00f3s para netos. Esta pr\u00e1tica artesanal, al\u00e9m de ser econ\u00f4mica, mostra-se incrivelmente sustent\u00e1vel.","og_url":"https:\/\/www.em.com.br\/emfoco\/2025\/01\/13\/sabao-caseiro-de-alcool-glicerinado-aqui-voce-aprende\/","og_site_name":"Estado de Minas - Em foco","article_published_time":"2025-01-13T11:39:00+00:00","article_modified_time":"2025-01-13T06:34:58+00:00","og_image":[{"width":1280,"height":720,"url":"https:\/\/www.em.com.br\/emfoco\/wp-content\/uploads\/2025\/01\/httpsneural.myth_.devstaticcache96bf2099-1449-4c93-8db8-fee57a3bfd2e.jpeg","type":"image\/jpeg"}],"author":"Guilherme","twitter_card":"summary_large_image","twitter_misc":{"Escrito por":"Guilherme","Est. tempo de leitura":"4 minutos"},"schema":{"@context":"https:\/\/schema.org","@graph":[{"@type":"WebPage","@id":"https:\/\/www.em.com.br\/emfoco\/2025\/01\/13\/sabao-caseiro-de-alcool-glicerinado-aqui-voce-aprende\/","url":"https:\/\/www.em.com.br\/emfoco\/2025\/01\/13\/sabao-caseiro-de-alcool-glicerinado-aqui-voce-aprende\/","name":"Sab\u00e3o caseiro de \u00c1lcool Glicerinado aqui voc\u00ea aprende - Estado de Minas - Em foco","isPartOf":{"@id":"https:\/\/www.em.com.br\/emfoco\/#website"},"primaryImageOfPage":{"@id":"https:\/\/www.em.com.br\/emfoco\/2025\/01\/13\/sabao-caseiro-de-alcool-glicerinado-aqui-voce-aprende\/#primaryimage"},"image":{"@id":"https:\/\/www.em.com.br\/emfoco\/2025\/01\/13\/sabao-caseiro-de-alcool-glicerinado-aqui-voce-aprende\/#primaryimage"},"thumbnailUrl":"https:\/\/www.em.com.br\/emfoco\/wp-content\/uploads\/2025\/01\/httpsneural.myth_.devstaticcache96bf2099-1449-4c93-8db8-fee57a3bfd2e.jpeg","datePublished":"2025-01-13T11:39:00+00:00","dateModified":"2025-01-13T06:34:58+00:00","author":{"@id":"https:\/\/www.em.com.br\/emfoco\/#\/schema\/person\/097c4a57cc4dc96be3b74aaf7185dd84"},"description":"Produzir sab\u00e3o caseiro \u00e9 uma tradi\u00e7\u00e3o que remonta a muitas gera\u00e7\u00f5es, sendo passado frequentemente de av\u00f3s para netos. Esta pr\u00e1tica artesanal, al\u00e9m de ser econ\u00f4mica, mostra-se incrivelmente sustent\u00e1vel.","breadcrumb":{"@id":"https:\/\/www.em.com.br\/emfoco\/2025\/01\/13\/sabao-caseiro-de-alcool-glicerinado-aqui-voce-aprende\/#breadcrumb"},"inLanguage":"pt-BR","potentialAction":[{"@type":"ReadAction","target":["https:\/\/www.em.com.br\/emfoco\/2025\/01\/13\/sabao-caseiro-de-alcool-glicerinado-aqui-voce-aprende\/"]}]},{"@type":"ImageObject","inLanguage":"pt-BR","@id":"https:\/\/www.em.com.br\/emfoco\/2025\/01\/13\/sabao-caseiro-de-alcool-glicerinado-aqui-voce-aprende\/#primaryimage","url":"https:\/\/www.em.com.br\/emfoco\/wp-content\/uploads\/2025\/01\/httpsneural.myth_.devstaticcache96bf2099-1449-4c93-8db8-fee57a3bfd2e.jpeg","contentUrl":"https:\/\/www.em.com.br\/emfoco\/wp-content\/uploads\/2025\/01\/httpsneural.myth_.devstaticcache96bf2099-1449-4c93-8db8-fee57a3bfd2e.jpeg","width":1280,"height":720,"caption":"Sab\u00e3o caseiro de \u00c1lcool Glicerinado aqui voc\u00ea aprende Cr\u00e9ditos: depositphotos.com \/ lvenks"},{"@type":"BreadcrumbList","@id":"https:\/\/www.em.com.br\/emfoco\/2025\/01\/13\/sabao-caseiro-de-alcool-glicerinado-aqui-voce-aprende\/#breadcrumb","itemListElement":[{"@type":"ListItem","position":1,"name":"In\u00edcio","item":"https:\/\/www.em.com.br\/emfoco\/"},{"@type":"ListItem","position":2,"name":"Sab\u00e3o caseiro de \u00c1lcool Glicerinado aqui voc\u00ea aprende"}]},{"@type":"WebSite","@id":"https:\/\/www.em.com.br\/emfoco\/#website","url":"https:\/\/www.em.com.br\/emfoco\/","name":"Estado de Minas - Em foco","description":"Acompanhe as \u00faltimas not\u00edcias e fique bem informado sobre tudo o que acontece em Minas Gerais, Brasil e no mundo.","potentialAction":[{"@type":"SearchAction","target":{"@type":"EntryPoint","urlTemplate":"https:\/\/www.em.com.br\/emfoco\/?s={search_term_string}"},"query-input":{"@type":"PropertyValueSpecification","valueRequired":true,"valueName":"search_term_string"}}],"inLanguage":"pt-BR"},{"@type":"Person","@id":"https:\/\/www.em.com.br\/emfoco\/#\/schema\/person\/097c4a57cc4dc96be3b74aaf7185dd84","name":"Guilherme","image":{"@type":"ImageObject","inLanguage":"pt-BR","@id":"https:\/\/www.em.com.br\/emfoco\/#\/schema\/person\/image\/","url":"https:\/\/secure.gravatar.com\/avatar\/6a059d20d980bdeb1d1d6b0fa2b4633c?s=96&d=mm&r=g","contentUrl":"https:\/\/secure.gravatar.com\/avatar\/6a059d20d980bdeb1d1d6b0fa2b4633c?s=96&d=mm&r=g","caption":"Guilherme"},"url":"https:\/\/www.em.com.br\/emfoco\/author\/guilhermemyth\/"}]}},"_links":{"self":[{"href":"https:\/\/www.em.com.br\/emfoco\/wp-json\/wp\/v2\/posts\/10287","targetHints":{"allow":["GET"]}}],"collection":[{"href":"https:\/\/www.em.com.br\/emfoco\/wp-json\/wp\/v2\/posts"}],"about":[{"href":"https:\/\/www.em.com.br\/emfoco\/wp-json\/wp\/v2\/types\/post"}],"author":[{"embeddable":true,"href":"https:\/\/www.em.com.br\/emfoco\/wp-json\/wp\/v2\/users\/2"}],"replies":[{"embeddable":true,"href":"https:\/\/www.em.com.br\/emfoco\/wp-json\/wp\/v2\/comments?post=10287"}],"version-history":[{"count":3,"href":"https:\/\/www.em.com.br\/emfoco\/wp-json\/wp\/v2\/posts\/10287\/revisions"}],"predecessor-version":[{"id":10291,"href":"https:\/\/www.em.com.br\/emfoco\/wp-json\/wp\/v2\/posts\/10287\/revisions\/10291"}],"wp:featuredmedia":[{"embeddable":true,"href":"https:\/\/www.em.com.br\/emfoco\/wp-json\/wp\/v2\/media\/10288"}],"wp:attachment":[{"href":"https:\/\/www.em.com.br\/emfoco\/wp-json\/wp\/v2\/media?parent=10287"}],"wp:term":[{"taxonomy":"category","embeddable":true,"href":"https:\/\/www.em.com.br\/emfoco\/wp-json\/wp\/v2\/categories?post=10287"},{"taxonomy":"post_tag","embeddable":true,"href":"https:\/\/www.em.com.br\/emfoco\/wp-json\/wp\/v2\/tags?post=10287"}],"curies":[{"name":"wp","href":"https:\/\/api.w.org\/{rel}","templated":true}]}}