{"id":10277,"date":"2025-01-13T17:00:00","date_gmt":"2025-01-13T20:00:00","guid":{"rendered":"https:\/\/www.em.com.br\/emfoco\/?p=10277"},"modified":"2025-01-13T02:10:13","modified_gmt":"2025-01-13T05:10:13","slug":"voce-tem-direito-ao-bpc-2","status":"publish","type":"post","link":"https:\/\/www.em.com.br\/emfoco\/2025\/01\/13\/voce-tem-direito-ao-bpc-2\/","title":{"rendered":"Voc\u00ea tem direito ao BPC?"},"content":{"rendered":"\n<p>O Benef\u00edcio de Presta\u00e7\u00e3o Continuada (<a href=\"https:\/\/www.gov.br\/mds\/pt-br\/noticias-e-conteudos\/desenvolvimento-social\/noticias-desenvolvimento-social\/mudancas-no-bpc-o-que-e-verdade-e-o-que-e-boato\" target=\"_blank\" rel=\"noreferrer noopener\">BPC<\/a>) \u00e9 um suporte financeiro <a href=\"https:\/\/www.em.com.br\/emfoco\/2025\/01\/12\/cuidado-novo-golpe-do-pegasus-nao-caia-nessa-armadilha\/\" target=\"_blank\" rel=\"noreferrer noopener\">crucial <\/a>oferecido a milhares de cidad\u00e3os em situa\u00e7\u00e3o de vulnerabilidade no Brasil. Concedido pelo Instituto Nacional do Seguro Social (INSS), o benef\u00edcio prov\u00ea um aux\u00edlio mensal de R$ 1.518 para aqueles que preenchem os crit\u00e9rios estabelecidos. Em 2025, o programa passar\u00e1 por atualiza\u00e7\u00f5es significativas com o objetivo de garantir que o aux\u00edlio alcance verdadeiramente os que dele necessitam.<\/p>\n\n\n\n<p>As mudan\u00e7as nas regras do BPC visam a maior transpar\u00eancia e efic\u00e1cia no processo de concess\u00e3o do benef\u00edcio. Essas altera\u00e7\u00f5es foram implementadas seguindo uma legisla\u00e7\u00e3o aprovada recentemente, que busca combater fraudes e assegurar a justi\u00e7a na distribui\u00e7\u00e3o do aux\u00edlio.<\/p>\n\n\n\n<h2 class=\"wp-block-heading\">Quais s\u00e3o as novas regras do BPC em 2025?<\/h2>\n\n\n\n<p>A nova legisla\u00e7\u00e3o estabelece que os cidad\u00e3os que apresentem defici\u00eancia precisar\u00e3o se submeter a uma avalia\u00e7\u00e3o de sa\u00fade mais rigorosa. Esta avalia\u00e7\u00e3o ser\u00e1 realizada por meio de uma per\u00edcia m\u00e9dica executada pelo INSS. Esta \u00e9 uma das diversas etapas que os benefici\u00e1rios dever\u00e3o cumprir para acessar o BPC.<\/p>\n\n\n\n<p>Adicionalmente, \u00e9 imprescind\u00edvel que os benefici\u00e1rios mantenham seus dados no Cadastro \u00danico (Cad\u00danico) atualizados. O processo de atualiza\u00e7\u00e3o precisar\u00e1 ocorrer a cada 24 meses, garantindo que o sistema reflita as condi\u00e7\u00f5es econ\u00f4micas e de sa\u00fade atuais do requerente. Este requisito, junto \u00e0 exig\u00eancia do cadastro biom\u00e9trico, visa fechar brechas para fraudes, proporcionando maior seguran\u00e7a no sistema.<\/p>\n\n\n<div class=\"wp-block-image\">\n<figure class=\"aligncenter size-large\"><img loading=\"lazy\" decoding=\"async\" width=\"1024\" height=\"576\" src=\"https:\/\/www.em.com.br\/emfoco\/wp-content\/uploads\/2024\/11\/Real-Brasileiro_1732816663324-1024x576.jpg\" alt=\"\" class=\"wp-image-1978\" srcset=\"https:\/\/www.em.com.br\/emfoco\/wp-content\/uploads\/2024\/11\/Real-Brasileiro_1732816663324-1024x576.jpg 1024w, https:\/\/www.em.com.br\/emfoco\/wp-content\/uploads\/2024\/11\/Real-Brasileiro_1732816663324-300x169.jpg 300w, https:\/\/www.em.com.br\/emfoco\/wp-content\/uploads\/2024\/11\/Real-Brasileiro_1732816663324-768x432.jpg 768w, https:\/\/www.em.com.br\/emfoco\/wp-content\/uploads\/2024\/11\/Real-Brasileiro_1732816663324-750x422.jpg 750w, https:\/\/www.em.com.br\/emfoco\/wp-content\/uploads\/2024\/11\/Real-Brasileiro_1732816663324-1140x641.jpg 1140w, https:\/\/www.em.com.br\/emfoco\/wp-content\/uploads\/2024\/11\/Real-Brasileiro_1732816663324.jpg 1280w\" sizes=\"auto, (max-width: 1024px) 100vw, 1024px\" \/><figcaption class=\"wp-element-caption\">Dinheiro de Beneficio &#8211;  Cr\u00e9ditos: depositphotos.com \/ joasouza<\/figcaption><\/figure><\/div>\n\n\n<h2 class=\"wp-block-heading\">Quem pode receber o BPC?<\/h2>\n\n\n\n<p>O BPC continuar\u00e1 sendo disponibilizado para idosos com idade superior a 65 anos que possuam baixa renda, al\u00e9m de pessoas com defici\u00eancia tamb\u00e9m em situa\u00e7\u00e3o de vulnerabilidade econ\u00f4mica. As condi\u00e7\u00f5es de renda permanecem cruciais para a concess\u00e3o do benef\u00edcio, permitindo que aqueles que realmente necessitam recebam o suporte necess\u00e1rio.<\/p>\n\n\n\n<p>Vale ressaltar que as novas medidas administrativas do programa n\u00e3o alteram os aspectos fundamentais de elegibilidade em termos de idade e perfil econ\u00f4mico. Contudo, a inclus\u00e3o de novas etapas de verifica\u00e7\u00e3o e a atualiza\u00e7\u00e3o dos procedimentos s\u00e3o esfor\u00e7os para maximizar a efici\u00eancia e evitar situa\u00e7\u00f5es de pagamento indevido.<\/p>\n\n\n\n<h2 class=\"wp-block-heading\">Por que foram feitas mudan\u00e7as no BPC em 2025?<\/h2>\n\n\n\n<p>Segundo Wellington Dias, ministro do Desenvolvimento e Assist\u00eancia Social, Fam\u00edlia e Combate \u00e0 Fome, essas atualiza\u00e7\u00f5es s\u00e3o fundamentais para mitigar as fraudes no programa. O aprimoramento do sistema de biometria, em conjunto com a atualiza\u00e7\u00e3o regular do cadastro e uma an\u00e1lise aprofundada sobre os crit\u00e9rios de defici\u00eancia, proporciona um controle mais r\u00edgido na concess\u00e3o do benef\u00edcio.<\/p>\n\n\n\n<p>O objetivo principal da nova legisla\u00e7\u00e3o \u00e9 assegurar que os recursos sejam destinados exclusivamente aos que se enquadram nos crit\u00e9rios estabelecidos pela lei, garantindo maior justi\u00e7a e equidade na distribui\u00e7\u00e3o do aux\u00edlio. A mudan\u00e7a pretende tamb\u00e9m aumentar a transpar\u00eancia no conceito de defici\u00eancia e simplificar a identifica\u00e7\u00e3o de situa\u00e7\u00f5es que n\u00e3o preenchem adequadamente os requisitos para a concess\u00e3o do benef\u00edcio.<\/p>\n\n\n\n<h2 class=\"wp-block-heading\">Impacto das mudan\u00e7as do BPC para os benefici\u00e1rios<\/h2>\n\n\n\n<p>As atualiza\u00e7\u00f5es no BPC em 2025 prometem um impacto significativo nos benefici\u00e1rios, especialmente no que tange ao cumprimento dos novos requisitos. A necessidade de atualiza\u00e7\u00f5es regulares no Cad\u00danico e a introdu\u00e7\u00e3o do sistema de biometria exigem dos benefici\u00e1rios aten\u00e7\u00e3o cont\u00ednua \u00e0s suas condi\u00e7\u00f5es cadastrais. Ao mesmo tempo, essas mudan\u00e7as t\u00eam a potencialidade de garantir que o aux\u00edlio alcance efetivamente os que est\u00e3o em situa\u00e7\u00e3o de maior necessidade.<\/p>\n\n\n\n<p>Os esfor\u00e7os do governo para garantir que o BPC seja administrado com integridade e equidade n\u00e3o apenas apoiam as popula\u00e7\u00f5es vulner\u00e1veis, mas tamb\u00e9m fortalecem a legitimidade e a sustentabilidade do programa a longo prazo.<\/p>\n","protected":false},"excerpt":{"rendered":"<p>O Benef\u00edcio de Presta\u00e7\u00e3o Continuada (BPC) \u00e9 um suporte financeiro crucial oferecido a milhares de cidad\u00e3os em situa\u00e7\u00e3o de vulnerabilidade no Brasil. Concedido pelo Instituto Nacional do Seguro Social (INSS), o benef\u00edcio prov\u00ea um aux\u00edlio mensal de R$ 1.518 para aqueles que preenchem os crit\u00e9rios estabelecidos. Em 2025, o programa passar\u00e1 por atualiza\u00e7\u00f5es significativas com [&hellip;]<\/p>\n","protected":false},"author":7,"featured_media":3210,"comment_status":"open","ping_status":"open","sticky":false,"template":"","format":"standard","meta":{"jnews-multi-image_gallery":[],"jnews_single_post":{"format":"standard"},"jnews_primary_category":[],"jnews_social_meta":[],"jnews_override_counter":[],"footnotes":""},"categories":[28],"tags":[259,257,158,160,888],"class_list":["post-10277","post","type-post","status-publish","format-standard","has-post-thumbnail","hentry","category-economia","tag-beneficio","tag-bpc","tag-brasil","tag-economia","tag-regras"],"yoast_head":"<!-- This site is optimized with the Yoast SEO plugin v23.8 - https:\/\/yoast.com\/wordpress\/plugins\/seo\/ -->\n<title>Voc\u00ea tem direito ao BPC? - Estado de Minas - Em foco<\/title>\n<meta name=\"description\" content=\"Descubra as novas regras do BPC em 2025 e saiba como elas garantem que o benef\u00edcio chegue a quem realmente precisa atrav\u00e9s de processos mais rigorosos.\" \/>\n<meta name=\"robots\" content=\"index, follow, max-snippet:-1, max-image-preview:large, max-video-preview:-1\" \/>\n<link rel=\"canonical\" href=\"https:\/\/www.em.com.br\/emfoco\/2025\/01\/13\/voce-tem-direito-ao-bpc-2\/\" \/>\n<meta property=\"og:locale\" content=\"pt_BR\" \/>\n<meta property=\"og:type\" content=\"article\" \/>\n<meta property=\"og:title\" content=\"Voc\u00ea tem direito ao BPC? - Estado de Minas - Em foco\" \/>\n<meta property=\"og:description\" content=\"Descubra as novas regras do BPC em 2025 e saiba como elas garantem que o benef\u00edcio chegue a quem realmente precisa atrav\u00e9s de processos mais rigorosos.\" \/>\n<meta property=\"og:url\" content=\"https:\/\/www.em.com.br\/emfoco\/2025\/01\/13\/voce-tem-direito-ao-bpc-2\/\" \/>\n<meta property=\"og:site_name\" content=\"Estado de Minas - Em foco\" \/>\n<meta property=\"article:published_time\" content=\"2025-01-13T20:00:00+00:00\" \/>\n<meta property=\"article:modified_time\" content=\"2025-01-13T05:10:13+00:00\" \/>\n<meta property=\"og:image\" content=\"https:\/\/www.em.com.br\/emfoco\/wp-content\/uploads\/2024\/12\/INSS_1733328979004.jpg\" \/>\n\t<meta property=\"og:image:width\" content=\"1280\" \/>\n\t<meta property=\"og:image:height\" content=\"720\" \/>\n\t<meta property=\"og:image:type\" content=\"image\/jpeg\" \/>\n<meta name=\"author\" content=\"Kelvin\" \/>\n<meta name=\"twitter:card\" content=\"summary_large_image\" \/>\n<meta name=\"twitter:label1\" content=\"Escrito por\" \/>\n\t<meta name=\"twitter:data1\" content=\"Kelvin\" \/>\n\t<meta name=\"twitter:label2\" content=\"Est. tempo de leitura\" \/>\n\t<meta name=\"twitter:data2\" content=\"4 minutos\" \/>\n<!-- \/ Yoast SEO plugin. -->","yoast_head_json":{"title":"Voc\u00ea tem direito ao BPC? - Estado de Minas - Em foco","description":"Descubra as novas regras do BPC em 2025 e saiba como elas garantem que o benef\u00edcio chegue a quem realmente precisa atrav\u00e9s de processos mais rigorosos.","robots":{"index":"index","follow":"follow","max-snippet":"max-snippet:-1","max-image-preview":"max-image-preview:large","max-video-preview":"max-video-preview:-1"},"canonical":"https:\/\/www.em.com.br\/emfoco\/2025\/01\/13\/voce-tem-direito-ao-bpc-2\/","og_locale":"pt_BR","og_type":"article","og_title":"Voc\u00ea tem direito ao BPC? - Estado de Minas - Em foco","og_description":"Descubra as novas regras do BPC em 2025 e saiba como elas garantem que o benef\u00edcio chegue a quem realmente precisa atrav\u00e9s de processos mais rigorosos.","og_url":"https:\/\/www.em.com.br\/emfoco\/2025\/01\/13\/voce-tem-direito-ao-bpc-2\/","og_site_name":"Estado de Minas - Em foco","article_published_time":"2025-01-13T20:00:00+00:00","article_modified_time":"2025-01-13T05:10:13+00:00","og_image":[{"width":1280,"height":720,"url":"https:\/\/www.em.com.br\/emfoco\/wp-content\/uploads\/2024\/12\/INSS_1733328979004.jpg","type":"image\/jpeg"}],"author":"Kelvin","twitter_card":"summary_large_image","twitter_misc":{"Escrito por":"Kelvin","Est. tempo de leitura":"4 minutos"},"schema":{"@context":"https:\/\/schema.org","@graph":[{"@type":"WebPage","@id":"https:\/\/www.em.com.br\/emfoco\/2025\/01\/13\/voce-tem-direito-ao-bpc-2\/","url":"https:\/\/www.em.com.br\/emfoco\/2025\/01\/13\/voce-tem-direito-ao-bpc-2\/","name":"Voc\u00ea tem direito ao BPC? - Estado de Minas - Em foco","isPartOf":{"@id":"https:\/\/www.em.com.br\/emfoco\/#website"},"primaryImageOfPage":{"@id":"https:\/\/www.em.com.br\/emfoco\/2025\/01\/13\/voce-tem-direito-ao-bpc-2\/#primaryimage"},"image":{"@id":"https:\/\/www.em.com.br\/emfoco\/2025\/01\/13\/voce-tem-direito-ao-bpc-2\/#primaryimage"},"thumbnailUrl":"https:\/\/www.em.com.br\/emfoco\/wp-content\/uploads\/2024\/12\/INSS_1733328979004.jpg","datePublished":"2025-01-13T20:00:00+00:00","dateModified":"2025-01-13T05:10:13+00:00","author":{"@id":"https:\/\/www.em.com.br\/emfoco\/#\/schema\/person\/fb0a7f48c6fbb94b83f413a80f61917d"},"description":"Descubra as novas regras do BPC em 2025 e saiba como elas garantem que o benef\u00edcio chegue a quem realmente precisa atrav\u00e9s de processos mais rigorosos.","breadcrumb":{"@id":"https:\/\/www.em.com.br\/emfoco\/2025\/01\/13\/voce-tem-direito-ao-bpc-2\/#breadcrumb"},"inLanguage":"pt-BR","potentialAction":[{"@type":"ReadAction","target":["https:\/\/www.em.com.br\/emfoco\/2025\/01\/13\/voce-tem-direito-ao-bpc-2\/"]}]},{"@type":"ImageObject","inLanguage":"pt-BR","@id":"https:\/\/www.em.com.br\/emfoco\/2025\/01\/13\/voce-tem-direito-ao-bpc-2\/#primaryimage","url":"https:\/\/www.em.com.br\/emfoco\/wp-content\/uploads\/2024\/12\/INSS_1733328979004.jpg","contentUrl":"https:\/\/www.em.com.br\/emfoco\/wp-content\/uploads\/2024\/12\/INSS_1733328979004.jpg","width":1280,"height":720,"caption":"Beneficio para Idosos - Cr\u00e9ditos: depositphotos.com \/ emissu"},{"@type":"BreadcrumbList","@id":"https:\/\/www.em.com.br\/emfoco\/2025\/01\/13\/voce-tem-direito-ao-bpc-2\/#breadcrumb","itemListElement":[{"@type":"ListItem","position":1,"name":"In\u00edcio","item":"https:\/\/www.em.com.br\/emfoco\/"},{"@type":"ListItem","position":2,"name":"Voc\u00ea tem direito ao BPC?"}]},{"@type":"WebSite","@id":"https:\/\/www.em.com.br\/emfoco\/#website","url":"https:\/\/www.em.com.br\/emfoco\/","name":"Estado de Minas - Em foco","description":"Acompanhe as \u00faltimas not\u00edcias e fique bem informado sobre tudo o que acontece em Minas Gerais, Brasil e no mundo.","potentialAction":[{"@type":"SearchAction","target":{"@type":"EntryPoint","urlTemplate":"https:\/\/www.em.com.br\/emfoco\/?s={search_term_string}"},"query-input":{"@type":"PropertyValueSpecification","valueRequired":true,"valueName":"search_term_string"}}],"inLanguage":"pt-BR"},{"@type":"Person","@id":"https:\/\/www.em.com.br\/emfoco\/#\/schema\/person\/fb0a7f48c6fbb94b83f413a80f61917d","name":"Kelvin","image":{"@type":"ImageObject","inLanguage":"pt-BR","@id":"https:\/\/www.em.com.br\/emfoco\/#\/schema\/person\/image\/","url":"https:\/\/secure.gravatar.com\/avatar\/e74f84337e6bf6c4c5e88fbdffa05270?s=96&d=mm&r=g","contentUrl":"https:\/\/secure.gravatar.com\/avatar\/e74f84337e6bf6c4c5e88fbdffa05270?s=96&d=mm&r=g","caption":"Kelvin"},"sameAs":["https:\/\/www.em.com.br\/emfoco"],"url":"https:\/\/www.em.com.br\/emfoco\/author\/kelvinmyth\/"}]}},"_links":{"self":[{"href":"https:\/\/www.em.com.br\/emfoco\/wp-json\/wp\/v2\/posts\/10277","targetHints":{"allow":["GET"]}}],"collection":[{"href":"https:\/\/www.em.com.br\/emfoco\/wp-json\/wp\/v2\/posts"}],"about":[{"href":"https:\/\/www.em.com.br\/emfoco\/wp-json\/wp\/v2\/types\/post"}],"author":[{"embeddable":true,"href":"https:\/\/www.em.com.br\/emfoco\/wp-json\/wp\/v2\/users\/7"}],"replies":[{"embeddable":true,"href":"https:\/\/www.em.com.br\/emfoco\/wp-json\/wp\/v2\/comments?post=10277"}],"version-history":[{"count":2,"href":"https:\/\/www.em.com.br\/emfoco\/wp-json\/wp\/v2\/posts\/10277\/revisions"}],"predecessor-version":[{"id":10280,"href":"https:\/\/www.em.com.br\/emfoco\/wp-json\/wp\/v2\/posts\/10277\/revisions\/10280"}],"wp:featuredmedia":[{"embeddable":true,"href":"https:\/\/www.em.com.br\/emfoco\/wp-json\/wp\/v2\/media\/3210"}],"wp:attachment":[{"href":"https:\/\/www.em.com.br\/emfoco\/wp-json\/wp\/v2\/media?parent=10277"}],"wp:term":[{"taxonomy":"category","embeddable":true,"href":"https:\/\/www.em.com.br\/emfoco\/wp-json\/wp\/v2\/categories?post=10277"},{"taxonomy":"post_tag","embeddable":true,"href":"https:\/\/www.em.com.br\/emfoco\/wp-json\/wp\/v2\/tags?post=10277"}],"curies":[{"name":"wp","href":"https:\/\/api.w.org\/{rel}","templated":true}]}}