{"id":102652,"date":"2025-09-11T09:48:00","date_gmt":"2025-09-11T12:48:00","guid":{"rendered":"https:\/\/www.em.com.br\/emfoco\/?p=102652"},"modified":"2025-09-10T12:31:22","modified_gmt":"2025-09-10T15:31:22","slug":"famosa-marca-de-celular-lanca-modelo-mais-barato-e-ele-vem-com-uma-super-tela","status":"publish","type":"post","link":"https:\/\/www.em.com.br\/emfoco\/2025\/09\/11\/famosa-marca-de-celular-lanca-modelo-mais-barato-e-ele-vem-com-uma-super-tela\/","title":{"rendered":"Famosa marca de celular lan\u00e7a modelo mais barato e ele vem com uma super tela"},"content":{"rendered":"\n<p>A&nbsp;<strong>tecnologia NFC<\/strong>&nbsp;transforma o seu celular em uma&nbsp;<strong>carteira digital<\/strong>, facilitando os&nbsp;<strong>pagamentos por aproxima\u00e7\u00e3o<\/strong>&nbsp;em diversas situa\u00e7\u00f5es. Desde comprar um caf\u00e9 at\u00e9 pagar pelo transporte p\u00fablico, o&nbsp;<strong>NFC<\/strong>&nbsp;tornou-se uma caracter\u00edstica essencial nos nossos dispositivos m\u00f3veis modernos. A seguir, vamos explorar como os celulares com NFC se popularizaram e o que o&nbsp;<strong>Moto G15<\/strong>&nbsp;da&nbsp;<strong>Motorola<\/strong>&nbsp;tem a oferecer.<\/p>\n\n\n\n<ul class=\"wp-block-list\">\n<li>Mobilidade financeira f\u00e1cil e segura com NFC<\/li>\n\n\n\n<li><strong>Moto G15<\/strong>: O celular econ\u00f4mico com NFC na&nbsp;<strong>Argentina<\/strong><\/li>\n\n\n\n<li>Compara\u00e7\u00e3o de modelos&nbsp;<strong>Motorola<\/strong>&nbsp;com tecnologia NFC<\/li>\n<\/ul>\n\n\n\n<h2 class=\"wp-block-heading\">O que \u00e9 a tecnologia NFC e por que ela \u00e9 importante?<\/h2>\n\n\n\n<p>O\u00a0<a href=\"https:\/\/support.google.com\/wallet\/thread\/335766917\/como-fa%C3%A7o-para-ativar-o-nfc?hl=pt-BR\" target=\"_blank\" rel=\"noreferrer noopener\"><strong>NFC<\/strong>\u00a0<\/a>(Near Field Communication) \u00e9 uma\u00a0<strong>tecnologia sem fio<\/strong>\u00a0de curto alcance que permite a transfer\u00eancia de dados entre dispositivos compat\u00edveis. Seu uso mais comum est\u00e1 em\u00a0<strong>transa\u00e7\u00f5es financeiras<\/strong>, funcionando como uma carteira digital segura.<\/p>\n\n\n\n<h2 class=\"wp-block-heading\">O que torna o Moto G15 acess\u00edvel em rela\u00e7\u00e3o \u00e0 tecnologia NFC?<\/h2>\n\n\n\n<p>O\u00a0<strong>Moto G15<\/strong>\u00a0se destaca como o smartphone mais econ\u00f4mico da\u00a0<a href=\"https:\/\/www.em.com.br\/emfoco\/2025\/05\/29\/esse-celular-da-motorola-tem-algo-que-poucos-oferecem\/\" target=\"_blank\" rel=\"noreferrer noopener\"><strong>Motorola<\/strong>\u00a0<\/a>na\u00a0<strong>Argentina<\/strong>\u00a0que oferece\u00a0<strong>tecnologia NFC<\/strong>. Com armazenamento de\u00a0<strong>128 GB<\/strong>, seu pre\u00e7o \u00e9 de\u00a0<strong>259.999 ARS<\/strong>, com op\u00e7\u00f5es de parcelamento sem juros.<\/p>\n\n\n\n<figure class=\"wp-block-image\"><img decoding=\"async\" src=\"https:\/\/www.em.com.br\/emfoco\/wp-content\/uploads\/2025\/05\/motorola_1747486038642-1024x576.jpg\" alt=\"\"\/><figcaption class=\"wp-element-caption\">Motorola &#8211; Cr\u00e9ditos: depositphotos.com \/ rafapress<\/figcaption><\/figure>\n\n\n\n<h2 class=\"wp-block-heading\">Quais outras op\u00e7\u00f5es avan\u00e7adas com NFC existem na linha Motorola?<\/h2>\n\n\n\n<p>Al\u00e9m do G15, a&nbsp;<strong>Motorola<\/strong>&nbsp;oferece modelos como o&nbsp;<strong>Moto G35 5G<\/strong>&nbsp;e o&nbsp;<strong>Moto G56 5G<\/strong>. Esses dispositivos n\u00e3o apenas integram&nbsp;<strong>NFC<\/strong>, mas tamb\u00e9m apresentam recursos avan\u00e7ados como c\u00e2meras de alta resolu\u00e7\u00e3o e telas de alto brilho.<\/p>\n\n\n\n<p>Em especial, o&nbsp;<strong>Moto G56 5G<\/strong>&nbsp;combina pot\u00eancia e durabilidade de n\u00edvel militar, destacando-se pelo sistema de c\u00e2meras premium e bateria de longa dura\u00e7\u00e3o.<\/p>\n\n\n\n<h2 class=\"wp-block-heading\">Como escolher o celular certo com NFC?<\/h2>\n\n\n\n<p>Escolher um celular com&nbsp;<strong>NFC<\/strong>&nbsp;depende das suas necessidades pessoais: desde custo-benef\u00edcio, como no&nbsp;<strong>Moto G15<\/strong>, at\u00e9 fun\u00e7\u00f5es avan\u00e7adas presentes em modelos como o&nbsp;<strong>Moto G56 5G<\/strong>.<\/p>\n\n\n\n<p><strong>Dica r\u00e1pida:<\/strong>&nbsp;leve em considera\u00e7\u00e3o a capacidade de armazenamento e as caracter\u00edsticas da c\u00e2mera ao comparar os modelos.<\/p>\n\n\n\n<h2 class=\"wp-block-heading\">Quais s\u00e3o as principais li\u00e7\u00f5es e vantagens do uso do NFC?<\/h2>\n\n\n\n<ul class=\"wp-block-list\">\n<li><strong>Conveni\u00eancia<\/strong>&nbsp;nas transa\u00e7\u00f5es gra\u00e7as ao pagamento por aproxima\u00e7\u00e3o<\/li>\n\n\n\n<li>Acessibilidade de&nbsp;<strong>celulares econ\u00f4micos<\/strong>&nbsp;com NFC<\/li>\n\n\n\n<li>Variedade de op\u00e7\u00f5es avan\u00e7adas para diferentes necessidades e or\u00e7amentos<\/li>\n<\/ul>\n","protected":false},"excerpt":{"rendered":"<p>A&nbsp;tecnologia NFC&nbsp;transforma o seu celular em uma&nbsp;carteira digital, facilitando os&nbsp;pagamentos por aproxima\u00e7\u00e3o&nbsp;em diversas situa\u00e7\u00f5es. Desde comprar um caf\u00e9 at\u00e9 pagar pelo transporte p\u00fablico, o&nbsp;NFC&nbsp;tornou-se uma caracter\u00edstica essencial nos nossos dispositivos m\u00f3veis modernos. A seguir, vamos explorar como os celulares com NFC se popularizaram e o que o&nbsp;Moto G15&nbsp;da&nbsp;Motorola&nbsp;tem a oferecer. O que \u00e9 a tecnologia [&hellip;]<\/p>\n","protected":false},"author":11,"featured_media":48120,"comment_status":"open","ping_status":"open","sticky":false,"template":"","format":"standard","meta":{"jnews-multi-image_gallery":[],"jnews_single_post":{"format":"standard"},"jnews_primary_category":[],"jnews_social_meta":[],"jnews_override_counter":[],"footnotes":""},"categories":[1,4204],"tags":[2580,2949,300,161],"class_list":["post-102652","post","type-post","status-publish","format-standard","has-post-thumbnail","hentry","category-noticias","category-tecnologia","tag-celular","tag-motorola","tag-pagamento","tag-tecnologia"],"yoast_head":"<!-- This site is optimized with the Yoast SEO plugin v23.8 - https:\/\/yoast.com\/wordpress\/plugins\/seo\/ -->\n<title>Famosa marca de celular lan\u00e7a modelo mais barato e ele vem com uma super tela - Estado de Minas - Em foco<\/title>\n<meta name=\"description\" content=\"Moto G15 \u00e9 o celular mais barato da Motorola com NFC. Veja como a tecnologia facilita pagamentos e por que virou tend\u00eancia.\" \/>\n<meta name=\"robots\" content=\"index, follow, max-snippet:-1, max-image-preview:large, max-video-preview:-1\" \/>\n<link rel=\"canonical\" href=\"https:\/\/www.em.com.br\/emfoco\/2025\/09\/11\/famosa-marca-de-celular-lanca-modelo-mais-barato-e-ele-vem-com-uma-super-tela\/\" \/>\n<meta property=\"og:locale\" content=\"pt_BR\" \/>\n<meta property=\"og:type\" content=\"article\" \/>\n<meta property=\"og:title\" content=\"Famosa marca de celular lan\u00e7a modelo mais barato e ele vem com uma super tela - Estado de Minas - Em foco\" \/>\n<meta property=\"og:description\" content=\"Moto G15 \u00e9 o celular mais barato da Motorola com NFC. Veja como a tecnologia facilita pagamentos e por que virou tend\u00eancia.\" \/>\n<meta property=\"og:url\" content=\"https:\/\/www.em.com.br\/emfoco\/2025\/09\/11\/famosa-marca-de-celular-lanca-modelo-mais-barato-e-ele-vem-com-uma-super-tela\/\" \/>\n<meta property=\"og:site_name\" content=\"Estado de Minas - Em foco\" \/>\n<meta property=\"article:published_time\" content=\"2025-09-11T12:48:00+00:00\" \/>\n<meta property=\"article:modified_time\" content=\"2025-09-10T15:31:22+00:00\" \/>\n<meta property=\"og:image\" content=\"https:\/\/www.em.com.br\/emfoco\/wp-content\/uploads\/2025\/05\/pessoa-feliz-no-celular_1747486135673.jpg\" \/>\n\t<meta property=\"og:image:width\" content=\"1280\" \/>\n\t<meta property=\"og:image:height\" content=\"720\" \/>\n\t<meta property=\"og:image:type\" content=\"image\/jpeg\" \/>\n<meta name=\"author\" content=\"Andre\u0301 Rangel\u00a0\" \/>\n<meta name=\"twitter:card\" content=\"summary_large_image\" \/>\n<meta name=\"twitter:label1\" content=\"Escrito por\" \/>\n\t<meta name=\"twitter:data1\" content=\"Andre\u0301 Rangel\u00a0\" \/>\n\t<meta name=\"twitter:label2\" content=\"Est. tempo de leitura\" \/>\n\t<meta name=\"twitter:data2\" content=\"3 minutos\" \/>\n<!-- \/ Yoast SEO plugin. -->","yoast_head_json":{"title":"Famosa marca de celular lan\u00e7a modelo mais barato e ele vem com uma super tela - Estado de Minas - Em foco","description":"Moto G15 \u00e9 o celular mais barato da Motorola com NFC. Veja como a tecnologia facilita pagamentos e por que virou tend\u00eancia.","robots":{"index":"index","follow":"follow","max-snippet":"max-snippet:-1","max-image-preview":"max-image-preview:large","max-video-preview":"max-video-preview:-1"},"canonical":"https:\/\/www.em.com.br\/emfoco\/2025\/09\/11\/famosa-marca-de-celular-lanca-modelo-mais-barato-e-ele-vem-com-uma-super-tela\/","og_locale":"pt_BR","og_type":"article","og_title":"Famosa marca de celular lan\u00e7a modelo mais barato e ele vem com uma super tela - Estado de Minas - Em foco","og_description":"Moto G15 \u00e9 o celular mais barato da Motorola com NFC. Veja como a tecnologia facilita pagamentos e por que virou tend\u00eancia.","og_url":"https:\/\/www.em.com.br\/emfoco\/2025\/09\/11\/famosa-marca-de-celular-lanca-modelo-mais-barato-e-ele-vem-com-uma-super-tela\/","og_site_name":"Estado de Minas - Em foco","article_published_time":"2025-09-11T12:48:00+00:00","article_modified_time":"2025-09-10T15:31:22+00:00","og_image":[{"width":1280,"height":720,"url":"https:\/\/www.em.com.br\/emfoco\/wp-content\/uploads\/2025\/05\/pessoa-feliz-no-celular_1747486135673.jpg","type":"image\/jpeg"}],"author":"Andre\u0301 Rangel\u00a0","twitter_card":"summary_large_image","twitter_misc":{"Escrito por":"Andre\u0301 Rangel\u00a0","Est. tempo de leitura":"3 minutos"},"schema":{"@context":"https:\/\/schema.org","@graph":[{"@type":"WebPage","@id":"https:\/\/www.em.com.br\/emfoco\/2025\/09\/11\/famosa-marca-de-celular-lanca-modelo-mais-barato-e-ele-vem-com-uma-super-tela\/","url":"https:\/\/www.em.com.br\/emfoco\/2025\/09\/11\/famosa-marca-de-celular-lanca-modelo-mais-barato-e-ele-vem-com-uma-super-tela\/","name":"Famosa marca de celular lan\u00e7a modelo mais barato e ele vem com uma super tela - Estado de Minas - Em foco","isPartOf":{"@id":"https:\/\/www.em.com.br\/emfoco\/#website"},"primaryImageOfPage":{"@id":"https:\/\/www.em.com.br\/emfoco\/2025\/09\/11\/famosa-marca-de-celular-lanca-modelo-mais-barato-e-ele-vem-com-uma-super-tela\/#primaryimage"},"image":{"@id":"https:\/\/www.em.com.br\/emfoco\/2025\/09\/11\/famosa-marca-de-celular-lanca-modelo-mais-barato-e-ele-vem-com-uma-super-tela\/#primaryimage"},"thumbnailUrl":"https:\/\/www.em.com.br\/emfoco\/wp-content\/uploads\/2025\/05\/pessoa-feliz-no-celular_1747486135673.jpg","datePublished":"2025-09-11T12:48:00+00:00","dateModified":"2025-09-10T15:31:22+00:00","author":{"@id":"https:\/\/www.em.com.br\/emfoco\/#\/schema\/person\/60eda09c1fedf0d6891f4cef4b60b8b8"},"description":"Moto G15 \u00e9 o celular mais barato da Motorola com NFC. Veja como a tecnologia facilita pagamentos e por que virou tend\u00eancia.","breadcrumb":{"@id":"https:\/\/www.em.com.br\/emfoco\/2025\/09\/11\/famosa-marca-de-celular-lanca-modelo-mais-barato-e-ele-vem-com-uma-super-tela\/#breadcrumb"},"inLanguage":"pt-BR","potentialAction":[{"@type":"ReadAction","target":["https:\/\/www.em.com.br\/emfoco\/2025\/09\/11\/famosa-marca-de-celular-lanca-modelo-mais-barato-e-ele-vem-com-uma-super-tela\/"]}]},{"@type":"ImageObject","inLanguage":"pt-BR","@id":"https:\/\/www.em.com.br\/emfoco\/2025\/09\/11\/famosa-marca-de-celular-lanca-modelo-mais-barato-e-ele-vem-com-uma-super-tela\/#primaryimage","url":"https:\/\/www.em.com.br\/emfoco\/wp-content\/uploads\/2025\/05\/pessoa-feliz-no-celular_1747486135673.jpg","contentUrl":"https:\/\/www.em.com.br\/emfoco\/wp-content\/uploads\/2025\/05\/pessoa-feliz-no-celular_1747486135673.jpg","width":1280,"height":720,"caption":"Pessoa feliz no celular - Cr\u00e9ditos: depositphotos.com \/ Krakenimages.com"},{"@type":"BreadcrumbList","@id":"https:\/\/www.em.com.br\/emfoco\/2025\/09\/11\/famosa-marca-de-celular-lanca-modelo-mais-barato-e-ele-vem-com-uma-super-tela\/#breadcrumb","itemListElement":[{"@type":"ListItem","position":1,"name":"In\u00edcio","item":"https:\/\/www.em.com.br\/emfoco\/"},{"@type":"ListItem","position":2,"name":"Famosa marca de celular lan\u00e7a modelo mais barato e ele vem com uma super tela"}]},{"@type":"WebSite","@id":"https:\/\/www.em.com.br\/emfoco\/#website","url":"https:\/\/www.em.com.br\/emfoco\/","name":"Estado de Minas - Em foco","description":"Acompanhe as \u00faltimas not\u00edcias e fique bem informado sobre tudo o que acontece em Minas Gerais, Brasil e no mundo.","potentialAction":[{"@type":"SearchAction","target":{"@type":"EntryPoint","urlTemplate":"https:\/\/www.em.com.br\/emfoco\/?s={search_term_string}"},"query-input":{"@type":"PropertyValueSpecification","valueRequired":true,"valueName":"search_term_string"}}],"inLanguage":"pt-BR"},{"@type":"Person","@id":"https:\/\/www.em.com.br\/emfoco\/#\/schema\/person\/60eda09c1fedf0d6891f4cef4b60b8b8","name":"Andre\u0301 Rangel\u00a0","image":{"@type":"ImageObject","inLanguage":"pt-BR","@id":"https:\/\/www.em.com.br\/emfoco\/#\/schema\/person\/image\/","url":"https:\/\/secure.gravatar.com\/avatar\/6234dc814c77c8ef6d8bba622c787efc?s=96&d=mm&r=g","contentUrl":"https:\/\/secure.gravatar.com\/avatar\/6234dc814c77c8ef6d8bba622c787efc?s=96&d=mm&r=g","caption":"Andre\u0301 Rangel\u00a0"},"url":"https:\/\/www.em.com.br\/emfoco\/author\/luizmyth\/"}]}},"_links":{"self":[{"href":"https:\/\/www.em.com.br\/emfoco\/wp-json\/wp\/v2\/posts\/102652","targetHints":{"allow":["GET"]}}],"collection":[{"href":"https:\/\/www.em.com.br\/emfoco\/wp-json\/wp\/v2\/posts"}],"about":[{"href":"https:\/\/www.em.com.br\/emfoco\/wp-json\/wp\/v2\/types\/post"}],"author":[{"embeddable":true,"href":"https:\/\/www.em.com.br\/emfoco\/wp-json\/wp\/v2\/users\/11"}],"replies":[{"embeddable":true,"href":"https:\/\/www.em.com.br\/emfoco\/wp-json\/wp\/v2\/comments?post=102652"}],"version-history":[{"count":4,"href":"https:\/\/www.em.com.br\/emfoco\/wp-json\/wp\/v2\/posts\/102652\/revisions"}],"predecessor-version":[{"id":102827,"href":"https:\/\/www.em.com.br\/emfoco\/wp-json\/wp\/v2\/posts\/102652\/revisions\/102827"}],"wp:featuredmedia":[{"embeddable":true,"href":"https:\/\/www.em.com.br\/emfoco\/wp-json\/wp\/v2\/media\/48120"}],"wp:attachment":[{"href":"https:\/\/www.em.com.br\/emfoco\/wp-json\/wp\/v2\/media?parent=102652"}],"wp:term":[{"taxonomy":"category","embeddable":true,"href":"https:\/\/www.em.com.br\/emfoco\/wp-json\/wp\/v2\/categories?post=102652"},{"taxonomy":"post_tag","embeddable":true,"href":"https:\/\/www.em.com.br\/emfoco\/wp-json\/wp\/v2\/tags?post=102652"}],"curies":[{"name":"wp","href":"https:\/\/api.w.org\/{rel}","templated":true}]}}