{"id":102433,"date":"2025-09-11T10:28:00","date_gmt":"2025-09-11T13:28:00","guid":{"rendered":"https:\/\/www.em.com.br\/emfoco\/?p=102433"},"modified":"2025-09-09T17:24:20","modified_gmt":"2025-09-09T20:24:20","slug":"alimentos-naturais-que-combatem-inflamacoes-e-fortalecem-o-corpo","status":"publish","type":"post","link":"https:\/\/www.em.com.br\/emfoco\/2025\/09\/11\/alimentos-naturais-que-combatem-inflamacoes-e-fortalecem-o-corpo\/","title":{"rendered":"Alimentos naturais que combatem inflama\u00e7\u00f5es e fortalecem o corpo"},"content":{"rendered":"\n<p>A <strong>dieta anti-inflamat\u00f3ria<\/strong> tem ganhado destaque por ajudar na preven\u00e7\u00e3o de doen\u00e7as cr\u00f4nicas, equilibrando o organismo e reduzindo processos inflamat\u00f3rios. Rotinas alimentares adequadas podem fortalecer o corpo e melhorar a qualidade de vida.<\/p>\n\n\n\n<ul class=\"wp-block-list\">\n<li>Redu\u00e7\u00e3o da inflama\u00e7\u00e3o com alimentos naturais<\/li>\n\n\n\n<li>Preven\u00e7\u00e3o de doen\u00e7as cr\u00f4nicas como diabetes e hipertens\u00e3o<\/li>\n\n\n\n<li>Rotinas alimentares pr\u00e1ticas para o dia a dia<\/li>\n<\/ul>\n\n\n\n<h2 class=\"wp-block-heading\">Como a dieta anti-inflamat\u00f3ria age no organismo?<\/h2>\n\n\n\n<p>O consumo frequente de alimentos ricos em antioxidantes e fibras auxilia no combate a radicais livres, respons\u00e1veis por processos inflamat\u00f3rios. Esse equil\u00edbrio protege c\u00e9lulas e tecidos, prevenindo complica\u00e7\u00f5es de longo prazo.<\/p>\n\n\n\n<p>Uma rotina alimentar baseada em vegetais, gr\u00e3os integrais e peixes garante aporte nutricional adequado. Isso favorece o <strong><a href=\"https:\/\/www.em.com.br\/emfoco\/2025\/08\/28\/a-fruta-poderosa-que-auxilia-na-circulacao-e-fortalece-o-sistema-imunologico\/\" target=\"_blank\" rel=\"noreferrer noopener\">sistema imunol\u00f3gico <\/a><\/strong>e ajuda a manter o corpo menos suscet\u00edvel a doen\u00e7as degenerativas.<\/p>\n\n\n\n<figure class=\"wp-block-image size-large\"><img loading=\"lazy\" decoding=\"async\" width=\"1024\" height=\"576\" src=\"https:\/\/www.em.com.br\/emfoco\/wp-content\/uploads\/2025\/07\/digestao_1752158029292-1024x576.jpg\" alt=\"Voc\u00ea pode estar prejudicando seu est\u00f4mago com um simples copo de \u00e1gua\" class=\"wp-image-73953\" srcset=\"https:\/\/www.em.com.br\/emfoco\/wp-content\/uploads\/2025\/07\/digestao_1752158029292-1024x576.jpg 1024w, https:\/\/www.em.com.br\/emfoco\/wp-content\/uploads\/2025\/07\/digestao_1752158029292-300x169.jpg 300w, https:\/\/www.em.com.br\/emfoco\/wp-content\/uploads\/2025\/07\/digestao_1752158029292-768x432.jpg 768w, https:\/\/www.em.com.br\/emfoco\/wp-content\/uploads\/2025\/07\/digestao_1752158029292-750x422.jpg 750w, https:\/\/www.em.com.br\/emfoco\/wp-content\/uploads\/2025\/07\/digestao_1752158029292-1140x641.jpg 1140w, https:\/\/www.em.com.br\/emfoco\/wp-content\/uploads\/2025\/07\/digestao_1752158029292.jpg 1280w\" sizes=\"auto, (max-width: 1024px) 100vw, 1024px\" \/><figcaption class=\"wp-element-caption\">Ilustra\u00e7\u00e3o sobre digest\u00e3o &#8211; Cr\u00e9ditos: depositphotos.com \/ Elen_Heilin<\/figcaption><\/figure>\n\n\n\n<h2 class=\"wp-block-heading\">Quais alimentos s\u00e3o fundamentais nessa dieta?<\/h2>\n\n\n\n<p>A base da <strong>dieta anti-inflamat\u00f3ria<\/strong> inclui op\u00e7\u00f5es naturais que atuam diretamente no controle da inflama\u00e7\u00e3o. Esses itens fortalecem o organismo e tornam a rotina alimentar mais equilibrada e saud\u00e1vel.<\/p>\n\n\n\n<ul class=\"wp-block-list\">\n<li>Peixes ricos em \u00f4mega-3, como salm\u00e3o e sardinha<\/li>\n\n\n\n<li>Frutas vermelhas, ricas em antioxidantes<\/li>\n\n\n\n<li>Gr\u00e3os integrais como aveia, quinoa e arroz integral<\/li>\n\n\n\n<li>Temperos naturais como c\u00farcuma, gengibre e alho<\/li>\n<\/ul>\n\n\n\n<figure class=\"wp-block-image size-large\"><img loading=\"lazy\" decoding=\"async\" width=\"1024\" height=\"576\" src=\"https:\/\/www.em.com.br\/emfoco\/wp-content\/uploads\/2025\/04\/oat_1744291108172-1024x576.jpg\" alt=\"Comer aveia no caf\u00e9 da manh\u00e3 pode transformar sua sa\u00fade em poucos dias\" class=\"wp-image-36977\" srcset=\"https:\/\/www.em.com.br\/emfoco\/wp-content\/uploads\/2025\/04\/oat_1744291108172-1024x576.jpg 1024w, https:\/\/www.em.com.br\/emfoco\/wp-content\/uploads\/2025\/04\/oat_1744291108172-300x169.jpg 300w, https:\/\/www.em.com.br\/emfoco\/wp-content\/uploads\/2025\/04\/oat_1744291108172-768x432.jpg 768w, https:\/\/www.em.com.br\/emfoco\/wp-content\/uploads\/2025\/04\/oat_1744291108172-750x422.jpg 750w, https:\/\/www.em.com.br\/emfoco\/wp-content\/uploads\/2025\/04\/oat_1744291108172-1140x642.jpg 1140w, https:\/\/www.em.com.br\/emfoco\/wp-content\/uploads\/2025\/04\/oat_1744291108172.jpg 1279w\" sizes=\"auto, (max-width: 1024px) 100vw, 1024px\" \/><figcaption class=\"wp-element-caption\">Aveia &#8211; Cr\u00e9ditos: depositphotos.com \/ NetPix<\/figcaption><\/figure>\n\n\n\n<h2 class=\"wp-block-heading\">De que forma ela ajuda a prevenir doen\u00e7as cr\u00f4nicas?<\/h2>\n\n\n\n<p>A alimenta\u00e7\u00e3o anti-inflamat\u00f3ria reduz o risco de doen\u00e7as como hipertens\u00e3o, <strong><a href=\"https:\/\/altadiagnosticos.com.br\/saude\/diabetes-tipo-2\/\" target=\"_blank\" rel=\"noreferrer noopener\">diabetes tipo 2<\/a><\/strong> e problemas cardiovasculares. O consumo regular desses alimentos melhora a circula\u00e7\u00e3o e auxilia no controle da press\u00e3o arterial.<\/p>\n\n\n\n<p>Al\u00e9m disso, o equil\u00edbrio hormonal e a manuten\u00e7\u00e3o de n\u00edveis adequados de glicose est\u00e3o ligados ao padr\u00e3o alimentar. Essa pr\u00e1tica evita complica\u00e7\u00f5es metab\u00f3licas, tornando-se essencial para quem busca longevidade com sa\u00fade.<\/p>\n\n\n\n<h2 class=\"wp-block-heading\">Quais rotinas alimentares podem ser aplicadas no dia a dia?<\/h2>\n\n\n\n<p>Adaptar a rotina com pequenas mudan\u00e7as j\u00e1 promove benef\u00edcios expressivos. O ideal \u00e9 montar um card\u00e1pio simples, variado e acess\u00edvel, sempre priorizando alimentos naturais e minimamente processados.<\/p>\n\n\n\n<ul class=\"wp-block-list\">\n<li>Iniciar o dia com frutas frescas e sementes, como chia e linha\u00e7a<\/li>\n\n\n\n<li>Incluir saladas coloridas no almo\u00e7o e jantar<\/li>\n\n\n\n<li>Optar por lanches r\u00e1pidos \u00e0 base de castanhas e frutas secas<\/li>\n<\/ul>\n\n\n\n<figure class=\"wp-block-image size-large\"><img loading=\"lazy\" decoding=\"async\" width=\"1024\" height=\"576\" src=\"https:\/\/www.em.com.br\/emfoco\/wp-content\/uploads\/2025\/06\/linhaca-_1748968059342-1024x576.jpg\" alt=\"Voc\u00ea sabia que comer uma pequena colher de linha\u00e7a todos os dias pode transformar sua sa\u00fade?\" class=\"wp-image-54849\" srcset=\"https:\/\/www.em.com.br\/emfoco\/wp-content\/uploads\/2025\/06\/linhaca-_1748968059342-1024x576.jpg 1024w, https:\/\/www.em.com.br\/emfoco\/wp-content\/uploads\/2025\/06\/linhaca-_1748968059342-300x169.jpg 300w, https:\/\/www.em.com.br\/emfoco\/wp-content\/uploads\/2025\/06\/linhaca-_1748968059342-768x432.jpg 768w, https:\/\/www.em.com.br\/emfoco\/wp-content\/uploads\/2025\/06\/linhaca-_1748968059342-750x422.jpg 750w, https:\/\/www.em.com.br\/emfoco\/wp-content\/uploads\/2025\/06\/linhaca-_1748968059342-1140x641.jpg 1140w, https:\/\/www.em.com.br\/emfoco\/wp-content\/uploads\/2025\/06\/linhaca-_1748968059342.jpg 1280w\" sizes=\"auto, (max-width: 1024px) 100vw, 1024px\" \/><figcaption class=\"wp-element-caption\">Linha\u00e7a &#8211; Cr\u00e9ditos: depositphotos.com \/ ajafoto<\/figcaption><\/figure>\n\n\n\n<h2 class=\"wp-block-heading\">Como manter a dieta anti-inflamat\u00f3ria de forma pr\u00e1tica?<\/h2>\n\n\n\n<p>Organiza\u00e7\u00e3o \u00e9 a chave para manter uma <strong>dieta anti-inflamat\u00f3ria<\/strong>. Preparar refei\u00e7\u00f5es com anteced\u00eancia e variar os alimentos evita a monotonia e garante const\u00e2ncia no processo de preven\u00e7\u00e3o.<\/p>\n\n\n\n<ul class=\"wp-block-list\">\n<li>Monte um card\u00e1pio semanal equilibrado<\/li>\n\n\n\n<li>Prefira alimentos sazonais para reduzir custos<\/li>\n\n\n\n<li>Inclua especiarias naturais em receitas simples<\/li>\n<\/ul>\n\n\n\n<p><\/p>\n","protected":false},"excerpt":{"rendered":"<p>A dieta anti-inflamat\u00f3ria tem ganhado destaque por ajudar na preven\u00e7\u00e3o de doen\u00e7as cr\u00f4nicas, equilibrando o organismo e reduzindo processos inflamat\u00f3rios. Rotinas alimentares adequadas podem fortalecer o corpo e melhorar a qualidade de vida. Como a dieta anti-inflamat\u00f3ria age no organismo? O consumo frequente de alimentos ricos em antioxidantes e fibras auxilia no combate a radicais [&hellip;]<\/p>\n","protected":false},"author":13,"featured_media":102443,"comment_status":"open","ping_status":"open","sticky":false,"template":"","format":"standard","meta":{"jnews-multi-image_gallery":[],"jnews_single_post":{"format":"standard"},"jnews_primary_category":[],"jnews_social_meta":[],"jnews_override_counter":[],"footnotes":""},"categories":[9053],"tags":[15772,2577,12781,8785],"class_list":["post-102433","post","type-post","status-publish","format-standard","has-post-thumbnail","hentry","category-saude","tag-anti-inflamatoria","tag-dieta","tag-doencas-cronicas","tag-prevencao-de-doencas"],"yoast_head":"<!-- This site is optimized with the Yoast SEO plugin v23.8 - https:\/\/yoast.com\/wordpress\/plugins\/seo\/ -->\n<title>Alimentos naturais que combatem inflama\u00e7\u00f5es e fortalecem o corpo - Estado de Minas - Em foco<\/title>\n<meta name=\"description\" content=\"Evite doen\u00e7as cr\u00f4nicas com uma rotina alimentar anti-inflamat\u00f3ria. Veja os alimentos que equilibram e protegem sua sa\u00fade.\" \/>\n<meta name=\"robots\" content=\"index, follow, max-snippet:-1, max-image-preview:large, max-video-preview:-1\" \/>\n<link rel=\"canonical\" href=\"https:\/\/www.em.com.br\/emfoco\/2025\/09\/11\/alimentos-naturais-que-combatem-inflamacoes-e-fortalecem-o-corpo\/\" \/>\n<meta property=\"og:locale\" content=\"pt_BR\" \/>\n<meta property=\"og:type\" content=\"article\" \/>\n<meta property=\"og:title\" content=\"Alimentos naturais que combatem inflama\u00e7\u00f5es e fortalecem o corpo - Estado de Minas - Em foco\" \/>\n<meta property=\"og:description\" content=\"Evite doen\u00e7as cr\u00f4nicas com uma rotina alimentar anti-inflamat\u00f3ria. Veja os alimentos que equilibram e protegem sua sa\u00fade.\" \/>\n<meta property=\"og:url\" content=\"https:\/\/www.em.com.br\/emfoco\/2025\/09\/11\/alimentos-naturais-que-combatem-inflamacoes-e-fortalecem-o-corpo\/\" \/>\n<meta property=\"og:site_name\" content=\"Estado de Minas - Em foco\" \/>\n<meta property=\"article:published_time\" content=\"2025-09-11T13:28:00+00:00\" \/>\n<meta property=\"article:modified_time\" content=\"2025-09-09T20:24:20+00:00\" \/>\n<meta property=\"og:image\" content=\"https:\/\/www.em.com.br\/emfoco\/wp-content\/uploads\/2025\/09\/Dieta_1757449207336.jpg\" \/>\n\t<meta property=\"og:image:width\" content=\"1280\" \/>\n\t<meta property=\"og:image:height\" content=\"720\" \/>\n\t<meta property=\"og:image:type\" content=\"image\/jpeg\" \/>\n<meta name=\"author\" content=\"Gabriel Martins\" \/>\n<meta name=\"twitter:card\" content=\"summary_large_image\" \/>\n<meta name=\"twitter:label1\" content=\"Escrito por\" \/>\n\t<meta name=\"twitter:data1\" content=\"Gabriel Martins\" \/>\n\t<meta name=\"twitter:label2\" content=\"Est. tempo de leitura\" \/>\n\t<meta name=\"twitter:data2\" content=\"3 minutos\" \/>\n<!-- \/ Yoast SEO plugin. -->","yoast_head_json":{"title":"Alimentos naturais que combatem inflama\u00e7\u00f5es e fortalecem o corpo - Estado de Minas - Em foco","description":"Evite doen\u00e7as cr\u00f4nicas com uma rotina alimentar anti-inflamat\u00f3ria. Veja os alimentos que equilibram e protegem sua sa\u00fade.","robots":{"index":"index","follow":"follow","max-snippet":"max-snippet:-1","max-image-preview":"max-image-preview:large","max-video-preview":"max-video-preview:-1"},"canonical":"https:\/\/www.em.com.br\/emfoco\/2025\/09\/11\/alimentos-naturais-que-combatem-inflamacoes-e-fortalecem-o-corpo\/","og_locale":"pt_BR","og_type":"article","og_title":"Alimentos naturais que combatem inflama\u00e7\u00f5es e fortalecem o corpo - Estado de Minas - Em foco","og_description":"Evite doen\u00e7as cr\u00f4nicas com uma rotina alimentar anti-inflamat\u00f3ria. Veja os alimentos que equilibram e protegem sua sa\u00fade.","og_url":"https:\/\/www.em.com.br\/emfoco\/2025\/09\/11\/alimentos-naturais-que-combatem-inflamacoes-e-fortalecem-o-corpo\/","og_site_name":"Estado de Minas - Em foco","article_published_time":"2025-09-11T13:28:00+00:00","article_modified_time":"2025-09-09T20:24:20+00:00","og_image":[{"width":1280,"height":720,"url":"https:\/\/www.em.com.br\/emfoco\/wp-content\/uploads\/2025\/09\/Dieta_1757449207336.jpg","type":"image\/jpeg"}],"author":"Gabriel Martins","twitter_card":"summary_large_image","twitter_misc":{"Escrito por":"Gabriel Martins","Est. tempo de leitura":"3 minutos"},"schema":{"@context":"https:\/\/schema.org","@graph":[{"@type":"WebPage","@id":"https:\/\/www.em.com.br\/emfoco\/2025\/09\/11\/alimentos-naturais-que-combatem-inflamacoes-e-fortalecem-o-corpo\/","url":"https:\/\/www.em.com.br\/emfoco\/2025\/09\/11\/alimentos-naturais-que-combatem-inflamacoes-e-fortalecem-o-corpo\/","name":"Alimentos naturais que combatem inflama\u00e7\u00f5es e fortalecem o corpo - Estado de Minas - Em foco","isPartOf":{"@id":"https:\/\/www.em.com.br\/emfoco\/#website"},"primaryImageOfPage":{"@id":"https:\/\/www.em.com.br\/emfoco\/2025\/09\/11\/alimentos-naturais-que-combatem-inflamacoes-e-fortalecem-o-corpo\/#primaryimage"},"image":{"@id":"https:\/\/www.em.com.br\/emfoco\/2025\/09\/11\/alimentos-naturais-que-combatem-inflamacoes-e-fortalecem-o-corpo\/#primaryimage"},"thumbnailUrl":"https:\/\/www.em.com.br\/emfoco\/wp-content\/uploads\/2025\/09\/Dieta_1757449207336.jpg","datePublished":"2025-09-11T13:28:00+00:00","dateModified":"2025-09-09T20:24:20+00:00","author":{"@id":"https:\/\/www.em.com.br\/emfoco\/#\/schema\/person\/1c9ddeab18b98abeffef834667bcf08a"},"description":"Evite doen\u00e7as cr\u00f4nicas com uma rotina alimentar anti-inflamat\u00f3ria. Veja os alimentos que equilibram e protegem sua sa\u00fade.","breadcrumb":{"@id":"https:\/\/www.em.com.br\/emfoco\/2025\/09\/11\/alimentos-naturais-que-combatem-inflamacoes-e-fortalecem-o-corpo\/#breadcrumb"},"inLanguage":"pt-BR","potentialAction":[{"@type":"ReadAction","target":["https:\/\/www.em.com.br\/emfoco\/2025\/09\/11\/alimentos-naturais-que-combatem-inflamacoes-e-fortalecem-o-corpo\/"]}]},{"@type":"ImageObject","inLanguage":"pt-BR","@id":"https:\/\/www.em.com.br\/emfoco\/2025\/09\/11\/alimentos-naturais-que-combatem-inflamacoes-e-fortalecem-o-corpo\/#primaryimage","url":"https:\/\/www.em.com.br\/emfoco\/wp-content\/uploads\/2025\/09\/Dieta_1757449207336.jpg","contentUrl":"https:\/\/www.em.com.br\/emfoco\/wp-content\/uploads\/2025\/09\/Dieta_1757449207336.jpg","width":1280,"height":720,"caption":"Estrat\u00e9gia alimentar que reduz o efeito ioi\u00f4 de dietas restritivas - Cr\u00e9ditos: depositphotos.com \/ EdZbarzhyvetsky"},{"@type":"BreadcrumbList","@id":"https:\/\/www.em.com.br\/emfoco\/2025\/09\/11\/alimentos-naturais-que-combatem-inflamacoes-e-fortalecem-o-corpo\/#breadcrumb","itemListElement":[{"@type":"ListItem","position":1,"name":"In\u00edcio","item":"https:\/\/www.em.com.br\/emfoco\/"},{"@type":"ListItem","position":2,"name":"Alimentos naturais que combatem inflama\u00e7\u00f5es e fortalecem o corpo"}]},{"@type":"WebSite","@id":"https:\/\/www.em.com.br\/emfoco\/#website","url":"https:\/\/www.em.com.br\/emfoco\/","name":"Estado de Minas - Em foco","description":"Acompanhe as \u00faltimas not\u00edcias e fique bem informado sobre tudo o que acontece em Minas Gerais, Brasil e no mundo.","potentialAction":[{"@type":"SearchAction","target":{"@type":"EntryPoint","urlTemplate":"https:\/\/www.em.com.br\/emfoco\/?s={search_term_string}"},"query-input":{"@type":"PropertyValueSpecification","valueRequired":true,"valueName":"search_term_string"}}],"inLanguage":"pt-BR"},{"@type":"Person","@id":"https:\/\/www.em.com.br\/emfoco\/#\/schema\/person\/1c9ddeab18b98abeffef834667bcf08a","name":"Gabriel Martins","image":{"@type":"ImageObject","inLanguage":"pt-BR","@id":"https:\/\/www.em.com.br\/emfoco\/#\/schema\/person\/image\/","url":"https:\/\/secure.gravatar.com\/avatar\/f0f1e2efdfd88f1ad2cb08c5c2731e50?s=96&d=mm&r=g","contentUrl":"https:\/\/secure.gravatar.com\/avatar\/f0f1e2efdfd88f1ad2cb08c5c2731e50?s=96&d=mm&r=g","caption":"Gabriel Martins"},"sameAs":["https:\/\/www.em.com.br\/emfoco\/"],"url":"https:\/\/www.em.com.br\/emfoco\/author\/gabrielmartinsmyth\/"}]}},"_links":{"self":[{"href":"https:\/\/www.em.com.br\/emfoco\/wp-json\/wp\/v2\/posts\/102433","targetHints":{"allow":["GET"]}}],"collection":[{"href":"https:\/\/www.em.com.br\/emfoco\/wp-json\/wp\/v2\/posts"}],"about":[{"href":"https:\/\/www.em.com.br\/emfoco\/wp-json\/wp\/v2\/types\/post"}],"author":[{"embeddable":true,"href":"https:\/\/www.em.com.br\/emfoco\/wp-json\/wp\/v2\/users\/13"}],"replies":[{"embeddable":true,"href":"https:\/\/www.em.com.br\/emfoco\/wp-json\/wp\/v2\/comments?post=102433"}],"version-history":[{"count":1,"href":"https:\/\/www.em.com.br\/emfoco\/wp-json\/wp\/v2\/posts\/102433\/revisions"}],"predecessor-version":[{"id":102444,"href":"https:\/\/www.em.com.br\/emfoco\/wp-json\/wp\/v2\/posts\/102433\/revisions\/102444"}],"wp:featuredmedia":[{"embeddable":true,"href":"https:\/\/www.em.com.br\/emfoco\/wp-json\/wp\/v2\/media\/102443"}],"wp:attachment":[{"href":"https:\/\/www.em.com.br\/emfoco\/wp-json\/wp\/v2\/media?parent=102433"}],"wp:term":[{"taxonomy":"category","embeddable":true,"href":"https:\/\/www.em.com.br\/emfoco\/wp-json\/wp\/v2\/categories?post=102433"},{"taxonomy":"post_tag","embeddable":true,"href":"https:\/\/www.em.com.br\/emfoco\/wp-json\/wp\/v2\/tags?post=102433"}],"curies":[{"name":"wp","href":"https:\/\/api.w.org\/{rel}","templated":true}]}}