{"id":10238,"date":"2025-01-13T07:00:00","date_gmt":"2025-01-13T10:00:00","guid":{"rendered":"https:\/\/www.em.com.br\/emfoco\/?p=10238"},"modified":"2025-01-13T01:15:21","modified_gmt":"2025-01-13T04:15:21","slug":"o-que-esperar-do-mercado-automotivo-brasileiro-em-2025","status":"publish","type":"post","link":"https:\/\/www.em.com.br\/emfoco\/2025\/01\/13\/o-que-esperar-do-mercado-automotivo-brasileiro-em-2025\/","title":{"rendered":"O que esperar do mercado automotivo brasileiro em 2025?"},"content":{"rendered":"\n<p>O ano de 2024 foi marcado por um crescimento significativo no mercado de <a href=\"https:\/\/www.em.com.br\/emfoco\/2024\/12\/21\/o-mercado-de-automoveis-em-dezembro-de-2024\/\" target=\"_blank\" rel=\"noreferrer noopener\">autom\u00f3veis <\/a>e comerciais leves no Brasil. As vendas totais atingiram 2.484.740 unidades, representando um aumento de 14,02% em compara\u00e7\u00e3o com o ano anterior. Este \u00e9 um dos maiores crescimentos observados desde 2008, criando expectativas otimistas para o ano de 2025.<\/p>\n\n\n\n<p>Estima-se que, em 2025, o crescimento continue, com uma proje\u00e7\u00e3o de 5% de aumento. O otimismo \u00e9 impulsionado pela recupera\u00e7\u00e3o econ\u00f4mica e pelo aumento do poder de compra dos consumidores. Os fabricantes de autom\u00f3veis est\u00e3o mais confiantes no fortalecimento do setor, com novas tecnologias e inova\u00e7\u00f5es atraindo mais compradores.<\/p>\n\n\n\n<h2 class=\"wp-block-heading\">Quais foram as montadoras l\u00edderes em 2024?<\/h2>\n\n\n\n<p>A Fiat manteve-se como a l\u00edder de mercado, com uma participa\u00e7\u00e3o de 20,98%. Em seguida, ficaram a Volkswagen e a General Motors (GM), com 16,11% e 12,68%, respectivamente. Hyundai e Toyota fecharam o top 5, cada uma com uma participa\u00e7\u00e3o superior a 8%.<\/p>\n\n\n<div class=\"wp-block-image\">\n<figure class=\"aligncenter size-large\"><img loading=\"lazy\" decoding=\"async\" width=\"1024\" height=\"576\" src=\"https:\/\/www.em.com.br\/emfoco\/wp-content\/uploads\/2024\/12\/Carros_1733157486452-1024x576.jpg\" alt=\"\" class=\"wp-image-2793\" srcset=\"https:\/\/www.em.com.br\/emfoco\/wp-content\/uploads\/2024\/12\/Carros_1733157486452-1024x576.jpg 1024w, https:\/\/www.em.com.br\/emfoco\/wp-content\/uploads\/2024\/12\/Carros_1733157486452-300x169.jpg 300w, https:\/\/www.em.com.br\/emfoco\/wp-content\/uploads\/2024\/12\/Carros_1733157486452-768x432.jpg 768w, https:\/\/www.em.com.br\/emfoco\/wp-content\/uploads\/2024\/12\/Carros_1733157486452-750x422.jpg 750w, https:\/\/www.em.com.br\/emfoco\/wp-content\/uploads\/2024\/12\/Carros_1733157486452-1140x641.jpg 1140w, https:\/\/www.em.com.br\/emfoco\/wp-content\/uploads\/2024\/12\/Carros_1733157486452.jpg 1280w\" sizes=\"auto, (max-width: 1024px) 100vw, 1024px\" \/><figcaption class=\"wp-element-caption\">Comprando seu Caro &#8211; Cr\u00e9ditos: depositphotos.com \/ VitalikRadko<\/figcaption><\/figure><\/div>\n\n\n<h2 class=\"wp-block-heading\">Quais foram os carros mais vendidos no Brasil em 2024?<\/h2>\n\n\n\n<ul class=\"wp-block-list\">\n<li><strong>Volkswagen Polo<\/strong>: Com 140.177 unidades vendidas, foi o autom\u00f3vel mais vendido.<\/li>\n\n\n\n<li><strong>GM Onix<\/strong>: Garantiu a segunda posi\u00e7\u00e3o com 97.503 unidades.<\/li>\n\n\n\n<li><strong>Hyundai HB20<\/strong>: Ficou em terceiro lugar, com 97.079 unidades.<\/li>\n<\/ul>\n\n\n\n<p>Al\u00e9m desses, vale destacar o Fiat Argo e o Volkswagen T-Cross, que tamb\u00e9m tiveram grandes n\u00fameros de vendas, consolidando a prefer\u00eancia por ve\u00edculos compactos e SUV&#8217;s.<\/p>\n\n\n\n<h2 class=\"wp-block-heading\">Comerciais leves: Sucesso cont\u00ednuo<\/h2>\n\n\n\n<p>No segmento de comerciais leves, a <a href=\"https:\/\/www.fiat.com.br\/\" target=\"_blank\" rel=\"noreferrer noopener\">Fiat <\/a>Strada manteve sua lideran\u00e7a. Com 144.684 unidades vendidas, destacou-se como a prefer\u00eancia do p\u00fablico por modelos robustos e vers\u00e1teis para o trabalho. O Volkswagen Saveiro e a Fiat Toro ocuparam, respectivamente, a segunda e terceira posi\u00e7\u00f5es no ranking de vendas.<\/p>\n\n\n\n<ol class=\"wp-block-list\">\n<li><strong>Fiat Strada<\/strong> &#8211; 144.684 unidades<\/li>\n\n\n\n<li><strong>Volkswagen Saveiro<\/strong> &#8211; 56.984 unidades<\/li>\n\n\n\n<li><strong>Fiat Toro<\/strong> &#8211; 53.856 unidades<\/li>\n<\/ol>\n\n\n\n<h2 class=\"wp-block-heading\">Expectativas para 2025<\/h2>\n\n\n\n<p>Com a melhoria cont\u00ednua na tecnologia automotiva e na estrutura econ\u00f4mica, espera-se que 2025 traga um crescimento de 5% nas vendas. Isso resultaria em aproximadamente 2.608.977 unidades comercializadas, refor\u00e7ando a confian\u00e7a das montadoras no mercado brasileiro. Novos lan\u00e7amentos e investimentos poder\u00e3o atrair ainda mais consumidores, consolidando a recupera\u00e7\u00e3o do setor automotivo no pa\u00eds.<\/p>\n","protected":false},"excerpt":{"rendered":"<p>O ano de 2024 foi marcado por um crescimento significativo no mercado de autom\u00f3veis e comerciais leves no Brasil. As vendas totais atingiram 2.484.740 unidades, representando um aumento de 14,02% em compara\u00e7\u00e3o com o ano anterior. Este \u00e9 um dos maiores crescimentos observados desde 2008, criando expectativas otimistas para o ano de 2025. Estima-se que, [&hellip;]<\/p>\n","protected":false},"author":7,"featured_media":8693,"comment_status":"open","ping_status":"open","sticky":false,"template":"","format":"standard","meta":{"jnews-multi-image_gallery":[],"jnews_single_post":{"format":"standard"},"jnews_primary_category":[],"jnews_social_meta":[],"jnews_override_counter":[],"footnotes":""},"categories":[27],"tags":[184,158,1116,2247],"class_list":["post-10238","post","type-post","status-publish","format-standard","has-post-thumbnail","hentry","category-carros","tag-184","tag-brasil","tag-carros","tag-vendas"],"yoast_head":"<!-- This site is optimized with the Yoast SEO plugin v23.8 - https:\/\/yoast.com\/wordpress\/plugins\/seo\/ -->\n<title>O que esperar do mercado automotivo brasileiro em 2025? - Estado de Minas - Em foco<\/title>\n<meta name=\"description\" content=\"Em 2024, o mercado automotivo brasileiro cresceu significativamente, sera que continuara a crescer? Confira!\" \/>\n<meta name=\"robots\" content=\"index, follow, max-snippet:-1, max-image-preview:large, max-video-preview:-1\" \/>\n<link rel=\"canonical\" href=\"https:\/\/www.em.com.br\/emfoco\/2025\/01\/13\/o-que-esperar-do-mercado-automotivo-brasileiro-em-2025\/\" \/>\n<meta property=\"og:locale\" content=\"pt_BR\" \/>\n<meta property=\"og:type\" content=\"article\" \/>\n<meta property=\"og:title\" content=\"O que esperar do mercado automotivo brasileiro em 2025? - Estado de Minas - Em foco\" \/>\n<meta property=\"og:description\" content=\"Em 2024, o mercado automotivo brasileiro cresceu significativamente, sera que continuara a crescer? Confira!\" \/>\n<meta property=\"og:url\" content=\"https:\/\/www.em.com.br\/emfoco\/2025\/01\/13\/o-que-esperar-do-mercado-automotivo-brasileiro-em-2025\/\" \/>\n<meta property=\"og:site_name\" content=\"Estado de Minas - Em foco\" \/>\n<meta property=\"article:published_time\" content=\"2025-01-13T10:00:00+00:00\" \/>\n<meta property=\"article:modified_time\" content=\"2025-01-13T04:15:21+00:00\" \/>\n<meta property=\"og:image\" content=\"https:\/\/www.em.com.br\/emfoco\/wp-content\/uploads\/2025\/01\/Cheap-Car_1736137604049.jpg\" \/>\n\t<meta property=\"og:image:width\" content=\"1280\" \/>\n\t<meta property=\"og:image:height\" content=\"720\" \/>\n\t<meta property=\"og:image:type\" content=\"image\/jpeg\" \/>\n<meta name=\"author\" content=\"Kelvin\" \/>\n<meta name=\"twitter:card\" content=\"summary_large_image\" \/>\n<meta name=\"twitter:label1\" content=\"Escrito por\" \/>\n\t<meta name=\"twitter:data1\" content=\"Kelvin\" \/>\n\t<meta name=\"twitter:label2\" content=\"Est. tempo de leitura\" \/>\n\t<meta name=\"twitter:data2\" content=\"3 minutos\" \/>\n<!-- \/ Yoast SEO plugin. -->","yoast_head_json":{"title":"O que esperar do mercado automotivo brasileiro em 2025? - Estado de Minas - Em foco","description":"Em 2024, o mercado automotivo brasileiro cresceu significativamente, sera que continuara a crescer? Confira!","robots":{"index":"index","follow":"follow","max-snippet":"max-snippet:-1","max-image-preview":"max-image-preview:large","max-video-preview":"max-video-preview:-1"},"canonical":"https:\/\/www.em.com.br\/emfoco\/2025\/01\/13\/o-que-esperar-do-mercado-automotivo-brasileiro-em-2025\/","og_locale":"pt_BR","og_type":"article","og_title":"O que esperar do mercado automotivo brasileiro em 2025? - Estado de Minas - Em foco","og_description":"Em 2024, o mercado automotivo brasileiro cresceu significativamente, sera que continuara a crescer? Confira!","og_url":"https:\/\/www.em.com.br\/emfoco\/2025\/01\/13\/o-que-esperar-do-mercado-automotivo-brasileiro-em-2025\/","og_site_name":"Estado de Minas - Em foco","article_published_time":"2025-01-13T10:00:00+00:00","article_modified_time":"2025-01-13T04:15:21+00:00","og_image":[{"width":1280,"height":720,"url":"https:\/\/www.em.com.br\/emfoco\/wp-content\/uploads\/2025\/01\/Cheap-Car_1736137604049.jpg","type":"image\/jpeg"}],"author":"Kelvin","twitter_card":"summary_large_image","twitter_misc":{"Escrito por":"Kelvin","Est. tempo de leitura":"3 minutos"},"schema":{"@context":"https:\/\/schema.org","@graph":[{"@type":"WebPage","@id":"https:\/\/www.em.com.br\/emfoco\/2025\/01\/13\/o-que-esperar-do-mercado-automotivo-brasileiro-em-2025\/","url":"https:\/\/www.em.com.br\/emfoco\/2025\/01\/13\/o-que-esperar-do-mercado-automotivo-brasileiro-em-2025\/","name":"O que esperar do mercado automotivo brasileiro em 2025? - Estado de Minas - Em foco","isPartOf":{"@id":"https:\/\/www.em.com.br\/emfoco\/#website"},"primaryImageOfPage":{"@id":"https:\/\/www.em.com.br\/emfoco\/2025\/01\/13\/o-que-esperar-do-mercado-automotivo-brasileiro-em-2025\/#primaryimage"},"image":{"@id":"https:\/\/www.em.com.br\/emfoco\/2025\/01\/13\/o-que-esperar-do-mercado-automotivo-brasileiro-em-2025\/#primaryimage"},"thumbnailUrl":"https:\/\/www.em.com.br\/emfoco\/wp-content\/uploads\/2025\/01\/Cheap-Car_1736137604049.jpg","datePublished":"2025-01-13T10:00:00+00:00","dateModified":"2025-01-13T04:15:21+00:00","author":{"@id":"https:\/\/www.em.com.br\/emfoco\/#\/schema\/person\/fb0a7f48c6fbb94b83f413a80f61917d"},"description":"Em 2024, o mercado automotivo brasileiro cresceu significativamente, sera que continuara a crescer? Confira!","breadcrumb":{"@id":"https:\/\/www.em.com.br\/emfoco\/2025\/01\/13\/o-que-esperar-do-mercado-automotivo-brasileiro-em-2025\/#breadcrumb"},"inLanguage":"pt-BR","potentialAction":[{"@type":"ReadAction","target":["https:\/\/www.em.com.br\/emfoco\/2025\/01\/13\/o-que-esperar-do-mercado-automotivo-brasileiro-em-2025\/"]}]},{"@type":"ImageObject","inLanguage":"pt-BR","@id":"https:\/\/www.em.com.br\/emfoco\/2025\/01\/13\/o-que-esperar-do-mercado-automotivo-brasileiro-em-2025\/#primaryimage","url":"https:\/\/www.em.com.br\/emfoco\/wp-content\/uploads\/2025\/01\/Cheap-Car_1736137604049.jpg","contentUrl":"https:\/\/www.em.com.br\/emfoco\/wp-content\/uploads\/2025\/01\/Cheap-Car_1736137604049.jpg","width":1280,"height":720,"caption":"Carros - Cr\u00e9ditos: depositphotos.com \/ natakot"},{"@type":"BreadcrumbList","@id":"https:\/\/www.em.com.br\/emfoco\/2025\/01\/13\/o-que-esperar-do-mercado-automotivo-brasileiro-em-2025\/#breadcrumb","itemListElement":[{"@type":"ListItem","position":1,"name":"In\u00edcio","item":"https:\/\/www.em.com.br\/emfoco\/"},{"@type":"ListItem","position":2,"name":"O que esperar do mercado automotivo brasileiro em 2025?"}]},{"@type":"WebSite","@id":"https:\/\/www.em.com.br\/emfoco\/#website","url":"https:\/\/www.em.com.br\/emfoco\/","name":"Estado de Minas - Em foco","description":"Acompanhe as \u00faltimas not\u00edcias e fique bem informado sobre tudo o que acontece em Minas Gerais, Brasil e no mundo.","potentialAction":[{"@type":"SearchAction","target":{"@type":"EntryPoint","urlTemplate":"https:\/\/www.em.com.br\/emfoco\/?s={search_term_string}"},"query-input":{"@type":"PropertyValueSpecification","valueRequired":true,"valueName":"search_term_string"}}],"inLanguage":"pt-BR"},{"@type":"Person","@id":"https:\/\/www.em.com.br\/emfoco\/#\/schema\/person\/fb0a7f48c6fbb94b83f413a80f61917d","name":"Kelvin","image":{"@type":"ImageObject","inLanguage":"pt-BR","@id":"https:\/\/www.em.com.br\/emfoco\/#\/schema\/person\/image\/","url":"https:\/\/secure.gravatar.com\/avatar\/e74f84337e6bf6c4c5e88fbdffa05270?s=96&d=mm&r=g","contentUrl":"https:\/\/secure.gravatar.com\/avatar\/e74f84337e6bf6c4c5e88fbdffa05270?s=96&d=mm&r=g","caption":"Kelvin"},"sameAs":["https:\/\/www.em.com.br\/emfoco"],"url":"https:\/\/www.em.com.br\/emfoco\/author\/kelvinmyth\/"}]}},"_links":{"self":[{"href":"https:\/\/www.em.com.br\/emfoco\/wp-json\/wp\/v2\/posts\/10238","targetHints":{"allow":["GET"]}}],"collection":[{"href":"https:\/\/www.em.com.br\/emfoco\/wp-json\/wp\/v2\/posts"}],"about":[{"href":"https:\/\/www.em.com.br\/emfoco\/wp-json\/wp\/v2\/types\/post"}],"author":[{"embeddable":true,"href":"https:\/\/www.em.com.br\/emfoco\/wp-json\/wp\/v2\/users\/7"}],"replies":[{"embeddable":true,"href":"https:\/\/www.em.com.br\/emfoco\/wp-json\/wp\/v2\/comments?post=10238"}],"version-history":[{"count":2,"href":"https:\/\/www.em.com.br\/emfoco\/wp-json\/wp\/v2\/posts\/10238\/revisions"}],"predecessor-version":[{"id":10241,"href":"https:\/\/www.em.com.br\/emfoco\/wp-json\/wp\/v2\/posts\/10238\/revisions\/10241"}],"wp:featuredmedia":[{"embeddable":true,"href":"https:\/\/www.em.com.br\/emfoco\/wp-json\/wp\/v2\/media\/8693"}],"wp:attachment":[{"href":"https:\/\/www.em.com.br\/emfoco\/wp-json\/wp\/v2\/media?parent=10238"}],"wp:term":[{"taxonomy":"category","embeddable":true,"href":"https:\/\/www.em.com.br\/emfoco\/wp-json\/wp\/v2\/categories?post=10238"},{"taxonomy":"post_tag","embeddable":true,"href":"https:\/\/www.em.com.br\/emfoco\/wp-json\/wp\/v2\/tags?post=10238"}],"curies":[{"name":"wp","href":"https:\/\/api.w.org\/{rel}","templated":true}]}}