{"id":102366,"date":"2025-09-10T20:58:15","date_gmt":"2025-09-10T23:58:15","guid":{"rendered":"https:\/\/www.em.com.br\/emfoco\/?p=102366"},"modified":"2025-09-09T15:04:46","modified_gmt":"2025-09-09T18:04:46","slug":"o-ritual-matinal-que-previne-dores-e-aumenta-a-disposicao","status":"publish","type":"post","link":"https:\/\/www.em.com.br\/emfoco\/2025\/09\/10\/o-ritual-matinal-que-previne-dores-e-aumenta-a-disposicao\/","title":{"rendered":"O ritual matinal que previne dores e aumenta a disposi\u00e7\u00e3o"},"content":{"rendered":"\n<p>Iniciar o dia com uma sequ\u00eancia de alongamentos pode desempenhar um papel crucial no al\u00edvio da rigidez muscular e na melhoria da flexibilidade, especialmente para mulheres de 40 anos ou mais. Esse grupo pode se beneficiar significativamente de uma rotina matinal que integra uma variedade de alongamentos direcionados para diferentes partes do corpo. O foco deve ser proporcionar um despertar corporal suave e eficaz que promova uma sensa\u00e7\u00e3o de bem-estar f\u00edsico e mental.<\/p>\n\n\n\n<h2 class=\"wp-block-heading\">Por que o alongamento \u00e9 essencial ap\u00f3s os 40 anos?<\/h2>\n\n\n\n<p>Com o passar dos anos, o corpo humano passa por mudan\u00e7as naturais que podem afetar a flexibilidade e a mobilidade articular. Mulheres que atingem os <strong>40 anos<\/strong> podem come\u00e7ar a perceber uma redu\u00e7\u00e3o na amplitude dos movimentos, o que torna o alongamento uma pr\u00e1tica importante e ben\u00e9fica para manter um estilo de vida ativo e saud\u00e1vel. Al\u00e9m de ajudar a prevenir les\u00f5es, o alongamento regular pode melhorar a postura, estimular a circula\u00e7\u00e3o sangu\u00ednea e aliviar tens\u00f5es acumuladas. Uma an\u00e1lise da <a href=\"https:\/\/www.who.int\/\" target=\"_blank\" rel=\"noopener\">Organiza\u00e7\u00e3o Mundial da Sa\u00fade<\/a> aponta que a manuten\u00e7\u00e3o da flexibilidade \u00e9 um dos fatores-chave para o envelhecimento saud\u00e1vel, reduzindo o risco de quedas e melhorando a qualidade de vida ap\u00f3s essa idade.<\/p>\n\n\n\n<h2 class=\"wp-block-heading\">Como integrar o alongamento \u00e0 rotina di\u00e1ria?<\/h2>\n\n\n\n<p>Para obter os melhores resultados, \u00e9 importante criar uma sequ\u00eancia de alongamento que seja simples e eficaz, levando em considera\u00e7\u00e3o as \u00e1reas do corpo que frequentemente acumulam tens\u00e3o. \u00c9 recomend\u00e1vel dedicar pelo menos 10 a 15 minutos a essa pr\u00e1tica diariamente. Essa breve sess\u00e3o matinal pode incluir uma variedade de alongamentos que visam os m\u00fasculos das <a href=\"https:\/\/www.em.com.br\/emfoco\/2025\/09\/06\/dor-nas-costas-ao-acordar-pode-ser-sinal-de-que-esta-na-hora-de-trocar-o-colchao\/\" target=\"_blank\" rel=\"noopener\">costas<\/a>, pesco\u00e7o, pernas e bra\u00e7os, permitindo um alongamento abrangente e eficaz. De acordo com especialistas em sa\u00fade de institui\u00e7\u00f5es como a <strong>Mayo Clinic<\/strong>, alongar-se logo ap\u00f3s acordar pode tamb\u00e9m ajudar na libera\u00e7\u00e3o de endorfinas, proporcionando uma melhora no humor logo cedo.<\/p>\n\n\n<div class=\"wp-block-image\">\n<figure class=\"aligncenter size-large\"><img loading=\"lazy\" decoding=\"async\" width=\"1024\" height=\"576\" src=\"https:\/\/www.em.com.br\/emfoco\/wp-content\/uploads\/2025\/09\/alongamento_1757121205949-1024x576.jpg\" alt=\"Alongamentos simples para aliviar dor nas costas em 7 minutos\" class=\"wp-image-101448\" srcset=\"https:\/\/www.em.com.br\/emfoco\/wp-content\/uploads\/2025\/09\/alongamento_1757121205949-1024x576.jpg 1024w, https:\/\/www.em.com.br\/emfoco\/wp-content\/uploads\/2025\/09\/alongamento_1757121205949-300x169.jpg 300w, https:\/\/www.em.com.br\/emfoco\/wp-content\/uploads\/2025\/09\/alongamento_1757121205949-768x432.jpg 768w, https:\/\/www.em.com.br\/emfoco\/wp-content\/uploads\/2025\/09\/alongamento_1757121205949-750x422.jpg 750w, https:\/\/www.em.com.br\/emfoco\/wp-content\/uploads\/2025\/09\/alongamento_1757121205949-1140x641.jpg 1140w, https:\/\/www.em.com.br\/emfoco\/wp-content\/uploads\/2025\/09\/alongamento_1757121205949.jpg 1280w\" sizes=\"auto, (max-width: 1024px) 100vw, 1024px\" \/><figcaption class=\"wp-element-caption\">Alongamento &#8211; Cr\u00e9ditos: depositphotos.com \/ Milkos<\/figcaption><\/figure><\/div>\n\n\n<h2 class=\"wp-block-heading\">Quais alongamentos s\u00e3o indicados para o in\u00edcio do dia?<\/h2>\n\n\n\n<ol class=\"wp-block-list\">\n<li><strong>Alongamento de pesco\u00e7o:<\/strong> Comece inclinando a cabe\u00e7a suavemente para cada lado, mantendo a posi\u00e7\u00e3o por 15 segundos de cada lado. Isso ajuda a liberar a tens\u00e3o acumulada no pesco\u00e7o.<\/li>\n\n\n\n<li><strong>Alongamento de ombros:<\/strong> Puxe um bra\u00e7o sobre o peito com a outra m\u00e3o, mantendo por 15 segundos em cada lado. Esse movimento alivia a tens\u00e3o nos ombros.<\/li>\n\n\n\n<li><strong>Alongamento das costas:<\/strong> Deite-se de costas e traga os joelhos para o peito, mantendo por 20 segundos. Esse alongamento \u00e9 ben\u00e9fico para as costas lombares.<\/li>\n\n\n\n<li><strong>Alongamento das pernas:<\/strong> Com as m\u00e3os nos quadris, alongue uma perna \u00e0 frente, mantendo o joelho ligeiramente dobrado por 20 segundos de cada lado para soltar os m\u00fasculos das pernas.<\/li>\n\n\n\n<li><strong>Alongamento dos quadr\u00edceps:<\/strong> Fique em p\u00e9 e puxe um p\u00e9 para tr\u00e1s, segurando-o com a m\u00e3o por 20 segundos. Repita com a outra perna para um alongamento eficaz dos quadr\u00edceps.<\/li>\n<\/ol>\n\n\n\n<h2 class=\"wp-block-heading\">Quais s\u00e3o os benef\u00edcios dos alongamentos ao longo do tempo?<\/h2>\n\n\n\n<p>Incorporar essas pr\u00e1ticas regularmente pode resultar em melhorias significativas na flexibilidade e no bem-estar geral. Com o tempo, as mulheres podem perceber uma redu\u00e7\u00e3o nas dores musculares, uma maior facilidade ao realizar atividades di\u00e1rias e uma maior energia ao longo do dia. \u00c9 essencial que cada movimento seja feito de maneira controlada e sem for\u00e7ar al\u00e9m do limite pessoal, ouvindo os sinais que o corpo transmite para evitar les\u00f5es.<\/p>\n\n\n\n<p>Al\u00e9m de seus benef\u00edcios f\u00edsicos, o alongamento tamb\u00e9m proporciona um momento de pausa e mindfulness que pode enriquecer o bem-estar mental, ajudando a iniciar o dia com uma disposi\u00e7\u00e3o positiva. De fato, incluir uma sequ\u00eancia de alongamento matinal pode ser um elemento transformador na rotina di\u00e1ria, promovendo sa\u00fade e vitalidade cont\u00ednuas.&nbsp;<\/p>\n","protected":false},"excerpt":{"rendered":"<p>Iniciar o dia com uma sequ\u00eancia de alongamentos pode desempenhar um papel crucial no al\u00edvio da rigidez muscular e na melhoria da flexibilidade, especialmente para mulheres de 40 anos ou mais. Esse grupo pode se beneficiar significativamente de uma rotina matinal que integra uma variedade de alongamentos direcionados para diferentes partes do corpo. O foco [&hellip;]<\/p>\n","protected":false},"author":9,"featured_media":101449,"comment_status":"open","ping_status":"open","sticky":false,"template":"","format":"standard","meta":{"jnews-multi-image_gallery":[],"jnews_single_post":{"format":"standard"},"jnews_primary_category":[],"jnews_social_meta":[],"jnews_override_counter":[],"footnotes":""},"categories":[8691,9053],"tags":[11064,15765,1527,15764],"class_list":["post-102366","post","type-post","status-publish","format-standard","has-post-thumbnail","hentry","category-bem-estar","category-saude","tag-alongamento","tag-bem-estar-matinal","tag-flexibilidade","tag-saude-das-mulheres"],"yoast_head":"<!-- This site is optimized with the Yoast SEO plugin v23.8 - https:\/\/yoast.com\/wordpress\/plugins\/seo\/ -->\n<title>O ritual matinal que previne dores e aumenta a disposi\u00e7\u00e3o<\/title>\n<meta name=\"description\" content=\"Flexibilidade e disposi\u00e7\u00e3o aos 40 s\u00e3o poss\u00edveis. Conhe\u00e7a alongamentos f\u00e1ceis que transformam seu corpo e sua energia logo cedo.\" \/>\n<meta name=\"robots\" content=\"index, follow, max-snippet:-1, max-image-preview:large, max-video-preview:-1\" \/>\n<link rel=\"canonical\" href=\"https:\/\/www.em.com.br\/emfoco\/2025\/09\/10\/o-ritual-matinal-que-previne-dores-e-aumenta-a-disposicao\/\" \/>\n<meta property=\"og:locale\" content=\"pt_BR\" \/>\n<meta property=\"og:type\" content=\"article\" \/>\n<meta property=\"og:title\" content=\"O ritual matinal que previne dores e aumenta a disposi\u00e7\u00e3o\" \/>\n<meta property=\"og:description\" content=\"Flexibilidade e disposi\u00e7\u00e3o aos 40 s\u00e3o poss\u00edveis. Conhe\u00e7a alongamentos f\u00e1ceis que transformam seu corpo e sua energia logo cedo.\" \/>\n<meta property=\"og:url\" content=\"https:\/\/www.em.com.br\/emfoco\/2025\/09\/10\/o-ritual-matinal-que-previne-dores-e-aumenta-a-disposicao\/\" \/>\n<meta property=\"og:site_name\" content=\"Estado de Minas - Em foco\" \/>\n<meta property=\"article:published_time\" content=\"2025-09-10T23:58:15+00:00\" \/>\n<meta property=\"article:modified_time\" content=\"2025-09-09T18:04:46+00:00\" \/>\n<meta property=\"og:image\" content=\"https:\/\/www.em.com.br\/emfoco\/wp-content\/uploads\/2025\/09\/alongamento_1757121322115.jpg\" \/>\n\t<meta property=\"og:image:width\" content=\"1280\" \/>\n\t<meta property=\"og:image:height\" content=\"720\" \/>\n\t<meta property=\"og:image:type\" content=\"image\/jpeg\" \/>\n<meta name=\"author\" content=\"Daniely Cardoso\" \/>\n<meta name=\"twitter:card\" content=\"summary_large_image\" \/>\n<meta name=\"twitter:label1\" content=\"Escrito por\" \/>\n\t<meta name=\"twitter:data1\" content=\"Daniely Cardoso\" \/>\n\t<meta name=\"twitter:label2\" content=\"Est. tempo de leitura\" \/>\n\t<meta name=\"twitter:data2\" content=\"4 minutos\" \/>\n<!-- \/ Yoast SEO plugin. -->","yoast_head_json":{"title":"O ritual matinal que previne dores e aumenta a disposi\u00e7\u00e3o","description":"Flexibilidade e disposi\u00e7\u00e3o aos 40 s\u00e3o poss\u00edveis. Conhe\u00e7a alongamentos f\u00e1ceis que transformam seu corpo e sua energia logo cedo.","robots":{"index":"index","follow":"follow","max-snippet":"max-snippet:-1","max-image-preview":"max-image-preview:large","max-video-preview":"max-video-preview:-1"},"canonical":"https:\/\/www.em.com.br\/emfoco\/2025\/09\/10\/o-ritual-matinal-que-previne-dores-e-aumenta-a-disposicao\/","og_locale":"pt_BR","og_type":"article","og_title":"O ritual matinal que previne dores e aumenta a disposi\u00e7\u00e3o","og_description":"Flexibilidade e disposi\u00e7\u00e3o aos 40 s\u00e3o poss\u00edveis. Conhe\u00e7a alongamentos f\u00e1ceis que transformam seu corpo e sua energia logo cedo.","og_url":"https:\/\/www.em.com.br\/emfoco\/2025\/09\/10\/o-ritual-matinal-que-previne-dores-e-aumenta-a-disposicao\/","og_site_name":"Estado de Minas - Em foco","article_published_time":"2025-09-10T23:58:15+00:00","article_modified_time":"2025-09-09T18:04:46+00:00","og_image":[{"width":1280,"height":720,"url":"https:\/\/www.em.com.br\/emfoco\/wp-content\/uploads\/2025\/09\/alongamento_1757121322115.jpg","type":"image\/jpeg"}],"author":"Daniely Cardoso","twitter_card":"summary_large_image","twitter_misc":{"Escrito por":"Daniely Cardoso","Est. tempo de leitura":"4 minutos"},"schema":{"@context":"https:\/\/schema.org","@graph":[{"@type":"WebPage","@id":"https:\/\/www.em.com.br\/emfoco\/2025\/09\/10\/o-ritual-matinal-que-previne-dores-e-aumenta-a-disposicao\/","url":"https:\/\/www.em.com.br\/emfoco\/2025\/09\/10\/o-ritual-matinal-que-previne-dores-e-aumenta-a-disposicao\/","name":"O ritual matinal que previne dores e aumenta a disposi\u00e7\u00e3o","isPartOf":{"@id":"https:\/\/www.em.com.br\/emfoco\/#website"},"primaryImageOfPage":{"@id":"https:\/\/www.em.com.br\/emfoco\/2025\/09\/10\/o-ritual-matinal-que-previne-dores-e-aumenta-a-disposicao\/#primaryimage"},"image":{"@id":"https:\/\/www.em.com.br\/emfoco\/2025\/09\/10\/o-ritual-matinal-que-previne-dores-e-aumenta-a-disposicao\/#primaryimage"},"thumbnailUrl":"https:\/\/www.em.com.br\/emfoco\/wp-content\/uploads\/2025\/09\/alongamento_1757121322115.jpg","datePublished":"2025-09-10T23:58:15+00:00","dateModified":"2025-09-09T18:04:46+00:00","author":{"@id":"https:\/\/www.em.com.br\/emfoco\/#\/schema\/person\/0a8186d72f2c3a5c6276d90b41f271a0"},"description":"Flexibilidade e disposi\u00e7\u00e3o aos 40 s\u00e3o poss\u00edveis. Conhe\u00e7a alongamentos f\u00e1ceis que transformam seu corpo e sua energia logo cedo.","breadcrumb":{"@id":"https:\/\/www.em.com.br\/emfoco\/2025\/09\/10\/o-ritual-matinal-que-previne-dores-e-aumenta-a-disposicao\/#breadcrumb"},"inLanguage":"pt-BR","potentialAction":[{"@type":"ReadAction","target":["https:\/\/www.em.com.br\/emfoco\/2025\/09\/10\/o-ritual-matinal-que-previne-dores-e-aumenta-a-disposicao\/"]}]},{"@type":"ImageObject","inLanguage":"pt-BR","@id":"https:\/\/www.em.com.br\/emfoco\/2025\/09\/10\/o-ritual-matinal-que-previne-dores-e-aumenta-a-disposicao\/#primaryimage","url":"https:\/\/www.em.com.br\/emfoco\/wp-content\/uploads\/2025\/09\/alongamento_1757121322115.jpg","contentUrl":"https:\/\/www.em.com.br\/emfoco\/wp-content\/uploads\/2025\/09\/alongamento_1757121322115.jpg","width":1280,"height":720,"caption":"Alongamento - Cr\u00e9ditos: depositphotos.com \/ VitalikRadko"},{"@type":"BreadcrumbList","@id":"https:\/\/www.em.com.br\/emfoco\/2025\/09\/10\/o-ritual-matinal-que-previne-dores-e-aumenta-a-disposicao\/#breadcrumb","itemListElement":[{"@type":"ListItem","position":1,"name":"In\u00edcio","item":"https:\/\/www.em.com.br\/emfoco\/"},{"@type":"ListItem","position":2,"name":"O ritual matinal que previne dores e aumenta a disposi\u00e7\u00e3o"}]},{"@type":"WebSite","@id":"https:\/\/www.em.com.br\/emfoco\/#website","url":"https:\/\/www.em.com.br\/emfoco\/","name":"Estado de Minas - Em foco","description":"Acompanhe as \u00faltimas not\u00edcias e fique bem informado sobre tudo o que acontece em Minas Gerais, Brasil e no mundo.","potentialAction":[{"@type":"SearchAction","target":{"@type":"EntryPoint","urlTemplate":"https:\/\/www.em.com.br\/emfoco\/?s={search_term_string}"},"query-input":{"@type":"PropertyValueSpecification","valueRequired":true,"valueName":"search_term_string"}}],"inLanguage":"pt-BR"},{"@type":"Person","@id":"https:\/\/www.em.com.br\/emfoco\/#\/schema\/person\/0a8186d72f2c3a5c6276d90b41f271a0","name":"Daniely Cardoso","image":{"@type":"ImageObject","inLanguage":"pt-BR","@id":"https:\/\/www.em.com.br\/emfoco\/#\/schema\/person\/image\/","url":"https:\/\/secure.gravatar.com\/avatar\/4b80ddbd124d1f071b626d52d62e5dff?s=96&d=mm&r=g","contentUrl":"https:\/\/secure.gravatar.com\/avatar\/4b80ddbd124d1f071b626d52d62e5dff?s=96&d=mm&r=g","caption":"Daniely Cardoso"},"url":"https:\/\/www.em.com.br\/emfoco\/author\/danielymyth\/"}]}},"_links":{"self":[{"href":"https:\/\/www.em.com.br\/emfoco\/wp-json\/wp\/v2\/posts\/102366","targetHints":{"allow":["GET"]}}],"collection":[{"href":"https:\/\/www.em.com.br\/emfoco\/wp-json\/wp\/v2\/posts"}],"about":[{"href":"https:\/\/www.em.com.br\/emfoco\/wp-json\/wp\/v2\/types\/post"}],"author":[{"embeddable":true,"href":"https:\/\/www.em.com.br\/emfoco\/wp-json\/wp\/v2\/users\/9"}],"replies":[{"embeddable":true,"href":"https:\/\/www.em.com.br\/emfoco\/wp-json\/wp\/v2\/comments?post=102366"}],"version-history":[{"count":3,"href":"https:\/\/www.em.com.br\/emfoco\/wp-json\/wp\/v2\/posts\/102366\/revisions"}],"predecessor-version":[{"id":102391,"href":"https:\/\/www.em.com.br\/emfoco\/wp-json\/wp\/v2\/posts\/102366\/revisions\/102391"}],"wp:featuredmedia":[{"embeddable":true,"href":"https:\/\/www.em.com.br\/emfoco\/wp-json\/wp\/v2\/media\/101449"}],"wp:attachment":[{"href":"https:\/\/www.em.com.br\/emfoco\/wp-json\/wp\/v2\/media?parent=102366"}],"wp:term":[{"taxonomy":"category","embeddable":true,"href":"https:\/\/www.em.com.br\/emfoco\/wp-json\/wp\/v2\/categories?post=102366"},{"taxonomy":"post_tag","embeddable":true,"href":"https:\/\/www.em.com.br\/emfoco\/wp-json\/wp\/v2\/tags?post=102366"}],"curies":[{"name":"wp","href":"https:\/\/api.w.org\/{rel}","templated":true}]}}