{"id":102345,"date":"2025-09-11T06:48:00","date_gmt":"2025-09-11T09:48:00","guid":{"rendered":"https:\/\/www.em.com.br\/emfoco\/?p=102345"},"modified":"2025-09-09T14:57:50","modified_gmt":"2025-09-09T17:57:50","slug":"o-detalhe-ignorado-que-faz-seu-ar-condicionado-disparar-a-conta-de-luz","status":"publish","type":"post","link":"https:\/\/www.em.com.br\/emfoco\/2025\/09\/11\/o-detalhe-ignorado-que-faz-seu-ar-condicionado-disparar-a-conta-de-luz\/","title":{"rendered":"O detalhe ignorado que faz seu ar-condicionado disparar a conta de luz"},"content":{"rendered":"\n<p>O uso de <strong>ar condicionados antigos<\/strong> ainda \u00e9 comum em muitos lares brasileiros, mas o impacto na conta de luz pode ser surpreendente. Modelos desatualizados consomem at\u00e9 quatro vezes mais que uma m\u00e1quina de lavar moderna.<\/p>\n\n\n\n<ul class=\"wp-block-list\">\n<li>Comparativo entre ar condicionados antigos e novos<\/li>\n\n\n\n<li>Diferen\u00e7a de consumo em rela\u00e7\u00e3o \u00e0s m\u00e1quinas de lavar<\/li>\n\n\n\n<li>Dicas pr\u00e1ticas para reduzir os gastos de energia<\/li>\n<\/ul>\n\n\n\n<h2 class=\"wp-block-heading\">Por que os ar condicionados antigos gastam tanta energia?<\/h2>\n\n\n\n<p>Os <strong>ar condicionados antigos<\/strong> foram projetados com tecnologia limitada, utilizando compressores menos eficientes. Isso exige maior esfor\u00e7o do motor, resultando em consumo el\u00e9trico elevado a cada ciclo de resfriamento.<\/p>\n\n\n\n<p>A aus\u00eancia de recursos modernos, como o <strong><a href=\"https:\/\/www.frigemar.com.br\/post\/o-que-e-tecnologia-inverter\/\" target=\"_blank\" rel=\"noreferrer noopener\">sistema inverter<\/a><\/strong>, aumenta a instabilidade na opera\u00e7\u00e3o. Com mais liga e desliga, o aparelho gera picos de energia, o que eleva significativamente o valor da fatura mensal.<\/p>\n\n\n\n<figure class=\"wp-block-image size-large\"><img loading=\"lazy\" decoding=\"async\" width=\"1024\" height=\"576\" src=\"https:\/\/www.em.com.br\/emfoco\/wp-content\/uploads\/2025\/09\/Ar-condicionado-antigo_1757440414538-1024x576.jpg\" alt=\"Voc\u00ea pode estar pagando at\u00e9 4x mais na conta de luz sem saber\" class=\"wp-image-102377\" srcset=\"https:\/\/www.em.com.br\/emfoco\/wp-content\/uploads\/2025\/09\/Ar-condicionado-antigo_1757440414538-1024x576.jpg 1024w, https:\/\/www.em.com.br\/emfoco\/wp-content\/uploads\/2025\/09\/Ar-condicionado-antigo_1757440414538-300x169.jpg 300w, https:\/\/www.em.com.br\/emfoco\/wp-content\/uploads\/2025\/09\/Ar-condicionado-antigo_1757440414538-768x432.jpg 768w, https:\/\/www.em.com.br\/emfoco\/wp-content\/uploads\/2025\/09\/Ar-condicionado-antigo_1757440414538-750x422.jpg 750w, https:\/\/www.em.com.br\/emfoco\/wp-content\/uploads\/2025\/09\/Ar-condicionado-antigo_1757440414538-1140x641.jpg 1140w, https:\/\/www.em.com.br\/emfoco\/wp-content\/uploads\/2025\/09\/Ar-condicionado-antigo_1757440414538.jpg 1280w\" sizes=\"auto, (max-width: 1024px) 100vw, 1024px\" \/><figcaption class=\"wp-element-caption\">Ar-condicionado antigo &#8211; Cr\u00e9ditos: depositphotos.com \/ Alpegor6<\/figcaption><\/figure>\n\n\n\n<h2 class=\"wp-block-heading\">Quais s\u00e3o os n\u00fameros do consumo desses eletrodom\u00e9sticos?<\/h2>\n\n\n\n<p>Quando comparados a <strong>m\u00e1quinas de lavar modernas<\/strong>, os modelos antigos de ar condicionado impressionam pelo gasto. Enquanto uma m\u00e1quina gasta em m\u00e9dia 0,3 kWh por ciclo, um ar antigo pode ultrapassar facilmente 1,2 kWh por hora.<\/p>\n\n\n\n<ul class=\"wp-block-list\">\n<li>Ar condicionado antigo: at\u00e9 1,2 kWh por hora<\/li>\n\n\n\n<li>Ar condicionado novo com inverter: cerca de 0,5 kWh por hora<\/li>\n\n\n\n<li>M\u00e1quina de lavar nova: aproximadamente 0,3 kWh por ciclo<\/li>\n<\/ul>\n\n\n\n<h2 class=\"wp-block-heading\">Como os novos modelos conseguem ser mais econ\u00f4micos?<\/h2>\n\n\n\n<p>Os <strong>ar condicionados modernos<\/strong> utilizam tecnologia inverter, que mant\u00e9m o compressor em funcionamento cont\u00ednuo, evitando picos de energia. Esse controle din\u00e2mico garante economia de at\u00e9 60% na conta de luz.<\/p>\n\n\n\n<p>Al\u00e9m disso, os aparelhos atuais contam com recursos como <strong>sensor de presen\u00e7a<\/strong> e ajuste autom\u00e1tico de temperatura, oferecendo conforto com menos desperd\u00edcio energ\u00e9tico, algo inexistente nos modelos antigos.<\/p>\n\n\n\n<figure class=\"wp-block-image size-large\"><img loading=\"lazy\" decoding=\"async\" width=\"1024\" height=\"576\" src=\"https:\/\/www.em.com.br\/emfoco\/wp-content\/uploads\/2025\/04\/ar-condicionado_1744201914373-1024x576.jpg\" alt=\"Ar-condicionado da Xiaomi tem tecnologia de ponta e uma economia que cabe no bolso\" class=\"wp-image-36570\" srcset=\"https:\/\/www.em.com.br\/emfoco\/wp-content\/uploads\/2025\/04\/ar-condicionado_1744201914373-1024x576.jpg 1024w, https:\/\/www.em.com.br\/emfoco\/wp-content\/uploads\/2025\/04\/ar-condicionado_1744201914373-300x169.jpg 300w, https:\/\/www.em.com.br\/emfoco\/wp-content\/uploads\/2025\/04\/ar-condicionado_1744201914373-768x432.jpg 768w, https:\/\/www.em.com.br\/emfoco\/wp-content\/uploads\/2025\/04\/ar-condicionado_1744201914373-750x422.jpg 750w, https:\/\/www.em.com.br\/emfoco\/wp-content\/uploads\/2025\/04\/ar-condicionado_1744201914373-1140x641.jpg 1140w, https:\/\/www.em.com.br\/emfoco\/wp-content\/uploads\/2025\/04\/ar-condicionado_1744201914373.jpg 1280w\" sizes=\"auto, (max-width: 1024px) 100vw, 1024px\" \/><figcaption class=\"wp-element-caption\">Ar-condicionado &#8211; Cr\u00e9ditos: depositphotos.com \/ AllaSerebrina<\/figcaption><\/figure>\n\n\n\n<h2 class=\"wp-block-heading\">Quais fatores influenciam no valor da conta de luz?<\/h2>\n\n\n\n<p>N\u00e3o \u00e9 apenas o modelo do ar condicionado que pesa na conta. O tempo de uso, a manuten\u00e7\u00e3o e at\u00e9 o ambiente fazem grande diferen\u00e7a no gasto final de energia el\u00e9trica mensal.<\/p>\n\n\n\n<ul class=\"wp-block-list\">\n<li>Ambientes mal isolados exigem mais tempo de resfriamento<\/li>\n\n\n\n<li>Filtros sujos sobrecarregam o <strong>compressor<\/strong><\/li>\n\n\n\n<li>Uso prolongado em hor\u00e1rios de pico aumenta a tarifa<\/li>\n<\/ul>\n\n\n\n<h2 class=\"wp-block-heading\">Quais dicas pr\u00e1ticas ajudam a economizar com novos aparelhos?<\/h2>\n\n\n\n<p>Investir em <strong>aparelhos modernos<\/strong> \u00e9 o primeiro passo para reduzir gastos, mas pequenos h\u00e1bitos tamb\u00e9m potencializam a <strong><a href=\"https:\/\/www.em.com.br\/emfoco\/2025\/08\/31\/a-importancia-da-calibragem-correta-dos-pneus-para-economia-de-combustivel\/\" target=\"_blank\" rel=\"noreferrer noopener\">economia<\/a><\/strong>, garantindo conforto sem comprometer o or\u00e7amento familiar.<\/p>\n\n\n\n<ul class=\"wp-block-list\">\n<li>Prefira modelos inverter com selo Procel A de efici\u00eancia<\/li>\n\n\n\n<li>Fa\u00e7a manuten\u00e7\u00e3o peri\u00f3dica e limpeza dos filtros<\/li>\n\n\n\n<li>Programe o timer para desligar em hor\u00e1rios de menor necessidade<\/li>\n<\/ul>\n","protected":false},"excerpt":{"rendered":"<p>O uso de ar condicionados antigos ainda \u00e9 comum em muitos lares brasileiros, mas o impacto na conta de luz pode ser surpreendente. Modelos desatualizados consomem at\u00e9 quatro vezes mais que uma m\u00e1quina de lavar moderna. Por que os ar condicionados antigos gastam tanta energia? Os ar condicionados antigos foram projetados com tecnologia limitada, utilizando [&hellip;]<\/p>\n","protected":false},"author":13,"featured_media":102375,"comment_status":"open","ping_status":"open","sticky":false,"template":"","format":"standard","meta":{"jnews-multi-image_gallery":[],"jnews_single_post":{"format":"standard"},"jnews_primary_category":[],"jnews_social_meta":[],"jnews_override_counter":[],"footnotes":""},"categories":[8819],"tags":[15755,15757,15756],"class_list":["post-102345","post","type-post","status-publish","format-standard","has-post-thumbnail","hentry","category-curiosidades","tag-ar-condicionado-2","tag-consumo-alto-de-energia","tag-gasto-de-energia"],"yoast_head":"<!-- This site is optimized with the Yoast SEO plugin v23.8 - https:\/\/yoast.com\/wordpress\/plugins\/seo\/ -->\n<title>O detalhe ignorado que faz seu ar-condicionado disparar a conta de luz - Estado de Minas - Em foco<\/title>\n<meta name=\"description\" content=\"Seu ar-condicionado antigo pode estar elevando sua conta de luz sem que voc\u00ea perceba. Veja como economizar at\u00e9 60% com pequenas mudan\u00e7as.\" \/>\n<meta name=\"robots\" content=\"index, follow, max-snippet:-1, max-image-preview:large, max-video-preview:-1\" \/>\n<link rel=\"canonical\" href=\"https:\/\/www.em.com.br\/emfoco\/2025\/09\/11\/o-detalhe-ignorado-que-faz-seu-ar-condicionado-disparar-a-conta-de-luz\/\" \/>\n<meta property=\"og:locale\" content=\"pt_BR\" \/>\n<meta property=\"og:type\" content=\"article\" \/>\n<meta property=\"og:title\" content=\"O detalhe ignorado que faz seu ar-condicionado disparar a conta de luz - Estado de Minas - Em foco\" \/>\n<meta property=\"og:description\" content=\"Seu ar-condicionado antigo pode estar elevando sua conta de luz sem que voc\u00ea perceba. Veja como economizar at\u00e9 60% com pequenas mudan\u00e7as.\" \/>\n<meta property=\"og:url\" content=\"https:\/\/www.em.com.br\/emfoco\/2025\/09\/11\/o-detalhe-ignorado-que-faz-seu-ar-condicionado-disparar-a-conta-de-luz\/\" \/>\n<meta property=\"og:site_name\" content=\"Estado de Minas - Em foco\" \/>\n<meta property=\"article:published_time\" content=\"2025-09-11T09:48:00+00:00\" \/>\n<meta property=\"article:modified_time\" content=\"2025-09-09T17:57:50+00:00\" \/>\n<meta property=\"og:image\" content=\"https:\/\/www.em.com.br\/emfoco\/wp-content\/uploads\/2025\/09\/Conta-de-luz_1757440378475.jpg\" \/>\n\t<meta property=\"og:image:width\" content=\"1280\" \/>\n\t<meta property=\"og:image:height\" content=\"720\" \/>\n\t<meta property=\"og:image:type\" content=\"image\/jpeg\" \/>\n<meta name=\"author\" content=\"Gabriel Martins\" \/>\n<meta name=\"twitter:card\" content=\"summary_large_image\" \/>\n<meta name=\"twitter:label1\" content=\"Escrito por\" \/>\n\t<meta name=\"twitter:data1\" content=\"Gabriel Martins\" \/>\n\t<meta name=\"twitter:label2\" content=\"Est. tempo de leitura\" \/>\n\t<meta name=\"twitter:data2\" content=\"3 minutos\" \/>\n<!-- \/ Yoast SEO plugin. -->","yoast_head_json":{"title":"O detalhe ignorado que faz seu ar-condicionado disparar a conta de luz - Estado de Minas - Em foco","description":"Seu ar-condicionado antigo pode estar elevando sua conta de luz sem que voc\u00ea perceba. Veja como economizar at\u00e9 60% com pequenas mudan\u00e7as.","robots":{"index":"index","follow":"follow","max-snippet":"max-snippet:-1","max-image-preview":"max-image-preview:large","max-video-preview":"max-video-preview:-1"},"canonical":"https:\/\/www.em.com.br\/emfoco\/2025\/09\/11\/o-detalhe-ignorado-que-faz-seu-ar-condicionado-disparar-a-conta-de-luz\/","og_locale":"pt_BR","og_type":"article","og_title":"O detalhe ignorado que faz seu ar-condicionado disparar a conta de luz - Estado de Minas - Em foco","og_description":"Seu ar-condicionado antigo pode estar elevando sua conta de luz sem que voc\u00ea perceba. Veja como economizar at\u00e9 60% com pequenas mudan\u00e7as.","og_url":"https:\/\/www.em.com.br\/emfoco\/2025\/09\/11\/o-detalhe-ignorado-que-faz-seu-ar-condicionado-disparar-a-conta-de-luz\/","og_site_name":"Estado de Minas - Em foco","article_published_time":"2025-09-11T09:48:00+00:00","article_modified_time":"2025-09-09T17:57:50+00:00","og_image":[{"width":1280,"height":720,"url":"https:\/\/www.em.com.br\/emfoco\/wp-content\/uploads\/2025\/09\/Conta-de-luz_1757440378475.jpg","type":"image\/jpeg"}],"author":"Gabriel Martins","twitter_card":"summary_large_image","twitter_misc":{"Escrito por":"Gabriel Martins","Est. tempo de leitura":"3 minutos"},"schema":{"@context":"https:\/\/schema.org","@graph":[{"@type":"WebPage","@id":"https:\/\/www.em.com.br\/emfoco\/2025\/09\/11\/o-detalhe-ignorado-que-faz-seu-ar-condicionado-disparar-a-conta-de-luz\/","url":"https:\/\/www.em.com.br\/emfoco\/2025\/09\/11\/o-detalhe-ignorado-que-faz-seu-ar-condicionado-disparar-a-conta-de-luz\/","name":"O detalhe ignorado que faz seu ar-condicionado disparar a conta de luz - Estado de Minas - Em foco","isPartOf":{"@id":"https:\/\/www.em.com.br\/emfoco\/#website"},"primaryImageOfPage":{"@id":"https:\/\/www.em.com.br\/emfoco\/2025\/09\/11\/o-detalhe-ignorado-que-faz-seu-ar-condicionado-disparar-a-conta-de-luz\/#primaryimage"},"image":{"@id":"https:\/\/www.em.com.br\/emfoco\/2025\/09\/11\/o-detalhe-ignorado-que-faz-seu-ar-condicionado-disparar-a-conta-de-luz\/#primaryimage"},"thumbnailUrl":"https:\/\/www.em.com.br\/emfoco\/wp-content\/uploads\/2025\/09\/Conta-de-luz_1757440378475.jpg","datePublished":"2025-09-11T09:48:00+00:00","dateModified":"2025-09-09T17:57:50+00:00","author":{"@id":"https:\/\/www.em.com.br\/emfoco\/#\/schema\/person\/1c9ddeab18b98abeffef834667bcf08a"},"description":"Seu ar-condicionado antigo pode estar elevando sua conta de luz sem que voc\u00ea perceba. Veja como economizar at\u00e9 60% com pequenas mudan\u00e7as.","breadcrumb":{"@id":"https:\/\/www.em.com.br\/emfoco\/2025\/09\/11\/o-detalhe-ignorado-que-faz-seu-ar-condicionado-disparar-a-conta-de-luz\/#breadcrumb"},"inLanguage":"pt-BR","potentialAction":[{"@type":"ReadAction","target":["https:\/\/www.em.com.br\/emfoco\/2025\/09\/11\/o-detalhe-ignorado-que-faz-seu-ar-condicionado-disparar-a-conta-de-luz\/"]}]},{"@type":"ImageObject","inLanguage":"pt-BR","@id":"https:\/\/www.em.com.br\/emfoco\/2025\/09\/11\/o-detalhe-ignorado-que-faz-seu-ar-condicionado-disparar-a-conta-de-luz\/#primaryimage","url":"https:\/\/www.em.com.br\/emfoco\/wp-content\/uploads\/2025\/09\/Conta-de-luz_1757440378475.jpg","contentUrl":"https:\/\/www.em.com.br\/emfoco\/wp-content\/uploads\/2025\/09\/Conta-de-luz_1757440378475.jpg","width":1280,"height":720,"caption":"Casal vendo a conta de energia - Cr\u00e9ditos: depositphotos.com \/ AlexShadyuk"},{"@type":"BreadcrumbList","@id":"https:\/\/www.em.com.br\/emfoco\/2025\/09\/11\/o-detalhe-ignorado-que-faz-seu-ar-condicionado-disparar-a-conta-de-luz\/#breadcrumb","itemListElement":[{"@type":"ListItem","position":1,"name":"In\u00edcio","item":"https:\/\/www.em.com.br\/emfoco\/"},{"@type":"ListItem","position":2,"name":"O detalhe ignorado que faz seu ar-condicionado disparar a conta de luz"}]},{"@type":"WebSite","@id":"https:\/\/www.em.com.br\/emfoco\/#website","url":"https:\/\/www.em.com.br\/emfoco\/","name":"Estado de Minas - Em foco","description":"Acompanhe as \u00faltimas not\u00edcias e fique bem informado sobre tudo o que acontece em Minas Gerais, Brasil e no mundo.","potentialAction":[{"@type":"SearchAction","target":{"@type":"EntryPoint","urlTemplate":"https:\/\/www.em.com.br\/emfoco\/?s={search_term_string}"},"query-input":{"@type":"PropertyValueSpecification","valueRequired":true,"valueName":"search_term_string"}}],"inLanguage":"pt-BR"},{"@type":"Person","@id":"https:\/\/www.em.com.br\/emfoco\/#\/schema\/person\/1c9ddeab18b98abeffef834667bcf08a","name":"Gabriel Martins","image":{"@type":"ImageObject","inLanguage":"pt-BR","@id":"https:\/\/www.em.com.br\/emfoco\/#\/schema\/person\/image\/","url":"https:\/\/secure.gravatar.com\/avatar\/f0f1e2efdfd88f1ad2cb08c5c2731e50?s=96&d=mm&r=g","contentUrl":"https:\/\/secure.gravatar.com\/avatar\/f0f1e2efdfd88f1ad2cb08c5c2731e50?s=96&d=mm&r=g","caption":"Gabriel Martins"},"sameAs":["https:\/\/www.em.com.br\/emfoco\/"],"url":"https:\/\/www.em.com.br\/emfoco\/author\/gabrielmartinsmyth\/"}]}},"_links":{"self":[{"href":"https:\/\/www.em.com.br\/emfoco\/wp-json\/wp\/v2\/posts\/102345","targetHints":{"allow":["GET"]}}],"collection":[{"href":"https:\/\/www.em.com.br\/emfoco\/wp-json\/wp\/v2\/posts"}],"about":[{"href":"https:\/\/www.em.com.br\/emfoco\/wp-json\/wp\/v2\/types\/post"}],"author":[{"embeddable":true,"href":"https:\/\/www.em.com.br\/emfoco\/wp-json\/wp\/v2\/users\/13"}],"replies":[{"embeddable":true,"href":"https:\/\/www.em.com.br\/emfoco\/wp-json\/wp\/v2\/comments?post=102345"}],"version-history":[{"count":2,"href":"https:\/\/www.em.com.br\/emfoco\/wp-json\/wp\/v2\/posts\/102345\/revisions"}],"predecessor-version":[{"id":102381,"href":"https:\/\/www.em.com.br\/emfoco\/wp-json\/wp\/v2\/posts\/102345\/revisions\/102381"}],"wp:featuredmedia":[{"embeddable":true,"href":"https:\/\/www.em.com.br\/emfoco\/wp-json\/wp\/v2\/media\/102375"}],"wp:attachment":[{"href":"https:\/\/www.em.com.br\/emfoco\/wp-json\/wp\/v2\/media?parent=102345"}],"wp:term":[{"taxonomy":"category","embeddable":true,"href":"https:\/\/www.em.com.br\/emfoco\/wp-json\/wp\/v2\/categories?post=102345"},{"taxonomy":"post_tag","embeddable":true,"href":"https:\/\/www.em.com.br\/emfoco\/wp-json\/wp\/v2\/tags?post=102345"}],"curies":[{"name":"wp","href":"https:\/\/api.w.org\/{rel}","templated":true}]}}