{"id":102316,"date":"2025-09-10T19:08:00","date_gmt":"2025-09-10T22:08:00","guid":{"rendered":"https:\/\/www.em.com.br\/emfoco\/?p=102316"},"modified":"2025-09-09T14:18:15","modified_gmt":"2025-09-09T17:18:15","slug":"5-plantas-essenciais-para-montar-um-kit-natural-de-autocuidado","status":"publish","type":"post","link":"https:\/\/www.em.com.br\/emfoco\/2025\/09\/10\/5-plantas-essenciais-para-montar-um-kit-natural-de-autocuidado\/","title":{"rendered":"5 plantas essenciais para montar um kit natural de autocuidado"},"content":{"rendered":"\n<p>Montar um <strong>kit natural de autocuidado<\/strong> \u00e9 uma forma simples de incluir bem-estar na rotina usando plantas com propriedades terap\u00eauticas. Melaleuca, babosa, lavanda, alecrim e camomila oferecem cuidados pr\u00e1ticos e eficazes para corpo e mente.<\/p>\n\n\n\n<ul class=\"wp-block-list\">\n<li>Benef\u00edcios terap\u00eauticos das plantas mais vers\u00e1teis<\/li>\n\n\n\n<li>Formas de uso simples e acess\u00edveis no dia a dia<\/li>\n\n\n\n<li>Dicas para criar seu pr\u00f3prio kit natural em casa<\/li>\n<\/ul>\n\n\n\n<h2 class=\"wp-block-heading\">Por que apostar em plantas no cuidado pessoal di\u00e1rio?<\/h2>\n\n\n\n<p>O uso de <strong>plantas medicinais<\/strong> no cuidado pessoal resgata tradi\u00e7\u00f5es antigas e alia benef\u00edcios terap\u00eauticos a pr\u00e1ticas sustent\u00e1veis. Essas alternativas reduzem a exposi\u00e7\u00e3o a qu\u00edmicos, estimulam o equil\u00edbrio natural do corpo e tornam o autocuidado mais consciente.<\/p>\n\n\n\n<p>Al\u00e9m de promover relaxamento e bem-estar, um <strong>kit natural de autocuidado<\/strong> pode auxiliar em quest\u00f5es como pele sens\u00edvel, estresse e fortalecimento capilar. A combina\u00e7\u00e3o de plantas selecionadas garante versatilidade no tratamento di\u00e1rio sem complica\u00e7\u00f5es.<\/p>\n\n\n\n<figure class=\"wp-block-image size-large\"><img loading=\"lazy\" decoding=\"async\" width=\"1024\" height=\"576\" src=\"https:\/\/www.em.com.br\/emfoco\/wp-content\/uploads\/2025\/09\/Malaleuca_1757438047345-1024x576.jpg\" alt=\"5 plantas essenciais para montar um kit natural de autocuidado\" class=\"wp-image-102324\" srcset=\"https:\/\/www.em.com.br\/emfoco\/wp-content\/uploads\/2025\/09\/Malaleuca_1757438047345-1024x576.jpg 1024w, https:\/\/www.em.com.br\/emfoco\/wp-content\/uploads\/2025\/09\/Malaleuca_1757438047345-300x169.jpg 300w, https:\/\/www.em.com.br\/emfoco\/wp-content\/uploads\/2025\/09\/Malaleuca_1757438047345-768x432.jpg 768w, https:\/\/www.em.com.br\/emfoco\/wp-content\/uploads\/2025\/09\/Malaleuca_1757438047345-750x422.jpg 750w, https:\/\/www.em.com.br\/emfoco\/wp-content\/uploads\/2025\/09\/Malaleuca_1757438047345-1140x641.jpg 1140w, https:\/\/www.em.com.br\/emfoco\/wp-content\/uploads\/2025\/09\/Malaleuca_1757438047345.jpg 1280w\" sizes=\"auto, (max-width: 1024px) 100vw, 1024px\" \/><figcaption class=\"wp-element-caption\">A\u00e7\u00e3o antiss\u00e9ptica que ajuda no combate \u00e0 acne e infec\u00e7\u00f5es de pele &#8211; Cr\u00e9ditos: depositphotos.com \/ seeingandfeeling<\/figcaption><\/figure>\n\n\n\n<h2 class=\"wp-block-heading\">Quais s\u00e3o os usos pr\u00e1ticos da melaleuca e da babosa?<\/h2>\n\n\n\n<p>A <strong>melaleuca<\/strong> \u00e9 conhecida por suas propriedades antiss\u00e9pticas e antif\u00fangicas, ideal para pequenas irrita\u00e7\u00f5es de pele, acne e cuidados com unhas. J\u00e1 a <strong><a href=\"https:\/\/www.em.com.br\/emfoco\/2025\/09\/04\/suco-de-babosa-com-so-8-calorias-refresca-melhora-a-digestao-e-ainda-tem-gosto-de-limao\/\" target=\"_blank\" rel=\"noreferrer noopener\">babosa <\/a><\/strong>\u00e9 poderosa na hidrata\u00e7\u00e3o, acelerando a cicatriza\u00e7\u00e3o e trazendo frescor imediato em queimaduras leves.<\/p>\n\n\n\n<ul class=\"wp-block-list\">\n<li>Melaleuca: combate acne e ajuda em infec\u00e7\u00f5es de pele<\/li>\n\n\n\n<li>Babosa: hidrata profundamente pele e cabelo<\/li>\n\n\n\n<li>Babosa: auxilia na cicatriza\u00e7\u00e3o de queimaduras<\/li>\n<\/ul>\n\n\n\n<figure class=\"wp-block-image size-large\"><img loading=\"lazy\" decoding=\"async\" width=\"1024\" height=\"576\" src=\"https:\/\/www.em.com.br\/emfoco\/wp-content\/uploads\/2025\/09\/Aloe-vera-skin_1756842738052-1024x576.jpg\" alt=\"3 formas simples de usar babosa para melhorar a sa\u00fade da sua pele\" class=\"wp-image-99975\" srcset=\"https:\/\/www.em.com.br\/emfoco\/wp-content\/uploads\/2025\/09\/Aloe-vera-skin_1756842738052-1024x576.jpg 1024w, https:\/\/www.em.com.br\/emfoco\/wp-content\/uploads\/2025\/09\/Aloe-vera-skin_1756842738052-300x169.jpg 300w, https:\/\/www.em.com.br\/emfoco\/wp-content\/uploads\/2025\/09\/Aloe-vera-skin_1756842738052-768x432.jpg 768w, https:\/\/www.em.com.br\/emfoco\/wp-content\/uploads\/2025\/09\/Aloe-vera-skin_1756842738052-750x422.jpg 750w, https:\/\/www.em.com.br\/emfoco\/wp-content\/uploads\/2025\/09\/Aloe-vera-skin_1756842738052-1140x641.jpg 1140w, https:\/\/www.em.com.br\/emfoco\/wp-content\/uploads\/2025\/09\/Aloe-vera-skin_1756842738052.jpg 1280w\" sizes=\"auto, (max-width: 1024px) 100vw, 1024px\" \/><figcaption class=\"wp-element-caption\">Skincare com babosa &#8211; Cr\u00e9ditos: depositphotos.com \/ Kzenon<\/figcaption><\/figure>\n\n\n\n<h2 class=\"wp-block-heading\">Como lavanda e alecrim podem transformar sua rotina?<\/h2>\n\n\n\n<p>A <strong>lavanda<\/strong> \u00e9 amplamente utilizada para reduzir estresse, auxiliar no sono e equilibrar emo\u00e7\u00f5es. Seu aroma suave e calmante pode ser aplicado em \u00f3leos essenciais, sach\u00eas ou at\u00e9 mesmo em banhos relaxantes, promovendo um efeito imediato de tranquilidade.<\/p>\n\n\n\n<p>O <strong>alecrim<\/strong>, por outro lado, \u00e9 estimulante. Usado em infus\u00f5es ou como \u00f3leo, ajuda na concentra\u00e7\u00e3o, alivia dores musculares e fortalece o couro cabeludo. Essa planta vers\u00e1til atua tanto no <strong><a href=\"https:\/\/www.tuasaude.com\/beneficios-do-cha-de-alecrim\/\" target=\"_blank\" rel=\"noreferrer noopener\">bem-estar f\u00edsico quanto mental<\/a><\/strong>, complementando seu kit natural.<\/p>\n\n\n\n<figure class=\"wp-block-image size-large\"><img loading=\"lazy\" decoding=\"async\" width=\"1024\" height=\"576\" src=\"https:\/\/www.em.com.br\/emfoco\/wp-content\/uploads\/2025\/09\/Lavanda_1756824173715-1024x576.jpg\" alt=\"A planta perfumada que relaxa, combate dores e ainda cuida da pele\" class=\"wp-image-99805\" srcset=\"https:\/\/www.em.com.br\/emfoco\/wp-content\/uploads\/2025\/09\/Lavanda_1756824173715-1024x576.jpg 1024w, https:\/\/www.em.com.br\/emfoco\/wp-content\/uploads\/2025\/09\/Lavanda_1756824173715-300x169.jpg 300w, https:\/\/www.em.com.br\/emfoco\/wp-content\/uploads\/2025\/09\/Lavanda_1756824173715-768x432.jpg 768w, https:\/\/www.em.com.br\/emfoco\/wp-content\/uploads\/2025\/09\/Lavanda_1756824173715-750x422.jpg 750w, https:\/\/www.em.com.br\/emfoco\/wp-content\/uploads\/2025\/09\/Lavanda_1756824173715-1140x641.jpg 1140w, https:\/\/www.em.com.br\/emfoco\/wp-content\/uploads\/2025\/09\/Lavanda_1756824173715.jpg 1280w\" sizes=\"auto, (max-width: 1024px) 100vw, 1024px\" \/><figcaption class=\"wp-element-caption\">Lavanda &#8211; Cr\u00e9ditos: depositphotos.com \/ Kazlouskaya<\/figcaption><\/figure>\n\n\n\n<h2 class=\"wp-block-heading\">Por que a camomila \u00e9 indispens\u00e1vel no seu kit?<\/h2>\n\n\n\n<p>A <strong>camomila<\/strong> \u00e9 uma das plantas mais tradicionais para autocuidado, com propriedades calmantes e anti-inflamat\u00f3rias. Pode ser utilizada em ch\u00e1s, compressas e \u00f3leos, ajudando tanto no relaxamento quanto em irrita\u00e7\u00f5es na pele e olhos cansados.<\/p>\n\n\n\n<ul class=\"wp-block-list\">\n<li>Infus\u00e3o de camomila para relaxar antes de dormir<\/li>\n\n\n\n<li>Compressa para reduzir olheiras e incha\u00e7os<\/li>\n\n\n\n<li>Banho de camomila para acalmar a pele sens\u00edvel<\/li>\n<\/ul>\n\n\n\n<figure class=\"wp-block-image size-large\"><img loading=\"lazy\" decoding=\"async\" width=\"1024\" height=\"576\" src=\"https:\/\/www.em.com.br\/emfoco\/wp-content\/uploads\/2025\/04\/camomila_1743873907763-1024x576.jpg\" alt=\"Por que tomar ch\u00e1 de camomila diariamente pode proteger sua sa\u00fade mental\" class=\"wp-image-35634\" srcset=\"https:\/\/www.em.com.br\/emfoco\/wp-content\/uploads\/2025\/04\/camomila_1743873907763-1024x576.jpg 1024w, https:\/\/www.em.com.br\/emfoco\/wp-content\/uploads\/2025\/04\/camomila_1743873907763-300x169.jpg 300w, https:\/\/www.em.com.br\/emfoco\/wp-content\/uploads\/2025\/04\/camomila_1743873907763-768x432.jpg 768w, https:\/\/www.em.com.br\/emfoco\/wp-content\/uploads\/2025\/04\/camomila_1743873907763-750x422.jpg 750w, https:\/\/www.em.com.br\/emfoco\/wp-content\/uploads\/2025\/04\/camomila_1743873907763-1140x641.jpg 1140w, https:\/\/www.em.com.br\/emfoco\/wp-content\/uploads\/2025\/04\/camomila_1743873907763.jpg 1280w\" sizes=\"auto, (max-width: 1024px) 100vw, 1024px\" \/><figcaption class=\"wp-element-caption\">Camomila &#8211; Cr\u00e9ditos: depositphotos.com \/ gdolgikh<\/figcaption><\/figure>\n\n\n\n<h2 class=\"wp-block-heading\">Como organizar seu kit natural de autocuidado em casa?<\/h2>\n\n\n\n<p>Montar um <strong>kit de bem-estar<\/strong> com plantas \u00e9 simples: basta reunir os itens em frascos de vidro, sach\u00eas de tecido ou potes reutiliz\u00e1veis. Manter cada planta ou \u00f3leo identificado facilita o uso di\u00e1rio e ajuda a integrar o h\u00e1bito na rotina.<\/p>\n\n\n\n<ul class=\"wp-block-list\">\n<li>Separe frascos pequenos para cada extrato ou \u00f3leo<\/li>\n\n\n\n<li>Inclua etiquetas com a fun\u00e7\u00e3o de cada planta<\/li>\n\n\n\n<li>Armazene em local fresco para preservar as propriedades<\/li>\n<\/ul>\n\n\n\n<p><\/p>\n","protected":false},"excerpt":{"rendered":"<p>Montar um kit natural de autocuidado \u00e9 uma forma simples de incluir bem-estar na rotina usando plantas com propriedades terap\u00eauticas. Melaleuca, babosa, lavanda, alecrim e camomila oferecem cuidados pr\u00e1ticos e eficazes para corpo e mente. Por que apostar em plantas no cuidado pessoal di\u00e1rio? O uso de plantas medicinais no cuidado pessoal resgata tradi\u00e7\u00f5es antigas [&hellip;]<\/p>\n","protected":false},"author":13,"featured_media":99977,"comment_status":"open","ping_status":"open","sticky":false,"template":"","format":"standard","meta":{"jnews-multi-image_gallery":[],"jnews_single_post":{"format":"standard"},"jnews_primary_category":[],"jnews_social_meta":[],"jnews_override_counter":[],"footnotes":""},"categories":[8819],"tags":[712,15750,5508],"class_list":["post-102316","post","type-post","status-publish","format-standard","has-post-thumbnail","hentry","category-curiosidades","tag-autocuidado","tag-kit-de-autocuidado","tag-plantas-medicinais"],"yoast_head":"<!-- This site is optimized with the Yoast SEO plugin v23.8 - https:\/\/yoast.com\/wordpress\/plugins\/seo\/ -->\n<title>5 plantas essenciais para montar um kit natural de autocuidado - Estado de Minas - Em foco<\/title>\n<meta name=\"description\" content=\"Saiba como o autocuidado com plantas pode transformar sua rotina. Benef\u00edcios naturais que ajudam sua pele, mente e emo\u00e7\u00f5es.\" \/>\n<meta name=\"robots\" content=\"index, follow, max-snippet:-1, max-image-preview:large, max-video-preview:-1\" \/>\n<link rel=\"canonical\" href=\"https:\/\/www.em.com.br\/emfoco\/2025\/09\/10\/5-plantas-essenciais-para-montar-um-kit-natural-de-autocuidado\/\" \/>\n<meta property=\"og:locale\" content=\"pt_BR\" \/>\n<meta property=\"og:type\" content=\"article\" \/>\n<meta property=\"og:title\" content=\"5 plantas essenciais para montar um kit natural de autocuidado - Estado de Minas - Em foco\" \/>\n<meta property=\"og:description\" content=\"Saiba como o autocuidado com plantas pode transformar sua rotina. Benef\u00edcios naturais que ajudam sua pele, mente e emo\u00e7\u00f5es.\" \/>\n<meta property=\"og:url\" content=\"https:\/\/www.em.com.br\/emfoco\/2025\/09\/10\/5-plantas-essenciais-para-montar-um-kit-natural-de-autocuidado\/\" \/>\n<meta property=\"og:site_name\" content=\"Estado de Minas - Em foco\" \/>\n<meta property=\"article:published_time\" content=\"2025-09-10T22:08:00+00:00\" \/>\n<meta property=\"article:modified_time\" content=\"2025-09-09T17:18:15+00:00\" \/>\n<meta property=\"og:image\" content=\"https:\/\/www.em.com.br\/emfoco\/wp-content\/uploads\/2025\/09\/Aloe-vera-skin_1756842799707.jpg\" \/>\n\t<meta property=\"og:image:width\" content=\"1280\" \/>\n\t<meta property=\"og:image:height\" content=\"720\" \/>\n\t<meta property=\"og:image:type\" content=\"image\/jpeg\" \/>\n<meta name=\"author\" content=\"Gabriel Martins\" \/>\n<meta name=\"twitter:card\" content=\"summary_large_image\" \/>\n<meta name=\"twitter:label1\" content=\"Escrito por\" \/>\n\t<meta name=\"twitter:data1\" content=\"Gabriel Martins\" \/>\n\t<meta name=\"twitter:label2\" content=\"Est. tempo de leitura\" \/>\n\t<meta name=\"twitter:data2\" content=\"4 minutos\" \/>\n<!-- \/ Yoast SEO plugin. -->","yoast_head_json":{"title":"5 plantas essenciais para montar um kit natural de autocuidado - Estado de Minas - Em foco","description":"Saiba como o autocuidado com plantas pode transformar sua rotina. Benef\u00edcios naturais que ajudam sua pele, mente e emo\u00e7\u00f5es.","robots":{"index":"index","follow":"follow","max-snippet":"max-snippet:-1","max-image-preview":"max-image-preview:large","max-video-preview":"max-video-preview:-1"},"canonical":"https:\/\/www.em.com.br\/emfoco\/2025\/09\/10\/5-plantas-essenciais-para-montar-um-kit-natural-de-autocuidado\/","og_locale":"pt_BR","og_type":"article","og_title":"5 plantas essenciais para montar um kit natural de autocuidado - Estado de Minas - Em foco","og_description":"Saiba como o autocuidado com plantas pode transformar sua rotina. Benef\u00edcios naturais que ajudam sua pele, mente e emo\u00e7\u00f5es.","og_url":"https:\/\/www.em.com.br\/emfoco\/2025\/09\/10\/5-plantas-essenciais-para-montar-um-kit-natural-de-autocuidado\/","og_site_name":"Estado de Minas - Em foco","article_published_time":"2025-09-10T22:08:00+00:00","article_modified_time":"2025-09-09T17:18:15+00:00","og_image":[{"width":1280,"height":720,"url":"https:\/\/www.em.com.br\/emfoco\/wp-content\/uploads\/2025\/09\/Aloe-vera-skin_1756842799707.jpg","type":"image\/jpeg"}],"author":"Gabriel Martins","twitter_card":"summary_large_image","twitter_misc":{"Escrito por":"Gabriel Martins","Est. tempo de leitura":"4 minutos"},"schema":{"@context":"https:\/\/schema.org","@graph":[{"@type":"WebPage","@id":"https:\/\/www.em.com.br\/emfoco\/2025\/09\/10\/5-plantas-essenciais-para-montar-um-kit-natural-de-autocuidado\/","url":"https:\/\/www.em.com.br\/emfoco\/2025\/09\/10\/5-plantas-essenciais-para-montar-um-kit-natural-de-autocuidado\/","name":"5 plantas essenciais para montar um kit natural de autocuidado - Estado de Minas - Em foco","isPartOf":{"@id":"https:\/\/www.em.com.br\/emfoco\/#website"},"primaryImageOfPage":{"@id":"https:\/\/www.em.com.br\/emfoco\/2025\/09\/10\/5-plantas-essenciais-para-montar-um-kit-natural-de-autocuidado\/#primaryimage"},"image":{"@id":"https:\/\/www.em.com.br\/emfoco\/2025\/09\/10\/5-plantas-essenciais-para-montar-um-kit-natural-de-autocuidado\/#primaryimage"},"thumbnailUrl":"https:\/\/www.em.com.br\/emfoco\/wp-content\/uploads\/2025\/09\/Aloe-vera-skin_1756842799707.jpg","datePublished":"2025-09-10T22:08:00+00:00","dateModified":"2025-09-09T17:18:15+00:00","author":{"@id":"https:\/\/www.em.com.br\/emfoco\/#\/schema\/person\/1c9ddeab18b98abeffef834667bcf08a"},"description":"Saiba como o autocuidado com plantas pode transformar sua rotina. Benef\u00edcios naturais que ajudam sua pele, mente e emo\u00e7\u00f5es.","breadcrumb":{"@id":"https:\/\/www.em.com.br\/emfoco\/2025\/09\/10\/5-plantas-essenciais-para-montar-um-kit-natural-de-autocuidado\/#breadcrumb"},"inLanguage":"pt-BR","potentialAction":[{"@type":"ReadAction","target":["https:\/\/www.em.com.br\/emfoco\/2025\/09\/10\/5-plantas-essenciais-para-montar-um-kit-natural-de-autocuidado\/"]}]},{"@type":"ImageObject","inLanguage":"pt-BR","@id":"https:\/\/www.em.com.br\/emfoco\/2025\/09\/10\/5-plantas-essenciais-para-montar-um-kit-natural-de-autocuidado\/#primaryimage","url":"https:\/\/www.em.com.br\/emfoco\/wp-content\/uploads\/2025\/09\/Aloe-vera-skin_1756842799707.jpg","contentUrl":"https:\/\/www.em.com.br\/emfoco\/wp-content\/uploads\/2025\/09\/Aloe-vera-skin_1756842799707.jpg","width":1280,"height":720,"caption":"Aplica\u00e7\u00e3o simples em casa que gera resultados r\u00e1pidos - Cr\u00e9ditos: depositphotos.com \/ AntonMatyukha"},{"@type":"BreadcrumbList","@id":"https:\/\/www.em.com.br\/emfoco\/2025\/09\/10\/5-plantas-essenciais-para-montar-um-kit-natural-de-autocuidado\/#breadcrumb","itemListElement":[{"@type":"ListItem","position":1,"name":"In\u00edcio","item":"https:\/\/www.em.com.br\/emfoco\/"},{"@type":"ListItem","position":2,"name":"5 plantas essenciais para montar um kit natural de autocuidado"}]},{"@type":"WebSite","@id":"https:\/\/www.em.com.br\/emfoco\/#website","url":"https:\/\/www.em.com.br\/emfoco\/","name":"Estado de Minas - Em foco","description":"Acompanhe as \u00faltimas not\u00edcias e fique bem informado sobre tudo o que acontece em Minas Gerais, Brasil e no mundo.","potentialAction":[{"@type":"SearchAction","target":{"@type":"EntryPoint","urlTemplate":"https:\/\/www.em.com.br\/emfoco\/?s={search_term_string}"},"query-input":{"@type":"PropertyValueSpecification","valueRequired":true,"valueName":"search_term_string"}}],"inLanguage":"pt-BR"},{"@type":"Person","@id":"https:\/\/www.em.com.br\/emfoco\/#\/schema\/person\/1c9ddeab18b98abeffef834667bcf08a","name":"Gabriel Martins","image":{"@type":"ImageObject","inLanguage":"pt-BR","@id":"https:\/\/www.em.com.br\/emfoco\/#\/schema\/person\/image\/","url":"https:\/\/secure.gravatar.com\/avatar\/f0f1e2efdfd88f1ad2cb08c5c2731e50?s=96&d=mm&r=g","contentUrl":"https:\/\/secure.gravatar.com\/avatar\/f0f1e2efdfd88f1ad2cb08c5c2731e50?s=96&d=mm&r=g","caption":"Gabriel Martins"},"sameAs":["https:\/\/www.em.com.br\/emfoco\/"],"url":"https:\/\/www.em.com.br\/emfoco\/author\/gabrielmartinsmyth\/"}]}},"_links":{"self":[{"href":"https:\/\/www.em.com.br\/emfoco\/wp-json\/wp\/v2\/posts\/102316","targetHints":{"allow":["GET"]}}],"collection":[{"href":"https:\/\/www.em.com.br\/emfoco\/wp-json\/wp\/v2\/posts"}],"about":[{"href":"https:\/\/www.em.com.br\/emfoco\/wp-json\/wp\/v2\/types\/post"}],"author":[{"embeddable":true,"href":"https:\/\/www.em.com.br\/emfoco\/wp-json\/wp\/v2\/users\/13"}],"replies":[{"embeddable":true,"href":"https:\/\/www.em.com.br\/emfoco\/wp-json\/wp\/v2\/comments?post=102316"}],"version-history":[{"count":1,"href":"https:\/\/www.em.com.br\/emfoco\/wp-json\/wp\/v2\/posts\/102316\/revisions"}],"predecessor-version":[{"id":102325,"href":"https:\/\/www.em.com.br\/emfoco\/wp-json\/wp\/v2\/posts\/102316\/revisions\/102325"}],"wp:featuredmedia":[{"embeddable":true,"href":"https:\/\/www.em.com.br\/emfoco\/wp-json\/wp\/v2\/media\/99977"}],"wp:attachment":[{"href":"https:\/\/www.em.com.br\/emfoco\/wp-json\/wp\/v2\/media?parent=102316"}],"wp:term":[{"taxonomy":"category","embeddable":true,"href":"https:\/\/www.em.com.br\/emfoco\/wp-json\/wp\/v2\/categories?post=102316"},{"taxonomy":"post_tag","embeddable":true,"href":"https:\/\/www.em.com.br\/emfoco\/wp-json\/wp\/v2\/tags?post=102316"}],"curies":[{"name":"wp","href":"https:\/\/api.w.org\/{rel}","templated":true}]}}