{"id":102308,"date":"2025-09-09T18:45:00","date_gmt":"2025-09-09T21:45:00","guid":{"rendered":"https:\/\/www.em.com.br\/emfoco\/?p=102308"},"modified":"2025-09-09T14:55:25","modified_gmt":"2025-09-09T17:55:25","slug":"marca-conhecida-e-proibida-de-comercializar-creatina-e-suplementos-por-condicoes-insalubres","status":"publish","type":"post","link":"https:\/\/www.em.com.br\/emfoco\/2025\/09\/09\/marca-conhecida-e-proibida-de-comercializar-creatina-e-suplementos-por-condicoes-insalubres\/","title":{"rendered":"Marca conhecida \u00e9 proibida de comercializar creatina e suplementos por condi\u00e7\u00f5es insalubres"},"content":{"rendered":"\n<p>Recentemente, a&nbsp;<strong>Ag\u00eancia Nacional de Vigil\u00e2ncia Sanit\u00e1ria (Anvisa)<\/strong>&nbsp;tomou uma medida dr\u00e1stica contra a empresa&nbsp;<strong>Ervas Brasillis<\/strong>, proibindo a comercializa\u00e7\u00e3o de seus produtos. Essa decis\u00e3o surge ap\u00f3s uma inspe\u00e7\u00e3o que revelou condi\u00e7\u00f5es insalubres de fabrica\u00e7\u00e3o. O que isso significa para o mercado de suplementos?<\/p>\n\n\n\n<ul class=\"wp-block-list\">\n<li><strong>An\u00e1lise dos motivos:<\/strong>\u00a0Descubra o que levou a Anvisa a tomar essa decis\u00e3o.<\/li>\n\n\n\n<li><strong>Consequ\u00eancias para o mercado:<\/strong>\u00a0Impactos na ind\u00fastria e para os consumidores.<\/li>\n\n\n\n<li><strong>Entenda as regulamenta\u00e7\u00f5es:<\/strong>\u00a0O que diz a legisla\u00e7\u00e3o sobre a produ\u00e7\u00e3o de suplementos alimentares.<\/li>\n<\/ul>\n\n\n\n<h2 class=\"wp-block-heading\">O que motivou a proibi\u00e7\u00e3o dos produtos da empresa?<\/h2>\n\n\n\n<p>A&nbsp;<strong>Anvisa<\/strong>&nbsp;determinou a apreens\u00e3o de 32 suplementos alimentares da&nbsp;<strong>Ervas Brasillis<\/strong>&nbsp;ap\u00f3s constatar graves viola\u00e7\u00f5es sanit\u00e1rias. Durante uma inspe\u00e7\u00e3o, foram encontradas pr\u00e1ticas de fabrica\u00e7\u00e3o em condi\u00e7\u00f5es&nbsp;<strong>insalubres de higiene<\/strong>&nbsp;e sem licen\u00e7a sanit\u00e1ria. Esse tipo de decis\u00e3o costuma envolver tamb\u00e9m comunica\u00e7\u00e3o oficial aos \u00f3rg\u00e3os estaduais e \u00e0&nbsp;<strong>Pol\u00edcia Civil<\/strong>, ampliando a fiscaliza\u00e7\u00e3o sobre a empresa.<\/p>\n\n\n\n<p><strong>Leia tamb\u00e9m:<\/strong>\u00a0<a href=\"https:\/\/www.em.com.br\/emfoco\/2025\/09\/06\/alerta-anvisa-determinou-a-proibicao-de-anel-que-promete-medir-glicose\/\" target=\"_blank\" rel=\"noreferrer noopener\">Alerta! Anvisa determinou a proibi\u00e7\u00e3o de anel que promete medir glicose<\/a><\/p>\n\n\n\n<h2 class=\"wp-block-heading\">Quais s\u00e3o as consequ\u00eancias dessa decis\u00e3o para o mercado?<\/h2>\n\n\n\n<p>A proibi\u00e7\u00e3o criada pela&nbsp;<strong>Anvisa<\/strong>&nbsp;n\u00e3o apenas impede a comercializa\u00e7\u00e3o dos produtos da&nbsp;<strong>Ervas Brasillis<\/strong>, mas tamb\u00e9m afeta diretamente o mercado de suplementos, impactando consumidores, revendedores e a distribui\u00e7\u00e3o. Em muitos casos, outras empresas do setor podem ser fiscalizadas de forma mais rigorosa em fun\u00e7\u00e3o dessa ocorr\u00eancia.<\/p>\n\n\n\n<figure class=\"wp-block-image\"><img decoding=\"async\" src=\"https:\/\/www.em.com.br\/emfoco\/wp-content\/uploads\/2025\/08\/suplementos_1756482198623-1024x576.jpg\" alt=\"\"\/><figcaption class=\"wp-element-caption\">Suplementos com risco a sa\u00fade &#8211; Cr\u00e9ditos: depositphotos.com \/ monticello<\/figcaption><\/figure>\n\n\n\n<h2 class=\"wp-block-heading\">Como funcionam as regulamenta\u00e7\u00f5es para suplementos no pa\u00eds?<\/h2>\n\n\n\n<p>De acordo com o<a href=\"https:\/\/www.planalto.gov.br\/ccivil_03\/decreto-lei\/del0986.htm\" target=\"_blank\" rel=\"noreferrer noopener\"> artigo 46 do\u00a0<strong>Decreto-Lei 986\/1969<\/strong><\/a>, todos os estabelecimentos que fabricam alimentos devem possuir licen\u00e7a da autoridade sanit\u00e1ria. Isso garante que todas as etapas da produ\u00e7\u00e3o sigam boas pr\u00e1ticas de fabrica\u00e7\u00e3o, evitando riscos \u00e0 sa\u00fade. Recentemente, normas complementares publicadas pela\u00a0<strong>Anvisa<\/strong>\u00a0refor\u00e7aram a necessidade de rastreabilidade e controle dos ingredientes, o que tende a aumentar a confian\u00e7a do consumidor.<\/p>\n\n\n\n<h2 class=\"wp-block-heading\">Por que a seguran\u00e7a no consumo de suplementos \u00e9 essencial?<\/h2>\n\n\n\n<p>A seguran\u00e7a alimentar \u00e9 essencial, principalmente no consumo de suplementos que afetam diretamente a sa\u00fade. Seguir regulamenta\u00e7\u00f5es como as estabelecidas pela&nbsp;<strong>Anvisa<\/strong>&nbsp;\u00e9 crucial para garantir produtos seguros. Vale lembrar que \u00f3rg\u00e3os como o&nbsp;<strong>Procon<\/strong>&nbsp;geralmente recebem den\u00fancias de consumidores e orientam sobre como agir caso tenham adquirido produtos irregulares.<\/p>\n\n\n\n<ul class=\"wp-block-list\">\n<li><strong>Pr\u00e1tica correta:<\/strong>\u00a0Consumidores devem sempre verificar certifica\u00e7\u00f5es antes de adquirir suplementos.<\/li>\n\n\n\n<li><strong>Qualidade garantida:<\/strong>\u00a0Empresas devem seguir boas pr\u00e1ticas para manter a confian\u00e7a no mercado.<\/li>\n\n\n\n<li><strong>Fiscaliza\u00e7\u00e3o constante:<\/strong>\u00a0A supervis\u00e3o de \u00f3rg\u00e3os reguladores \u00e9 fundamental para proteger a sa\u00fade p\u00fablica.<\/li>\n<\/ul>\n\n\n\n<h2 class=\"wp-block-heading\">O que esperar de impactos futuros para o mercado de suplementos?<\/h2>\n\n\n\n<p>Essa decis\u00e3o da&nbsp;<strong>Anvisa<\/strong>&nbsp;pode estimular uma maior fiscaliza\u00e7\u00e3o no setor de suplementos, visando garantir a qualidade e seguran\u00e7a dos produtos. O objetivo \u00e9 proteger consumidores e promover pr\u00e1ticas industriais \u00e9ticas e respons\u00e1veis. Especialistas apontam que, em casos semelhantes ao da&nbsp;<strong>Ervas Brasillis<\/strong>, pode haver convoca\u00e7\u00e3o de recalls, envolvendo tamb\u00e9m outras empresas que compartilham fornecedores ou processos.<\/p>\n\n\n\n<p>Esse caso ressalta a import\u00e2ncia de seguir regulamenta\u00e7\u00f5es para a seguran\u00e7a do consumidor. Para mais informa\u00e7\u00f5es sobre a decis\u00e3o da&nbsp;<strong>Anvisa<\/strong>, consulte o&nbsp;<strong>Decreto-Lei 986\/1969<\/strong>.<\/p>\n","protected":false},"excerpt":{"rendered":"<p>Recentemente, a&nbsp;Ag\u00eancia Nacional de Vigil\u00e2ncia Sanit\u00e1ria (Anvisa)&nbsp;tomou uma medida dr\u00e1stica contra a empresa&nbsp;Ervas Brasillis, proibindo a comercializa\u00e7\u00e3o de seus produtos. Essa decis\u00e3o surge ap\u00f3s uma inspe\u00e7\u00e3o que revelou condi\u00e7\u00f5es insalubres de fabrica\u00e7\u00e3o. O que isso significa para o mercado de suplementos? O que motivou a proibi\u00e7\u00e3o dos produtos da empresa? A&nbsp;Anvisa&nbsp;determinou a apreens\u00e3o de 32 [&hellip;]<\/p>\n","protected":false},"author":11,"featured_media":97961,"comment_status":"open","ping_status":"open","sticky":false,"template":"","format":"standard","meta":{"jnews-multi-image_gallery":[],"jnews_single_post":{"format":"standard"},"jnews_primary_category":[],"jnews_social_meta":[],"jnews_override_counter":[],"footnotes":""},"categories":[8819,1],"tags":[9609,4072,8538,4021],"class_list":["post-102308","post","type-post","status-publish","format-standard","has-post-thumbnail","hentry","category-curiosidades","category-noticias","tag-anvisa","tag-creatina","tag-proibido","tag-suplemento"],"yoast_head":"<!-- This site is optimized with the Yoast SEO plugin v23.8 - https:\/\/yoast.com\/wordpress\/plugins\/seo\/ -->\n<title>Marca conhecida \u00e9 proibida de comercializar creatina e suplementos por condi\u00e7\u00f5es insalubres - Estado de Minas - Em foco<\/title>\n<meta name=\"description\" content=\"Consumidores e empresas sentem os efeitos da proibi\u00e7\u00e3o da Anvisa. Essa medida promete mais rigor na fiscaliza\u00e7\u00e3o.\" \/>\n<meta name=\"robots\" content=\"index, follow, max-snippet:-1, max-image-preview:large, max-video-preview:-1\" \/>\n<link rel=\"canonical\" href=\"https:\/\/www.em.com.br\/emfoco\/2025\/09\/09\/marca-conhecida-e-proibida-de-comercializar-creatina-e-suplementos-por-condicoes-insalubres\/\" \/>\n<meta property=\"og:locale\" content=\"pt_BR\" \/>\n<meta property=\"og:type\" content=\"article\" \/>\n<meta property=\"og:title\" content=\"Marca conhecida \u00e9 proibida de comercializar creatina e suplementos por condi\u00e7\u00f5es insalubres - Estado de Minas - Em foco\" \/>\n<meta property=\"og:description\" content=\"Consumidores e empresas sentem os efeitos da proibi\u00e7\u00e3o da Anvisa. Essa medida promete mais rigor na fiscaliza\u00e7\u00e3o.\" \/>\n<meta property=\"og:url\" content=\"https:\/\/www.em.com.br\/emfoco\/2025\/09\/09\/marca-conhecida-e-proibida-de-comercializar-creatina-e-suplementos-por-condicoes-insalubres\/\" \/>\n<meta property=\"og:site_name\" content=\"Estado de Minas - Em foco\" \/>\n<meta property=\"article:published_time\" content=\"2025-09-09T21:45:00+00:00\" \/>\n<meta property=\"article:modified_time\" content=\"2025-09-09T17:55:25+00:00\" \/>\n<meta property=\"og:image\" content=\"https:\/\/www.em.com.br\/emfoco\/wp-content\/uploads\/2025\/08\/suplementos_1756482239331.jpg\" \/>\n\t<meta property=\"og:image:width\" content=\"1280\" \/>\n\t<meta property=\"og:image:height\" content=\"720\" \/>\n\t<meta property=\"og:image:type\" content=\"image\/jpeg\" \/>\n<meta name=\"author\" content=\"Andre\u0301 Rangel\u00a0\" \/>\n<meta name=\"twitter:card\" content=\"summary_large_image\" \/>\n<meta name=\"twitter:label1\" content=\"Escrito por\" \/>\n\t<meta name=\"twitter:data1\" content=\"Andre\u0301 Rangel\u00a0\" \/>\n\t<meta name=\"twitter:label2\" content=\"Est. tempo de leitura\" \/>\n\t<meta name=\"twitter:data2\" content=\"4 minutos\" \/>\n<!-- \/ Yoast SEO plugin. -->","yoast_head_json":{"title":"Marca conhecida \u00e9 proibida de comercializar creatina e suplementos por condi\u00e7\u00f5es insalubres - Estado de Minas - Em foco","description":"Consumidores e empresas sentem os efeitos da proibi\u00e7\u00e3o da Anvisa. Essa medida promete mais rigor na fiscaliza\u00e7\u00e3o.","robots":{"index":"index","follow":"follow","max-snippet":"max-snippet:-1","max-image-preview":"max-image-preview:large","max-video-preview":"max-video-preview:-1"},"canonical":"https:\/\/www.em.com.br\/emfoco\/2025\/09\/09\/marca-conhecida-e-proibida-de-comercializar-creatina-e-suplementos-por-condicoes-insalubres\/","og_locale":"pt_BR","og_type":"article","og_title":"Marca conhecida \u00e9 proibida de comercializar creatina e suplementos por condi\u00e7\u00f5es insalubres - Estado de Minas - Em foco","og_description":"Consumidores e empresas sentem os efeitos da proibi\u00e7\u00e3o da Anvisa. Essa medida promete mais rigor na fiscaliza\u00e7\u00e3o.","og_url":"https:\/\/www.em.com.br\/emfoco\/2025\/09\/09\/marca-conhecida-e-proibida-de-comercializar-creatina-e-suplementos-por-condicoes-insalubres\/","og_site_name":"Estado de Minas - Em foco","article_published_time":"2025-09-09T21:45:00+00:00","article_modified_time":"2025-09-09T17:55:25+00:00","og_image":[{"width":1280,"height":720,"url":"https:\/\/www.em.com.br\/emfoco\/wp-content\/uploads\/2025\/08\/suplementos_1756482239331.jpg","type":"image\/jpeg"}],"author":"Andre\u0301 Rangel\u00a0","twitter_card":"summary_large_image","twitter_misc":{"Escrito por":"Andre\u0301 Rangel\u00a0","Est. tempo de leitura":"4 minutos"},"schema":{"@context":"https:\/\/schema.org","@graph":[{"@type":"WebPage","@id":"https:\/\/www.em.com.br\/emfoco\/2025\/09\/09\/marca-conhecida-e-proibida-de-comercializar-creatina-e-suplementos-por-condicoes-insalubres\/","url":"https:\/\/www.em.com.br\/emfoco\/2025\/09\/09\/marca-conhecida-e-proibida-de-comercializar-creatina-e-suplementos-por-condicoes-insalubres\/","name":"Marca conhecida \u00e9 proibida de comercializar creatina e suplementos por condi\u00e7\u00f5es insalubres - Estado de Minas - Em foco","isPartOf":{"@id":"https:\/\/www.em.com.br\/emfoco\/#website"},"primaryImageOfPage":{"@id":"https:\/\/www.em.com.br\/emfoco\/2025\/09\/09\/marca-conhecida-e-proibida-de-comercializar-creatina-e-suplementos-por-condicoes-insalubres\/#primaryimage"},"image":{"@id":"https:\/\/www.em.com.br\/emfoco\/2025\/09\/09\/marca-conhecida-e-proibida-de-comercializar-creatina-e-suplementos-por-condicoes-insalubres\/#primaryimage"},"thumbnailUrl":"https:\/\/www.em.com.br\/emfoco\/wp-content\/uploads\/2025\/08\/suplementos_1756482239331.jpg","datePublished":"2025-09-09T21:45:00+00:00","dateModified":"2025-09-09T17:55:25+00:00","author":{"@id":"https:\/\/www.em.com.br\/emfoco\/#\/schema\/person\/60eda09c1fedf0d6891f4cef4b60b8b8"},"description":"Consumidores e empresas sentem os efeitos da proibi\u00e7\u00e3o da Anvisa. Essa medida promete mais rigor na fiscaliza\u00e7\u00e3o.","breadcrumb":{"@id":"https:\/\/www.em.com.br\/emfoco\/2025\/09\/09\/marca-conhecida-e-proibida-de-comercializar-creatina-e-suplementos-por-condicoes-insalubres\/#breadcrumb"},"inLanguage":"pt-BR","potentialAction":[{"@type":"ReadAction","target":["https:\/\/www.em.com.br\/emfoco\/2025\/09\/09\/marca-conhecida-e-proibida-de-comercializar-creatina-e-suplementos-por-condicoes-insalubres\/"]}]},{"@type":"ImageObject","inLanguage":"pt-BR","@id":"https:\/\/www.em.com.br\/emfoco\/2025\/09\/09\/marca-conhecida-e-proibida-de-comercializar-creatina-e-suplementos-por-condicoes-insalubres\/#primaryimage","url":"https:\/\/www.em.com.br\/emfoco\/wp-content\/uploads\/2025\/08\/suplementos_1756482239331.jpg","contentUrl":"https:\/\/www.em.com.br\/emfoco\/wp-content\/uploads\/2025\/08\/suplementos_1756482239331.jpg","width":1280,"height":720,"caption":"Suplementos com alerta para risco a sa\u00fade - Cr\u00e9ditos: depositphotos.com \/ miljan010"},{"@type":"BreadcrumbList","@id":"https:\/\/www.em.com.br\/emfoco\/2025\/09\/09\/marca-conhecida-e-proibida-de-comercializar-creatina-e-suplementos-por-condicoes-insalubres\/#breadcrumb","itemListElement":[{"@type":"ListItem","position":1,"name":"In\u00edcio","item":"https:\/\/www.em.com.br\/emfoco\/"},{"@type":"ListItem","position":2,"name":"Marca conhecida \u00e9 proibida de comercializar creatina e suplementos por condi\u00e7\u00f5es insalubres"}]},{"@type":"WebSite","@id":"https:\/\/www.em.com.br\/emfoco\/#website","url":"https:\/\/www.em.com.br\/emfoco\/","name":"Estado de Minas - Em foco","description":"Acompanhe as \u00faltimas not\u00edcias e fique bem informado sobre tudo o que acontece em Minas Gerais, Brasil e no mundo.","potentialAction":[{"@type":"SearchAction","target":{"@type":"EntryPoint","urlTemplate":"https:\/\/www.em.com.br\/emfoco\/?s={search_term_string}"},"query-input":{"@type":"PropertyValueSpecification","valueRequired":true,"valueName":"search_term_string"}}],"inLanguage":"pt-BR"},{"@type":"Person","@id":"https:\/\/www.em.com.br\/emfoco\/#\/schema\/person\/60eda09c1fedf0d6891f4cef4b60b8b8","name":"Andre\u0301 Rangel\u00a0","image":{"@type":"ImageObject","inLanguage":"pt-BR","@id":"https:\/\/www.em.com.br\/emfoco\/#\/schema\/person\/image\/","url":"https:\/\/secure.gravatar.com\/avatar\/6234dc814c77c8ef6d8bba622c787efc?s=96&d=mm&r=g","contentUrl":"https:\/\/secure.gravatar.com\/avatar\/6234dc814c77c8ef6d8bba622c787efc?s=96&d=mm&r=g","caption":"Andre\u0301 Rangel\u00a0"},"url":"https:\/\/www.em.com.br\/emfoco\/author\/luizmyth\/"}]}},"_links":{"self":[{"href":"https:\/\/www.em.com.br\/emfoco\/wp-json\/wp\/v2\/posts\/102308","targetHints":{"allow":["GET"]}}],"collection":[{"href":"https:\/\/www.em.com.br\/emfoco\/wp-json\/wp\/v2\/posts"}],"about":[{"href":"https:\/\/www.em.com.br\/emfoco\/wp-json\/wp\/v2\/types\/post"}],"author":[{"embeddable":true,"href":"https:\/\/www.em.com.br\/emfoco\/wp-json\/wp\/v2\/users\/11"}],"replies":[{"embeddable":true,"href":"https:\/\/www.em.com.br\/emfoco\/wp-json\/wp\/v2\/comments?post=102308"}],"version-history":[{"count":4,"href":"https:\/\/www.em.com.br\/emfoco\/wp-json\/wp\/v2\/posts\/102308\/revisions"}],"predecessor-version":[{"id":102372,"href":"https:\/\/www.em.com.br\/emfoco\/wp-json\/wp\/v2\/posts\/102308\/revisions\/102372"}],"wp:featuredmedia":[{"embeddable":true,"href":"https:\/\/www.em.com.br\/emfoco\/wp-json\/wp\/v2\/media\/97961"}],"wp:attachment":[{"href":"https:\/\/www.em.com.br\/emfoco\/wp-json\/wp\/v2\/media?parent=102308"}],"wp:term":[{"taxonomy":"category","embeddable":true,"href":"https:\/\/www.em.com.br\/emfoco\/wp-json\/wp\/v2\/categories?post=102308"},{"taxonomy":"post_tag","embeddable":true,"href":"https:\/\/www.em.com.br\/emfoco\/wp-json\/wp\/v2\/tags?post=102308"}],"curies":[{"name":"wp","href":"https:\/\/api.w.org\/{rel}","templated":true}]}}