{"id":102261,"date":"2025-09-10T20:28:00","date_gmt":"2025-09-10T23:28:00","guid":{"rendered":"https:\/\/www.em.com.br\/emfoco\/?p=102261"},"modified":"2025-09-09T12:56:44","modified_gmt":"2025-09-09T15:56:44","slug":"essa-cidade-do-nordeste-surpreende-com-internet-gratis-para-todos","status":"publish","type":"post","link":"https:\/\/www.em.com.br\/emfoco\/2025\/09\/10\/essa-cidade-do-nordeste-surpreende-com-internet-gratis-para-todos\/","title":{"rendered":"Essa cidade do Nordeste surpreende com internet gr\u00e1tis para todos"},"content":{"rendered":"\n<p><strong>Fortaleza<\/strong>&nbsp;lidera a inclus\u00e3o digital no&nbsp;<strong>Brasil<\/strong>&nbsp;ao oferecer&nbsp;<strong>internet gratuita<\/strong>&nbsp;a seus cidad\u00e3os. Com uma rede Wi-Fi p\u00fablica em expans\u00e3o, a cidade cearense facilita o acesso \u00e0 informa\u00e7\u00e3o e servi\u00e7os essenciais.<\/p>\n\n\n\n<ul class=\"wp-block-list\">\n<li>Pontos de acesso Wi-Fi em \u00e1reas p\u00fablicas estrat\u00e9gicas<\/li>\n\n\n\n<li>Promo\u00e7\u00e3o da cidadania digital atrav\u00e9s de servi\u00e7os online<\/li>\n\n\n\n<li>Planos futuros para integra\u00e7\u00e3o tecnol\u00f3gica com tecnologia\u00a0<strong>5G<\/strong><\/li>\n<\/ul>\n\n\n\n<h2 class=\"wp-block-heading\">Como funciona a rede de internet gratuita em Fortaleza?<\/h2>\n\n\n\n<p>H\u00e1 alguns anos,<a href=\"https:\/\/www.ceara.gov.br\/2025\/02\/28\/ceara-conectado-etice-expande-acesso-gratuito-a-internet-em-pracas-publicas\/\" target=\"_blank\" rel=\"noreferrer noopener\">\u00a0<strong>Fortaleza<\/strong>\u00a0iniciou seu projeto de\u00a0<strong>internet livre<\/strong>\u00a0<\/a>inspirado em pol\u00edticas nacionais, e em casos de sucesso de outras capitais brasileiras. A rede Wi-Fi foi estrategicamente implantada em locais como pra\u00e7as e terminais, com monitoramento para garantir seguran\u00e7a e estabilidade.<\/p>\n\n\n\n<h2 class=\"wp-block-heading\">Quais s\u00e3o os benef\u00edcios dessa conectividade?<\/h2>\n\n\n\n<p>Com a conectividade,&nbsp;<strong>Fortaleza<\/strong>&nbsp;integra tecnologia \u00e0 cidadania, permitindo acesso a servi\u00e7os online como consulta de transporte p\u00fablico, conte\u00fados educacionais e sistemas de sa\u00fade municipais. Milhares de usu\u00e1rios se beneficiam diariamente desta infraestrutura moderna e inclusiva.<\/p>\n\n\n\n<figure class=\"wp-block-image size-large\"><img loading=\"lazy\" decoding=\"async\" width=\"1024\" height=\"576\" src=\"https:\/\/www.em.com.br\/emfoco\/wp-content\/uploads\/2025\/09\/wi-fi-gratis_1757436112336-1024x576.jpg\" alt=\"\" class=\"wp-image-102278\" srcset=\"https:\/\/www.em.com.br\/emfoco\/wp-content\/uploads\/2025\/09\/wi-fi-gratis_1757436112336-1024x576.jpg 1024w, https:\/\/www.em.com.br\/emfoco\/wp-content\/uploads\/2025\/09\/wi-fi-gratis_1757436112336-300x169.jpg 300w, https:\/\/www.em.com.br\/emfoco\/wp-content\/uploads\/2025\/09\/wi-fi-gratis_1757436112336-768x432.jpg 768w, https:\/\/www.em.com.br\/emfoco\/wp-content\/uploads\/2025\/09\/wi-fi-gratis_1757436112336-750x422.jpg 750w, https:\/\/www.em.com.br\/emfoco\/wp-content\/uploads\/2025\/09\/wi-fi-gratis_1757436112336-1140x641.jpg 1140w, https:\/\/www.em.com.br\/emfoco\/wp-content\/uploads\/2025\/09\/wi-fi-gratis_1757436112336.jpg 1280w\" sizes=\"auto, (max-width: 1024px) 100vw, 1024px\" \/><figcaption class=\"wp-element-caption\">Wi-fi gr\u00e1tis &#8211; Cr\u00e9ditos: depositphotos.com \/ lianna_s<\/figcaption><\/figure>\n\n\n\n<p>Leia tamb\u00e9m: <a href=\"https:\/\/www.em.com.br\/emfoco\/2025\/09\/09\/essa-cidade-escondida-em-minas-gerais-e-um-paraiso-que-poucos-conhecem\/\" target=\"_blank\" rel=\"noreferrer noopener\">Essa cidade escondida em Minas Gerais \u00e9 um para\u00edso que poucos conhecem<\/a><\/p>\n\n\n\n<h2 class=\"wp-block-heading\">O que diferencia o programa de internet de Fortaleza?<\/h2>\n\n\n\n<p>O diferencial est\u00e1 na&nbsp;<strong>cobertura e infraestrutura<\/strong>&nbsp;tecnol\u00f3gica robustas, que promovem&nbsp;<strong>equidade digital<\/strong>&nbsp;para todas as camadas sociais. Esse modelo pioneiro foi reconhecido em eventos como o&nbsp;<strong>Semin\u00e1rio Cidades Digitais<\/strong>, fomentando uma comunidade mais informada e conectada.<\/p>\n\n\n\n<h2 class=\"wp-block-heading\">Quais s\u00e3o os planos futuros para a expans\u00e3o da rede?<\/h2>\n\n\n\n<p>Planeja-se ampliar o Wi-Fi para bairros perif\u00e9ricos e \u00e1reas tur\u00edsticas, com a expectativa de que a tecnologia&nbsp;<strong>5G<\/strong>&nbsp;melhore consideravelmente a velocidade e a estabilidade. Novas parcerias com empresas do setor e universidades como a&nbsp;<strong>Universidade Federal do Cear\u00e1<\/strong>&nbsp;est\u00e3o previstas para beneficiar setores como educa\u00e7\u00e3o e trabalho digital.<\/p>\n\n\n\n<h2 class=\"wp-block-heading\">Fortaleza \u00e9 exemplo nacional em transforma\u00e7\u00e3o digital?<\/h2>\n\n\n\n<p><strong>Fortaleza<\/strong>&nbsp;exemplifica como investir em&nbsp;<strong>internet gratuita<\/strong>&nbsp;transforma uma cidade em um modelo de conectividade e inclus\u00e3o, servindo como refer\u00eancia para outras cidades brasileiras que buscam programas similares.<\/p>\n\n\n\n<ul class=\"wp-block-list\">\n<li>Pontos de Wi-Fi abrangem grande parte da cidade, incluindo locais como o\u00a0<strong>Centro Drag\u00e3o do Mar de Arte e Cultura<\/strong><\/li>\n\n\n\n<li>Conectividade promove uma cidadania mais engajada e participativa<\/li>\n\n\n\n<li>O projeto \u00e9 considerado modelo para pol\u00edticas p\u00fablicas em v\u00e1rias regi\u00f5es do\u00a0<strong>Brasil<\/strong><\/li>\n<\/ul>\n","protected":false},"excerpt":{"rendered":"<p>Fortaleza&nbsp;lidera a inclus\u00e3o digital no&nbsp;Brasil&nbsp;ao oferecer&nbsp;internet gratuita&nbsp;a seus cidad\u00e3os. Com uma rede Wi-Fi p\u00fablica em expans\u00e3o, a cidade cearense facilita o acesso \u00e0 informa\u00e7\u00e3o e servi\u00e7os essenciais. Como funciona a rede de internet gratuita em Fortaleza? H\u00e1 alguns anos,\u00a0Fortaleza\u00a0iniciou seu projeto de\u00a0internet livre\u00a0inspirado em pol\u00edticas nacionais, e em casos de sucesso de outras capitais brasileiras. [&hellip;]<\/p>\n","protected":false},"author":11,"featured_media":102279,"comment_status":"open","ping_status":"open","sticky":false,"template":"","format":"standard","meta":{"jnews-multi-image_gallery":[],"jnews_single_post":{"format":"standard"},"jnews_primary_category":[],"jnews_social_meta":[],"jnews_override_counter":[],"footnotes":""},"categories":[26,1],"tags":[1189,952,3799,5129],"class_list":["post-102261","post","type-post","status-publish","format-standard","has-post-thumbnail","hentry","category-cidades","category-noticias","tag-fortaleza","tag-internet","tag-wi-fi","tag-wi-fi-publico"],"yoast_head":"<!-- This site is optimized with the Yoast SEO plugin v23.8 - https:\/\/yoast.com\/wordpress\/plugins\/seo\/ -->\n<title>Essa cidade do Nordeste surpreende com internet gr\u00e1tis para todos - Estado de Minas - Em foco<\/title>\n<meta name=\"description\" content=\"Uma cidade nordestina virou exemplo nacional em conectividade. Fortaleza prova que internet gr\u00e1tis pode transformar vidas.\" \/>\n<meta name=\"robots\" content=\"index, follow, max-snippet:-1, max-image-preview:large, max-video-preview:-1\" \/>\n<link rel=\"canonical\" href=\"https:\/\/www.em.com.br\/emfoco\/2025\/09\/10\/essa-cidade-do-nordeste-surpreende-com-internet-gratis-para-todos\/\" \/>\n<meta property=\"og:locale\" content=\"pt_BR\" \/>\n<meta property=\"og:type\" content=\"article\" \/>\n<meta property=\"og:title\" content=\"Essa cidade do Nordeste surpreende com internet gr\u00e1tis para todos - Estado de Minas - Em foco\" \/>\n<meta property=\"og:description\" content=\"Uma cidade nordestina virou exemplo nacional em conectividade. Fortaleza prova que internet gr\u00e1tis pode transformar vidas.\" \/>\n<meta property=\"og:url\" content=\"https:\/\/www.em.com.br\/emfoco\/2025\/09\/10\/essa-cidade-do-nordeste-surpreende-com-internet-gratis-para-todos\/\" \/>\n<meta property=\"og:site_name\" content=\"Estado de Minas - Em foco\" \/>\n<meta property=\"article:published_time\" content=\"2025-09-10T23:28:00+00:00\" \/>\n<meta property=\"article:modified_time\" content=\"2025-09-09T15:56:44+00:00\" \/>\n<meta property=\"og:image\" content=\"https:\/\/www.em.com.br\/emfoco\/wp-content\/uploads\/2025\/09\/wi-fi-gratis_1757436155731.jpg\" \/>\n\t<meta property=\"og:image:width\" content=\"1280\" \/>\n\t<meta property=\"og:image:height\" content=\"720\" \/>\n\t<meta property=\"og:image:type\" content=\"image\/jpeg\" \/>\n<meta name=\"author\" content=\"Andre\u0301 Rangel\u00a0\" \/>\n<meta name=\"twitter:card\" content=\"summary_large_image\" \/>\n<meta name=\"twitter:label1\" content=\"Escrito por\" \/>\n\t<meta name=\"twitter:data1\" content=\"Andre\u0301 Rangel\u00a0\" \/>\n\t<meta name=\"twitter:label2\" content=\"Est. tempo de leitura\" \/>\n\t<meta name=\"twitter:data2\" content=\"3 minutos\" \/>\n<!-- \/ Yoast SEO plugin. -->","yoast_head_json":{"title":"Essa cidade do Nordeste surpreende com internet gr\u00e1tis para todos - Estado de Minas - Em foco","description":"Uma cidade nordestina virou exemplo nacional em conectividade. Fortaleza prova que internet gr\u00e1tis pode transformar vidas.","robots":{"index":"index","follow":"follow","max-snippet":"max-snippet:-1","max-image-preview":"max-image-preview:large","max-video-preview":"max-video-preview:-1"},"canonical":"https:\/\/www.em.com.br\/emfoco\/2025\/09\/10\/essa-cidade-do-nordeste-surpreende-com-internet-gratis-para-todos\/","og_locale":"pt_BR","og_type":"article","og_title":"Essa cidade do Nordeste surpreende com internet gr\u00e1tis para todos - Estado de Minas - Em foco","og_description":"Uma cidade nordestina virou exemplo nacional em conectividade. Fortaleza prova que internet gr\u00e1tis pode transformar vidas.","og_url":"https:\/\/www.em.com.br\/emfoco\/2025\/09\/10\/essa-cidade-do-nordeste-surpreende-com-internet-gratis-para-todos\/","og_site_name":"Estado de Minas - Em foco","article_published_time":"2025-09-10T23:28:00+00:00","article_modified_time":"2025-09-09T15:56:44+00:00","og_image":[{"width":1280,"height":720,"url":"https:\/\/www.em.com.br\/emfoco\/wp-content\/uploads\/2025\/09\/wi-fi-gratis_1757436155731.jpg","type":"image\/jpeg"}],"author":"Andre\u0301 Rangel\u00a0","twitter_card":"summary_large_image","twitter_misc":{"Escrito por":"Andre\u0301 Rangel\u00a0","Est. tempo de leitura":"3 minutos"},"schema":{"@context":"https:\/\/schema.org","@graph":[{"@type":"WebPage","@id":"https:\/\/www.em.com.br\/emfoco\/2025\/09\/10\/essa-cidade-do-nordeste-surpreende-com-internet-gratis-para-todos\/","url":"https:\/\/www.em.com.br\/emfoco\/2025\/09\/10\/essa-cidade-do-nordeste-surpreende-com-internet-gratis-para-todos\/","name":"Essa cidade do Nordeste surpreende com internet gr\u00e1tis para todos - Estado de Minas - Em foco","isPartOf":{"@id":"https:\/\/www.em.com.br\/emfoco\/#website"},"primaryImageOfPage":{"@id":"https:\/\/www.em.com.br\/emfoco\/2025\/09\/10\/essa-cidade-do-nordeste-surpreende-com-internet-gratis-para-todos\/#primaryimage"},"image":{"@id":"https:\/\/www.em.com.br\/emfoco\/2025\/09\/10\/essa-cidade-do-nordeste-surpreende-com-internet-gratis-para-todos\/#primaryimage"},"thumbnailUrl":"https:\/\/www.em.com.br\/emfoco\/wp-content\/uploads\/2025\/09\/wi-fi-gratis_1757436155731.jpg","datePublished":"2025-09-10T23:28:00+00:00","dateModified":"2025-09-09T15:56:44+00:00","author":{"@id":"https:\/\/www.em.com.br\/emfoco\/#\/schema\/person\/60eda09c1fedf0d6891f4cef4b60b8b8"},"description":"Uma cidade nordestina virou exemplo nacional em conectividade. Fortaleza prova que internet gr\u00e1tis pode transformar vidas.","breadcrumb":{"@id":"https:\/\/www.em.com.br\/emfoco\/2025\/09\/10\/essa-cidade-do-nordeste-surpreende-com-internet-gratis-para-todos\/#breadcrumb"},"inLanguage":"pt-BR","potentialAction":[{"@type":"ReadAction","target":["https:\/\/www.em.com.br\/emfoco\/2025\/09\/10\/essa-cidade-do-nordeste-surpreende-com-internet-gratis-para-todos\/"]}]},{"@type":"ImageObject","inLanguage":"pt-BR","@id":"https:\/\/www.em.com.br\/emfoco\/2025\/09\/10\/essa-cidade-do-nordeste-surpreende-com-internet-gratis-para-todos\/#primaryimage","url":"https:\/\/www.em.com.br\/emfoco\/wp-content\/uploads\/2025\/09\/wi-fi-gratis_1757436155731.jpg","contentUrl":"https:\/\/www.em.com.br\/emfoco\/wp-content\/uploads\/2025\/09\/wi-fi-gratis_1757436155731.jpg","width":1280,"height":720,"caption":"Acessibilidade em todo lugar - Cr\u00e9ditos: depositphotos.com \/ fbxx"},{"@type":"BreadcrumbList","@id":"https:\/\/www.em.com.br\/emfoco\/2025\/09\/10\/essa-cidade-do-nordeste-surpreende-com-internet-gratis-para-todos\/#breadcrumb","itemListElement":[{"@type":"ListItem","position":1,"name":"In\u00edcio","item":"https:\/\/www.em.com.br\/emfoco\/"},{"@type":"ListItem","position":2,"name":"Essa cidade do Nordeste surpreende com internet gr\u00e1tis para todos"}]},{"@type":"WebSite","@id":"https:\/\/www.em.com.br\/emfoco\/#website","url":"https:\/\/www.em.com.br\/emfoco\/","name":"Estado de Minas - Em foco","description":"Acompanhe as \u00faltimas not\u00edcias e fique bem informado sobre tudo o que acontece em Minas Gerais, Brasil e no mundo.","potentialAction":[{"@type":"SearchAction","target":{"@type":"EntryPoint","urlTemplate":"https:\/\/www.em.com.br\/emfoco\/?s={search_term_string}"},"query-input":{"@type":"PropertyValueSpecification","valueRequired":true,"valueName":"search_term_string"}}],"inLanguage":"pt-BR"},{"@type":"Person","@id":"https:\/\/www.em.com.br\/emfoco\/#\/schema\/person\/60eda09c1fedf0d6891f4cef4b60b8b8","name":"Andre\u0301 Rangel\u00a0","image":{"@type":"ImageObject","inLanguage":"pt-BR","@id":"https:\/\/www.em.com.br\/emfoco\/#\/schema\/person\/image\/","url":"https:\/\/secure.gravatar.com\/avatar\/6234dc814c77c8ef6d8bba622c787efc?s=96&d=mm&r=g","contentUrl":"https:\/\/secure.gravatar.com\/avatar\/6234dc814c77c8ef6d8bba622c787efc?s=96&d=mm&r=g","caption":"Andre\u0301 Rangel\u00a0"},"url":"https:\/\/www.em.com.br\/emfoco\/author\/luizmyth\/"}]}},"_links":{"self":[{"href":"https:\/\/www.em.com.br\/emfoco\/wp-json\/wp\/v2\/posts\/102261","targetHints":{"allow":["GET"]}}],"collection":[{"href":"https:\/\/www.em.com.br\/emfoco\/wp-json\/wp\/v2\/posts"}],"about":[{"href":"https:\/\/www.em.com.br\/emfoco\/wp-json\/wp\/v2\/types\/post"}],"author":[{"embeddable":true,"href":"https:\/\/www.em.com.br\/emfoco\/wp-json\/wp\/v2\/users\/11"}],"replies":[{"embeddable":true,"href":"https:\/\/www.em.com.br\/emfoco\/wp-json\/wp\/v2\/comments?post=102261"}],"version-history":[{"count":4,"href":"https:\/\/www.em.com.br\/emfoco\/wp-json\/wp\/v2\/posts\/102261\/revisions"}],"predecessor-version":[{"id":102291,"href":"https:\/\/www.em.com.br\/emfoco\/wp-json\/wp\/v2\/posts\/102261\/revisions\/102291"}],"wp:featuredmedia":[{"embeddable":true,"href":"https:\/\/www.em.com.br\/emfoco\/wp-json\/wp\/v2\/media\/102279"}],"wp:attachment":[{"href":"https:\/\/www.em.com.br\/emfoco\/wp-json\/wp\/v2\/media?parent=102261"}],"wp:term":[{"taxonomy":"category","embeddable":true,"href":"https:\/\/www.em.com.br\/emfoco\/wp-json\/wp\/v2\/categories?post=102261"},{"taxonomy":"post_tag","embeddable":true,"href":"https:\/\/www.em.com.br\/emfoco\/wp-json\/wp\/v2\/tags?post=102261"}],"curies":[{"name":"wp","href":"https:\/\/api.w.org\/{rel}","templated":true}]}}