{"id":10192,"date":"2025-01-12T17:00:00","date_gmt":"2025-01-12T20:00:00","guid":{"rendered":"https:\/\/www.em.com.br\/emfoco\/?p=10192"},"modified":"2025-01-12T10:42:06","modified_gmt":"2025-01-12T13:42:06","slug":"voce-tem-direito-ao-bpc","status":"publish","type":"post","link":"https:\/\/www.em.com.br\/emfoco\/2025\/01\/12\/voce-tem-direito-ao-bpc\/","title":{"rendered":"Voc\u00ea tem direito ao BPC?"},"content":{"rendered":"\n<p>O Benef\u00edcio de Presta\u00e7\u00e3o Continuada (<a href=\"https:\/\/www.gov.br\/mds\/pt-br\/noticias-e-conteudos\/desenvolvimento-social\/noticias-desenvolvimento-social\/mudancas-no-bpc-o-que-e-verdade-e-o-que-e-boato\" target=\"_blank\" rel=\"noreferrer noopener\">BPC<\/a>) \u00e9 um aux\u00edlio vital para muitos cidad\u00e3os <a href=\"https:\/\/www.em.com.br\/emfoco\/2025\/01\/09\/banco-bradesco-09-01-faz-comunicado-importante-para-todos-os-brasileiros-donos-de-conta-corrente-e-poupanca\/\" target=\"_blank\" rel=\"noreferrer noopener\">brasileiros<\/a>, proporcionando um pagamento mensal que, em 2025, permanece no valor de R$ 1.518. Este benef\u00edcio est\u00e1 destinado a atender pessoas acima de 65 anos e cidad\u00e3os com defici\u00eancia que possuem baixa renda. Com recentes modifica\u00e7\u00f5es na legisla\u00e7\u00e3o, \u00e9 crucial que tanto novos solicitantes quanto benefici\u00e1rios existentes compreendam as novas regras para garantir a continuidade do recebimento.<\/p>\n\n\n\n<p>O BPC, e sua concess\u00e3o, foi alvo de mudan\u00e7as para aumentar a efici\u00eancia no combate a fraudes e garantir que o aux\u00edlio alcance quem realmente precisa. As modifica\u00e7\u00f5es visam a melhoria dos processos internos, promovendo um ambiente mais justo e assegurando que o recurso chegue \u00e0s m\u00e3os corretas. A seguir, veja as novas diretrizes que entrar\u00e3o em vigor em 2025.<\/p>\n\n\n\n<h2 class=\"wp-block-heading\">Quais s\u00e3o as novas regras para receber o BPC?<\/h2>\n\n\n\n<p>Uma das principais altera\u00e7\u00f5es \u00e9 que todos os cidad\u00e3os com defici\u00eancia, que desejam receber o BPC, dever\u00e3o obrigatoriamente passar por uma avalia\u00e7\u00e3o m\u00e9dica realizada pelo INSS. Essa per\u00edcia \u00e9 essencial para verificar se as condi\u00e7\u00f5es de sa\u00fade do solicitante atendem aos requisitos necess\u00e1rios. Al\u00e9m disso, \u00e9 importante destacar que o cadastro na plataforma Cad\u00danico deve ser atualizado a cada 24 meses.<\/p>\n\n\n\n<p>Outra novidade \u00e9 a implementa\u00e7\u00e3o obrigat\u00f3ria do cadastro biom\u00e9trico. Este novo procedimento visa fornecer uma maneira mais precisa e segura de identificar benefici\u00e1rios, ajudando assim a minimizar fraudes. Apesar destas mudan\u00e7as, as regras b\u00e1sicas para a elegibilidade continuam inalteradas, como o crit\u00e9rio de renda baixa para pessoas com mais de 65 anos e para aqueles com defici\u00eancia.<\/p>\n\n\n<div class=\"wp-block-image\">\n<figure class=\"aligncenter size-large\"><img loading=\"lazy\" decoding=\"async\" width=\"1024\" height=\"576\" src=\"https:\/\/www.em.com.br\/emfoco\/wp-content\/uploads\/2024\/12\/Idosos_1733107203859-1024x576.jpg\" alt=\"\" class=\"wp-image-2690\" srcset=\"https:\/\/www.em.com.br\/emfoco\/wp-content\/uploads\/2024\/12\/Idosos_1733107203859-1024x576.jpg 1024w, https:\/\/www.em.com.br\/emfoco\/wp-content\/uploads\/2024\/12\/Idosos_1733107203859-300x169.jpg 300w, https:\/\/www.em.com.br\/emfoco\/wp-content\/uploads\/2024\/12\/Idosos_1733107203859-768x432.jpg 768w, https:\/\/www.em.com.br\/emfoco\/wp-content\/uploads\/2024\/12\/Idosos_1733107203859-750x422.jpg 750w, https:\/\/www.em.com.br\/emfoco\/wp-content\/uploads\/2024\/12\/Idosos_1733107203859-1140x641.jpg 1140w, https:\/\/www.em.com.br\/emfoco\/wp-content\/uploads\/2024\/12\/Idosos_1733107203859.jpg 1280w\" sizes=\"auto, (max-width: 1024px) 100vw, 1024px\" \/><figcaption class=\"wp-element-caption\">Idoso &#8211; Cr\u00e9ditos: depositphotos.com \/ AndrewLozovyi<\/figcaption><\/figure><\/div>\n\n\n<h2 class=\"wp-block-heading\">Por que as mudan\u00e7as no BPC foram implementadas?<\/h2>\n\n\n\n<p>As altera\u00e7\u00f5es introduzidas foram elaboradas com o intuito claro de reduzir fraudes no programa. Segundo Wellington Dias, o ministro do Desenvolvimento e Assist\u00eancia Social, estas medidas s\u00e3o essenciais para limitar a atua\u00e7\u00e3o de usu\u00e1rios que n\u00e3o preenchem os requisitos necess\u00e1rios por meio de cruzamento de dados, biometria, e maior rigor na an\u00e1lise de problemas de sa\u00fade. Este esfor\u00e7o coletivo \u00e9 parte de um compromisso para preservar a integridade do sistema de assist\u00eancia social do pa\u00eds.<\/p>\n\n\n\n<h2 class=\"wp-block-heading\">Como as novas regras impactam os benefici\u00e1rios atuais?<\/h2>\n\n\n\n<p>Os benefici\u00e1rios atuais precisar\u00e3o estar atentos \u00e0s novas exig\u00eancias para evitar interrup\u00e7\u00f5es no recebimento do BPC. A atualiza\u00e7\u00e3o do Cad\u00danico e o cadastro biom\u00e9trico s\u00e3o passos cr\u00edticos que devem ser cumpridos dentro dos prazos estabelecidos. Falhas em aderir a esses procedimentos podem resultar em atrasos ou suspens\u00e3o dos pagamentos. Portanto, \u00e9 essencial que os benefici\u00e1rios estejam informados e preparados para estas demandas.<\/p>\n\n\n\n<h2 class=\"wp-block-heading\">O que os cidad\u00e3os podem fazer para se adaptar?<\/h2>\n\n\n\n<p>Para se adaptar a essas mudan\u00e7as das novas regras do BPC, \u00e9 recomendado que os benefici\u00e1rios mantenham seus dados sempre atualizados e busquem informa\u00e7\u00f5es junto ao INSS regularmente. Procurar um centro de atendimento social para esclarecimento de d\u00favidas e assist\u00eancia adicional com o processo de cadastramento pode ser de grande ajuda. Al\u00e9m disso, manter um registro atualizado da situa\u00e7\u00e3o financeira e de sa\u00fade pode facilitar o processo de renova\u00e7\u00e3o da elegibilidade.<\/p>\n","protected":false},"excerpt":{"rendered":"<p>O Benef\u00edcio de Presta\u00e7\u00e3o Continuada (BPC) \u00e9 um aux\u00edlio vital para muitos cidad\u00e3os brasileiros, proporcionando um pagamento mensal que, em 2025, permanece no valor de R$ 1.518. Este benef\u00edcio est\u00e1 destinado a atender pessoas acima de 65 anos e cidad\u00e3os com defici\u00eancia que possuem baixa renda. Com recentes modifica\u00e7\u00f5es na legisla\u00e7\u00e3o, \u00e9 crucial que tanto [&hellip;]<\/p>\n","protected":false},"author":7,"featured_media":2605,"comment_status":"open","ping_status":"open","sticky":false,"template":"","format":"standard","meta":{"jnews-multi-image_gallery":[],"jnews_single_post":{"format":"standard"},"jnews_primary_category":[],"jnews_social_meta":[],"jnews_override_counter":[],"footnotes":""},"categories":[28],"tags":[498,1113,257,3360,3359,174],"class_list":["post-10192","post","type-post","status-publish","format-standard","has-post-thumbnail","hentry","category-economia","tag-assistencia-social","tag-beneficio-de-prestacao-continuada","tag-bpc","tag-cadastro-biometrico","tag-cadonico","tag-inss"],"yoast_head":"<!-- This site is optimized with the Yoast SEO plugin v23.8 - https:\/\/yoast.com\/wordpress\/plugins\/seo\/ -->\n<title>Voc\u00ea tem direito ao BPC? - Estado de Minas - Em foco<\/title>\n<meta name=\"description\" content=\"Entenda as novas regras do Benef\u00edcio de Presta\u00e7\u00e3o Continuada (BPC) em 2025\" \/>\n<meta name=\"robots\" content=\"index, follow, max-snippet:-1, max-image-preview:large, max-video-preview:-1\" \/>\n<link rel=\"canonical\" href=\"https:\/\/www.em.com.br\/emfoco\/2025\/01\/12\/voce-tem-direito-ao-bpc\/\" \/>\n<meta property=\"og:locale\" content=\"pt_BR\" \/>\n<meta property=\"og:type\" content=\"article\" \/>\n<meta property=\"og:title\" content=\"Voc\u00ea tem direito ao BPC? - Estado de Minas - Em foco\" \/>\n<meta property=\"og:description\" content=\"Entenda as novas regras do Benef\u00edcio de Presta\u00e7\u00e3o Continuada (BPC) em 2025\" \/>\n<meta property=\"og:url\" content=\"https:\/\/www.em.com.br\/emfoco\/2025\/01\/12\/voce-tem-direito-ao-bpc\/\" \/>\n<meta property=\"og:site_name\" content=\"Estado de Minas - Em foco\" \/>\n<meta property=\"article:published_time\" content=\"2025-01-12T20:00:00+00:00\" \/>\n<meta property=\"article:modified_time\" content=\"2025-01-12T13:42:06+00:00\" \/>\n<meta property=\"og:image\" content=\"https:\/\/www.em.com.br\/emfoco\/wp-content\/uploads\/2024\/12\/Idosos-com-dinheiro_1733068749109.jpg\" \/>\n\t<meta property=\"og:image:width\" content=\"1280\" \/>\n\t<meta property=\"og:image:height\" content=\"720\" \/>\n\t<meta property=\"og:image:type\" content=\"image\/jpeg\" \/>\n<meta name=\"author\" content=\"Kelvin\" \/>\n<meta name=\"twitter:card\" content=\"summary_large_image\" \/>\n<meta name=\"twitter:label1\" content=\"Escrito por\" \/>\n\t<meta name=\"twitter:data1\" content=\"Kelvin\" \/>\n\t<meta name=\"twitter:label2\" content=\"Est. tempo de leitura\" \/>\n\t<meta name=\"twitter:data2\" content=\"4 minutos\" \/>\n<!-- \/ Yoast SEO plugin. -->","yoast_head_json":{"title":"Voc\u00ea tem direito ao BPC? - Estado de Minas - Em foco","description":"Entenda as novas regras do Benef\u00edcio de Presta\u00e7\u00e3o Continuada (BPC) em 2025","robots":{"index":"index","follow":"follow","max-snippet":"max-snippet:-1","max-image-preview":"max-image-preview:large","max-video-preview":"max-video-preview:-1"},"canonical":"https:\/\/www.em.com.br\/emfoco\/2025\/01\/12\/voce-tem-direito-ao-bpc\/","og_locale":"pt_BR","og_type":"article","og_title":"Voc\u00ea tem direito ao BPC? - Estado de Minas - Em foco","og_description":"Entenda as novas regras do Benef\u00edcio de Presta\u00e7\u00e3o Continuada (BPC) em 2025","og_url":"https:\/\/www.em.com.br\/emfoco\/2025\/01\/12\/voce-tem-direito-ao-bpc\/","og_site_name":"Estado de Minas - Em foco","article_published_time":"2025-01-12T20:00:00+00:00","article_modified_time":"2025-01-12T13:42:06+00:00","og_image":[{"width":1280,"height":720,"url":"https:\/\/www.em.com.br\/emfoco\/wp-content\/uploads\/2024\/12\/Idosos-com-dinheiro_1733068749109.jpg","type":"image\/jpeg"}],"author":"Kelvin","twitter_card":"summary_large_image","twitter_misc":{"Escrito por":"Kelvin","Est. tempo de leitura":"4 minutos"},"schema":{"@context":"https:\/\/schema.org","@graph":[{"@type":"WebPage","@id":"https:\/\/www.em.com.br\/emfoco\/2025\/01\/12\/voce-tem-direito-ao-bpc\/","url":"https:\/\/www.em.com.br\/emfoco\/2025\/01\/12\/voce-tem-direito-ao-bpc\/","name":"Voc\u00ea tem direito ao BPC? - Estado de Minas - Em foco","isPartOf":{"@id":"https:\/\/www.em.com.br\/emfoco\/#website"},"primaryImageOfPage":{"@id":"https:\/\/www.em.com.br\/emfoco\/2025\/01\/12\/voce-tem-direito-ao-bpc\/#primaryimage"},"image":{"@id":"https:\/\/www.em.com.br\/emfoco\/2025\/01\/12\/voce-tem-direito-ao-bpc\/#primaryimage"},"thumbnailUrl":"https:\/\/www.em.com.br\/emfoco\/wp-content\/uploads\/2024\/12\/Idosos-com-dinheiro_1733068749109.jpg","datePublished":"2025-01-12T20:00:00+00:00","dateModified":"2025-01-12T13:42:06+00:00","author":{"@id":"https:\/\/www.em.com.br\/emfoco\/#\/schema\/person\/fb0a7f48c6fbb94b83f413a80f61917d"},"description":"Entenda as novas regras do Benef\u00edcio de Presta\u00e7\u00e3o Continuada (BPC) em 2025","breadcrumb":{"@id":"https:\/\/www.em.com.br\/emfoco\/2025\/01\/12\/voce-tem-direito-ao-bpc\/#breadcrumb"},"inLanguage":"pt-BR","potentialAction":[{"@type":"ReadAction","target":["https:\/\/www.em.com.br\/emfoco\/2025\/01\/12\/voce-tem-direito-ao-bpc\/"]}]},{"@type":"ImageObject","inLanguage":"pt-BR","@id":"https:\/\/www.em.com.br\/emfoco\/2025\/01\/12\/voce-tem-direito-ao-bpc\/#primaryimage","url":"https:\/\/www.em.com.br\/emfoco\/wp-content\/uploads\/2024\/12\/Idosos-com-dinheiro_1733068749109.jpg","contentUrl":"https:\/\/www.em.com.br\/emfoco\/wp-content\/uploads\/2024\/12\/Idosos-com-dinheiro_1733068749109.jpg","width":1280,"height":720,"caption":"Teria Idosos inelegiveis usando o beneficio? - Cr\u00e9ditos: depositphotos.com \/ Krakenimages.com"},{"@type":"BreadcrumbList","@id":"https:\/\/www.em.com.br\/emfoco\/2025\/01\/12\/voce-tem-direito-ao-bpc\/#breadcrumb","itemListElement":[{"@type":"ListItem","position":1,"name":"In\u00edcio","item":"https:\/\/www.em.com.br\/emfoco\/"},{"@type":"ListItem","position":2,"name":"Voc\u00ea tem direito ao BPC?"}]},{"@type":"WebSite","@id":"https:\/\/www.em.com.br\/emfoco\/#website","url":"https:\/\/www.em.com.br\/emfoco\/","name":"Estado de Minas - Em foco","description":"Acompanhe as \u00faltimas not\u00edcias e fique bem informado sobre tudo o que acontece em Minas Gerais, Brasil e no mundo.","potentialAction":[{"@type":"SearchAction","target":{"@type":"EntryPoint","urlTemplate":"https:\/\/www.em.com.br\/emfoco\/?s={search_term_string}"},"query-input":{"@type":"PropertyValueSpecification","valueRequired":true,"valueName":"search_term_string"}}],"inLanguage":"pt-BR"},{"@type":"Person","@id":"https:\/\/www.em.com.br\/emfoco\/#\/schema\/person\/fb0a7f48c6fbb94b83f413a80f61917d","name":"Kelvin","image":{"@type":"ImageObject","inLanguage":"pt-BR","@id":"https:\/\/www.em.com.br\/emfoco\/#\/schema\/person\/image\/","url":"https:\/\/secure.gravatar.com\/avatar\/e74f84337e6bf6c4c5e88fbdffa05270?s=96&d=mm&r=g","contentUrl":"https:\/\/secure.gravatar.com\/avatar\/e74f84337e6bf6c4c5e88fbdffa05270?s=96&d=mm&r=g","caption":"Kelvin"},"sameAs":["https:\/\/www.em.com.br\/emfoco"],"url":"https:\/\/www.em.com.br\/emfoco\/author\/kelvinmyth\/"}]}},"_links":{"self":[{"href":"https:\/\/www.em.com.br\/emfoco\/wp-json\/wp\/v2\/posts\/10192","targetHints":{"allow":["GET"]}}],"collection":[{"href":"https:\/\/www.em.com.br\/emfoco\/wp-json\/wp\/v2\/posts"}],"about":[{"href":"https:\/\/www.em.com.br\/emfoco\/wp-json\/wp\/v2\/types\/post"}],"author":[{"embeddable":true,"href":"https:\/\/www.em.com.br\/emfoco\/wp-json\/wp\/v2\/users\/7"}],"replies":[{"embeddable":true,"href":"https:\/\/www.em.com.br\/emfoco\/wp-json\/wp\/v2\/comments?post=10192"}],"version-history":[{"count":2,"href":"https:\/\/www.em.com.br\/emfoco\/wp-json\/wp\/v2\/posts\/10192\/revisions"}],"predecessor-version":[{"id":10195,"href":"https:\/\/www.em.com.br\/emfoco\/wp-json\/wp\/v2\/posts\/10192\/revisions\/10195"}],"wp:featuredmedia":[{"embeddable":true,"href":"https:\/\/www.em.com.br\/emfoco\/wp-json\/wp\/v2\/media\/2605"}],"wp:attachment":[{"href":"https:\/\/www.em.com.br\/emfoco\/wp-json\/wp\/v2\/media?parent=10192"}],"wp:term":[{"taxonomy":"category","embeddable":true,"href":"https:\/\/www.em.com.br\/emfoco\/wp-json\/wp\/v2\/categories?post=10192"},{"taxonomy":"post_tag","embeddable":true,"href":"https:\/\/www.em.com.br\/emfoco\/wp-json\/wp\/v2\/tags?post=10192"}],"curies":[{"name":"wp","href":"https:\/\/api.w.org\/{rel}","templated":true}]}}