{"id":101888,"date":"2025-09-09T14:08:00","date_gmt":"2025-09-09T17:08:00","guid":{"rendered":"https:\/\/www.em.com.br\/emfoco\/?p=101888"},"modified":"2025-09-08T13:28:09","modified_gmt":"2025-09-08T16:28:09","slug":"as-cidades-brasileiras-com-custo-de-vida-mais-acessivel-em-2025","status":"publish","type":"post","link":"https:\/\/www.em.com.br\/emfoco\/2025\/09\/09\/as-cidades-brasileiras-com-custo-de-vida-mais-acessivel-em-2025\/","title":{"rendered":"As cidades brasileiras com custo de vida mais acess\u00edvel em 2025"},"content":{"rendered":"\n<p>O <strong>custo de vida acess\u00edvel<\/strong> \u00e9 um dos principais atrativos para quem pensa em mudar de cidade. Lugares como Maring\u00e1, Jo\u00e3o Pessoa e Goi\u00e2nia oferecem boa infraestrutura, pre\u00e7os menores e qualidade de vida que chama aten\u00e7\u00e3o de novos moradores.<\/p>\n\n\n\n<ul class=\"wp-block-list\">\n<li>Aluguel e alimenta\u00e7\u00e3o mais baratos em compara\u00e7\u00e3o a grandes capitais<\/li>\n\n\n\n<li>Boa infraestrutura urbana e qualidade de vida equilibrada<\/li>\n\n\n\n<li>Mercado de trabalho com oportunidades crescentes<\/li>\n<\/ul>\n\n\n\n<h2 class=\"wp-block-heading\">Por que cidades do interior oferecem melhor custo-benef\u00edcio?<\/h2>\n\n\n\n<p>O <strong>baixo custo de vida<\/strong> em cidades do interior est\u00e1 ligado a fatores como terrenos mais baratos, menor especula\u00e7\u00e3o imobili\u00e1ria e pol\u00edticas p\u00fablicas voltadas \u00e0 habita\u00e7\u00e3o. Isso permite que fam\u00edlias consigam alugar ou comprar im\u00f3veis por valores mais acess\u00edveis.<\/p>\n\n\n\n<p>Al\u00e9m disso, a <strong>infraestrutura organizada<\/strong> e a qualidade dos servi\u00e7os essenciais, como <strong><a href=\"https:\/\/www.em.com.br\/emfoco\/2025\/01\/24\/o-que-determina-o-investimento-em-saude-e-educacao-nos-municipios-brasileiros\/\" target=\"_blank\" rel=\"noreferrer noopener\">sa\u00fade e educa\u00e7\u00e3o<\/a><\/strong>, tornam essas regi\u00f5es op\u00e7\u00f5es atrativas. O equil\u00edbrio entre pre\u00e7os baixos e boa estrutura favorece quem busca conforto com or\u00e7amento limitado.<\/p>\n\n\n\n<figure class=\"wp-block-image size-large\"><img loading=\"lazy\" decoding=\"async\" width=\"1024\" height=\"576\" src=\"https:\/\/www.em.com.br\/emfoco\/wp-content\/uploads\/2025\/04\/Dinheiro-reais_1744297967281-1024x576.jpg\" alt=\"Crescimento do BPC exige mudan\u00e7as urgentes para manter sustentabilidade\" class=\"wp-image-37087\" srcset=\"https:\/\/www.em.com.br\/emfoco\/wp-content\/uploads\/2025\/04\/Dinheiro-reais_1744297967281-1024x576.jpg 1024w, https:\/\/www.em.com.br\/emfoco\/wp-content\/uploads\/2025\/04\/Dinheiro-reais_1744297967281-300x169.jpg 300w, https:\/\/www.em.com.br\/emfoco\/wp-content\/uploads\/2025\/04\/Dinheiro-reais_1744297967281-768x432.jpg 768w, https:\/\/www.em.com.br\/emfoco\/wp-content\/uploads\/2025\/04\/Dinheiro-reais_1744297967281-750x422.jpg 750w, https:\/\/www.em.com.br\/emfoco\/wp-content\/uploads\/2025\/04\/Dinheiro-reais_1744297967281-1140x641.jpg 1140w, https:\/\/www.em.com.br\/emfoco\/wp-content\/uploads\/2025\/04\/Dinheiro-reais_1744297967281.jpg 1280w\" sizes=\"auto, (max-width: 1024px) 100vw, 1024px\" \/><figcaption class=\"wp-element-caption\">Dinheiro &#8211; Cr\u00e9ditos: depositphotos.com \/ AntonMatyukha<\/figcaption><\/figure>\n\n\n\n<h2 class=\"wp-block-heading\">Quais cidades brasileiras se destacam em acessibilidade?<\/h2>\n\n\n\n<p>Algumas cidades t\u00eam se tornado refer\u00eancias por unir qualidade de vida com custos menores. Elas atraem moradores de grandes centros que buscam alternativas mais equilibradas. Entre os principais destaques est\u00e3o:<\/p>\n\n\n\n<ul class=\"wp-block-list\">\n<li><strong>Maring\u00e1 (PR)<\/strong>: aluguel m\u00e9dio de R$ 2.077 para im\u00f3veis de 1 quarto e R$ 2.667 para 3 quartos, com excelente urbaniza\u00e7\u00e3o.<\/li>\n\n\n\n<li><strong>Jo\u00e3o Pessoa (PB)<\/strong>: im\u00f3veis variam de R$ 1.400 em \u00e1reas universit\u00e1rias a cerca de R$ 2.500 em bairros nobres.<\/li>\n\n\n\n<li><strong>Goi\u00e2nia (GO)<\/strong>: aluguel m\u00e9dio de R$ 2.350 para apartamentos de 1 quarto, podendo chegar a R$ 4.200 em regi\u00f5es valorizadas.<\/li>\n<\/ul>\n\n\n\n<figure class=\"wp-block-image size-large\"><img loading=\"lazy\" decoding=\"async\" width=\"1024\" height=\"576\" src=\"https:\/\/www.em.com.br\/emfoco\/wp-content\/uploads\/2025\/04\/Maringa-Parana_1745327477286-1024x576.jpg\" alt=\"Essa cidade mostra como o planejamento urbano pode transformar vidas\" class=\"wp-image-40382\" srcset=\"https:\/\/www.em.com.br\/emfoco\/wp-content\/uploads\/2025\/04\/Maringa-Parana_1745327477286-1024x576.jpg 1024w, https:\/\/www.em.com.br\/emfoco\/wp-content\/uploads\/2025\/04\/Maringa-Parana_1745327477286-300x169.jpg 300w, https:\/\/www.em.com.br\/emfoco\/wp-content\/uploads\/2025\/04\/Maringa-Parana_1745327477286-768x432.jpg 768w, https:\/\/www.em.com.br\/emfoco\/wp-content\/uploads\/2025\/04\/Maringa-Parana_1745327477286-750x422.jpg 750w, https:\/\/www.em.com.br\/emfoco\/wp-content\/uploads\/2025\/04\/Maringa-Parana_1745327477286-1140x641.jpg 1140w, https:\/\/www.em.com.br\/emfoco\/wp-content\/uploads\/2025\/04\/Maringa-Parana_1745327477286.jpg 1280w\" sizes=\"auto, (max-width: 1024px) 100vw, 1024px\" \/><figcaption class=\"wp-element-caption\">Maring\u00e1, Paran\u00e1 &#8211; Cr\u00e9ditos: depositphotos.com \/ Rdziura<\/figcaption><\/figure>\n\n\n\n<h2 class=\"wp-block-heading\">Como o mercado de trabalho influencia na escolha?<\/h2>\n\n\n\n<p>O <strong>emprego<\/strong> \u00e9 um dos pontos decisivos para a mudan\u00e7a. Muitas cidades com custo de vida mais baixo oferecem setores em expans\u00e3o, como com\u00e9rcio, servi\u00e7os e tecnologia, abrindo portas para novos profissionais.<\/p>\n\n\n\n<p>A soma de <strong>oportunidades de trabalho<\/strong> com pre\u00e7os menores no dia a dia cria um ambiente favor\u00e1vel. Isso explica por que tantos brasileiros t\u00eam migrado de capitais caras para polos regionais em ascens\u00e3o.<\/p>\n\n\n\n<h2 class=\"wp-block-heading\">O transporte tamb\u00e9m \u00e9 mais barato nessas cidades?<\/h2>\n\n\n\n<p>O <strong>transporte<\/strong> urbano nessas localidades costuma ter tarifas menores e menos tempo de deslocamento. Isso gera economia de dinheiro e mais <strong><a href=\"https:\/\/www.saudebemestar.pt\/pt\/blog-saude\/qualidade-de-vida\/\" target=\"_blank\" rel=\"noreferrer noopener\">qualidade de vida<\/a><\/strong>, j\u00e1 que os trajetos s\u00e3o curtos e menos estressantes.<\/p>\n\n\n\n<ul class=\"wp-block-list\">\n<li>Linhas de \u00f4nibus com pre\u00e7os reduzidos e trajetos \u00e1geis<\/li>\n\n\n\n<li>Maior uso de bicicletas e alternativas sustent\u00e1veis<\/li>\n\n\n\n<li>Tr\u00e2nsito mais leve em compara\u00e7\u00e3o a grandes capitais<\/li>\n<\/ul>\n\n\n\n<h2 class=\"wp-block-heading\">Quais dicas pr\u00e1ticas ajudam na mudan\u00e7a para cidades mais baratas?<\/h2>\n\n\n\n<p>Antes de se mudar, \u00e9 importante avaliar os <strong>custos mensais<\/strong>, oportunidades de emprego e a adapta\u00e7\u00e3o cultural. Pesquisar bem cada cidade e fazer um planejamento financeiro garante mais seguran\u00e7a e menos surpresas.<\/p>\n\n\n\n<ul class=\"wp-block-list\">\n<li>Monte uma planilha de gastos com aluguel, transporte e alimenta\u00e7\u00e3o<\/li>\n\n\n\n<li>Visite a cidade antes da mudan\u00e7a para conhecer os bairros<\/li>\n\n\n\n<li>Considere cursos e redes de contato para ampliar chances de emprego<\/li>\n<\/ul>\n\n\n\n<p><\/p>\n","protected":false},"excerpt":{"rendered":"<p>O custo de vida acess\u00edvel \u00e9 um dos principais atrativos para quem pensa em mudar de cidade. Lugares como Maring\u00e1, Jo\u00e3o Pessoa e Goi\u00e2nia oferecem boa infraestrutura, pre\u00e7os menores e qualidade de vida que chama aten\u00e7\u00e3o de novos moradores. Por que cidades do interior oferecem melhor custo-benef\u00edcio? O baixo custo de vida em cidades do [&hellip;]<\/p>\n","protected":false},"author":13,"featured_media":38821,"comment_status":"open","ping_status":"open","sticky":false,"template":"","format":"standard","meta":{"jnews-multi-image_gallery":[],"jnews_single_post":{"format":"standard"},"jnews_primary_category":[],"jnews_social_meta":[],"jnews_override_counter":[],"footnotes":""},"categories":[26],"tags":[7568,367,15689,327],"class_list":["post-101888","post","type-post","status-publish","format-standard","has-post-thumbnail","hentry","category-cidades","tag-cidades-acessiveis","tag-custo-de-vida","tag-orcamento-acessivel","tag-qualidade-de-vida"],"yoast_head":"<!-- This site is optimized with the Yoast SEO plugin v23.8 - https:\/\/yoast.com\/wordpress\/plugins\/seo\/ -->\n<title>As cidades brasileiras com custo de vida mais acess\u00edvel em 2025 - Estado de Minas - Em foco<\/title>\n<meta name=\"description\" content=\"Cidades como Maring\u00e1 e Jo\u00e3o Pessoa est\u00e3o entre as melhores op\u00e7\u00f5es para viver com qualidade e custo acess\u00edvel. Confira os detalhes.\" \/>\n<meta name=\"robots\" content=\"index, follow, max-snippet:-1, max-image-preview:large, max-video-preview:-1\" \/>\n<link rel=\"canonical\" href=\"https:\/\/www.em.com.br\/emfoco\/2025\/09\/09\/as-cidades-brasileiras-com-custo-de-vida-mais-acessivel-em-2025\/\" \/>\n<meta property=\"og:locale\" content=\"pt_BR\" \/>\n<meta property=\"og:type\" content=\"article\" \/>\n<meta property=\"og:title\" content=\"As cidades brasileiras com custo de vida mais acess\u00edvel em 2025 - Estado de Minas - Em foco\" \/>\n<meta property=\"og:description\" content=\"Cidades como Maring\u00e1 e Jo\u00e3o Pessoa est\u00e3o entre as melhores op\u00e7\u00f5es para viver com qualidade e custo acess\u00edvel. Confira os detalhes.\" \/>\n<meta property=\"og:url\" content=\"https:\/\/www.em.com.br\/emfoco\/2025\/09\/09\/as-cidades-brasileiras-com-custo-de-vida-mais-acessivel-em-2025\/\" \/>\n<meta property=\"og:site_name\" content=\"Estado de Minas - Em foco\" \/>\n<meta property=\"article:published_time\" content=\"2025-09-09T17:08:00+00:00\" \/>\n<meta property=\"article:modified_time\" content=\"2025-09-08T16:28:09+00:00\" \/>\n<meta property=\"og:image\" content=\"https:\/\/www.em.com.br\/emfoco\/wp-content\/uploads\/2025\/04\/Goiania_1744808426666.jpg\" \/>\n\t<meta property=\"og:image:width\" content=\"1280\" \/>\n\t<meta property=\"og:image:height\" content=\"720\" \/>\n\t<meta property=\"og:image:type\" content=\"image\/jpeg\" \/>\n<meta name=\"author\" content=\"Gabriel Martins\" \/>\n<meta name=\"twitter:card\" content=\"summary_large_image\" \/>\n<meta name=\"twitter:label1\" content=\"Escrito por\" \/>\n\t<meta name=\"twitter:data1\" content=\"Gabriel Martins\" \/>\n\t<meta name=\"twitter:label2\" content=\"Est. tempo de leitura\" \/>\n\t<meta name=\"twitter:data2\" content=\"4 minutos\" \/>\n<!-- \/ Yoast SEO plugin. -->","yoast_head_json":{"title":"As cidades brasileiras com custo de vida mais acess\u00edvel em 2025 - Estado de Minas - Em foco","description":"Cidades como Maring\u00e1 e Jo\u00e3o Pessoa est\u00e3o entre as melhores op\u00e7\u00f5es para viver com qualidade e custo acess\u00edvel. Confira os detalhes.","robots":{"index":"index","follow":"follow","max-snippet":"max-snippet:-1","max-image-preview":"max-image-preview:large","max-video-preview":"max-video-preview:-1"},"canonical":"https:\/\/www.em.com.br\/emfoco\/2025\/09\/09\/as-cidades-brasileiras-com-custo-de-vida-mais-acessivel-em-2025\/","og_locale":"pt_BR","og_type":"article","og_title":"As cidades brasileiras com custo de vida mais acess\u00edvel em 2025 - Estado de Minas - Em foco","og_description":"Cidades como Maring\u00e1 e Jo\u00e3o Pessoa est\u00e3o entre as melhores op\u00e7\u00f5es para viver com qualidade e custo acess\u00edvel. Confira os detalhes.","og_url":"https:\/\/www.em.com.br\/emfoco\/2025\/09\/09\/as-cidades-brasileiras-com-custo-de-vida-mais-acessivel-em-2025\/","og_site_name":"Estado de Minas - Em foco","article_published_time":"2025-09-09T17:08:00+00:00","article_modified_time":"2025-09-08T16:28:09+00:00","og_image":[{"width":1280,"height":720,"url":"https:\/\/www.em.com.br\/emfoco\/wp-content\/uploads\/2025\/04\/Goiania_1744808426666.jpg","type":"image\/jpeg"}],"author":"Gabriel Martins","twitter_card":"summary_large_image","twitter_misc":{"Escrito por":"Gabriel Martins","Est. tempo de leitura":"4 minutos"},"schema":{"@context":"https:\/\/schema.org","@graph":[{"@type":"WebPage","@id":"https:\/\/www.em.com.br\/emfoco\/2025\/09\/09\/as-cidades-brasileiras-com-custo-de-vida-mais-acessivel-em-2025\/","url":"https:\/\/www.em.com.br\/emfoco\/2025\/09\/09\/as-cidades-brasileiras-com-custo-de-vida-mais-acessivel-em-2025\/","name":"As cidades brasileiras com custo de vida mais acess\u00edvel em 2025 - Estado de Minas - Em foco","isPartOf":{"@id":"https:\/\/www.em.com.br\/emfoco\/#website"},"primaryImageOfPage":{"@id":"https:\/\/www.em.com.br\/emfoco\/2025\/09\/09\/as-cidades-brasileiras-com-custo-de-vida-mais-acessivel-em-2025\/#primaryimage"},"image":{"@id":"https:\/\/www.em.com.br\/emfoco\/2025\/09\/09\/as-cidades-brasileiras-com-custo-de-vida-mais-acessivel-em-2025\/#primaryimage"},"thumbnailUrl":"https:\/\/www.em.com.br\/emfoco\/wp-content\/uploads\/2025\/04\/Goiania_1744808426666.jpg","datePublished":"2025-09-09T17:08:00+00:00","dateModified":"2025-09-08T16:28:09+00:00","author":{"@id":"https:\/\/www.em.com.br\/emfoco\/#\/schema\/person\/1c9ddeab18b98abeffef834667bcf08a"},"description":"Cidades como Maring\u00e1 e Jo\u00e3o Pessoa est\u00e3o entre as melhores op\u00e7\u00f5es para viver com qualidade e custo acess\u00edvel. Confira os detalhes.","breadcrumb":{"@id":"https:\/\/www.em.com.br\/emfoco\/2025\/09\/09\/as-cidades-brasileiras-com-custo-de-vida-mais-acessivel-em-2025\/#breadcrumb"},"inLanguage":"pt-BR","potentialAction":[{"@type":"ReadAction","target":["https:\/\/www.em.com.br\/emfoco\/2025\/09\/09\/as-cidades-brasileiras-com-custo-de-vida-mais-acessivel-em-2025\/"]}]},{"@type":"ImageObject","inLanguage":"pt-BR","@id":"https:\/\/www.em.com.br\/emfoco\/2025\/09\/09\/as-cidades-brasileiras-com-custo-de-vida-mais-acessivel-em-2025\/#primaryimage","url":"https:\/\/www.em.com.br\/emfoco\/wp-content\/uploads\/2025\/04\/Goiania_1744808426666.jpg","contentUrl":"https:\/\/www.em.com.br\/emfoco\/wp-content\/uploads\/2025\/04\/Goiania_1744808426666.jpg","width":1280,"height":720,"caption":"Goi\u00e2nia, Goi\u00e1s - Cr\u00e9ditos: depositphotos.com \/ AngelaMacario"},{"@type":"BreadcrumbList","@id":"https:\/\/www.em.com.br\/emfoco\/2025\/09\/09\/as-cidades-brasileiras-com-custo-de-vida-mais-acessivel-em-2025\/#breadcrumb","itemListElement":[{"@type":"ListItem","position":1,"name":"In\u00edcio","item":"https:\/\/www.em.com.br\/emfoco\/"},{"@type":"ListItem","position":2,"name":"As cidades brasileiras com custo de vida mais acess\u00edvel em 2025"}]},{"@type":"WebSite","@id":"https:\/\/www.em.com.br\/emfoco\/#website","url":"https:\/\/www.em.com.br\/emfoco\/","name":"Estado de Minas - Em foco","description":"Acompanhe as \u00faltimas not\u00edcias e fique bem informado sobre tudo o que acontece em Minas Gerais, Brasil e no mundo.","potentialAction":[{"@type":"SearchAction","target":{"@type":"EntryPoint","urlTemplate":"https:\/\/www.em.com.br\/emfoco\/?s={search_term_string}"},"query-input":{"@type":"PropertyValueSpecification","valueRequired":true,"valueName":"search_term_string"}}],"inLanguage":"pt-BR"},{"@type":"Person","@id":"https:\/\/www.em.com.br\/emfoco\/#\/schema\/person\/1c9ddeab18b98abeffef834667bcf08a","name":"Gabriel Martins","image":{"@type":"ImageObject","inLanguage":"pt-BR","@id":"https:\/\/www.em.com.br\/emfoco\/#\/schema\/person\/image\/","url":"https:\/\/secure.gravatar.com\/avatar\/f0f1e2efdfd88f1ad2cb08c5c2731e50?s=96&d=mm&r=g","contentUrl":"https:\/\/secure.gravatar.com\/avatar\/f0f1e2efdfd88f1ad2cb08c5c2731e50?s=96&d=mm&r=g","caption":"Gabriel Martins"},"sameAs":["https:\/\/www.em.com.br\/emfoco\/"],"url":"https:\/\/www.em.com.br\/emfoco\/author\/gabrielmartinsmyth\/"}]}},"_links":{"self":[{"href":"https:\/\/www.em.com.br\/emfoco\/wp-json\/wp\/v2\/posts\/101888","targetHints":{"allow":["GET"]}}],"collection":[{"href":"https:\/\/www.em.com.br\/emfoco\/wp-json\/wp\/v2\/posts"}],"about":[{"href":"https:\/\/www.em.com.br\/emfoco\/wp-json\/wp\/v2\/types\/post"}],"author":[{"embeddable":true,"href":"https:\/\/www.em.com.br\/emfoco\/wp-json\/wp\/v2\/users\/13"}],"replies":[{"embeddable":true,"href":"https:\/\/www.em.com.br\/emfoco\/wp-json\/wp\/v2\/comments?post=101888"}],"version-history":[{"count":1,"href":"https:\/\/www.em.com.br\/emfoco\/wp-json\/wp\/v2\/posts\/101888\/revisions"}],"predecessor-version":[{"id":101898,"href":"https:\/\/www.em.com.br\/emfoco\/wp-json\/wp\/v2\/posts\/101888\/revisions\/101898"}],"wp:featuredmedia":[{"embeddable":true,"href":"https:\/\/www.em.com.br\/emfoco\/wp-json\/wp\/v2\/media\/38821"}],"wp:attachment":[{"href":"https:\/\/www.em.com.br\/emfoco\/wp-json\/wp\/v2\/media?parent=101888"}],"wp:term":[{"taxonomy":"category","embeddable":true,"href":"https:\/\/www.em.com.br\/emfoco\/wp-json\/wp\/v2\/categories?post=101888"},{"taxonomy":"post_tag","embeddable":true,"href":"https:\/\/www.em.com.br\/emfoco\/wp-json\/wp\/v2\/tags?post=101888"}],"curies":[{"name":"wp","href":"https:\/\/api.w.org\/{rel}","templated":true}]}}