{"id":10180,"date":"2025-01-12T08:19:00","date_gmt":"2025-01-12T11:19:00","guid":{"rendered":"https:\/\/www.em.com.br\/emfoco\/?p=10180"},"modified":"2025-01-12T04:25:10","modified_gmt":"2025-01-12T07:25:10","slug":"comunicado-para-todos-que-informam-o-cpf-ao-comprar-em-mercados-agora-em-2025","status":"publish","type":"post","link":"https:\/\/www.em.com.br\/emfoco\/2025\/01\/12\/comunicado-para-todos-que-informam-o-cpf-ao-comprar-em-mercados-agora-em-2025\/","title":{"rendered":"Comunicado para todos que informam o CPF ao comprar em mercados agora em 2025"},"content":{"rendered":"\n<p>No Brasil, um dos mecanismos utilizados para promover a conscientiza\u00e7\u00e3o fiscal e aumentar a arrecada\u00e7\u00e3o de impostos \u00e9 o programa &#8220;CPF na Nota&#8221;. Essa iniciativa visa incentivar os consumidores a solicitarem notas fiscais com o CPF, ajudando na fiscaliza\u00e7\u00e3o tribut\u00e1ria ao assegurar que os impostos sejam devidamente recolhidos. O programa n\u00e3o s\u00f3 fortalece a rela\u00e7\u00e3o entre o governo e a sociedade como tamb\u00e9m traz uma s\u00e9rie de benef\u00edcios diretos aos participantes.<\/p>\n\n\n\n<p>O conceito se baseia na inclus\u00e3o do CPF do consumidor nas notas fiscais. Essa pr\u00e1tica n\u00e3o s\u00f3 facilita o controle fiscal por parte do governo, mas tamb\u00e9m oferece aos consumidores uma gama de vantagens que v\u00e3o desde recompensas financeiras at\u00e9 oportunidades de engajamento social, tornando-se uma pr\u00e1tica bastante ben\u00e9fica.<\/p>\n\n\n\n<h2 class=\"wp-block-heading\">Quais S\u00e3o as Vantagens de Participar do Programa?<\/h2>\n\n\n\n<p>A ades\u00e3o ao &#8220;CPF na Nota&#8221; proporciona diversas vantagens aos consumidores. Esse programa oferece desde benef\u00edcios econ\u00f4micos at\u00e9 oportunidades de contribuir socialmente. Os consumidores brasileiros s\u00e3o incentivados pelos seguintes motivos:<\/p>\n\n\n\n<ul class=\"wp-block-list\">\n<li><strong>Cr\u00e9ditos Fiscais:<\/strong> Os consumidores podem acumular cr\u00e9ditos para abater em impostos estaduais ou municipais.<\/li>\n\n\n\n<li><strong>Participa\u00e7\u00e3o em Sorteios:<\/strong> A inclus\u00e3o do CPF permite que os participantes concorram a diversos pr\u00eamios atrav\u00e9s de sorteios regulares.<\/li>\n\n\n\n<li><strong>Combate \u00e0 Sonega\u00e7\u00e3o Fiscal:<\/strong> A solicita\u00e7\u00e3o de nota fiscal ajuda a prevenir a evas\u00e3o de impostos, aumentando a arrecada\u00e7\u00e3o tribut\u00e1ria.<\/li>\n\n\n\n<li><strong>Apoio Social:<\/strong> Em alguns estados, \u00e9 poss\u00edvel destinar parte dos cr\u00e9ditos a projetos sociais e institui\u00e7\u00f5es beneficentes.<\/li>\n<\/ul>\n\n\n\n<figure class=\"wp-block-image size-large\"><img loading=\"lazy\" decoding=\"async\" width=\"1024\" height=\"576\" src=\"https:\/\/www.em.com.br\/emfoco\/wp-content\/uploads\/2024\/12\/Banco-do-Brasil_1734461359873-1024x576.jpg\" alt=\"\" class=\"wp-image-5452\" srcset=\"https:\/\/www.em.com.br\/emfoco\/wp-content\/uploads\/2024\/12\/Banco-do-Brasil_1734461359873-1024x576.jpg 1024w, https:\/\/www.em.com.br\/emfoco\/wp-content\/uploads\/2024\/12\/Banco-do-Brasil_1734461359873-300x169.jpg 300w, https:\/\/www.em.com.br\/emfoco\/wp-content\/uploads\/2024\/12\/Banco-do-Brasil_1734461359873-768x432.jpg 768w, https:\/\/www.em.com.br\/emfoco\/wp-content\/uploads\/2024\/12\/Banco-do-Brasil_1734461359873-750x422.jpg 750w, https:\/\/www.em.com.br\/emfoco\/wp-content\/uploads\/2024\/12\/Banco-do-Brasil_1734461359873-1140x641.jpg 1140w, https:\/\/www.em.com.br\/emfoco\/wp-content\/uploads\/2024\/12\/Banco-do-Brasil_1734461359873.jpg 1280w\" sizes=\"auto, (max-width: 1024px) 100vw, 1024px\" \/><figcaption class=\"wp-element-caption\">Dinheiro Extra &#8211; Cr\u00e9ditos: depositphotos.com \/ rmcarvalhobsb<\/figcaption><\/figure>\n\n\n\n<h2 class=\"wp-block-heading\">Como Acessar e Utilizar os Cr\u00e9ditos Acumulados?<\/h2>\n\n\n\n<p>Para consultar e utilizar os cr\u00e9ditos acumulados atrav\u00e9s do &#8220;CPF na Nota&#8221;, os participantes devem acessar a plataforma online dedicada ao programa em sua respectiva regi\u00e3o. O processo para visualiza\u00e7\u00e3o e resgate segue alguns passos simples:<\/p>\n\n\n\n<ol class=\"wp-block-list\">\n<li>Visite o portal oficial do programa no seu estado de resid\u00eancia.<\/li>\n\n\n\n<li>Fa\u00e7a login utilizando o seu CPF e senha cadastrados anteriormente.<\/li>\n\n\n\n<li>Confira o saldo de cr\u00e9ditos dispon\u00edveis e os bilhetes para sorteio.<\/li>\n\n\n\n<li>Escolha a op\u00e7\u00e3o de resgate desejada, como transfer\u00eancia banc\u00e1ria ou desconto em impostos.<\/li>\n<\/ol>\n\n\n\n<h2 class=\"wp-block-heading\">Em Quais Regi\u00f5es O Programa Est\u00e1 Dispon\u00edvel?<\/h2>\n\n\n\n<p>O &#8220;CPF na Nota&#8221; est\u00e1 dispon\u00edvel em diversas regi\u00f5es do Brasil, cada uma com peculiaridades em termos de benef\u00edcios e regras. Aqui est\u00e3o alguns exemplos de estados que adotaram o programa:<\/p>\n\n\n\n<ul class=\"wp-block-list\">\n<li><strong>S\u00e3o Paulo:<\/strong> Possibilita a obten\u00e7\u00e3o de cr\u00e9ditos financeiros, participa\u00e7\u00e3o em sorteios e abatimentos no IPVA.<\/li>\n\n\n\n<li><strong>Rio Grande do Sul:<\/strong> Os participantes podem destinar seus cr\u00e9ditos para entidades sociais atrav\u00e9s do programa.<\/li>\n\n\n\n<li><strong>Minas Gerais:<\/strong> Sem abatimento direto em impostos, o estado oferece sorteios com atrativos variados.<\/li>\n<\/ul>\n\n\n\n<h2 class=\"wp-block-heading\">Estrat\u00e9gias para Aumentar as Chances em Sorteios<\/h2>\n\n\n\n<p>Participar de sorteios atrav\u00e9s do &#8220;CPF na Nota&#8221; pode ser uma atividade empolgante. Existem algumas estrat\u00e9gias que podem ser utilizadas para maximizar as chances de ser sorteado:<\/p>\n\n\n\n<ul class=\"wp-block-list\">\n<li>Certifique-se de que seu cadastro est\u00e1 completo e atualizado no portal do programa.<\/li>\n\n\n\n<li>Acompanhe a quantidade de bilhetes gerados em fun\u00e7\u00e3o das compras realizadas.<\/li>\n\n\n\n<li>Mantenha-se informado sobre as datas dos sorteios e suas regras de participa\u00e7\u00e3o.<\/li>\n<\/ul>\n\n\n\n<p>Portanto, o &#8220;CPF na Nota&#8221; \u00e9 mais do que apenas uma ferramenta para aumentar a arrecada\u00e7\u00e3o fiscal; \u00e9 um meio de envolver os cidad\u00e3os em uma pr\u00e1tica que estimula a cidadania fiscal e oferece recompensas tang\u00edveis. O programa se destaca como um exemplo de coopera\u00e7\u00e3o entre o governo e a popula\u00e7\u00e3o em prol do desenvolvimento econ\u00f4mico e social do pa\u00eds.<\/p>\n","protected":false},"excerpt":{"rendered":"<p>No Brasil, um dos mecanismos utilizados para promover a conscientiza\u00e7\u00e3o fiscal e aumentar a arrecada\u00e7\u00e3o de impostos \u00e9 o programa &#8220;CPF na Nota&#8221;. Essa iniciativa visa incentivar os consumidores a solicitarem notas fiscais com o CPF<\/p>\n","protected":false},"author":2,"featured_media":5547,"comment_status":"open","ping_status":"open","sticky":false,"template":"","format":"standard","meta":{"jnews-multi-image_gallery":[],"jnews_single_post":{"format":"standard"},"jnews_primary_category":[],"jnews_social_meta":[],"jnews_override_counter":[],"footnotes":""},"categories":[28,1],"tags":[3354,398,3353],"class_list":["post-10180","post","type-post","status-publish","format-standard","has-post-thumbnail","hentry","category-economia","category-noticias","tag-conscientizacao-fiscal","tag-cpf-na-nota","tag-fiscalizacao-tributaria"],"yoast_head":"<!-- This site is optimized with the Yoast SEO plugin v23.8 - https:\/\/yoast.com\/wordpress\/plugins\/seo\/ -->\n<title>Comunicado para todos que informam o CPF ao comprar em mercados agora em 2025 - Estado de Minas - Em foco<\/title>\n<meta name=\"description\" content=\"No Brasil, um dos mecanismos utilizados para promover a conscientiza\u00e7\u00e3o fiscal e aumentar a arrecada\u00e7\u00e3o de impostos \u00e9 o programa &quot;CPF na Nota&quot;. Essa iniciativa visa incentivar os consumidores a solicitarem notas fiscais com o CPF\" \/>\n<meta name=\"robots\" content=\"index, follow, max-snippet:-1, max-image-preview:large, max-video-preview:-1\" \/>\n<link rel=\"canonical\" href=\"https:\/\/www.em.com.br\/emfoco\/2025\/01\/12\/comunicado-para-todos-que-informam-o-cpf-ao-comprar-em-mercados-agora-em-2025\/\" \/>\n<meta property=\"og:locale\" content=\"pt_BR\" \/>\n<meta property=\"og:type\" content=\"article\" \/>\n<meta property=\"og:title\" content=\"Comunicado para todos que informam o CPF ao comprar em mercados agora em 2025 - Estado de Minas - Em foco\" \/>\n<meta property=\"og:description\" content=\"No Brasil, um dos mecanismos utilizados para promover a conscientiza\u00e7\u00e3o fiscal e aumentar a arrecada\u00e7\u00e3o de impostos \u00e9 o programa &quot;CPF na Nota&quot;. Essa iniciativa visa incentivar os consumidores a solicitarem notas fiscais com o CPF\" \/>\n<meta property=\"og:url\" content=\"https:\/\/www.em.com.br\/emfoco\/2025\/01\/12\/comunicado-para-todos-que-informam-o-cpf-ao-comprar-em-mercados-agora-em-2025\/\" \/>\n<meta property=\"og:site_name\" content=\"Estado de Minas - Em foco\" \/>\n<meta property=\"article:published_time\" content=\"2025-01-12T11:19:00+00:00\" \/>\n<meta property=\"article:modified_time\" content=\"2025-01-12T07:25:10+00:00\" \/>\n<meta property=\"og:image\" content=\"https:\/\/www.em.com.br\/emfoco\/wp-content\/uploads\/2024\/12\/httpsneural.myth_.devstaticcachea0748ffb-8acd-4847-b56a-180d9b8b4149.jpeg\" \/>\n\t<meta property=\"og:image:width\" content=\"1280\" \/>\n\t<meta property=\"og:image:height\" content=\"720\" \/>\n\t<meta property=\"og:image:type\" content=\"image\/jpeg\" \/>\n<meta name=\"author\" content=\"Guilherme\" \/>\n<meta name=\"twitter:card\" content=\"summary_large_image\" \/>\n<meta name=\"twitter:label1\" content=\"Escrito por\" \/>\n\t<meta name=\"twitter:data1\" content=\"Guilherme\" \/>\n\t<meta name=\"twitter:label2\" content=\"Est. tempo de leitura\" \/>\n\t<meta name=\"twitter:data2\" content=\"4 minutos\" \/>\n<!-- \/ Yoast SEO plugin. -->","yoast_head_json":{"title":"Comunicado para todos que informam o CPF ao comprar em mercados agora em 2025 - Estado de Minas - Em foco","description":"No Brasil, um dos mecanismos utilizados para promover a conscientiza\u00e7\u00e3o fiscal e aumentar a arrecada\u00e7\u00e3o de impostos \u00e9 o programa \"CPF na Nota\". Essa iniciativa visa incentivar os consumidores a solicitarem notas fiscais com o CPF","robots":{"index":"index","follow":"follow","max-snippet":"max-snippet:-1","max-image-preview":"max-image-preview:large","max-video-preview":"max-video-preview:-1"},"canonical":"https:\/\/www.em.com.br\/emfoco\/2025\/01\/12\/comunicado-para-todos-que-informam-o-cpf-ao-comprar-em-mercados-agora-em-2025\/","og_locale":"pt_BR","og_type":"article","og_title":"Comunicado para todos que informam o CPF ao comprar em mercados agora em 2025 - Estado de Minas - Em foco","og_description":"No Brasil, um dos mecanismos utilizados para promover a conscientiza\u00e7\u00e3o fiscal e aumentar a arrecada\u00e7\u00e3o de impostos \u00e9 o programa \"CPF na Nota\". Essa iniciativa visa incentivar os consumidores a solicitarem notas fiscais com o CPF","og_url":"https:\/\/www.em.com.br\/emfoco\/2025\/01\/12\/comunicado-para-todos-que-informam-o-cpf-ao-comprar-em-mercados-agora-em-2025\/","og_site_name":"Estado de Minas - Em foco","article_published_time":"2025-01-12T11:19:00+00:00","article_modified_time":"2025-01-12T07:25:10+00:00","og_image":[{"width":1280,"height":720,"url":"https:\/\/www.em.com.br\/emfoco\/wp-content\/uploads\/2024\/12\/httpsneural.myth_.devstaticcachea0748ffb-8acd-4847-b56a-180d9b8b4149.jpeg","type":"image\/jpeg"}],"author":"Guilherme","twitter_card":"summary_large_image","twitter_misc":{"Escrito por":"Guilherme","Est. tempo de leitura":"4 minutos"},"schema":{"@context":"https:\/\/schema.org","@graph":[{"@type":"WebPage","@id":"https:\/\/www.em.com.br\/emfoco\/2025\/01\/12\/comunicado-para-todos-que-informam-o-cpf-ao-comprar-em-mercados-agora-em-2025\/","url":"https:\/\/www.em.com.br\/emfoco\/2025\/01\/12\/comunicado-para-todos-que-informam-o-cpf-ao-comprar-em-mercados-agora-em-2025\/","name":"Comunicado para todos que informam o CPF ao comprar em mercados agora em 2025 - Estado de Minas - Em foco","isPartOf":{"@id":"https:\/\/www.em.com.br\/emfoco\/#website"},"primaryImageOfPage":{"@id":"https:\/\/www.em.com.br\/emfoco\/2025\/01\/12\/comunicado-para-todos-que-informam-o-cpf-ao-comprar-em-mercados-agora-em-2025\/#primaryimage"},"image":{"@id":"https:\/\/www.em.com.br\/emfoco\/2025\/01\/12\/comunicado-para-todos-que-informam-o-cpf-ao-comprar-em-mercados-agora-em-2025\/#primaryimage"},"thumbnailUrl":"https:\/\/www.em.com.br\/emfoco\/wp-content\/uploads\/2024\/12\/httpsneural.myth_.devstaticcachea0748ffb-8acd-4847-b56a-180d9b8b4149.jpeg","datePublished":"2025-01-12T11:19:00+00:00","dateModified":"2025-01-12T07:25:10+00:00","author":{"@id":"https:\/\/www.em.com.br\/emfoco\/#\/schema\/person\/097c4a57cc4dc96be3b74aaf7185dd84"},"description":"No Brasil, um dos mecanismos utilizados para promover a conscientiza\u00e7\u00e3o fiscal e aumentar a arrecada\u00e7\u00e3o de impostos \u00e9 o programa \"CPF na Nota\". Essa iniciativa visa incentivar os consumidores a solicitarem notas fiscais com o CPF","breadcrumb":{"@id":"https:\/\/www.em.com.br\/emfoco\/2025\/01\/12\/comunicado-para-todos-que-informam-o-cpf-ao-comprar-em-mercados-agora-em-2025\/#breadcrumb"},"inLanguage":"pt-BR","potentialAction":[{"@type":"ReadAction","target":["https:\/\/www.em.com.br\/emfoco\/2025\/01\/12\/comunicado-para-todos-que-informam-o-cpf-ao-comprar-em-mercados-agora-em-2025\/"]}]},{"@type":"ImageObject","inLanguage":"pt-BR","@id":"https:\/\/www.em.com.br\/emfoco\/2025\/01\/12\/comunicado-para-todos-que-informam-o-cpf-ao-comprar-em-mercados-agora-em-2025\/#primaryimage","url":"https:\/\/www.em.com.br\/emfoco\/wp-content\/uploads\/2024\/12\/httpsneural.myth_.devstaticcachea0748ffb-8acd-4847-b56a-180d9b8b4149.jpeg","contentUrl":"https:\/\/www.em.com.br\/emfoco\/wp-content\/uploads\/2024\/12\/httpsneural.myth_.devstaticcachea0748ffb-8acd-4847-b56a-180d9b8b4149.jpeg","width":1280,"height":720,"caption":"Comunicado para todos que informam o CPF ao comprar em supermercados em 2025 Cr\u00e9ditos: depositphotos.com \/ Koldunov"},{"@type":"BreadcrumbList","@id":"https:\/\/www.em.com.br\/emfoco\/2025\/01\/12\/comunicado-para-todos-que-informam-o-cpf-ao-comprar-em-mercados-agora-em-2025\/#breadcrumb","itemListElement":[{"@type":"ListItem","position":1,"name":"In\u00edcio","item":"https:\/\/www.em.com.br\/emfoco\/"},{"@type":"ListItem","position":2,"name":"Comunicado para todos que informam o CPF ao comprar em mercados agora em 2025"}]},{"@type":"WebSite","@id":"https:\/\/www.em.com.br\/emfoco\/#website","url":"https:\/\/www.em.com.br\/emfoco\/","name":"Estado de Minas - Em foco","description":"Acompanhe as \u00faltimas not\u00edcias e fique bem informado sobre tudo o que acontece em Minas Gerais, Brasil e no mundo.","potentialAction":[{"@type":"SearchAction","target":{"@type":"EntryPoint","urlTemplate":"https:\/\/www.em.com.br\/emfoco\/?s={search_term_string}"},"query-input":{"@type":"PropertyValueSpecification","valueRequired":true,"valueName":"search_term_string"}}],"inLanguage":"pt-BR"},{"@type":"Person","@id":"https:\/\/www.em.com.br\/emfoco\/#\/schema\/person\/097c4a57cc4dc96be3b74aaf7185dd84","name":"Guilherme","image":{"@type":"ImageObject","inLanguage":"pt-BR","@id":"https:\/\/www.em.com.br\/emfoco\/#\/schema\/person\/image\/","url":"https:\/\/secure.gravatar.com\/avatar\/6a059d20d980bdeb1d1d6b0fa2b4633c?s=96&d=mm&r=g","contentUrl":"https:\/\/secure.gravatar.com\/avatar\/6a059d20d980bdeb1d1d6b0fa2b4633c?s=96&d=mm&r=g","caption":"Guilherme"},"url":"https:\/\/www.em.com.br\/emfoco\/author\/guilhermemyth\/"}]}},"_links":{"self":[{"href":"https:\/\/www.em.com.br\/emfoco\/wp-json\/wp\/v2\/posts\/10180","targetHints":{"allow":["GET"]}}],"collection":[{"href":"https:\/\/www.em.com.br\/emfoco\/wp-json\/wp\/v2\/posts"}],"about":[{"href":"https:\/\/www.em.com.br\/emfoco\/wp-json\/wp\/v2\/types\/post"}],"author":[{"embeddable":true,"href":"https:\/\/www.em.com.br\/emfoco\/wp-json\/wp\/v2\/users\/2"}],"replies":[{"embeddable":true,"href":"https:\/\/www.em.com.br\/emfoco\/wp-json\/wp\/v2\/comments?post=10180"}],"version-history":[{"count":2,"href":"https:\/\/www.em.com.br\/emfoco\/wp-json\/wp\/v2\/posts\/10180\/revisions"}],"predecessor-version":[{"id":10182,"href":"https:\/\/www.em.com.br\/emfoco\/wp-json\/wp\/v2\/posts\/10180\/revisions\/10182"}],"wp:featuredmedia":[{"embeddable":true,"href":"https:\/\/www.em.com.br\/emfoco\/wp-json\/wp\/v2\/media\/5547"}],"wp:attachment":[{"href":"https:\/\/www.em.com.br\/emfoco\/wp-json\/wp\/v2\/media?parent=10180"}],"wp:term":[{"taxonomy":"category","embeddable":true,"href":"https:\/\/www.em.com.br\/emfoco\/wp-json\/wp\/v2\/categories?post=10180"},{"taxonomy":"post_tag","embeddable":true,"href":"https:\/\/www.em.com.br\/emfoco\/wp-json\/wp\/v2\/tags?post=10180"}],"curies":[{"name":"wp","href":"https:\/\/api.w.org\/{rel}","templated":true}]}}