{"id":101771,"date":"2025-09-09T20:58:17","date_gmt":"2025-09-09T23:58:17","guid":{"rendered":"https:\/\/www.em.com.br\/emfoco\/?p=101771"},"modified":"2025-09-08T12:58:11","modified_gmt":"2025-09-08T15:58:11","slug":"o-tratamento-mais-eficaz-contra-a-sensibilidade-dentaria","status":"publish","type":"post","link":"https:\/\/www.em.com.br\/emfoco\/2025\/09\/09\/o-tratamento-mais-eficaz-contra-a-sensibilidade-dentaria\/","title":{"rendered":"O tratamento mais eficaz contra a sensibilidade dent\u00e1ria"},"content":{"rendered":"\n<p>A sensibilidade dent\u00e1ria \u00e9 uma condi\u00e7\u00e3o comum e muitas vezes desconfort\u00e1vel que pode afetar pessoas de qualquer idade. Essa condi\u00e7\u00e3o se manifesta como uma dor aguda, geralmente tempor\u00e1ria, ao ingerir bebidas quentes, frias ou doces. A sensa\u00e7\u00e3o inc\u00f4moda tamb\u00e9m pode surgir ao escovar os dentes ou at\u00e9 mesmo ao respirar ar frio. Compreender suas causas e formas de tratamento \u00e9 essencial para efetivamente combater essa condi\u00e7\u00e3o. Em <strong>S\u00e3o Paulo<\/strong>, por exemplo, cl\u00ednicas odontol\u00f3gicas j\u00e1 registram um aumento consider\u00e1vel de casos, refletindo uma tend\u00eancia observada em outras grandes cidades do <strong>Brasil<\/strong> e do mundo.<\/p>\n\n\n\n<h2 class=\"wp-block-heading\">O que causa a sensibilidade dent\u00e1ria?<\/h2>\n\n\n\n<p>Existem v\u00e1rias causas para a sensibilidade <a href=\"https:\/\/www.em.com.br\/emfoco\/2025\/09\/02\/o-metodo-mais-rapido-para-conquistar-um-sorriso-branco\/\" target=\"_blank\" rel=\"noopener\">dent\u00e1ria<\/a>, que geralmente est\u00e1 associada \u00e0 exposi\u00e7\u00e3o da dentina, uma camada abaixo do esmalte dent\u00e1rio que cont\u00e9m min\u00fasculos t\u00fabulos. Esses t\u00fabulos conduzem ao centro nervoso do dente, e quando o esmalte est\u00e1 desgastado, est\u00edmulos externos podem alcan\u00e7\u00e1-los diretamente, causando dor.<\/p>\n\n\n\n<p>O desgaste do esmalte pode ocorrer devido a v\u00e1rias raz\u00f5es, incluindo escova\u00e7\u00e3o excessivamente vigorosa, uso de escovas de dentes de cerdas duras ou produtos dentais abrasivos. Outras causas podem incluir problemas de sa\u00fade bucal, como c\u00e1ries, gengivite, ou retra\u00e7\u00e3o gengival, onde a gengiva se afasta do dente expondo a superf\u00edcie da raiz. O bruxismo, que \u00e9 o ranger dos dentes, tamb\u00e9m pode contribuir para o desgaste do esmalte.&nbsp;<\/p>\n\n\n<div class=\"wp-block-image\">\n<figure class=\"aligncenter size-large\"><img loading=\"lazy\" decoding=\"async\" width=\"1024\" height=\"576\" src=\"https:\/\/www.em.com.br\/emfoco\/wp-content\/uploads\/2025\/09\/sensibilidade-dentaria_1757346879137-1024x576.jpg\" alt=\"\" class=\"wp-image-101880\" srcset=\"https:\/\/www.em.com.br\/emfoco\/wp-content\/uploads\/2025\/09\/sensibilidade-dentaria_1757346879137-1024x576.jpg 1024w, https:\/\/www.em.com.br\/emfoco\/wp-content\/uploads\/2025\/09\/sensibilidade-dentaria_1757346879137-300x169.jpg 300w, https:\/\/www.em.com.br\/emfoco\/wp-content\/uploads\/2025\/09\/sensibilidade-dentaria_1757346879137-768x432.jpg 768w, https:\/\/www.em.com.br\/emfoco\/wp-content\/uploads\/2025\/09\/sensibilidade-dentaria_1757346879137-750x422.jpg 750w, https:\/\/www.em.com.br\/emfoco\/wp-content\/uploads\/2025\/09\/sensibilidade-dentaria_1757346879137-1140x642.jpg 1140w, https:\/\/www.em.com.br\/emfoco\/wp-content\/uploads\/2025\/09\/sensibilidade-dentaria_1757346879137.jpg 1279w\" sizes=\"auto, (max-width: 1024px) 100vw, 1024px\" \/><figcaption class=\"wp-element-caption\">Sensibilidade dent\u00e1ria &#8211; Cr\u00e9ditos: depositphotos.com \/ shisuka<\/figcaption><\/figure><\/div>\n\n\n<h2 class=\"wp-block-heading\">Como tratar a sensibilidade dent\u00e1ria?<\/h2>\n\n\n\n<p>Para tratar a sensibilidade dent\u00e1ria, o primeiro passo \u00e9 identificar a causa subjacente. Uma visita ao dentista pode ajudar a determinar se a sensibilidade \u00e9 causada por c\u00e1ries, retra\u00e7\u00e3o gengival ou desgaste do esmalte. Uma vez identificada a causa, podem ser adotadas v\u00e1rias abordagens terap\u00eauticas.<\/p>\n\n\n\n<p>O uso de pastas de dentes dessensibilizantes \u00e9 uma abordagem frequente e eficaz, pois ajudam a bloquear a dor associada \u00e0 sensibilidade. Estes produtos cont\u00eam compostos como o nitrato de pot\u00e1ssio, que ajuda a desensibilizar os nervos no interior dos dentes. Al\u00e9m disso, a aplica\u00e7\u00e3o de fl\u00faor pela equipe odontol\u00f3gica pode fortalecer o esmalte e reduzir a sensa\u00e7\u00e3o dolorosa. Em certos casos, tratamentos a laser realizados em cl\u00ednicas e consult\u00f3rios tamb\u00e9m t\u00eam se mostrado eficazes na diminui\u00e7\u00e3o da sensibilidade, conforme demonstrado em estudos apresentados no <a href=\"https:\/\/www.ciosp.com.br\/\" target=\"_blank\" rel=\"noopener\">Congresso Brasileiro de Odontologia<\/a>.<\/p>\n\n\n\n<h2 class=\"wp-block-heading\">Como prevenir a sensibilidade dent\u00e1ria?<\/h2>\n\n\n\n<p>Prevenir a sensibilidade dent\u00e1ria envolve adotar pr\u00e1ticas de higiene bucal que protejam o esmalte e mantenham as gengivas saud\u00e1veis. Isso inclui o uso de uma escova de dentes de cerdas macias e uma t\u00e9cnica de escova\u00e7\u00e3o suave para evitar o desgaste do esmalte. Al\u00e9m disso, \u00e9 importante usar cremes dentais n\u00e3o abrasivos e evitar alimentos \u00e1cidos e bebidas que possam corroer o esmalte.<\/p>\n\n\n\n<p>A consulta regular ao dentista para limpezas e exames tamb\u00e9m pode ajudar a identificar e tratar problemas potenciais antes que se tornem graves. Pessoas com bruxismo podem beneficiar-se ao usar um protetor bucal durante a noite para evitar o contato excessivo entre os dentes.&nbsp;<\/p>\n\n\n\n<h2 class=\"wp-block-heading\">Sensibilidade dent\u00e1ria \u00e9 um problema muito comum?<\/h2>\n\n\n\n<p>A sensibilidade dent\u00e1ria \u00e9 uma condi\u00e7\u00e3o relativamente comum que afeta um n\u00famero significativo de pessoas ao redor do mundo. Embora n\u00e3o seja uma condi\u00e7\u00e3o s\u00e9ria na maioria dos casos, pode impactar negativamente o bem-estar di\u00e1rio e a qualidade de vida das pessoas afetadas. Pesquisas indicam que uma boa parte dos adultos experimentar\u00e1 alguma forma de sensibilidade dent\u00e1ria em algum momento de suas vidas, o que torna a compreens\u00e3o e manejo dessa condi\u00e7\u00e3o ainda mais relevantes. A <strong>Organiza\u00e7\u00e3o Mundial da Sa\u00fade<\/strong> (OMS), em relat\u00f3rios divulgados em <strong>2023<\/strong>, refor\u00e7a que a ado\u00e7\u00e3o de medidas preventivas \u00e9 fundamental para reduzir os \u00edndices dessa condi\u00e7\u00e3o.<\/p>\n\n\n\n<p>Em resumo, a sensibilidade dent\u00e1ria \u00e9 frequentemente trat\u00e1vel e gerenci\u00e1vel atrav\u00e9s de pr\u00e1ticas de higiene bucal adequadas e tratamento odontol\u00f3gico profissional. Manter-se informado sobre os cuidados preventivos e as op\u00e7\u00f5es de tratamento \u00e9 vital para reduzir a dor e melhorar a sa\u00fade dental geral.<\/p>\n","protected":false},"excerpt":{"rendered":"<p>A sensibilidade dent\u00e1ria \u00e9 uma condi\u00e7\u00e3o comum e muitas vezes desconfort\u00e1vel que pode afetar pessoas de qualquer idade. Essa condi\u00e7\u00e3o se manifesta como uma dor aguda, geralmente tempor\u00e1ria, ao ingerir bebidas quentes, frias ou doces. A sensa\u00e7\u00e3o inc\u00f4moda tamb\u00e9m pode surgir ao escovar os dentes ou at\u00e9 mesmo ao respirar ar frio. Compreender suas causas [&hellip;]<\/p>\n","protected":false},"author":9,"featured_media":101879,"comment_status":"open","ping_status":"open","sticky":false,"template":"","format":"standard","meta":{"jnews-multi-image_gallery":[],"jnews_single_post":{"format":"standard"},"jnews_primary_category":[],"jnews_social_meta":[],"jnews_override_counter":[],"footnotes":""},"categories":[8691,1],"tags":[15128,15678,10130],"class_list":["post-101771","post","type-post","status-publish","format-standard","has-post-thumbnail","hentry","category-bem-estar","category-noticias","tag-dentes-sensiveis","tag-dor-de-dente","tag-saude-bucal"],"yoast_head":"<!-- This site is optimized with the Yoast SEO plugin v23.8 - https:\/\/yoast.com\/wordpress\/plugins\/seo\/ -->\n<title>O tratamento mais eficaz contra a sensibilidade dent\u00e1ria<\/title>\n<meta name=\"description\" content=\"Aprenda a identificar, tratar e prevenir a sensibilidade dent\u00e1ria com dicas pr\u00e1ticas para acabar com a dor e proteger seus dentes.\" \/>\n<meta name=\"robots\" content=\"index, follow, max-snippet:-1, max-image-preview:large, max-video-preview:-1\" \/>\n<link rel=\"canonical\" href=\"https:\/\/www.em.com.br\/emfoco\/2025\/09\/09\/o-tratamento-mais-eficaz-contra-a-sensibilidade-dentaria\/\" \/>\n<meta property=\"og:locale\" content=\"pt_BR\" \/>\n<meta property=\"og:type\" content=\"article\" \/>\n<meta property=\"og:title\" content=\"O tratamento mais eficaz contra a sensibilidade dent\u00e1ria\" \/>\n<meta property=\"og:description\" content=\"Aprenda a identificar, tratar e prevenir a sensibilidade dent\u00e1ria com dicas pr\u00e1ticas para acabar com a dor e proteger seus dentes.\" \/>\n<meta property=\"og:url\" content=\"https:\/\/www.em.com.br\/emfoco\/2025\/09\/09\/o-tratamento-mais-eficaz-contra-a-sensibilidade-dentaria\/\" \/>\n<meta property=\"og:site_name\" content=\"Estado de Minas - Em foco\" \/>\n<meta property=\"article:published_time\" content=\"2025-09-09T23:58:17+00:00\" \/>\n<meta property=\"article:modified_time\" content=\"2025-09-08T15:58:11+00:00\" \/>\n<meta property=\"og:image\" content=\"https:\/\/www.em.com.br\/emfoco\/wp-content\/uploads\/2025\/09\/sensibilidade-dentaria_1757346712630.jpg\" \/>\n\t<meta property=\"og:image:width\" content=\"1280\" \/>\n\t<meta property=\"og:image:height\" content=\"720\" \/>\n\t<meta property=\"og:image:type\" content=\"image\/jpeg\" \/>\n<meta name=\"author\" content=\"Daniely Cardoso\" \/>\n<meta name=\"twitter:card\" content=\"summary_large_image\" \/>\n<meta name=\"twitter:label1\" content=\"Escrito por\" \/>\n\t<meta name=\"twitter:data1\" content=\"Daniely Cardoso\" \/>\n\t<meta name=\"twitter:label2\" content=\"Est. tempo de leitura\" \/>\n\t<meta name=\"twitter:data2\" content=\"4 minutos\" \/>\n<!-- \/ Yoast SEO plugin. -->","yoast_head_json":{"title":"O tratamento mais eficaz contra a sensibilidade dent\u00e1ria","description":"Aprenda a identificar, tratar e prevenir a sensibilidade dent\u00e1ria com dicas pr\u00e1ticas para acabar com a dor e proteger seus dentes.","robots":{"index":"index","follow":"follow","max-snippet":"max-snippet:-1","max-image-preview":"max-image-preview:large","max-video-preview":"max-video-preview:-1"},"canonical":"https:\/\/www.em.com.br\/emfoco\/2025\/09\/09\/o-tratamento-mais-eficaz-contra-a-sensibilidade-dentaria\/","og_locale":"pt_BR","og_type":"article","og_title":"O tratamento mais eficaz contra a sensibilidade dent\u00e1ria","og_description":"Aprenda a identificar, tratar e prevenir a sensibilidade dent\u00e1ria com dicas pr\u00e1ticas para acabar com a dor e proteger seus dentes.","og_url":"https:\/\/www.em.com.br\/emfoco\/2025\/09\/09\/o-tratamento-mais-eficaz-contra-a-sensibilidade-dentaria\/","og_site_name":"Estado de Minas - Em foco","article_published_time":"2025-09-09T23:58:17+00:00","article_modified_time":"2025-09-08T15:58:11+00:00","og_image":[{"width":1280,"height":720,"url":"https:\/\/www.em.com.br\/emfoco\/wp-content\/uploads\/2025\/09\/sensibilidade-dentaria_1757346712630.jpg","type":"image\/jpeg"}],"author":"Daniely Cardoso","twitter_card":"summary_large_image","twitter_misc":{"Escrito por":"Daniely Cardoso","Est. tempo de leitura":"4 minutos"},"schema":{"@context":"https:\/\/schema.org","@graph":[{"@type":"WebPage","@id":"https:\/\/www.em.com.br\/emfoco\/2025\/09\/09\/o-tratamento-mais-eficaz-contra-a-sensibilidade-dentaria\/","url":"https:\/\/www.em.com.br\/emfoco\/2025\/09\/09\/o-tratamento-mais-eficaz-contra-a-sensibilidade-dentaria\/","name":"O tratamento mais eficaz contra a sensibilidade dent\u00e1ria","isPartOf":{"@id":"https:\/\/www.em.com.br\/emfoco\/#website"},"primaryImageOfPage":{"@id":"https:\/\/www.em.com.br\/emfoco\/2025\/09\/09\/o-tratamento-mais-eficaz-contra-a-sensibilidade-dentaria\/#primaryimage"},"image":{"@id":"https:\/\/www.em.com.br\/emfoco\/2025\/09\/09\/o-tratamento-mais-eficaz-contra-a-sensibilidade-dentaria\/#primaryimage"},"thumbnailUrl":"https:\/\/www.em.com.br\/emfoco\/wp-content\/uploads\/2025\/09\/sensibilidade-dentaria_1757346712630.jpg","datePublished":"2025-09-09T23:58:17+00:00","dateModified":"2025-09-08T15:58:11+00:00","author":{"@id":"https:\/\/www.em.com.br\/emfoco\/#\/schema\/person\/0a8186d72f2c3a5c6276d90b41f271a0"},"description":"Aprenda a identificar, tratar e prevenir a sensibilidade dent\u00e1ria com dicas pr\u00e1ticas para acabar com a dor e proteger seus dentes.","breadcrumb":{"@id":"https:\/\/www.em.com.br\/emfoco\/2025\/09\/09\/o-tratamento-mais-eficaz-contra-a-sensibilidade-dentaria\/#breadcrumb"},"inLanguage":"pt-BR","potentialAction":[{"@type":"ReadAction","target":["https:\/\/www.em.com.br\/emfoco\/2025\/09\/09\/o-tratamento-mais-eficaz-contra-a-sensibilidade-dentaria\/"]}]},{"@type":"ImageObject","inLanguage":"pt-BR","@id":"https:\/\/www.em.com.br\/emfoco\/2025\/09\/09\/o-tratamento-mais-eficaz-contra-a-sensibilidade-dentaria\/#primaryimage","url":"https:\/\/www.em.com.br\/emfoco\/wp-content\/uploads\/2025\/09\/sensibilidade-dentaria_1757346712630.jpg","contentUrl":"https:\/\/www.em.com.br\/emfoco\/wp-content\/uploads\/2025\/09\/sensibilidade-dentaria_1757346712630.jpg","width":1280,"height":720,"caption":"Sensibilidade no dente - Cr\u00e9ditos: depositphotos.com \/ shisuka"},{"@type":"BreadcrumbList","@id":"https:\/\/www.em.com.br\/emfoco\/2025\/09\/09\/o-tratamento-mais-eficaz-contra-a-sensibilidade-dentaria\/#breadcrumb","itemListElement":[{"@type":"ListItem","position":1,"name":"In\u00edcio","item":"https:\/\/www.em.com.br\/emfoco\/"},{"@type":"ListItem","position":2,"name":"O tratamento mais eficaz contra a sensibilidade dent\u00e1ria"}]},{"@type":"WebSite","@id":"https:\/\/www.em.com.br\/emfoco\/#website","url":"https:\/\/www.em.com.br\/emfoco\/","name":"Estado de Minas - Em foco","description":"Acompanhe as \u00faltimas not\u00edcias e fique bem informado sobre tudo o que acontece em Minas Gerais, Brasil e no mundo.","potentialAction":[{"@type":"SearchAction","target":{"@type":"EntryPoint","urlTemplate":"https:\/\/www.em.com.br\/emfoco\/?s={search_term_string}"},"query-input":{"@type":"PropertyValueSpecification","valueRequired":true,"valueName":"search_term_string"}}],"inLanguage":"pt-BR"},{"@type":"Person","@id":"https:\/\/www.em.com.br\/emfoco\/#\/schema\/person\/0a8186d72f2c3a5c6276d90b41f271a0","name":"Daniely Cardoso","image":{"@type":"ImageObject","inLanguage":"pt-BR","@id":"https:\/\/www.em.com.br\/emfoco\/#\/schema\/person\/image\/","url":"https:\/\/secure.gravatar.com\/avatar\/4b80ddbd124d1f071b626d52d62e5dff?s=96&d=mm&r=g","contentUrl":"https:\/\/secure.gravatar.com\/avatar\/4b80ddbd124d1f071b626d52d62e5dff?s=96&d=mm&r=g","caption":"Daniely Cardoso"},"url":"https:\/\/www.em.com.br\/emfoco\/author\/danielymyth\/"}]}},"_links":{"self":[{"href":"https:\/\/www.em.com.br\/emfoco\/wp-json\/wp\/v2\/posts\/101771","targetHints":{"allow":["GET"]}}],"collection":[{"href":"https:\/\/www.em.com.br\/emfoco\/wp-json\/wp\/v2\/posts"}],"about":[{"href":"https:\/\/www.em.com.br\/emfoco\/wp-json\/wp\/v2\/types\/post"}],"author":[{"embeddable":true,"href":"https:\/\/www.em.com.br\/emfoco\/wp-json\/wp\/v2\/users\/9"}],"replies":[{"embeddable":true,"href":"https:\/\/www.em.com.br\/emfoco\/wp-json\/wp\/v2\/comments?post=101771"}],"version-history":[{"count":2,"href":"https:\/\/www.em.com.br\/emfoco\/wp-json\/wp\/v2\/posts\/101771\/revisions"}],"predecessor-version":[{"id":101881,"href":"https:\/\/www.em.com.br\/emfoco\/wp-json\/wp\/v2\/posts\/101771\/revisions\/101881"}],"wp:featuredmedia":[{"embeddable":true,"href":"https:\/\/www.em.com.br\/emfoco\/wp-json\/wp\/v2\/media\/101879"}],"wp:attachment":[{"href":"https:\/\/www.em.com.br\/emfoco\/wp-json\/wp\/v2\/media?parent=101771"}],"wp:term":[{"taxonomy":"category","embeddable":true,"href":"https:\/\/www.em.com.br\/emfoco\/wp-json\/wp\/v2\/categories?post=101771"},{"taxonomy":"post_tag","embeddable":true,"href":"https:\/\/www.em.com.br\/emfoco\/wp-json\/wp\/v2\/tags?post=101771"}],"curies":[{"name":"wp","href":"https:\/\/api.w.org\/{rel}","templated":true}]}}