{"id":10176,"date":"2025-01-12T13:00:00","date_gmt":"2025-01-12T16:00:00","guid":{"rendered":"https:\/\/www.em.com.br\/emfoco\/?p=10176"},"modified":"2025-01-12T03:37:55","modified_gmt":"2025-01-12T06:37:55","slug":"recebeu-uma-mensagem-sobre-imposto-no-pix","status":"publish","type":"post","link":"https:\/\/www.em.com.br\/emfoco\/2025\/01\/12\/recebeu-uma-mensagem-sobre-imposto-no-pix\/","title":{"rendered":"Recebeu uma mensagem sobre imposto no Pix?"},"content":{"rendered":"\n<p>Recentemente, a <a href=\"https:\/\/www.gov.br\/receitafederal\/pt-br\" target=\"_blank\" rel=\"noreferrer noopener\">Receita Federal<\/a> emitiu uma advert\u00eancia acerca de um golpe que tem sido praticado contra <a href=\"https:\/\/www.em.com.br\/emfoco\/2024\/12\/29\/mais-de-4-800-pessoas-encontradas-o-combate-aos-desaparecimentos-em-mg\/\" target=\"_blank\" rel=\"noreferrer noopener\">pessoas <\/a>que caem na not\u00edcia falsa de que o governo implementar\u00e1 um imposto sobre o Pix. Criminosos t\u00eam se aproveitado dessa informa\u00e7\u00e3o inver\u00eddica para enviar mensagens fraudulentas atrav\u00e9s de aplicativos como o WhatsApp, utilizando indevidamente o nome e o logotipo da Receita Federal.<\/p>\n\n\n\n<p>Nessas comunica\u00e7\u00f5es, os golpistas alegam que haver\u00e1 uma cobran\u00e7a de taxas sobre transa\u00e7\u00f5es via Pix acima de R$ 5 mil. Para dar credibilidade ao golpe, falsos documentos que imitam o padr\u00e3o visual da Receita Federal s\u00e3o utilizados, e um boleto \u00e9 emitido para o pagamento de uma suposta taxa. A Receita Federal destaca que nenhuma tributa\u00e7\u00e3o existe sobre o Pix, e que a Constitui\u00e7\u00e3o n\u00e3o permite impostos sobre movimenta\u00e7\u00f5es financeiras.<\/p>\n\n\n\n<h2 class=\"wp-block-heading\">Como a Receita Federal Est\u00e1 Respondendo a Esse Golpe?<\/h2>\n\n\n\n<p>A Receita Federal reitera que as regras em vigor desde 1\u00ba de janeiro n\u00e3o instituem nenhuma nova cobran\u00e7a de imposto. As altera\u00e7\u00f5es feitas apenas atualizaram o sistema de monitoramento de movimenta\u00e7\u00f5es financeiras para incluir novos meios de pagamento, como o Pix e as carteiras digitais. A Receita, portanto, reafirma que n\u00e3o h\u00e1 imposto ou taxa associados ao uso do Pix.<\/p>\n\n\n<div class=\"wp-block-image\">\n<figure class=\"aligncenter size-large\"><img loading=\"lazy\" decoding=\"async\" width=\"1024\" height=\"576\" src=\"https:\/\/www.em.com.br\/emfoco\/wp-content\/uploads\/2024\/12\/Scam_1733467816402-1024x576.jpg\" alt=\"\" class=\"wp-image-3606\" srcset=\"https:\/\/www.em.com.br\/emfoco\/wp-content\/uploads\/2024\/12\/Scam_1733467816402-1024x576.jpg 1024w, https:\/\/www.em.com.br\/emfoco\/wp-content\/uploads\/2024\/12\/Scam_1733467816402-300x169.jpg 300w, https:\/\/www.em.com.br\/emfoco\/wp-content\/uploads\/2024\/12\/Scam_1733467816402-768x432.jpg 768w, https:\/\/www.em.com.br\/emfoco\/wp-content\/uploads\/2024\/12\/Scam_1733467816402-750x422.jpg 750w, https:\/\/www.em.com.br\/emfoco\/wp-content\/uploads\/2024\/12\/Scam_1733467816402-1140x641.jpg 1140w, https:\/\/www.em.com.br\/emfoco\/wp-content\/uploads\/2024\/12\/Scam_1733467816402.jpg 1280w\" sizes=\"auto, (max-width: 1024px) 100vw, 1024px\" \/><figcaption class=\"wp-element-caption\">Reprodu\u00e7\u00e3o Golpista &#8211; Cr\u00e9ditos: depositphotos.com \/ albejor2002@hotmail.com<\/figcaption><\/figure><\/div>\n\n\n<p>O \u00f3rg\u00e3o orienta os contribuintes a serem cautelosos e a n\u00e3o acreditarem em fake news que se proliferam pelas redes. O compartilhamento de desinforma\u00e7\u00f5es em aplicativos de mensagens facilita a atua\u00e7\u00e3o dos criminosos. \u00c9 essencial que todos verifiquem a fonte das informa\u00e7\u00f5es, consultando sempre canais oficiais como o pr\u00f3prio site da Receita Federal.<\/p>\n\n\n\n<h2 class=\"wp-block-heading\">Quais Medidas Adotar para Evitar Ser V\u00edtima de Golpes?<\/h2>\n\n\n\n<p>A Receita Federal fornece uma s\u00e9rie de recomenda\u00e7\u00f5es para proteger os cidad\u00e3os contra esse tipo de fraude. Entre essas medidas, est\u00e1 a verifica\u00e7\u00e3o da origem das informa\u00e7\u00f5es recebidas, especialmente se vierem acompanhadas de promessas milagrosas ou erros de gram\u00e1tica. O contribuinte deve questionar o conte\u00fado suspeito e dialogar com amigos e familiares sobre a veracidade das mensagens.<\/p>\n\n\n\n<ul class=\"wp-block-list\">\n<li>Verifique sempre a autenticidade das informa\u00e7\u00f5es em canais oficiais.<\/li>\n\n\n\n<li>Desconfie de mensagens sensacionalistas.<\/li>\n\n\n\n<li>N\u00e3o acredite em documentos e boletos enviados por aplicativos de mensagens sem confirma\u00e7\u00e3o.<\/li>\n\n\n\n<li>Mantenha um di\u00e1logo constante sobre esses temas com a comunidade ao seu redor.<\/li>\n<\/ul>\n\n\n\n<h2 class=\"wp-block-heading\">Qual o Papel da Ag\u00eancia Brasil na Difus\u00e3o de Informa\u00e7\u00f5es?<\/h2>\n\n\n\n<p>A Ag\u00eancia Brasil, uma ag\u00eancia p\u00fablica de not\u00edcias, desempenha um papel crucial na dissemina\u00e7\u00e3o de informa\u00e7\u00f5es precisas, tendo como foco principal o interesse p\u00fablico. Ela se distingue por sua honestidade e clareza na dissemina\u00e7\u00e3o de conte\u00fado, sendo um recurso confi\u00e1vel tanto para o p\u00fablico nacional quanto internacional. Seus textos s\u00e3o amplamente reproduzidos em diversos ve\u00edculos de comunica\u00e7\u00e3o, ajudando a combater a desinforma\u00e7\u00e3o e promovendo a educa\u00e7\u00e3o dos cidad\u00e3os sobre temas relevantes.<\/p>\n\n\n\n<p>Conforme a situa\u00e7\u00e3o da desinforma\u00e7\u00e3o avan\u00e7a, \u00e9 vital que as pessoas estejam devidamente informadas e cientes das tentativas de fraude, podendo assim proteger-se de danos financeiros e manter sua seguran\u00e7a digital intacta.<\/p>\n","protected":false},"excerpt":{"rendered":"<p>Recentemente, a Receita Federal emitiu uma advert\u00eancia acerca de um golpe que tem sido praticado contra pessoas que caem na not\u00edcia falsa de que o governo implementar\u00e1 um imposto sobre o Pix. Criminosos t\u00eam se aproveitado dessa informa\u00e7\u00e3o inver\u00eddica para enviar mensagens fraudulentas atrav\u00e9s de aplicativos como o WhatsApp, utilizando indevidamente o nome e o [&hellip;]<\/p>\n","protected":false},"author":7,"featured_media":8924,"comment_status":"open","ping_status":"open","sticky":false,"template":"","format":"standard","meta":{"jnews-multi-image_gallery":[],"jnews_single_post":{"format":"standard"},"jnews_primary_category":[],"jnews_social_meta":[],"jnews_override_counter":[],"footnotes":""},"categories":[28],"tags":[163,749,941,1514],"class_list":["post-10176","post","type-post","status-publish","format-standard","has-post-thumbnail","hentry","category-economia","tag-fraude","tag-golpe","tag-imposto","tag-pix"],"yoast_head":"<!-- This site is optimized with the Yoast SEO plugin v23.8 - https:\/\/yoast.com\/wordpress\/plugins\/seo\/ -->\n<title>Recebeu uma mensagem sobre imposto no Pix? - Estado de Minas - Em foco<\/title>\n<meta name=\"description\" content=\"N\u00e3o caia nessa! Leia mais para se informar.\" \/>\n<meta name=\"robots\" content=\"index, follow, max-snippet:-1, max-image-preview:large, max-video-preview:-1\" \/>\n<link rel=\"canonical\" href=\"https:\/\/www.em.com.br\/emfoco\/2025\/01\/12\/recebeu-uma-mensagem-sobre-imposto-no-pix\/\" \/>\n<meta property=\"og:locale\" content=\"pt_BR\" \/>\n<meta property=\"og:type\" content=\"article\" \/>\n<meta property=\"og:title\" content=\"Recebeu uma mensagem sobre imposto no Pix? - Estado de Minas - Em foco\" \/>\n<meta property=\"og:description\" content=\"N\u00e3o caia nessa! Leia mais para se informar.\" \/>\n<meta property=\"og:url\" content=\"https:\/\/www.em.com.br\/emfoco\/2025\/01\/12\/recebeu-uma-mensagem-sobre-imposto-no-pix\/\" \/>\n<meta property=\"og:site_name\" content=\"Estado de Minas - Em foco\" \/>\n<meta property=\"article:published_time\" content=\"2025-01-12T16:00:00+00:00\" \/>\n<meta property=\"article:modified_time\" content=\"2025-01-12T06:37:55+00:00\" \/>\n<meta property=\"og:image\" content=\"https:\/\/www.em.com.br\/emfoco\/wp-content\/uploads\/2025\/01\/Estelionato_1736224100527.jpg\" \/>\n\t<meta property=\"og:image:width\" content=\"1280\" \/>\n\t<meta property=\"og:image:height\" content=\"720\" \/>\n\t<meta property=\"og:image:type\" content=\"image\/jpeg\" \/>\n<meta name=\"author\" content=\"Kelvin\" \/>\n<meta name=\"twitter:card\" content=\"summary_large_image\" \/>\n<meta name=\"twitter:label1\" content=\"Escrito por\" \/>\n\t<meta name=\"twitter:data1\" content=\"Kelvin\" \/>\n\t<meta name=\"twitter:label2\" content=\"Est. tempo de leitura\" \/>\n\t<meta name=\"twitter:data2\" content=\"4 minutos\" \/>\n<!-- \/ Yoast SEO plugin. -->","yoast_head_json":{"title":"Recebeu uma mensagem sobre imposto no Pix? - Estado de Minas - Em foco","description":"N\u00e3o caia nessa! Leia mais para se informar.","robots":{"index":"index","follow":"follow","max-snippet":"max-snippet:-1","max-image-preview":"max-image-preview:large","max-video-preview":"max-video-preview:-1"},"canonical":"https:\/\/www.em.com.br\/emfoco\/2025\/01\/12\/recebeu-uma-mensagem-sobre-imposto-no-pix\/","og_locale":"pt_BR","og_type":"article","og_title":"Recebeu uma mensagem sobre imposto no Pix? - Estado de Minas - Em foco","og_description":"N\u00e3o caia nessa! Leia mais para se informar.","og_url":"https:\/\/www.em.com.br\/emfoco\/2025\/01\/12\/recebeu-uma-mensagem-sobre-imposto-no-pix\/","og_site_name":"Estado de Minas - Em foco","article_published_time":"2025-01-12T16:00:00+00:00","article_modified_time":"2025-01-12T06:37:55+00:00","og_image":[{"width":1280,"height":720,"url":"https:\/\/www.em.com.br\/emfoco\/wp-content\/uploads\/2025\/01\/Estelionato_1736224100527.jpg","type":"image\/jpeg"}],"author":"Kelvin","twitter_card":"summary_large_image","twitter_misc":{"Escrito por":"Kelvin","Est. tempo de leitura":"4 minutos"},"schema":{"@context":"https:\/\/schema.org","@graph":[{"@type":"WebPage","@id":"https:\/\/www.em.com.br\/emfoco\/2025\/01\/12\/recebeu-uma-mensagem-sobre-imposto-no-pix\/","url":"https:\/\/www.em.com.br\/emfoco\/2025\/01\/12\/recebeu-uma-mensagem-sobre-imposto-no-pix\/","name":"Recebeu uma mensagem sobre imposto no Pix? - Estado de Minas - Em foco","isPartOf":{"@id":"https:\/\/www.em.com.br\/emfoco\/#website"},"primaryImageOfPage":{"@id":"https:\/\/www.em.com.br\/emfoco\/2025\/01\/12\/recebeu-uma-mensagem-sobre-imposto-no-pix\/#primaryimage"},"image":{"@id":"https:\/\/www.em.com.br\/emfoco\/2025\/01\/12\/recebeu-uma-mensagem-sobre-imposto-no-pix\/#primaryimage"},"thumbnailUrl":"https:\/\/www.em.com.br\/emfoco\/wp-content\/uploads\/2025\/01\/Estelionato_1736224100527.jpg","datePublished":"2025-01-12T16:00:00+00:00","dateModified":"2025-01-12T06:37:55+00:00","author":{"@id":"https:\/\/www.em.com.br\/emfoco\/#\/schema\/person\/fb0a7f48c6fbb94b83f413a80f61917d"},"description":"N\u00e3o caia nessa! Leia mais para se informar.","breadcrumb":{"@id":"https:\/\/www.em.com.br\/emfoco\/2025\/01\/12\/recebeu-uma-mensagem-sobre-imposto-no-pix\/#breadcrumb"},"inLanguage":"pt-BR","potentialAction":[{"@type":"ReadAction","target":["https:\/\/www.em.com.br\/emfoco\/2025\/01\/12\/recebeu-uma-mensagem-sobre-imposto-no-pix\/"]}]},{"@type":"ImageObject","inLanguage":"pt-BR","@id":"https:\/\/www.em.com.br\/emfoco\/2025\/01\/12\/recebeu-uma-mensagem-sobre-imposto-no-pix\/#primaryimage","url":"https:\/\/www.em.com.br\/emfoco\/wp-content\/uploads\/2025\/01\/Estelionato_1736224100527.jpg","contentUrl":"https:\/\/www.em.com.br\/emfoco\/wp-content\/uploads\/2025\/01\/Estelionato_1736224100527.jpg","width":1280,"height":720,"caption":"Golpes - Cr\u00e9ditos: depositphotos.com \/ diy13@ya.ru"},{"@type":"BreadcrumbList","@id":"https:\/\/www.em.com.br\/emfoco\/2025\/01\/12\/recebeu-uma-mensagem-sobre-imposto-no-pix\/#breadcrumb","itemListElement":[{"@type":"ListItem","position":1,"name":"In\u00edcio","item":"https:\/\/www.em.com.br\/emfoco\/"},{"@type":"ListItem","position":2,"name":"Recebeu uma mensagem sobre imposto no Pix?"}]},{"@type":"WebSite","@id":"https:\/\/www.em.com.br\/emfoco\/#website","url":"https:\/\/www.em.com.br\/emfoco\/","name":"Estado de Minas - Em foco","description":"Acompanhe as \u00faltimas not\u00edcias e fique bem informado sobre tudo o que acontece em Minas Gerais, Brasil e no mundo.","potentialAction":[{"@type":"SearchAction","target":{"@type":"EntryPoint","urlTemplate":"https:\/\/www.em.com.br\/emfoco\/?s={search_term_string}"},"query-input":{"@type":"PropertyValueSpecification","valueRequired":true,"valueName":"search_term_string"}}],"inLanguage":"pt-BR"},{"@type":"Person","@id":"https:\/\/www.em.com.br\/emfoco\/#\/schema\/person\/fb0a7f48c6fbb94b83f413a80f61917d","name":"Kelvin","image":{"@type":"ImageObject","inLanguage":"pt-BR","@id":"https:\/\/www.em.com.br\/emfoco\/#\/schema\/person\/image\/","url":"https:\/\/secure.gravatar.com\/avatar\/e74f84337e6bf6c4c5e88fbdffa05270?s=96&d=mm&r=g","contentUrl":"https:\/\/secure.gravatar.com\/avatar\/e74f84337e6bf6c4c5e88fbdffa05270?s=96&d=mm&r=g","caption":"Kelvin"},"sameAs":["https:\/\/www.em.com.br\/emfoco"],"url":"https:\/\/www.em.com.br\/emfoco\/author\/kelvinmyth\/"}]}},"_links":{"self":[{"href":"https:\/\/www.em.com.br\/emfoco\/wp-json\/wp\/v2\/posts\/10176","targetHints":{"allow":["GET"]}}],"collection":[{"href":"https:\/\/www.em.com.br\/emfoco\/wp-json\/wp\/v2\/posts"}],"about":[{"href":"https:\/\/www.em.com.br\/emfoco\/wp-json\/wp\/v2\/types\/post"}],"author":[{"embeddable":true,"href":"https:\/\/www.em.com.br\/emfoco\/wp-json\/wp\/v2\/users\/7"}],"replies":[{"embeddable":true,"href":"https:\/\/www.em.com.br\/emfoco\/wp-json\/wp\/v2\/comments?post=10176"}],"version-history":[{"count":2,"href":"https:\/\/www.em.com.br\/emfoco\/wp-json\/wp\/v2\/posts\/10176\/revisions"}],"predecessor-version":[{"id":10179,"href":"https:\/\/www.em.com.br\/emfoco\/wp-json\/wp\/v2\/posts\/10176\/revisions\/10179"}],"wp:featuredmedia":[{"embeddable":true,"href":"https:\/\/www.em.com.br\/emfoco\/wp-json\/wp\/v2\/media\/8924"}],"wp:attachment":[{"href":"https:\/\/www.em.com.br\/emfoco\/wp-json\/wp\/v2\/media?parent=10176"}],"wp:term":[{"taxonomy":"category","embeddable":true,"href":"https:\/\/www.em.com.br\/emfoco\/wp-json\/wp\/v2\/categories?post=10176"},{"taxonomy":"post_tag","embeddable":true,"href":"https:\/\/www.em.com.br\/emfoco\/wp-json\/wp\/v2\/tags?post=10176"}],"curies":[{"name":"wp","href":"https:\/\/api.w.org\/{rel}","templated":true}]}}