{"id":10131,"date":"2025-01-20T15:20:00","date_gmt":"2025-01-20T18:20:00","guid":{"rendered":"https:\/\/www.em.com.br\/emfoco\/?p=10131"},"modified":"2025-01-11T22:19:30","modified_gmt":"2025-01-12T01:19:30","slug":"concurso-itumbiara-295-vagas-abertas-com-salarios-de-ate-r-8-mil","status":"publish","type":"post","link":"https:\/\/www.em.com.br\/emfoco\/2025\/01\/20\/concurso-itumbiara-295-vagas-abertas-com-salarios-de-ate-r-8-mil\/","title":{"rendered":"Concurso Itumbiara: 295 vagas abertas com sal\u00e1rios de at\u00e9 R$ 8 mil"},"content":{"rendered":"\n<p>A Prefeitura de Itumbiara, localizada na regi\u00e3o sul de <strong><a href=\"https:\/\/www.em.com.br\/emfoco\/2025\/01\/19\/voce-precisa-conhecer-as-belezas-naturais-e-culturais-de-goias\/\" target=\"_blank\" rel=\"noreferrer noopener\">Goi\u00e1s<\/a><\/strong>, divulgou um novo edital para concurso p\u00fablico, oferecendo um total de <strong>295 vagas imediatas<\/strong> e diversas oportunidades para cadastro reserva. As vagas contemplam diferentes n\u00edveis de escolaridade, sendo distribu\u00eddas entre fun\u00e7\u00f5es que exigem desde o ensino m\u00e9dio at\u00e9 o ensino superior completo. O per\u00edodo para inscri\u00e7\u00f5es est\u00e1 estabelecido entre 11 de fevereiro e 6 de mar\u00e7o, com sal\u00e1rios que podem alcan\u00e7ar valores superiores a R$ 8 mil.<\/p>\n\n\n\n<p>Organizado pelo <strong><a href=\"https:\/\/institutoverbena.ufg.br\/\" target=\"_blank\" rel=\"noreferrer noopener\">Instituto Verbena<\/a><\/strong>, este concurso \u00e9 uma excelente chance para profissionais que desejam ingressar ou progredir na carreira p\u00fablica. Entre as diversas fun\u00e7\u00f5es ofertadas est\u00e3o cargos como <em>agente administrativo escolar, professor<\/em> e <em>procurador municipal<\/em>, al\u00e9m de v\u00e1rias outras posi\u00e7\u00f5es importantes para a operacionaliza\u00e7\u00e3o das fun\u00e7\u00f5es do munic\u00edpio.<\/p>\n\n\n\n<h2 class=\"wp-block-heading\">Quais s\u00e3o os detalhes das inscri\u00e7\u00f5es e provas?<\/h2>\n\n\n\n<p>Os candidatos interessados em participar do concurso precisam ficar atentos aos prazos e detalhes das inscri\u00e7\u00f5es. O processo ser\u00e1 conduzido online, por meio do site oficial do Instituto Verbena, a partir de 11 de fevereiro. \u00c9 importante salientar que a taxa de inscri\u00e7\u00e3o varia de acordo com o n\u00edvel do cargo: R$ 100 para vagas de ensino m\u00e9dio e R$ 140 para as de ensino superior.<\/p>\n\n\n\n<p>As provas est\u00e3o programadas para serem aplicadas no dia 30 de mar\u00e7o. Para os candidatos \u00e0s vagas de n\u00edvel m\u00e9dio, o processo seletivo consistir\u00e1 apenas em uma prova objetiva. J\u00e1 os concorrentes a cargos de n\u00edvel superior ter\u00e3o que realizar provas objetivas e discursivas, exigindo uma prepara\u00e7\u00e3o mais abrangente.<\/p>\n\n\n\n<figure class=\"wp-block-image size-large\"><img loading=\"lazy\" decoding=\"async\" width=\"1024\" height=\"576\" src=\"https:\/\/www.em.com.br\/emfoco\/wp-content\/uploads\/2025\/01\/Goias_1736596024409-1024x576.jpg\" alt=\"Voc\u00ea precisa conhecer as belezas naturais e culturais de Goi\u00e1s\" class=\"wp-image-9861\" srcset=\"https:\/\/www.em.com.br\/emfoco\/wp-content\/uploads\/2025\/01\/Goias_1736596024409-1024x576.jpg 1024w, https:\/\/www.em.com.br\/emfoco\/wp-content\/uploads\/2025\/01\/Goias_1736596024409-300x169.jpg 300w, https:\/\/www.em.com.br\/emfoco\/wp-content\/uploads\/2025\/01\/Goias_1736596024409-768x432.jpg 768w, https:\/\/www.em.com.br\/emfoco\/wp-content\/uploads\/2025\/01\/Goias_1736596024409-750x422.jpg 750w, https:\/\/www.em.com.br\/emfoco\/wp-content\/uploads\/2025\/01\/Goias_1736596024409-1140x641.jpg 1140w, https:\/\/www.em.com.br\/emfoco\/wp-content\/uploads\/2025\/01\/Goias_1736596024409.jpg 1280w\" sizes=\"auto, (max-width: 1024px) 100vw, 1024px\" \/><figcaption class=\"wp-element-caption\">Goi\u00e1s &#8211; Cr\u00e9ditos: depositphotos.com \/ AngelaMacario<\/figcaption><\/figure>\n\n\n\n<h2 class=\"wp-block-heading\">Quais s\u00e3o os cargos ofertados?<\/h2>\n\n\n\n<p>O concurso abrange uma larga variedade de cargos, que podem ser divididos conforme o n\u00edvel de escolaridade requerido. Para o ensino m\u00e9dio, destacam-se fun\u00e7\u00f5es como <strong>agente administrativo escolar<\/strong> e <strong>agente de tr\u00e2nsito e transporte<\/strong>. J\u00e1 para o n\u00edvel superior, encontram-se posi\u00e7\u00f5es como <strong>professor de educa\u00e7\u00e3o b\u00e1sica<\/strong> em diversas disciplinas, <strong>procurador municipal<\/strong>, e <strong>analista ambiental<\/strong>.<\/p>\n\n\n\n<ul class=\"wp-block-list\">\n<li>Agente Administrativo Escolar &#8211; 15 vagas<\/li>\n\n\n\n<li>Agente de Apoio ao Docente &#8211; 100 vagas<\/li>\n\n\n\n<li>Agente de Tr\u00e2nsito e Transporte &#8211; 10 vagas<\/li>\n\n\n\n<li>Analista Ambiental &#8211; 3 vagas<\/li>\n\n\n\n<li>Assistente Social &#8211; 2 vagas<\/li>\n\n\n\n<li>Especialista em Controle Interno &#8211; 3 vagas<\/li>\n\n\n\n<li>Inspetor Escolar &#8211; 2 vagas<\/li>\n\n\n\n<li>Procurador Municipal &#8211; 9 vagas<\/li>\n\n\n\n<li>Professor de Educa\u00e7\u00e3o B\u00e1sica \u2013 Pedagogia &#8211; 120 vagas<\/li>\n\n\n\n<li>Professor de Educa\u00e7\u00e3o B\u00e1sica \u2013 Educa\u00e7\u00e3o Art\u00edstica &#8211; 2 vagas<\/li>\n\n\n\n<li>Professor de Educa\u00e7\u00e3o B\u00e1sica \u2013 Ci\u00eancias &#8211; 2 vagas<\/li>\n\n\n\n<li>Psic\u00f3logo &#8211; 2 vagas<\/li>\n\n\n\n<li>T\u00e9cnico em Libras &#8211; 5 vagas<\/li>\n<\/ul>\n\n\n\n<h2 class=\"wp-block-heading\">Por que participar deste concurso?<\/h2>\n\n\n\n<p>Concursos p\u00fablicos s\u00e3o uma rota atrativa para aqueles que buscam estabilidade no mercado de trabalho e a possibilidade de desenvolver uma carreira s\u00f3lida no servi\u00e7o p\u00fablico. Este concurso espec\u00edfico da Prefeitura de Itumbiara n\u00e3o apenas oferece uma ampla gama de cargos, mas tamb\u00e9m proporciona a chance de atuar em \u00e1reas urbanas e rurais do munic\u00edpio, podendo alcan\u00e7ar atrativos sal\u00e1rios e pacotes de benef\u00edcios compat\u00edveis com as fun\u00e7\u00f5es.<\/p>\n\n\n\n<p>Ademais, o concurso possibilita o ingresso em setores vitais para a administra\u00e7\u00e3o p\u00fablica, como a educa\u00e7\u00e3o, o tr\u00e2nsito e a sa\u00fade. Portanto, esta \u00e9 uma oportunidade significativa para profissionais que desejam contribuir diretamente para o desenvolvimento local e assegurar um futuro profissional est\u00e1vel.<\/p>\n","protected":false},"excerpt":{"rendered":"<p>A Prefeitura de Itumbiara, localizada na regi\u00e3o sul de Goi\u00e1s, divulgou um novo edital para concurso p\u00fablico, oferecendo um total de 295 vagas imediatas e diversas oportunidades para cadastro reserva. As vagas contemplam diferentes n\u00edveis de escolaridade, sendo distribu\u00eddas entre fun\u00e7\u00f5es que exigem desde o ensino m\u00e9dio at\u00e9 o ensino superior completo. O per\u00edodo para [&hellip;]<\/p>\n","protected":false},"author":5,"featured_media":8859,"comment_status":"open","ping_status":"open","sticky":false,"template":"","format":"standard","meta":{"jnews-multi-image_gallery":[],"jnews_single_post":{"format":"standard"},"jnews_primary_category":[],"jnews_social_meta":[],"jnews_override_counter":[],"footnotes":""},"categories":[26,1],"tags":[3343,2196,3344,508],"class_list":["post-10131","post","type-post","status-publish","format-standard","has-post-thumbnail","hentry","category-cidades","category-noticias","tag-concurso-publico","tag-goias","tag-prefeitura-de-itumbiara","tag-trabalho"],"yoast_head":"<!-- This site is optimized with the Yoast SEO plugin v23.8 - https:\/\/yoast.com\/wordpress\/plugins\/seo\/ -->\n<title>Concurso Itumbiara: 295 vagas abertas com sal\u00e1rios de at\u00e9 R$ 8 mil - Estado de Minas - Em foco<\/title>\n<meta name=\"description\" content=\"Oportunidade \u00fanica em Itumbiara! Concurso p\u00fablico com vagas para diversos n\u00edveis de escolaridade e sal\u00e1rios atrativos.\" \/>\n<meta name=\"robots\" content=\"index, follow, max-snippet:-1, max-image-preview:large, max-video-preview:-1\" \/>\n<link rel=\"canonical\" href=\"https:\/\/www.em.com.br\/emfoco\/2025\/01\/20\/concurso-itumbiara-295-vagas-abertas-com-salarios-de-ate-r-8-mil\/\" \/>\n<meta property=\"og:locale\" content=\"pt_BR\" \/>\n<meta property=\"og:type\" content=\"article\" \/>\n<meta property=\"og:title\" content=\"Concurso Itumbiara: 295 vagas abertas com sal\u00e1rios de at\u00e9 R$ 8 mil - Estado de Minas - Em foco\" \/>\n<meta property=\"og:description\" content=\"Oportunidade \u00fanica em Itumbiara! Concurso p\u00fablico com vagas para diversos n\u00edveis de escolaridade e sal\u00e1rios atrativos.\" \/>\n<meta property=\"og:url\" content=\"https:\/\/www.em.com.br\/emfoco\/2025\/01\/20\/concurso-itumbiara-295-vagas-abertas-com-salarios-de-ate-r-8-mil\/\" \/>\n<meta property=\"og:site_name\" content=\"Estado de Minas - Em foco\" \/>\n<meta property=\"article:published_time\" content=\"2025-01-20T18:20:00+00:00\" \/>\n<meta property=\"article:modified_time\" content=\"2025-01-12T01:19:30+00:00\" \/>\n<meta property=\"og:image\" content=\"https:\/\/www.em.com.br\/emfoco\/wp-content\/uploads\/2025\/01\/Carteira-de-trabalho_1736201983090.jpg\" \/>\n\t<meta property=\"og:image:width\" content=\"1280\" \/>\n\t<meta property=\"og:image:height\" content=\"720\" \/>\n\t<meta property=\"og:image:type\" content=\"image\/jpeg\" \/>\n<meta name=\"author\" content=\"N\u00fabia Rangel\" \/>\n<meta name=\"twitter:card\" content=\"summary_large_image\" \/>\n<meta name=\"twitter:label1\" content=\"Escrito por\" \/>\n\t<meta name=\"twitter:data1\" content=\"N\u00fabia Rangel\" \/>\n\t<meta name=\"twitter:label2\" content=\"Est. tempo de leitura\" \/>\n\t<meta name=\"twitter:data2\" content=\"4 minutos\" \/>\n<!-- \/ Yoast SEO plugin. -->","yoast_head_json":{"title":"Concurso Itumbiara: 295 vagas abertas com sal\u00e1rios de at\u00e9 R$ 8 mil - Estado de Minas - Em foco","description":"Oportunidade \u00fanica em Itumbiara! Concurso p\u00fablico com vagas para diversos n\u00edveis de escolaridade e sal\u00e1rios atrativos.","robots":{"index":"index","follow":"follow","max-snippet":"max-snippet:-1","max-image-preview":"max-image-preview:large","max-video-preview":"max-video-preview:-1"},"canonical":"https:\/\/www.em.com.br\/emfoco\/2025\/01\/20\/concurso-itumbiara-295-vagas-abertas-com-salarios-de-ate-r-8-mil\/","og_locale":"pt_BR","og_type":"article","og_title":"Concurso Itumbiara: 295 vagas abertas com sal\u00e1rios de at\u00e9 R$ 8 mil - Estado de Minas - Em foco","og_description":"Oportunidade \u00fanica em Itumbiara! Concurso p\u00fablico com vagas para diversos n\u00edveis de escolaridade e sal\u00e1rios atrativos.","og_url":"https:\/\/www.em.com.br\/emfoco\/2025\/01\/20\/concurso-itumbiara-295-vagas-abertas-com-salarios-de-ate-r-8-mil\/","og_site_name":"Estado de Minas - Em foco","article_published_time":"2025-01-20T18:20:00+00:00","article_modified_time":"2025-01-12T01:19:30+00:00","og_image":[{"width":1280,"height":720,"url":"https:\/\/www.em.com.br\/emfoco\/wp-content\/uploads\/2025\/01\/Carteira-de-trabalho_1736201983090.jpg","type":"image\/jpeg"}],"author":"N\u00fabia Rangel","twitter_card":"summary_large_image","twitter_misc":{"Escrito por":"N\u00fabia Rangel","Est. tempo de leitura":"4 minutos"},"schema":{"@context":"https:\/\/schema.org","@graph":[{"@type":"WebPage","@id":"https:\/\/www.em.com.br\/emfoco\/2025\/01\/20\/concurso-itumbiara-295-vagas-abertas-com-salarios-de-ate-r-8-mil\/","url":"https:\/\/www.em.com.br\/emfoco\/2025\/01\/20\/concurso-itumbiara-295-vagas-abertas-com-salarios-de-ate-r-8-mil\/","name":"Concurso Itumbiara: 295 vagas abertas com sal\u00e1rios de at\u00e9 R$ 8 mil - Estado de Minas - Em foco","isPartOf":{"@id":"https:\/\/www.em.com.br\/emfoco\/#website"},"primaryImageOfPage":{"@id":"https:\/\/www.em.com.br\/emfoco\/2025\/01\/20\/concurso-itumbiara-295-vagas-abertas-com-salarios-de-ate-r-8-mil\/#primaryimage"},"image":{"@id":"https:\/\/www.em.com.br\/emfoco\/2025\/01\/20\/concurso-itumbiara-295-vagas-abertas-com-salarios-de-ate-r-8-mil\/#primaryimage"},"thumbnailUrl":"https:\/\/www.em.com.br\/emfoco\/wp-content\/uploads\/2025\/01\/Carteira-de-trabalho_1736201983090.jpg","datePublished":"2025-01-20T18:20:00+00:00","dateModified":"2025-01-12T01:19:30+00:00","author":{"@id":"https:\/\/www.em.com.br\/emfoco\/#\/schema\/person\/524437ef54f8a5d32591b143307f2e20"},"description":"Oportunidade \u00fanica em Itumbiara! Concurso p\u00fablico com vagas para diversos n\u00edveis de escolaridade e sal\u00e1rios atrativos.","breadcrumb":{"@id":"https:\/\/www.em.com.br\/emfoco\/2025\/01\/20\/concurso-itumbiara-295-vagas-abertas-com-salarios-de-ate-r-8-mil\/#breadcrumb"},"inLanguage":"pt-BR","potentialAction":[{"@type":"ReadAction","target":["https:\/\/www.em.com.br\/emfoco\/2025\/01\/20\/concurso-itumbiara-295-vagas-abertas-com-salarios-de-ate-r-8-mil\/"]}]},{"@type":"ImageObject","inLanguage":"pt-BR","@id":"https:\/\/www.em.com.br\/emfoco\/2025\/01\/20\/concurso-itumbiara-295-vagas-abertas-com-salarios-de-ate-r-8-mil\/#primaryimage","url":"https:\/\/www.em.com.br\/emfoco\/wp-content\/uploads\/2025\/01\/Carteira-de-trabalho_1736201983090.jpg","contentUrl":"https:\/\/www.em.com.br\/emfoco\/wp-content\/uploads\/2025\/01\/Carteira-de-trabalho_1736201983090.jpg","width":1280,"height":720,"caption":"Imagem Ilustrativa de Carteira de Trabalho - Cr\u00e9ditos: depositphotos.com \/ rafapress"},{"@type":"BreadcrumbList","@id":"https:\/\/www.em.com.br\/emfoco\/2025\/01\/20\/concurso-itumbiara-295-vagas-abertas-com-salarios-de-ate-r-8-mil\/#breadcrumb","itemListElement":[{"@type":"ListItem","position":1,"name":"In\u00edcio","item":"https:\/\/www.em.com.br\/emfoco\/"},{"@type":"ListItem","position":2,"name":"Concurso Itumbiara: 295 vagas abertas com sal\u00e1rios de at\u00e9 R$ 8 mil"}]},{"@type":"WebSite","@id":"https:\/\/www.em.com.br\/emfoco\/#website","url":"https:\/\/www.em.com.br\/emfoco\/","name":"Estado de Minas - Em foco","description":"Acompanhe as \u00faltimas not\u00edcias e fique bem informado sobre tudo o que acontece em Minas Gerais, Brasil e no mundo.","potentialAction":[{"@type":"SearchAction","target":{"@type":"EntryPoint","urlTemplate":"https:\/\/www.em.com.br\/emfoco\/?s={search_term_string}"},"query-input":{"@type":"PropertyValueSpecification","valueRequired":true,"valueName":"search_term_string"}}],"inLanguage":"pt-BR"},{"@type":"Person","@id":"https:\/\/www.em.com.br\/emfoco\/#\/schema\/person\/524437ef54f8a5d32591b143307f2e20","name":"N\u00fabia Rangel","image":{"@type":"ImageObject","inLanguage":"pt-BR","@id":"https:\/\/www.em.com.br\/emfoco\/#\/schema\/person\/image\/","url":"https:\/\/secure.gravatar.com\/avatar\/47cff2827a5ba23c37e8068c86817ea4?s=96&d=mm&r=g","contentUrl":"https:\/\/secure.gravatar.com\/avatar\/47cff2827a5ba23c37e8068c86817ea4?s=96&d=mm&r=g","caption":"N\u00fabia Rangel"},"sameAs":["https:\/\/www.em.com.br\/emfoco\/"],"url":"https:\/\/www.em.com.br\/emfoco\/author\/nubiamyth\/"}]}},"_links":{"self":[{"href":"https:\/\/www.em.com.br\/emfoco\/wp-json\/wp\/v2\/posts\/10131","targetHints":{"allow":["GET"]}}],"collection":[{"href":"https:\/\/www.em.com.br\/emfoco\/wp-json\/wp\/v2\/posts"}],"about":[{"href":"https:\/\/www.em.com.br\/emfoco\/wp-json\/wp\/v2\/types\/post"}],"author":[{"embeddable":true,"href":"https:\/\/www.em.com.br\/emfoco\/wp-json\/wp\/v2\/users\/5"}],"replies":[{"embeddable":true,"href":"https:\/\/www.em.com.br\/emfoco\/wp-json\/wp\/v2\/comments?post=10131"}],"version-history":[{"count":2,"href":"https:\/\/www.em.com.br\/emfoco\/wp-json\/wp\/v2\/posts\/10131\/revisions"}],"predecessor-version":[{"id":10133,"href":"https:\/\/www.em.com.br\/emfoco\/wp-json\/wp\/v2\/posts\/10131\/revisions\/10133"}],"wp:featuredmedia":[{"embeddable":true,"href":"https:\/\/www.em.com.br\/emfoco\/wp-json\/wp\/v2\/media\/8859"}],"wp:attachment":[{"href":"https:\/\/www.em.com.br\/emfoco\/wp-json\/wp\/v2\/media?parent=10131"}],"wp:term":[{"taxonomy":"category","embeddable":true,"href":"https:\/\/www.em.com.br\/emfoco\/wp-json\/wp\/v2\/categories?post=10131"},{"taxonomy":"post_tag","embeddable":true,"href":"https:\/\/www.em.com.br\/emfoco\/wp-json\/wp\/v2\/tags?post=10131"}],"curies":[{"name":"wp","href":"https:\/\/api.w.org\/{rel}","templated":true}]}}