{"id":101146,"date":"2025-09-06T06:28:00","date_gmt":"2025-09-06T09:28:00","guid":{"rendered":"https:\/\/www.em.com.br\/emfoco\/?p=101146"},"modified":"2025-09-05T12:09:55","modified_gmt":"2025-09-05T15:09:55","slug":"prepare-o-guarda-chuva-e-o-casaco-a-frente-fria-esta-chegando-com-forca","status":"publish","type":"post","link":"https:\/\/www.em.com.br\/emfoco\/2025\/09\/06\/prepare-o-guarda-chuva-e-o-casaco-a-frente-fria-esta-chegando-com-forca\/","title":{"rendered":"Prepare o guarda-chuva e o casaco, a frente fria est\u00e1 chegando com for\u00e7a"},"content":{"rendered":"\n<p>A\u00a0<strong>previs\u00e3o do tempo<\/strong>\u00a0para os pr\u00f3ximos dias apresenta varia\u00e7\u00f5es significativas devido ao impacto das\u00a0<strong><a href=\"https:\/\/www.em.com.br\/emfoco\/2025\/09\/04\/o-clima-pode-mudar-com-a-chegada-da-primavera-em-todo-o-pais\/\">mudan\u00e7as clim\u00e1ticas<\/a><\/strong>. Entenderemos como essas mudan\u00e7as est\u00e3o afetando o clima no\u00a0<strong>Brasil<\/strong>\u00a0e traremos uma an\u00e1lise completa para os pr\u00f3ximos dias.<\/p>\n\n\n\n<ul class=\"wp-block-list\">\n<li>Como as\u00a0<strong>mudan\u00e7as clim\u00e1ticas<\/strong>\u00a0est\u00e3o influenciando o clima no Brasil<\/li>\n\n\n\n<li>Previs\u00e3o para o Sudeste em\u00a0<strong>06 e 07\/09\/2025<\/strong><\/li>\n\n\n\n<li>Dicas para interpretar a previs\u00e3o do tempo com precis\u00e3o<\/li>\n<\/ul>\n\n\n\n<h2 class=\"wp-block-heading\">Como as mudan\u00e7as clim\u00e1ticas afetam o clima brasileiro?<\/h2>\n\n\n\n<p>As\u00a0<a href=\"https:\/\/www.em.com.br\/emfoco\/2025\/09\/04\/o-clima-pode-mudar-com-a-chegada-da-primavera-em-todo-o-pais\/\" target=\"_blank\" rel=\"noreferrer noopener\"><strong>mudan\u00e7as clim\u00e1ticas<\/strong>\u00a0<\/a>impactam diretamente o padr\u00e3o clim\u00e1tico do\u00a0<strong>Brasil<\/strong>, resultando em extremos de calor e frio em v\u00e1rias regi\u00f5es. Essas altera\u00e7\u00f5es afetam a agricultura, a rotina das cidades e a sa\u00fade p\u00fablica. Pesquisadores da\u00a0<strong>Organiza\u00e7\u00e3o Meteorol\u00f3gica Mundial<\/strong>\u00a0tamb\u00e9m destacam que a frequ\u00eancia de eventos clim\u00e1ticos extremos tem aumentado em todo o territ\u00f3rio nacional.<\/p>\n\n\n\n<h2 class=\"wp-block-heading\">Quais s\u00e3o as temperaturas previstas para o Sudeste em 06 e 07\/09\/2025?<\/h2>\n\n\n\n<p>No Sudeste, as capitais enfrentar\u00e3o varia\u00e7\u00f5es consider\u00e1veis de temperatura nestes dois dias. Essas varia\u00e7\u00f5es s\u00e3o agravadas pelo efeito das correntes de vento vindas da regi\u00e3o Sul, que intensificam o contraste t\u00e9rmico.<\/p>\n\n\n\n<ul class=\"wp-block-list\">\n<li><strong>S\u00e3o Paulo<\/strong>: M\u00ednima de 15\u00b0C e m\u00e1xima de 24\u00b0C<\/li>\n\n\n\n<li><strong>Rio de Janeiro<\/strong>: M\u00ednima de 18\u00b0C e m\u00e1xima de 28\u00b0C<\/li>\n\n\n\n<li><strong>Belo Horizonte<\/strong>: M\u00ednima de 16\u00b0C e m\u00e1xima de 26\u00b0C<\/li>\n\n\n\n<li><strong>Vit\u00f3ria<\/strong>: M\u00ednima de 19\u00b0C e m\u00e1xima de 29\u00b0C<\/li>\n<\/ul>\n\n\n\n<figure class=\"wp-block-image\"><img decoding=\"async\" src=\"https:\/\/www.em.com.br\/emfoco\/wp-content\/uploads\/2025\/04\/Clima-sol-ou-chuva_1745256516839-1024x576.jpg\" alt=\"\"\/><figcaption class=\"wp-element-caption\">Clima &#8211; Cr\u00e9ditos: depositphotos.com \/ pongsuwan<\/figcaption><\/figure>\n\n\n\n<h2 class=\"wp-block-heading\">Como est\u00e1 a previs\u00e3o do tempo para Belo Horizonte e outras cidades de Minas Gerais?<\/h2>\n\n\n\n<p>A&nbsp;<strong>previs\u00e3o do tempo<\/strong>&nbsp;em&nbsp;<strong>Minas Gerais<\/strong>&nbsp;mostra um quadro diverso para suas cidades entre os dias&nbsp;<strong>06 e 07\/09\/2025<\/strong>. Fatores regionais, como relevo e influ\u00eancia da umidade vinda do litoral, colaboram para essas oscila\u00e7\u00f5es de temperatura.<\/p>\n\n\n\n<ul class=\"wp-block-list\">\n<li><strong>Belo Horizonte<\/strong>: M\u00ednima de 16\u00b0C e m\u00e1xima de 26\u00b0C<\/li>\n\n\n\n<li><strong>Uberl\u00e2ndia<\/strong>: M\u00ednima de 14\u00b0C e m\u00e1xima de 25\u00b0C<\/li>\n\n\n\n<li><strong>Juiz de Fora<\/strong>: M\u00ednima de 15\u00b0C e m\u00e1xima de 24\u00b0C<\/li>\n<\/ul>\n\n\n\n<h2 class=\"wp-block-heading\">O que esperar das outras regi\u00f5es do Brasil nos pr\u00f3ximos dias?<\/h2>\n\n\n\n<p>As outras regi\u00f5es do&nbsp;<strong>Brasil<\/strong>&nbsp;tamb\u00e9m apresentam previs\u00e3o diversificada para os pr\u00f3ximos dias:<\/p>\n\n\n\n<ul class=\"wp-block-list\">\n<li><strong>Nordeste<\/strong>: Cidades com m\u00ednimas de 20\u00b0C e m\u00e1ximas de 32\u00b0C<\/li>\n\n\n\n<li><strong>Sul<\/strong>: M\u00ednimas de 10\u00b0C e m\u00e1ximas de 22\u00b0C, com possibilidades de geada<\/li>\n\n\n\n<li><strong>Centro-Oeste<\/strong>: Cidades com m\u00ednimas de 18\u00b0C e m\u00e1ximas de 30\u00b0C<\/li>\n<\/ul>\n\n\n\n<h2 class=\"wp-block-heading\">Frente fria, chuvas e sol: o que vai acontecer na pr\u00f3xima semana?<\/h2>\n\n\n\n<p>No decorrer da pr\u00f3xima semana, uma\u00a0<strong>frente fria<\/strong>\u00a0provocar\u00e1 chuvas isoladas em algumas partes do\u00a0<strong>Brasil<\/strong>. A possibilidade de queda de granizo \u00e9 observada nos mapas clim\u00e1ticos para a regi\u00e3o Sul, <a href=\"https:\/\/portal.inmet.gov.br\/noticias\/setembro-como-ser%C3%A1-o-clima-no-brasil-4\" target=\"_blank\" rel=\"noreferrer noopener\">segundo dados do\u00a0<strong>Instituto Nacional de Meteorologia<\/strong><\/a>.<\/p>\n\n\n\n<ul class=\"wp-block-list\">\n<li><strong>S\u00e3o Paulo<\/strong>: 60% de chance de chuva<\/li>\n\n\n\n<li><strong>Curitiba<\/strong>: 70% de chance de chuva com quedas significativas na temperatura<\/li>\n\n\n\n<li><strong>Salvador<\/strong>: Predom\u00ednio de sol com m\u00ednimas possibilidades de chuva<\/li>\n<\/ul>\n\n\n\n<h2 class=\"wp-block-heading\">Quais s\u00e3o as 8 cidades com as menores temperaturas?<\/h2>\n\n\n\n<p>As cidades em destaque registram as menores temperaturas para os pr\u00f3ximos dias:<\/p>\n\n\n\n<ol class=\"wp-block-list\">\n<li><strong>Curitiba<\/strong>: 10\u00b0C<\/li>\n\n\n\n<li><strong>Porto Alegre<\/strong>: 11\u00b0C<\/li>\n\n\n\n<li><strong>Florian\u00f3polis<\/strong>: 12\u00b0C<\/li>\n\n\n\n<li><strong>Belo Horizonte<\/strong>: 16\u00b0C<\/li>\n\n\n\n<li><strong>S\u00e3o Paulo<\/strong>: 15\u00b0C<\/li>\n\n\n\n<li><strong>Campo Grande<\/strong>: 14\u00b0C<\/li>\n\n\n\n<li><strong>Uberl\u00e2ndia<\/strong>: 14\u00b0C<\/li>\n\n\n\n<li><strong>Juiz de Fora<\/strong>: 15\u00b0C<\/li>\n<\/ol>\n\n\n\n<h2 class=\"wp-block-heading\">O que dizem os sites especializados em tempo?<\/h2>\n\n\n\n<p>Sites especializados, como o&nbsp;<strong>Climatempo<\/strong>&nbsp;e&nbsp;<strong>Inmet<\/strong>, destacam a import\u00e2ncia das&nbsp;<strong>mudan\u00e7as clim\u00e1ticas<\/strong>&nbsp;na previs\u00e3o do tempo. Especialistas recomendam estar atentos a altera\u00e7\u00f5es s\u00fabitas de temperatura e alertas de fen\u00f4menos clim\u00e1ticos extremos, que v\u00eam sendo comunicados em tempo real por aplicativos e plataformas digitais.<\/p>\n\n\n\n<h2 class=\"wp-block-heading\">Como interpretar a previs\u00e3o do tempo corretamente?<\/h2>\n\n\n\n<p>Interpretar corretamente as previs\u00f5es \u00e9 crucial para se preparar para o dia a dia. Confira algumas dicas:<\/p>\n\n\n\n<ul class=\"wp-block-list\">\n<li>Entenda a diferen\u00e7a entre\u00a0<strong>probabilidade de chuva<\/strong>\u00a0e volume esperado<\/li>\n\n\n\n<li>Considere o\u00a0<strong>\u00edndice de calor<\/strong>\u00a0e a sensa\u00e7\u00e3o t\u00e9rmica ao se vestir<\/li>\n\n\n\n<li>Monitore as atualiza\u00e7\u00f5es di\u00e1rias dos sites confi\u00e1veis para prever mudan\u00e7as repentinas<\/li>\n\n\n\n<li>Use servi\u00e7os de notifica\u00e7\u00e3o de tempo em aplicativos para receber alertas personalizados<\/li>\n<\/ul>\n\n\n\n<h2 class=\"wp-block-heading\">Quais s\u00e3o os aprendizados sobre prepara\u00e7\u00e3o e adapta\u00e7\u00e3o?<\/h2>\n\n\n\n<ul class=\"wp-block-list\">\n<li>As\u00a0<strong>mudan\u00e7as clim\u00e1ticas<\/strong>\u00a0t\u00eam um papel crucial na defini\u00e7\u00e3o do clima atual<\/li>\n\n\n\n<li>Prestar aten\u00e7\u00e3o na previs\u00e3o detalhada ajuda a evitar surpresas clim\u00e1ticas<\/li>\n\n\n\n<li>Adapta\u00e7\u00e3o e prepara\u00e7\u00e3o s\u00e3o chaves para enfrentar varia\u00e7\u00f5es de temperatura extremas<\/li>\n\n\n\n<li>Investir em infraestrutura urbana e medidas preventivas \u00e9 fundamental para lidar com eventos clim\u00e1ticos adversos<\/li>\n<\/ul>\n","protected":false},"excerpt":{"rendered":"<p>A\u00a0previs\u00e3o do tempo\u00a0para os pr\u00f3ximos dias apresenta varia\u00e7\u00f5es significativas devido ao impacto das\u00a0mudan\u00e7as clim\u00e1ticas. Entenderemos como essas mudan\u00e7as est\u00e3o afetando o clima no\u00a0Brasil\u00a0e traremos uma an\u00e1lise completa para os pr\u00f3ximos dias. Como as mudan\u00e7as clim\u00e1ticas afetam o clima brasileiro? As\u00a0mudan\u00e7as clim\u00e1ticas\u00a0impactam diretamente o padr\u00e3o clim\u00e1tico do\u00a0Brasil, resultando em extremos de calor e frio em v\u00e1rias [&hellip;]<\/p>\n","protected":false},"author":11,"featured_media":55623,"comment_status":"open","ping_status":"open","sticky":false,"template":"","format":"standard","meta":{"jnews-multi-image_gallery":[],"jnews_single_post":{"format":"standard"},"jnews_primary_category":[],"jnews_social_meta":[],"jnews_override_counter":[],"footnotes":""},"categories":[30,1],"tags":[152,2089,1192,249],"class_list":["post-101146","post","type-post","status-publish","format-standard","has-post-thumbnail","hentry","category-clima","category-noticias","tag-clima","tag-frio","tag-sudeste","tag-temperatura"],"yoast_head":"<!-- This site is optimized with the Yoast SEO plugin v23.8 - https:\/\/yoast.com\/wordpress\/plugins\/seo\/ -->\n<title>Prepare o guarda-chuva e o casaco, a frente fria est\u00e1 chegando com for\u00e7a - Estado de Minas - Em foco<\/title>\n<meta name=\"description\" content=\"O clima no Brasil vai surpreender nos pr\u00f3ximos dias com frio intenso e calor extremo. Veja o que esperar em cada cidade e como se preparar.\" \/>\n<meta name=\"robots\" content=\"index, follow, max-snippet:-1, max-image-preview:large, max-video-preview:-1\" \/>\n<link rel=\"canonical\" href=\"https:\/\/www.em.com.br\/emfoco\/2025\/09\/06\/prepare-o-guarda-chuva-e-o-casaco-a-frente-fria-esta-chegando-com-forca\/\" \/>\n<meta property=\"og:locale\" content=\"pt_BR\" \/>\n<meta property=\"og:type\" content=\"article\" \/>\n<meta property=\"og:title\" content=\"Prepare o guarda-chuva e o casaco, a frente fria est\u00e1 chegando com for\u00e7a - Estado de Minas - Em foco\" \/>\n<meta property=\"og:description\" content=\"O clima no Brasil vai surpreender nos pr\u00f3ximos dias com frio intenso e calor extremo. Veja o que esperar em cada cidade e como se preparar.\" \/>\n<meta property=\"og:url\" content=\"https:\/\/www.em.com.br\/emfoco\/2025\/09\/06\/prepare-o-guarda-chuva-e-o-casaco-a-frente-fria-esta-chegando-com-forca\/\" \/>\n<meta property=\"og:site_name\" content=\"Estado de Minas - Em foco\" \/>\n<meta property=\"article:published_time\" content=\"2025-09-06T09:28:00+00:00\" \/>\n<meta property=\"article:modified_time\" content=\"2025-09-05T15:09:55+00:00\" \/>\n<meta property=\"og:image\" content=\"https:\/\/www.em.com.br\/emfoco\/wp-content\/uploads\/2025\/06\/correndo-da-chuva_1749062334834.jpg\" \/>\n\t<meta property=\"og:image:width\" content=\"1280\" \/>\n\t<meta property=\"og:image:height\" content=\"720\" \/>\n\t<meta property=\"og:image:type\" content=\"image\/jpeg\" \/>\n<meta name=\"author\" content=\"Andre\u0301 Rangel\u00a0\" \/>\n<meta name=\"twitter:card\" content=\"summary_large_image\" \/>\n<meta name=\"twitter:label1\" content=\"Escrito por\" \/>\n\t<meta name=\"twitter:data1\" content=\"Andre\u0301 Rangel\u00a0\" \/>\n\t<meta name=\"twitter:label2\" content=\"Est. tempo de leitura\" \/>\n\t<meta name=\"twitter:data2\" content=\"4 minutos\" \/>\n<!-- \/ Yoast SEO plugin. -->","yoast_head_json":{"title":"Prepare o guarda-chuva e o casaco, a frente fria est\u00e1 chegando com for\u00e7a - Estado de Minas - Em foco","description":"O clima no Brasil vai surpreender nos pr\u00f3ximos dias com frio intenso e calor extremo. Veja o que esperar em cada cidade e como se preparar.","robots":{"index":"index","follow":"follow","max-snippet":"max-snippet:-1","max-image-preview":"max-image-preview:large","max-video-preview":"max-video-preview:-1"},"canonical":"https:\/\/www.em.com.br\/emfoco\/2025\/09\/06\/prepare-o-guarda-chuva-e-o-casaco-a-frente-fria-esta-chegando-com-forca\/","og_locale":"pt_BR","og_type":"article","og_title":"Prepare o guarda-chuva e o casaco, a frente fria est\u00e1 chegando com for\u00e7a - Estado de Minas - Em foco","og_description":"O clima no Brasil vai surpreender nos pr\u00f3ximos dias com frio intenso e calor extremo. Veja o que esperar em cada cidade e como se preparar.","og_url":"https:\/\/www.em.com.br\/emfoco\/2025\/09\/06\/prepare-o-guarda-chuva-e-o-casaco-a-frente-fria-esta-chegando-com-forca\/","og_site_name":"Estado de Minas - Em foco","article_published_time":"2025-09-06T09:28:00+00:00","article_modified_time":"2025-09-05T15:09:55+00:00","og_image":[{"width":1280,"height":720,"url":"https:\/\/www.em.com.br\/emfoco\/wp-content\/uploads\/2025\/06\/correndo-da-chuva_1749062334834.jpg","type":"image\/jpeg"}],"author":"Andre\u0301 Rangel\u00a0","twitter_card":"summary_large_image","twitter_misc":{"Escrito por":"Andre\u0301 Rangel\u00a0","Est. tempo de leitura":"4 minutos"},"schema":{"@context":"https:\/\/schema.org","@graph":[{"@type":"WebPage","@id":"https:\/\/www.em.com.br\/emfoco\/2025\/09\/06\/prepare-o-guarda-chuva-e-o-casaco-a-frente-fria-esta-chegando-com-forca\/","url":"https:\/\/www.em.com.br\/emfoco\/2025\/09\/06\/prepare-o-guarda-chuva-e-o-casaco-a-frente-fria-esta-chegando-com-forca\/","name":"Prepare o guarda-chuva e o casaco, a frente fria est\u00e1 chegando com for\u00e7a - Estado de Minas - Em foco","isPartOf":{"@id":"https:\/\/www.em.com.br\/emfoco\/#website"},"primaryImageOfPage":{"@id":"https:\/\/www.em.com.br\/emfoco\/2025\/09\/06\/prepare-o-guarda-chuva-e-o-casaco-a-frente-fria-esta-chegando-com-forca\/#primaryimage"},"image":{"@id":"https:\/\/www.em.com.br\/emfoco\/2025\/09\/06\/prepare-o-guarda-chuva-e-o-casaco-a-frente-fria-esta-chegando-com-forca\/#primaryimage"},"thumbnailUrl":"https:\/\/www.em.com.br\/emfoco\/wp-content\/uploads\/2025\/06\/correndo-da-chuva_1749062334834.jpg","datePublished":"2025-09-06T09:28:00+00:00","dateModified":"2025-09-05T15:09:55+00:00","author":{"@id":"https:\/\/www.em.com.br\/emfoco\/#\/schema\/person\/60eda09c1fedf0d6891f4cef4b60b8b8"},"description":"O clima no Brasil vai surpreender nos pr\u00f3ximos dias com frio intenso e calor extremo. Veja o que esperar em cada cidade e como se preparar.","breadcrumb":{"@id":"https:\/\/www.em.com.br\/emfoco\/2025\/09\/06\/prepare-o-guarda-chuva-e-o-casaco-a-frente-fria-esta-chegando-com-forca\/#breadcrumb"},"inLanguage":"pt-BR","potentialAction":[{"@type":"ReadAction","target":["https:\/\/www.em.com.br\/emfoco\/2025\/09\/06\/prepare-o-guarda-chuva-e-o-casaco-a-frente-fria-esta-chegando-com-forca\/"]}]},{"@type":"ImageObject","inLanguage":"pt-BR","@id":"https:\/\/www.em.com.br\/emfoco\/2025\/09\/06\/prepare-o-guarda-chuva-e-o-casaco-a-frente-fria-esta-chegando-com-forca\/#primaryimage","url":"https:\/\/www.em.com.br\/emfoco\/wp-content\/uploads\/2025\/06\/correndo-da-chuva_1749062334834.jpg","contentUrl":"https:\/\/www.em.com.br\/emfoco\/wp-content\/uploads\/2025\/06\/correndo-da-chuva_1749062334834.jpg","width":1280,"height":720,"caption":"Correndo da chuva - Cr\u00e9ditos: depositphotos.com \/ Amvorsuf"},{"@type":"BreadcrumbList","@id":"https:\/\/www.em.com.br\/emfoco\/2025\/09\/06\/prepare-o-guarda-chuva-e-o-casaco-a-frente-fria-esta-chegando-com-forca\/#breadcrumb","itemListElement":[{"@type":"ListItem","position":1,"name":"In\u00edcio","item":"https:\/\/www.em.com.br\/emfoco\/"},{"@type":"ListItem","position":2,"name":"Prepare o guarda-chuva e o casaco, a frente fria est\u00e1 chegando com for\u00e7a"}]},{"@type":"WebSite","@id":"https:\/\/www.em.com.br\/emfoco\/#website","url":"https:\/\/www.em.com.br\/emfoco\/","name":"Estado de Minas - Em foco","description":"Acompanhe as \u00faltimas not\u00edcias e fique bem informado sobre tudo o que acontece em Minas Gerais, Brasil e no mundo.","potentialAction":[{"@type":"SearchAction","target":{"@type":"EntryPoint","urlTemplate":"https:\/\/www.em.com.br\/emfoco\/?s={search_term_string}"},"query-input":{"@type":"PropertyValueSpecification","valueRequired":true,"valueName":"search_term_string"}}],"inLanguage":"pt-BR"},{"@type":"Person","@id":"https:\/\/www.em.com.br\/emfoco\/#\/schema\/person\/60eda09c1fedf0d6891f4cef4b60b8b8","name":"Andre\u0301 Rangel\u00a0","image":{"@type":"ImageObject","inLanguage":"pt-BR","@id":"https:\/\/www.em.com.br\/emfoco\/#\/schema\/person\/image\/","url":"https:\/\/secure.gravatar.com\/avatar\/6234dc814c77c8ef6d8bba622c787efc?s=96&d=mm&r=g","contentUrl":"https:\/\/secure.gravatar.com\/avatar\/6234dc814c77c8ef6d8bba622c787efc?s=96&d=mm&r=g","caption":"Andre\u0301 Rangel\u00a0"},"url":"https:\/\/www.em.com.br\/emfoco\/author\/luizmyth\/"}]}},"_links":{"self":[{"href":"https:\/\/www.em.com.br\/emfoco\/wp-json\/wp\/v2\/posts\/101146","targetHints":{"allow":["GET"]}}],"collection":[{"href":"https:\/\/www.em.com.br\/emfoco\/wp-json\/wp\/v2\/posts"}],"about":[{"href":"https:\/\/www.em.com.br\/emfoco\/wp-json\/wp\/v2\/types\/post"}],"author":[{"embeddable":true,"href":"https:\/\/www.em.com.br\/emfoco\/wp-json\/wp\/v2\/users\/11"}],"replies":[{"embeddable":true,"href":"https:\/\/www.em.com.br\/emfoco\/wp-json\/wp\/v2\/comments?post=101146"}],"version-history":[{"count":4,"href":"https:\/\/www.em.com.br\/emfoco\/wp-json\/wp\/v2\/posts\/101146\/revisions"}],"predecessor-version":[{"id":101193,"href":"https:\/\/www.em.com.br\/emfoco\/wp-json\/wp\/v2\/posts\/101146\/revisions\/101193"}],"wp:featuredmedia":[{"embeddable":true,"href":"https:\/\/www.em.com.br\/emfoco\/wp-json\/wp\/v2\/media\/55623"}],"wp:attachment":[{"href":"https:\/\/www.em.com.br\/emfoco\/wp-json\/wp\/v2\/media?parent=101146"}],"wp:term":[{"taxonomy":"category","embeddable":true,"href":"https:\/\/www.em.com.br\/emfoco\/wp-json\/wp\/v2\/categories?post=101146"},{"taxonomy":"post_tag","embeddable":true,"href":"https:\/\/www.em.com.br\/emfoco\/wp-json\/wp\/v2\/tags?post=101146"}],"curies":[{"name":"wp","href":"https:\/\/api.w.org\/{rel}","templated":true}]}}