{"id":10105,"date":"2025-01-20T11:00:00","date_gmt":"2025-01-20T14:00:00","guid":{"rendered":"https:\/\/www.em.com.br\/emfoco\/?p=10105"},"modified":"2025-01-11T21:23:46","modified_gmt":"2025-01-12T00:23:46","slug":"conheca-a-cidade-que-conquistou-o-primeiro-lugar-em-qualidade-de-vida","status":"publish","type":"post","link":"https:\/\/www.em.com.br\/emfoco\/2025\/01\/20\/conheca-a-cidade-que-conquistou-o-primeiro-lugar-em-qualidade-de-vida\/","title":{"rendered":"Conhe\u00e7a a cidade que conquistou o primeiro lugar em qualidade de vida"},"content":{"rendered":"\n<p>Gavi\u00e3o Peixoto, uma cidade localizada no interior do estado de <strong><a href=\"https:\/\/www.em.com.br\/emfoco\/2024\/12\/03\/rio-de-janeiro-x-sao-paulo-a-batalha-dos-destinos-turisticos\/\" target=\"_blank\" rel=\"noreferrer noopener\">S\u00e3o Paulo<\/a><\/strong>, foi reconhecida como a melhor cidade para se viver no Brasil, conforme o \u00cdndice de Progresso Social (IPS). Esta pequena cidade surpreendeu ao alcan\u00e7ar uma alta pontua\u00e7\u00e3o no \u00edndice de desempenho, destacando-se em quesitos fundamentais para o bem-estar da popula\u00e7\u00e3o.<\/p>\n\n\n\n<p>Com uma popula\u00e7\u00e3o que n\u00e3o supera os 5 mil habitantes, Gavi\u00e3o Peixoto contou com avan\u00e7os significativos em diversas \u00e1reas, desde sua emancipa\u00e7\u00e3o de Araraquara em 1995. Nos \u00faltimos anos, a cidade investiu fortemente em infraestrutura b\u00e1sica e seguran\u00e7a, contribuindo para uma qualidade de vida excepcional.<\/p>\n\n\n\n<h2 class=\"wp-block-heading\">Elementos Que Diferenciam Gavi\u00e3o Peixoto<\/h2>\n\n\n\n<p>Um dos fatores que impulsionaram o desenvolvimento de <strong><a href=\"https:\/\/pt.wikipedia.org\/wiki\/Gavi%C3%A3o_Peixoto\" target=\"_blank\" rel=\"noreferrer noopener\">Gavi\u00e3o Peixoto<\/a><\/strong> \u00e9 a presen\u00e7a de uma unidade da Embraer, que realiza a montagem final de aeronaves. Isso trouxe crescimento econ\u00f4mico e maior oferta de empregos para a regi\u00e3o. Al\u00e9m disso, o aer\u00f3dromo da cidade, com uma das pistas mais longas das Am\u00e9ricas, \u00e9 um facilitador importante para opera\u00e7\u00f5es industriais.<\/p>\n\n\n\n<p>Ademais, a cidade mant\u00e9m um ambiente seguro e bem estruturado, com acesso facilitado a servi\u00e7os essenciais, como educa\u00e7\u00e3o e sa\u00fade. Tais aspectos foram determinantes para sua classifica\u00e7\u00e3o de destaque no IPS.<\/p>\n\n\n\n<figure class=\"wp-block-image size-full\"><img loading=\"lazy\" decoding=\"async\" width=\"959\" height=\"540\" src=\"https:\/\/www.em.com.br\/emfoco\/wp-content\/uploads\/2024\/12\/image-71-e1734461525309.png\" alt=\"Conhe\u00e7a a Cidade Paulista Que Se Tornou Refer\u00eancia Nacional em Qualidade de Vida\" class=\"wp-image-5457\" srcset=\"https:\/\/www.em.com.br\/emfoco\/wp-content\/uploads\/2024\/12\/image-71-e1734461525309.png 959w, https:\/\/www.em.com.br\/emfoco\/wp-content\/uploads\/2024\/12\/image-71-e1734461525309-300x169.png 300w, https:\/\/www.em.com.br\/emfoco\/wp-content\/uploads\/2024\/12\/image-71-e1734461525309-768x432.png 768w, https:\/\/www.em.com.br\/emfoco\/wp-content\/uploads\/2024\/12\/image-71-e1734461525309-750x422.png 750w\" sizes=\"auto, (max-width: 959px) 100vw, 959px\" \/><figcaption class=\"wp-element-caption\">Gavi\u00e3o Peixoto &#8211; Cr\u00e9ditos: YT: Jr Longo<\/figcaption><\/figure>\n\n\n\n<h2 class=\"wp-block-heading\">Como a Qualidade de Vida \u00e9 Avaliada?<\/h2>\n\n\n\n<p>O \u00cdndice de Progresso Social usa um conjunto de crit\u00e9rios para avaliar a qualidade de vida nas cidades. S\u00e3o levados em conta fatores sociais e ambientais, excluindo-se o foco exclusivamente econ\u00f4mico. A avalia\u00e7\u00e3o est\u00e1 dividida em tr\u00eas grandes \u00e1reas:<\/p>\n\n\n\n<ul class=\"wp-block-list\">\n<li><strong>Necessidades B\u00e1sicas<\/strong>: Incluindo seguran\u00e7a alimentar, acesso \u00e0 \u00e1gua pot\u00e1vel e saneamento.<\/li>\n\n\n\n<li><strong>Fundamentos do Bem-Estar<\/strong>: Abrangendo educa\u00e7\u00e3o b\u00e1sica e sa\u00fade.<\/li>\n\n\n\n<li><strong>Oportunidades<\/strong>: Considerando direitos pessoais e inclus\u00e3o.<\/li>\n<\/ul>\n\n\n\n<p>Com mais de 50 indicadores analisados, provenientes de fontes como o IBGE e o Minist\u00e9rio da Sa\u00fade, \u00e9 poss\u00edvel medir com precis\u00e3o as condi\u00e7\u00f5es de vida em diferentes munic\u00edpios.<\/p>\n\n\n\n<h2 class=\"wp-block-heading\">Outras Cidades Brasileiras de Destaque<\/h2>\n\n\n\n<p>Al\u00e9m de Gavi\u00e3o Peixoto, outras cidades se destacaram no estudo pelo elevado padr\u00e3o de qualidade de vida. Algumas delas incluem:<\/p>\n\n\n\n<ol class=\"wp-block-list\">\n<li>Bras\u00edlia, DF<\/li>\n\n\n\n<li>S\u00e3o Carlos, SP<\/li>\n\n\n\n<li>Goi\u00e2nia, GO<\/li>\n\n\n\n<li>Nuporanga, SP<\/li>\n<\/ol>\n\n\n\n<p>Cada uma delas apresentou resultados expressivos em diversos aspectos essenciais para a vida urbana moderna.<\/p>\n\n\n\n<h2 class=\"wp-block-heading\">Capitais Brasileiras no Radar do Progresso<\/h2>\n\n\n\n<p>No contexto nacional, as capitais tamb\u00e9m apresentaram bons indicadores de qualidade de vida. Bras\u00edlia lidera entre elas, seguida por Goi\u00e2nia e Belo Horizonte. Essas cidades conseguiram equilibrar crescimento urbano com melhorias em infraestrutura e servi\u00e7os b\u00e1sicos, oferecendo melhores condi\u00e7\u00f5es de vida aos seus residentes.<\/p>\n\n\n\n<ul class=\"wp-block-list\">\n<li>Bras\u00edlia, DF<\/li>\n\n\n\n<li>Belo Horizonte, MG<\/li>\n\n\n\n<li>Florian\u00f3polis, SC<\/li>\n\n\n\n<li>S\u00e3o Paulo, SP<\/li>\n<\/ul>\n\n\n\n<p>Esse panorama retrata a diversidade e os desafios enfrentados pelas regi\u00f5es brasileiras na busca por um desenvolvimento mais equilibrado e sustent\u00e1vel.<\/p>\n","protected":false},"excerpt":{"rendered":"<p>Gavi\u00e3o Peixoto, uma cidade localizada no interior do estado de S\u00e3o Paulo, foi reconhecida como a melhor cidade para se viver no Brasil, conforme o \u00cdndice de Progresso Social (IPS). Esta pequena cidade surpreendeu ao alcan\u00e7ar uma alta pontua\u00e7\u00e3o no \u00edndice de desempenho, destacando-se em quesitos fundamentais para o bem-estar da popula\u00e7\u00e3o. Com uma popula\u00e7\u00e3o [&hellip;]<\/p>\n","protected":false},"author":5,"featured_media":3122,"comment_status":"open","ping_status":"open","sticky":false,"template":"","format":"standard","meta":{"jnews-multi-image_gallery":[],"jnews_single_post":{"format":"standard"},"jnews_primary_category":[],"jnews_social_meta":[],"jnews_override_counter":[],"footnotes":""},"categories":[26,1],"tags":[552,327,157],"class_list":["post-10105","post","type-post","status-publish","format-standard","has-post-thumbnail","hentry","category-cidades","category-noticias","tag-gaviao-peixoto","tag-qualidade-de-vida","tag-turismo"],"yoast_head":"<!-- This site is optimized with the Yoast SEO plugin v23.8 - https:\/\/yoast.com\/wordpress\/plugins\/seo\/ -->\n<title>Conhe\u00e7a a cidade que conquistou o primeiro lugar em qualidade de vida - Estado de Minas - Em foco<\/title>\n<meta name=\"description\" content=\"Quer viver em um lugar tranquilo e com alta qualidade de vida? Gavi\u00e3o Peixoto pode ser a sua melhor op\u00e7\u00e3o. Descubra por qu\u00ea.\" \/>\n<meta name=\"robots\" content=\"index, follow, max-snippet:-1, max-image-preview:large, max-video-preview:-1\" \/>\n<link rel=\"canonical\" href=\"https:\/\/www.em.com.br\/emfoco\/2025\/01\/20\/conheca-a-cidade-que-conquistou-o-primeiro-lugar-em-qualidade-de-vida\/\" \/>\n<meta property=\"og:locale\" content=\"pt_BR\" \/>\n<meta property=\"og:type\" content=\"article\" \/>\n<meta property=\"og:title\" content=\"Conhe\u00e7a a cidade que conquistou o primeiro lugar em qualidade de vida - Estado de Minas - Em foco\" \/>\n<meta property=\"og:description\" content=\"Quer viver em um lugar tranquilo e com alta qualidade de vida? Gavi\u00e3o Peixoto pode ser a sua melhor op\u00e7\u00e3o. Descubra por qu\u00ea.\" \/>\n<meta property=\"og:url\" content=\"https:\/\/www.em.com.br\/emfoco\/2025\/01\/20\/conheca-a-cidade-que-conquistou-o-primeiro-lugar-em-qualidade-de-vida\/\" \/>\n<meta property=\"og:site_name\" content=\"Estado de Minas - Em foco\" \/>\n<meta property=\"article:published_time\" content=\"2025-01-20T14:00:00+00:00\" \/>\n<meta property=\"article:modified_time\" content=\"2025-01-12T00:23:46+00:00\" \/>\n<meta property=\"og:image\" content=\"https:\/\/www.em.com.br\/emfoco\/wp-content\/uploads\/2024\/12\/36235484971_107eff825e_b-e1733315388330.jpg\" \/>\n\t<meta property=\"og:image:width\" content=\"1024\" \/>\n\t<meta property=\"og:image:height\" content=\"577\" \/>\n\t<meta property=\"og:image:type\" content=\"image\/jpeg\" \/>\n<meta name=\"author\" content=\"N\u00fabia Rangel\" \/>\n<meta name=\"twitter:card\" content=\"summary_large_image\" \/>\n<meta name=\"twitter:label1\" content=\"Escrito por\" \/>\n\t<meta name=\"twitter:data1\" content=\"N\u00fabia Rangel\" \/>\n\t<meta name=\"twitter:label2\" content=\"Est. tempo de leitura\" \/>\n\t<meta name=\"twitter:data2\" content=\"3 minutos\" \/>\n<!-- \/ Yoast SEO plugin. -->","yoast_head_json":{"title":"Conhe\u00e7a a cidade que conquistou o primeiro lugar em qualidade de vida - Estado de Minas - Em foco","description":"Quer viver em um lugar tranquilo e com alta qualidade de vida? Gavi\u00e3o Peixoto pode ser a sua melhor op\u00e7\u00e3o. Descubra por qu\u00ea.","robots":{"index":"index","follow":"follow","max-snippet":"max-snippet:-1","max-image-preview":"max-image-preview:large","max-video-preview":"max-video-preview:-1"},"canonical":"https:\/\/www.em.com.br\/emfoco\/2025\/01\/20\/conheca-a-cidade-que-conquistou-o-primeiro-lugar-em-qualidade-de-vida\/","og_locale":"pt_BR","og_type":"article","og_title":"Conhe\u00e7a a cidade que conquistou o primeiro lugar em qualidade de vida - Estado de Minas - Em foco","og_description":"Quer viver em um lugar tranquilo e com alta qualidade de vida? Gavi\u00e3o Peixoto pode ser a sua melhor op\u00e7\u00e3o. Descubra por qu\u00ea.","og_url":"https:\/\/www.em.com.br\/emfoco\/2025\/01\/20\/conheca-a-cidade-que-conquistou-o-primeiro-lugar-em-qualidade-de-vida\/","og_site_name":"Estado de Minas - Em foco","article_published_time":"2025-01-20T14:00:00+00:00","article_modified_time":"2025-01-12T00:23:46+00:00","og_image":[{"width":1024,"height":577,"url":"https:\/\/www.em.com.br\/emfoco\/wp-content\/uploads\/2024\/12\/36235484971_107eff825e_b-e1733315388330.jpg","type":"image\/jpeg"}],"author":"N\u00fabia Rangel","twitter_card":"summary_large_image","twitter_misc":{"Escrito por":"N\u00fabia Rangel","Est. tempo de leitura":"3 minutos"},"schema":{"@context":"https:\/\/schema.org","@graph":[{"@type":"WebPage","@id":"https:\/\/www.em.com.br\/emfoco\/2025\/01\/20\/conheca-a-cidade-que-conquistou-o-primeiro-lugar-em-qualidade-de-vida\/","url":"https:\/\/www.em.com.br\/emfoco\/2025\/01\/20\/conheca-a-cidade-que-conquistou-o-primeiro-lugar-em-qualidade-de-vida\/","name":"Conhe\u00e7a a cidade que conquistou o primeiro lugar em qualidade de vida - Estado de Minas - Em foco","isPartOf":{"@id":"https:\/\/www.em.com.br\/emfoco\/#website"},"primaryImageOfPage":{"@id":"https:\/\/www.em.com.br\/emfoco\/2025\/01\/20\/conheca-a-cidade-que-conquistou-o-primeiro-lugar-em-qualidade-de-vida\/#primaryimage"},"image":{"@id":"https:\/\/www.em.com.br\/emfoco\/2025\/01\/20\/conheca-a-cidade-que-conquistou-o-primeiro-lugar-em-qualidade-de-vida\/#primaryimage"},"thumbnailUrl":"https:\/\/www.em.com.br\/emfoco\/wp-content\/uploads\/2024\/12\/36235484971_107eff825e_b-e1733315388330.jpg","datePublished":"2025-01-20T14:00:00+00:00","dateModified":"2025-01-12T00:23:46+00:00","author":{"@id":"https:\/\/www.em.com.br\/emfoco\/#\/schema\/person\/524437ef54f8a5d32591b143307f2e20"},"description":"Quer viver em um lugar tranquilo e com alta qualidade de vida? Gavi\u00e3o Peixoto pode ser a sua melhor op\u00e7\u00e3o. Descubra por qu\u00ea.","breadcrumb":{"@id":"https:\/\/www.em.com.br\/emfoco\/2025\/01\/20\/conheca-a-cidade-que-conquistou-o-primeiro-lugar-em-qualidade-de-vida\/#breadcrumb"},"inLanguage":"pt-BR","potentialAction":[{"@type":"ReadAction","target":["https:\/\/www.em.com.br\/emfoco\/2025\/01\/20\/conheca-a-cidade-que-conquistou-o-primeiro-lugar-em-qualidade-de-vida\/"]}]},{"@type":"ImageObject","inLanguage":"pt-BR","@id":"https:\/\/www.em.com.br\/emfoco\/2025\/01\/20\/conheca-a-cidade-que-conquistou-o-primeiro-lugar-em-qualidade-de-vida\/#primaryimage","url":"https:\/\/www.em.com.br\/emfoco\/wp-content\/uploads\/2024\/12\/36235484971_107eff825e_b-e1733315388330.jpg","contentUrl":"https:\/\/www.em.com.br\/emfoco\/wp-content\/uploads\/2024\/12\/36235484971_107eff825e_b-e1733315388330.jpg","width":1024,"height":577,"caption":"Cachoeira do Gavi\u00e3o, Parque Estadual de Ibitipoca - Cr\u00e9ditos: Flickr"},{"@type":"BreadcrumbList","@id":"https:\/\/www.em.com.br\/emfoco\/2025\/01\/20\/conheca-a-cidade-que-conquistou-o-primeiro-lugar-em-qualidade-de-vida\/#breadcrumb","itemListElement":[{"@type":"ListItem","position":1,"name":"In\u00edcio","item":"https:\/\/www.em.com.br\/emfoco\/"},{"@type":"ListItem","position":2,"name":"Conhe\u00e7a a cidade que conquistou o primeiro lugar em qualidade de vida"}]},{"@type":"WebSite","@id":"https:\/\/www.em.com.br\/emfoco\/#website","url":"https:\/\/www.em.com.br\/emfoco\/","name":"Estado de Minas - Em foco","description":"Acompanhe as \u00faltimas not\u00edcias e fique bem informado sobre tudo o que acontece em Minas Gerais, Brasil e no mundo.","potentialAction":[{"@type":"SearchAction","target":{"@type":"EntryPoint","urlTemplate":"https:\/\/www.em.com.br\/emfoco\/?s={search_term_string}"},"query-input":{"@type":"PropertyValueSpecification","valueRequired":true,"valueName":"search_term_string"}}],"inLanguage":"pt-BR"},{"@type":"Person","@id":"https:\/\/www.em.com.br\/emfoco\/#\/schema\/person\/524437ef54f8a5d32591b143307f2e20","name":"N\u00fabia Rangel","image":{"@type":"ImageObject","inLanguage":"pt-BR","@id":"https:\/\/www.em.com.br\/emfoco\/#\/schema\/person\/image\/","url":"https:\/\/secure.gravatar.com\/avatar\/47cff2827a5ba23c37e8068c86817ea4?s=96&d=mm&r=g","contentUrl":"https:\/\/secure.gravatar.com\/avatar\/47cff2827a5ba23c37e8068c86817ea4?s=96&d=mm&r=g","caption":"N\u00fabia Rangel"},"sameAs":["https:\/\/www.em.com.br\/emfoco\/"],"url":"https:\/\/www.em.com.br\/emfoco\/author\/nubiamyth\/"}]}},"_links":{"self":[{"href":"https:\/\/www.em.com.br\/emfoco\/wp-json\/wp\/v2\/posts\/10105","targetHints":{"allow":["GET"]}}],"collection":[{"href":"https:\/\/www.em.com.br\/emfoco\/wp-json\/wp\/v2\/posts"}],"about":[{"href":"https:\/\/www.em.com.br\/emfoco\/wp-json\/wp\/v2\/types\/post"}],"author":[{"embeddable":true,"href":"https:\/\/www.em.com.br\/emfoco\/wp-json\/wp\/v2\/users\/5"}],"replies":[{"embeddable":true,"href":"https:\/\/www.em.com.br\/emfoco\/wp-json\/wp\/v2\/comments?post=10105"}],"version-history":[{"count":2,"href":"https:\/\/www.em.com.br\/emfoco\/wp-json\/wp\/v2\/posts\/10105\/revisions"}],"predecessor-version":[{"id":10107,"href":"https:\/\/www.em.com.br\/emfoco\/wp-json\/wp\/v2\/posts\/10105\/revisions\/10107"}],"wp:featuredmedia":[{"embeddable":true,"href":"https:\/\/www.em.com.br\/emfoco\/wp-json\/wp\/v2\/media\/3122"}],"wp:attachment":[{"href":"https:\/\/www.em.com.br\/emfoco\/wp-json\/wp\/v2\/media?parent=10105"}],"wp:term":[{"taxonomy":"category","embeddable":true,"href":"https:\/\/www.em.com.br\/emfoco\/wp-json\/wp\/v2\/categories?post=10105"},{"taxonomy":"post_tag","embeddable":true,"href":"https:\/\/www.em.com.br\/emfoco\/wp-json\/wp\/v2\/tags?post=10105"}],"curies":[{"name":"wp","href":"https:\/\/api.w.org\/{rel}","templated":true}]}}