{"id":100810,"date":"2025-09-05T09:38:00","date_gmt":"2025-09-05T12:38:00","guid":{"rendered":"https:\/\/www.em.com.br\/emfoco\/?p=100810"},"modified":"2025-09-04T18:07:04","modified_gmt":"2025-09-04T21:07:04","slug":"saiba-reconhecer-os-primeiros-sintomas-de-palpitacoes-cardiacas-e-como-trata-los","status":"publish","type":"post","link":"https:\/\/www.em.com.br\/emfoco\/2025\/09\/05\/saiba-reconhecer-os-primeiros-sintomas-de-palpitacoes-cardiacas-e-como-trata-los\/","title":{"rendered":"Saiba reconhecer os primeiros sintomas de palpita\u00e7\u00f5es card\u00edacas e como trat\u00e1-los"},"content":{"rendered":"\n<p>As\u00a0<strong><a href=\"https:\/\/www.msdmanuals.com\/pt\/casa\/dist%C3%BArbios-do-cora%C3%A7%C3%A3o-e-dos-vasos-sangu%C3%ADneos\/sintomas-de-dist%C3%BArbios-do-cora%C3%A7%C3%A3o-e-dos-vasos-sangu%C3%ADneos\/palpita%C3%A7%C3%B5es\" target=\"_blank\" rel=\"noreferrer noopener\">palpita\u00e7\u00f5es card\u00edacas<\/a><\/strong>\u00a0referem-se \u00e0 sensa\u00e7\u00e3o de um\u00a0<strong>batimento card\u00edaco<\/strong>\u00a0r\u00e1pido, irregular ou forte. Podem ser causadas por diversas raz\u00f5es, como o estresse, a ansiedade ou problemas card\u00edacos subjacentes. \u00c9 crucial compreender quando as palpita\u00e7\u00f5es s\u00e3o inofensivas e quando exigem aten\u00e7\u00e3o m\u00e9dica.<\/p>\n\n\n\n<ul class=\"wp-block-list\">\n<li>Identifica\u00e7\u00e3o de causas comuns das palpita\u00e7\u00f5es.<\/li>\n\n\n\n<li>Sintomas que necessitam de aten\u00e7\u00e3o m\u00e9dica.<\/li>\n\n\n\n<li>Dicas para prevenir e controlar as palpita\u00e7\u00f5es.<\/li>\n<\/ul>\n\n\n\n<h2 class=\"wp-block-heading\">Quais s\u00e3o as causas das palpita\u00e7\u00f5es card\u00edacas?<\/h2>\n\n\n\n<p>Existem m\u00faltiplas causas para as&nbsp;<strong>palpita\u00e7\u00f5es<\/strong>. Entre elas est\u00e3o o estresse, a&nbsp;<strong>ansiedade<\/strong>, alto consumo de cafe\u00edna e doen\u00e7as card\u00edacas subjacentes. Outros fatores podem incluir o uso de determinados medicamentos e altera\u00e7\u00f5es hormonais.<\/p>\n\n\n\n<h2 class=\"wp-block-heading\">Quando devo me preocupar com as palpita\u00e7\u00f5es card\u00edacas?<\/h2>\n\n\n\n<p>As palpita\u00e7\u00f5es podem ser&nbsp;<strong>ocasionais<\/strong>&nbsp;e n\u00e3o representar um risco grave. No entanto, se ocorrerem frequentemente ou vierem acompanhadas de outros sintomas como dor no peito ou tontura, \u00e9 essencial buscar atendimento m\u00e9dico. Essas situa\u00e7\u00f5es podem indicar problemas mais s\u00e9rios que exigem avalia\u00e7\u00e3o.<\/p>\n\n\n\n<figure class=\"wp-block-image size-large\"><img loading=\"lazy\" decoding=\"async\" width=\"1024\" height=\"576\" src=\"https:\/\/www.em.com.br\/emfoco\/wp-content\/uploads\/2025\/09\/palpitacoes-cardiacas_1757023038788-1024x576.jpg\" alt=\"\" class=\"wp-image-100860\" srcset=\"https:\/\/www.em.com.br\/emfoco\/wp-content\/uploads\/2025\/09\/palpitacoes-cardiacas_1757023038788-1024x576.jpg 1024w, https:\/\/www.em.com.br\/emfoco\/wp-content\/uploads\/2025\/09\/palpitacoes-cardiacas_1757023038788-300x169.jpg 300w, https:\/\/www.em.com.br\/emfoco\/wp-content\/uploads\/2025\/09\/palpitacoes-cardiacas_1757023038788-768x432.jpg 768w, https:\/\/www.em.com.br\/emfoco\/wp-content\/uploads\/2025\/09\/palpitacoes-cardiacas_1757023038788-750x422.jpg 750w, https:\/\/www.em.com.br\/emfoco\/wp-content\/uploads\/2025\/09\/palpitacoes-cardiacas_1757023038788-1140x641.jpg 1140w, https:\/\/www.em.com.br\/emfoco\/wp-content\/uploads\/2025\/09\/palpitacoes-cardiacas_1757023038788.jpg 1280w\" sizes=\"auto, (max-width: 1024px) 100vw, 1024px\" \/><figcaption class=\"wp-element-caption\">Aten\u00e7\u00e3o aos cuidados com o cora\u00e7\u00e3o &#8211; Cr\u00e9ditos: depositphotos.com \/ ruigsantos<\/figcaption><\/figure>\n\n\n\n<h2 class=\"wp-block-heading\">Como \u00e9 feito o diagn\u00f3stico das palpita\u00e7\u00f5es card\u00edacas?<\/h2>\n\n\n\n<p>Para um diagn\u00f3stico adequado, um profissional de sa\u00fade realizar\u00e1 um&nbsp;<strong>exame f\u00edsico<\/strong>&nbsp;e auscultar\u00e1 o cora\u00e7\u00e3o. Dependendo do caso, podem ser solicitados exames complementares, como um&nbsp;<strong>eletrocardiograma<\/strong>&nbsp;ou monitoramento com&nbsp;<strong>Holter<\/strong>&nbsp;para identificar ritmos card\u00edacos irregulares.<\/p>\n\n\n\n<h2 class=\"wp-block-heading\">Quais s\u00e3o os tratamentos e formas de preven\u00e7\u00e3o das palpita\u00e7\u00f5es card\u00edacas?<\/h2>\n\n\n\n<p>Identificar e evitar os fatores desencadeantes \u00e9 fundamental para prevenir as palpita\u00e7\u00f5es. A&nbsp;<strong>redu\u00e7\u00e3o do estresse<\/strong>&nbsp;e t\u00e9cnicas de relaxamento, como&nbsp;<strong>yoga<\/strong>, podem ser ben\u00e9ficas. Caso existam condi\u00e7\u00f5es card\u00edacas, o tratamento pode incluir medicamentos ou procedimentos espec\u00edficos.<\/p>\n\n\n\n<p>Uma&nbsp;<strong>alimenta\u00e7\u00e3o equilibrada<\/strong>&nbsp;e a pr\u00e1tica regular de exerc\u00edcios tamb\u00e9m auxiliam na manuten\u00e7\u00e3o de um cora\u00e7\u00e3o saud\u00e1vel. Consultar periodicamente um profissional de sa\u00fade garante o acompanhamento adequado da sa\u00fade card\u00edaca.<\/p>\n\n\n\n<h2 class=\"wp-block-heading\">Quais s\u00e3o os principais insumos para manter a sa\u00fade do cora\u00e7\u00e3o?<\/h2>\n\n\n\n<ul class=\"wp-block-list\">\n<li>Identificar fatores desencadeantes comuns e evit\u00e1-los.<\/li>\n\n\n\n<li>Procurar assist\u00eancia m\u00e9dica em casos de palpita\u00e7\u00f5es frequentes ou intensas.<\/li>\n\n\n\n<li>Manter um estilo de vida saud\u00e1vel com alimenta\u00e7\u00e3o balanceada e exerc\u00edcios f\u00edsicos.<\/li>\n<\/ul>\n\n\n\n<p><strong>Leia tamb\u00e9m:<\/strong>\u00a0<a href=\"https:\/\/www.em.com.br\/emfoco\/2025\/08\/30\/tecnicas-de-respiracao-para-controlar-a-ansiedade-em-poucos-minutos\/\" target=\"_blank\" rel=\"noreferrer noopener\">T\u00e9cnicas de respira\u00e7\u00e3o para controlar a ansiedade em poucos minutos<\/a><\/p>\n","protected":false},"excerpt":{"rendered":"<p>As\u00a0palpita\u00e7\u00f5es card\u00edacas\u00a0referem-se \u00e0 sensa\u00e7\u00e3o de um\u00a0batimento card\u00edaco\u00a0r\u00e1pido, irregular ou forte. Podem ser causadas por diversas raz\u00f5es, como o estresse, a ansiedade ou problemas card\u00edacos subjacentes. \u00c9 crucial compreender quando as palpita\u00e7\u00f5es s\u00e3o inofensivas e quando exigem aten\u00e7\u00e3o m\u00e9dica. Quais s\u00e3o as causas das palpita\u00e7\u00f5es card\u00edacas? Existem m\u00faltiplas causas para as&nbsp;palpita\u00e7\u00f5es. Entre elas est\u00e3o o estresse, [&hellip;]<\/p>\n","protected":false},"author":11,"featured_media":100862,"comment_status":"open","ping_status":"open","sticky":false,"template":"","format":"standard","meta":{"jnews-multi-image_gallery":[],"jnews_single_post":{"format":"standard"},"jnews_primary_category":[],"jnews_social_meta":[],"jnews_override_counter":[],"footnotes":""},"categories":[8819,1],"tags":[4947,2552,15586,8974],"class_list":["post-100810","post","type-post","status-publish","format-standard","has-post-thumbnail","hentry","category-curiosidades","category-noticias","tag-ansiedade","tag-coracao","tag-palpitacao","tag-sintomas"],"yoast_head":"<!-- This site is optimized with the Yoast SEO plugin v23.8 - https:\/\/yoast.com\/wordpress\/plugins\/seo\/ -->\n<title>Saiba reconhecer os primeiros sintomas de palpita\u00e7\u00f5es card\u00edacas e como trat\u00e1-los - Estado de Minas - Em foco<\/title>\n<meta name=\"description\" content=\"Seu cora\u00e7\u00e3o bate r\u00e1pido e voc\u00ea n\u00e3o sabe por qu\u00ea? Saiba quando as palpita\u00e7\u00f5es s\u00e3o perigosas e o que pode estar por tr\u00e1s disso.\" \/>\n<meta name=\"robots\" content=\"index, follow, max-snippet:-1, max-image-preview:large, max-video-preview:-1\" \/>\n<link rel=\"canonical\" href=\"https:\/\/www.em.com.br\/emfoco\/2025\/09\/05\/saiba-reconhecer-os-primeiros-sintomas-de-palpitacoes-cardiacas-e-como-trata-los\/\" \/>\n<meta property=\"og:locale\" content=\"pt_BR\" \/>\n<meta property=\"og:type\" content=\"article\" \/>\n<meta property=\"og:title\" content=\"Saiba reconhecer os primeiros sintomas de palpita\u00e7\u00f5es card\u00edacas e como trat\u00e1-los - Estado de Minas - Em foco\" \/>\n<meta property=\"og:description\" content=\"Seu cora\u00e7\u00e3o bate r\u00e1pido e voc\u00ea n\u00e3o sabe por qu\u00ea? Saiba quando as palpita\u00e7\u00f5es s\u00e3o perigosas e o que pode estar por tr\u00e1s disso.\" \/>\n<meta property=\"og:url\" content=\"https:\/\/www.em.com.br\/emfoco\/2025\/09\/05\/saiba-reconhecer-os-primeiros-sintomas-de-palpitacoes-cardiacas-e-como-trata-los\/\" \/>\n<meta property=\"og:site_name\" content=\"Estado de Minas - Em foco\" \/>\n<meta property=\"article:published_time\" content=\"2025-09-05T12:38:00+00:00\" \/>\n<meta property=\"article:modified_time\" content=\"2025-09-04T21:07:04+00:00\" \/>\n<meta property=\"og:image\" content=\"https:\/\/www.em.com.br\/emfoco\/wp-content\/uploads\/2025\/09\/palpitacoes-cardiacas_1757023078237.jpg\" \/>\n\t<meta property=\"og:image:width\" content=\"1280\" \/>\n\t<meta property=\"og:image:height\" content=\"720\" \/>\n\t<meta property=\"og:image:type\" content=\"image\/jpeg\" \/>\n<meta name=\"author\" content=\"Andre\u0301 Rangel\u00a0\" \/>\n<meta name=\"twitter:card\" content=\"summary_large_image\" \/>\n<meta name=\"twitter:label1\" content=\"Escrito por\" \/>\n\t<meta name=\"twitter:data1\" content=\"Andre\u0301 Rangel\u00a0\" \/>\n\t<meta name=\"twitter:label2\" content=\"Est. tempo de leitura\" \/>\n\t<meta name=\"twitter:data2\" content=\"3 minutos\" \/>\n<!-- \/ Yoast SEO plugin. -->","yoast_head_json":{"title":"Saiba reconhecer os primeiros sintomas de palpita\u00e7\u00f5es card\u00edacas e como trat\u00e1-los - Estado de Minas - Em foco","description":"Seu cora\u00e7\u00e3o bate r\u00e1pido e voc\u00ea n\u00e3o sabe por qu\u00ea? Saiba quando as palpita\u00e7\u00f5es s\u00e3o perigosas e o que pode estar por tr\u00e1s disso.","robots":{"index":"index","follow":"follow","max-snippet":"max-snippet:-1","max-image-preview":"max-image-preview:large","max-video-preview":"max-video-preview:-1"},"canonical":"https:\/\/www.em.com.br\/emfoco\/2025\/09\/05\/saiba-reconhecer-os-primeiros-sintomas-de-palpitacoes-cardiacas-e-como-trata-los\/","og_locale":"pt_BR","og_type":"article","og_title":"Saiba reconhecer os primeiros sintomas de palpita\u00e7\u00f5es card\u00edacas e como trat\u00e1-los - Estado de Minas - Em foco","og_description":"Seu cora\u00e7\u00e3o bate r\u00e1pido e voc\u00ea n\u00e3o sabe por qu\u00ea? Saiba quando as palpita\u00e7\u00f5es s\u00e3o perigosas e o que pode estar por tr\u00e1s disso.","og_url":"https:\/\/www.em.com.br\/emfoco\/2025\/09\/05\/saiba-reconhecer-os-primeiros-sintomas-de-palpitacoes-cardiacas-e-como-trata-los\/","og_site_name":"Estado de Minas - Em foco","article_published_time":"2025-09-05T12:38:00+00:00","article_modified_time":"2025-09-04T21:07:04+00:00","og_image":[{"width":1280,"height":720,"url":"https:\/\/www.em.com.br\/emfoco\/wp-content\/uploads\/2025\/09\/palpitacoes-cardiacas_1757023078237.jpg","type":"image\/jpeg"}],"author":"Andre\u0301 Rangel\u00a0","twitter_card":"summary_large_image","twitter_misc":{"Escrito por":"Andre\u0301 Rangel\u00a0","Est. tempo de leitura":"3 minutos"},"schema":{"@context":"https:\/\/schema.org","@graph":[{"@type":"WebPage","@id":"https:\/\/www.em.com.br\/emfoco\/2025\/09\/05\/saiba-reconhecer-os-primeiros-sintomas-de-palpitacoes-cardiacas-e-como-trata-los\/","url":"https:\/\/www.em.com.br\/emfoco\/2025\/09\/05\/saiba-reconhecer-os-primeiros-sintomas-de-palpitacoes-cardiacas-e-como-trata-los\/","name":"Saiba reconhecer os primeiros sintomas de palpita\u00e7\u00f5es card\u00edacas e como trat\u00e1-los - Estado de Minas - Em foco","isPartOf":{"@id":"https:\/\/www.em.com.br\/emfoco\/#website"},"primaryImageOfPage":{"@id":"https:\/\/www.em.com.br\/emfoco\/2025\/09\/05\/saiba-reconhecer-os-primeiros-sintomas-de-palpitacoes-cardiacas-e-como-trata-los\/#primaryimage"},"image":{"@id":"https:\/\/www.em.com.br\/emfoco\/2025\/09\/05\/saiba-reconhecer-os-primeiros-sintomas-de-palpitacoes-cardiacas-e-como-trata-los\/#primaryimage"},"thumbnailUrl":"https:\/\/www.em.com.br\/emfoco\/wp-content\/uploads\/2025\/09\/palpitacoes-cardiacas_1757023078237.jpg","datePublished":"2025-09-05T12:38:00+00:00","dateModified":"2025-09-04T21:07:04+00:00","author":{"@id":"https:\/\/www.em.com.br\/emfoco\/#\/schema\/person\/60eda09c1fedf0d6891f4cef4b60b8b8"},"description":"Seu cora\u00e7\u00e3o bate r\u00e1pido e voc\u00ea n\u00e3o sabe por qu\u00ea? Saiba quando as palpita\u00e7\u00f5es s\u00e3o perigosas e o que pode estar por tr\u00e1s disso.","breadcrumb":{"@id":"https:\/\/www.em.com.br\/emfoco\/2025\/09\/05\/saiba-reconhecer-os-primeiros-sintomas-de-palpitacoes-cardiacas-e-como-trata-los\/#breadcrumb"},"inLanguage":"pt-BR","potentialAction":[{"@type":"ReadAction","target":["https:\/\/www.em.com.br\/emfoco\/2025\/09\/05\/saiba-reconhecer-os-primeiros-sintomas-de-palpitacoes-cardiacas-e-como-trata-los\/"]}]},{"@type":"ImageObject","inLanguage":"pt-BR","@id":"https:\/\/www.em.com.br\/emfoco\/2025\/09\/05\/saiba-reconhecer-os-primeiros-sintomas-de-palpitacoes-cardiacas-e-como-trata-los\/#primaryimage","url":"https:\/\/www.em.com.br\/emfoco\/wp-content\/uploads\/2025\/09\/palpitacoes-cardiacas_1757023078237.jpg","contentUrl":"https:\/\/www.em.com.br\/emfoco\/wp-content\/uploads\/2025\/09\/palpitacoes-cardiacas_1757023078237.jpg","width":1280,"height":720,"caption":"Saiba como se cuidar melhor - Cr\u00e9ditos: depositphotos.com \/ ruigsantos"},{"@type":"BreadcrumbList","@id":"https:\/\/www.em.com.br\/emfoco\/2025\/09\/05\/saiba-reconhecer-os-primeiros-sintomas-de-palpitacoes-cardiacas-e-como-trata-los\/#breadcrumb","itemListElement":[{"@type":"ListItem","position":1,"name":"In\u00edcio","item":"https:\/\/www.em.com.br\/emfoco\/"},{"@type":"ListItem","position":2,"name":"Saiba reconhecer os primeiros sintomas de palpita\u00e7\u00f5es card\u00edacas e como trat\u00e1-los"}]},{"@type":"WebSite","@id":"https:\/\/www.em.com.br\/emfoco\/#website","url":"https:\/\/www.em.com.br\/emfoco\/","name":"Estado de Minas - Em foco","description":"Acompanhe as \u00faltimas not\u00edcias e fique bem informado sobre tudo o que acontece em Minas Gerais, Brasil e no mundo.","potentialAction":[{"@type":"SearchAction","target":{"@type":"EntryPoint","urlTemplate":"https:\/\/www.em.com.br\/emfoco\/?s={search_term_string}"},"query-input":{"@type":"PropertyValueSpecification","valueRequired":true,"valueName":"search_term_string"}}],"inLanguage":"pt-BR"},{"@type":"Person","@id":"https:\/\/www.em.com.br\/emfoco\/#\/schema\/person\/60eda09c1fedf0d6891f4cef4b60b8b8","name":"Andre\u0301 Rangel\u00a0","image":{"@type":"ImageObject","inLanguage":"pt-BR","@id":"https:\/\/www.em.com.br\/emfoco\/#\/schema\/person\/image\/","url":"https:\/\/secure.gravatar.com\/avatar\/6234dc814c77c8ef6d8bba622c787efc?s=96&d=mm&r=g","contentUrl":"https:\/\/secure.gravatar.com\/avatar\/6234dc814c77c8ef6d8bba622c787efc?s=96&d=mm&r=g","caption":"Andre\u0301 Rangel\u00a0"},"url":"https:\/\/www.em.com.br\/emfoco\/author\/luizmyth\/"}]}},"_links":{"self":[{"href":"https:\/\/www.em.com.br\/emfoco\/wp-json\/wp\/v2\/posts\/100810","targetHints":{"allow":["GET"]}}],"collection":[{"href":"https:\/\/www.em.com.br\/emfoco\/wp-json\/wp\/v2\/posts"}],"about":[{"href":"https:\/\/www.em.com.br\/emfoco\/wp-json\/wp\/v2\/types\/post"}],"author":[{"embeddable":true,"href":"https:\/\/www.em.com.br\/emfoco\/wp-json\/wp\/v2\/users\/11"}],"replies":[{"embeddable":true,"href":"https:\/\/www.em.com.br\/emfoco\/wp-json\/wp\/v2\/comments?post=100810"}],"version-history":[{"count":4,"href":"https:\/\/www.em.com.br\/emfoco\/wp-json\/wp\/v2\/posts\/100810\/revisions"}],"predecessor-version":[{"id":100861,"href":"https:\/\/www.em.com.br\/emfoco\/wp-json\/wp\/v2\/posts\/100810\/revisions\/100861"}],"wp:featuredmedia":[{"embeddable":true,"href":"https:\/\/www.em.com.br\/emfoco\/wp-json\/wp\/v2\/media\/100862"}],"wp:attachment":[{"href":"https:\/\/www.em.com.br\/emfoco\/wp-json\/wp\/v2\/media?parent=100810"}],"wp:term":[{"taxonomy":"category","embeddable":true,"href":"https:\/\/www.em.com.br\/emfoco\/wp-json\/wp\/v2\/categories?post=100810"},{"taxonomy":"post_tag","embeddable":true,"href":"https:\/\/www.em.com.br\/emfoco\/wp-json\/wp\/v2\/tags?post=100810"}],"curies":[{"name":"wp","href":"https:\/\/api.w.org\/{rel}","templated":true}]}}