{"id":100638,"date":"2025-09-08T09:28:00","date_gmt":"2025-09-08T12:28:00","guid":{"rendered":"https:\/\/www.em.com.br\/emfoco\/?p=100638"},"modified":"2025-09-04T11:01:29","modified_gmt":"2025-09-04T14:01:29","slug":"mistura-de-cozinha-vira-o-xarope-natural-favorito-contra-resfriados","status":"publish","type":"post","link":"https:\/\/www.em.com.br\/emfoco\/2025\/09\/08\/mistura-de-cozinha-vira-o-xarope-natural-favorito-contra-resfriados\/","title":{"rendered":"Mistura de cozinha vira o xarope natural favorito contra resfriados"},"content":{"rendered":"\n<p>O <strong>xarope de beterraba com cenoura<\/strong> \u00e9 uma receita simples, natural e poderosa para refor\u00e7ar a imunidade, oferecendo nutrientes essenciais que contribuem para a energia, vitalidade e bem-estar di\u00e1rio.<\/p>\n\n\n\n<ul class=\"wp-block-list\">\n<li>Fonte natural de vitaminas e minerais importantes<\/li>\n\n\n\n<li>Ajuda no fortalecimento do sistema imunol\u00f3gico<\/li>\n\n\n\n<li>Receita caseira pr\u00e1tica e de f\u00e1cil preparo<\/li>\n<\/ul>\n\n\n\n<h2 class=\"wp-block-heading\">Por que o xarope de beterraba com cenoura \u00e9 t\u00e3o eficaz?<\/h2>\n\n\n\n<p>O <strong>xarope de beterraba com cenoura<\/strong> \u00e9 rico em <strong><a href=\"https:\/\/www.tuasaude.com\/antioxidante\/\" target=\"_blank\" rel=\"noreferrer noopener\">antioxidantes<\/a><\/strong>, fibras e vitaminas como A e C, essenciais para fortalecer as defesas do organismo. Sua combina\u00e7\u00e3o promove energia e melhora a sa\u00fade de forma natural.<\/p>\n\n\n\n<p>Essa uni\u00e3o de vegetais potencializa a absor\u00e7\u00e3o de nutrientes, atuando como um aliado contra resfriados e fadiga. Al\u00e9m disso, \u00e9 uma op\u00e7\u00e3o saud\u00e1vel para substituir xaropes industrializados repletos de conservantes.<\/p>\n\n\n\n<figure class=\"wp-block-image size-large\"><img loading=\"lazy\" decoding=\"async\" width=\"1024\" height=\"576\" src=\"https:\/\/www.em.com.br\/emfoco\/wp-content\/uploads\/2025\/09\/Xarope-para-resfriado_1756994249818-1024x576.jpg\" alt=\"Mistura de cozinha vira o xarope natural favorito contra resfriados\" class=\"wp-image-100652\" srcset=\"https:\/\/www.em.com.br\/emfoco\/wp-content\/uploads\/2025\/09\/Xarope-para-resfriado_1756994249818-1024x576.jpg 1024w, https:\/\/www.em.com.br\/emfoco\/wp-content\/uploads\/2025\/09\/Xarope-para-resfriado_1756994249818-300x169.jpg 300w, https:\/\/www.em.com.br\/emfoco\/wp-content\/uploads\/2025\/09\/Xarope-para-resfriado_1756994249818-768x432.jpg 768w, https:\/\/www.em.com.br\/emfoco\/wp-content\/uploads\/2025\/09\/Xarope-para-resfriado_1756994249818-750x422.jpg 750w, https:\/\/www.em.com.br\/emfoco\/wp-content\/uploads\/2025\/09\/Xarope-para-resfriado_1756994249818-1140x641.jpg 1140w, https:\/\/www.em.com.br\/emfoco\/wp-content\/uploads\/2025\/09\/Xarope-para-resfriado_1756994249818.jpg 1280w\" sizes=\"auto, (max-width: 1024px) 100vw, 1024px\" \/><figcaption class=\"wp-element-caption\">A mistura dos ingredientes potencializa a absor\u00e7\u00e3o dos nutrientes pelo corpo &#8211; Cr\u00e9ditos: depositphotos.com \/ spukkato<\/figcaption><\/figure>\n\n\n\n<h2 class=\"wp-block-heading\">Quais nutrientes tornam essa receita t\u00e3o especial?<\/h2>\n\n\n\n<p>A receita combina vegetais ricos em componentes fundamentais para o corpo, o que explica seus benef\u00edcios comprovados. Esses nutrientes desempenham pap\u00e9is importantes no fortalecimento do organismo.<\/p>\n\n\n\n<ul class=\"wp-block-list\">\n<li><strong>Beterraba<\/strong>: fonte de ferro, \u00e1cido f\u00f3lico e antioxidantes<\/li>\n\n\n\n<li><strong>Cenoura<\/strong>: rica em betacaroteno, que protege as c\u00e9lulas<\/li>\n\n\n\n<li><strong>Mel<\/strong>: auxilia na imunidade e tem efeito antibacteriano<\/li>\n<\/ul>\n\n\n\n<h2 class=\"wp-block-heading\">Como preparar o xarope de forma simples em casa?<\/h2>\n\n\n\n<p>O preparo \u00e9 r\u00e1pido e n\u00e3o exige ingredientes complexos. Basta cozinhar a <strong>beterraba e a cenoura<\/strong> em \u00e1gua at\u00e9 amolecer, bater no liquidificador e misturar com mel at\u00e9 formar um xarope homog\u00eaneo.<\/p>\n\n\n\n<p>Essa receita caseira pode ser armazenada em vidro esterilizado e mantida sob refrigera\u00e7\u00e3o por at\u00e9 sete dias. Dessa forma, \u00e9 poss\u00edvel garantir praticidade e preserva\u00e7\u00e3o dos nutrientes essenciais.<\/p>\n\n\n\n<figure class=\"wp-block-image size-large\"><img loading=\"lazy\" decoding=\"async\" width=\"1024\" height=\"576\" src=\"https:\/\/www.em.com.br\/emfoco\/wp-content\/uploads\/2025\/04\/beet_1744639202074-1024x576.jpg\" alt=\"Beterraba, o alimento que melhora sua circula\u00e7\u00e3o e reduz a press\u00e3o alta!\" class=\"wp-image-38223\" srcset=\"https:\/\/www.em.com.br\/emfoco\/wp-content\/uploads\/2025\/04\/beet_1744639202074-1024x576.jpg 1024w, https:\/\/www.em.com.br\/emfoco\/wp-content\/uploads\/2025\/04\/beet_1744639202074-300x169.jpg 300w, https:\/\/www.em.com.br\/emfoco\/wp-content\/uploads\/2025\/04\/beet_1744639202074-768x432.jpg 768w, https:\/\/www.em.com.br\/emfoco\/wp-content\/uploads\/2025\/04\/beet_1744639202074-750x422.jpg 750w, https:\/\/www.em.com.br\/emfoco\/wp-content\/uploads\/2025\/04\/beet_1744639202074-1140x641.jpg 1140w, https:\/\/www.em.com.br\/emfoco\/wp-content\/uploads\/2025\/04\/beet_1744639202074.jpg 1280w\" sizes=\"auto, (max-width: 1024px) 100vw, 1024px\" \/><figcaption class=\"wp-element-caption\">Beterraba &#8211; Cr\u00e9ditos: depositphotos.com \/ serezniy<\/figcaption><\/figure>\n\n\n\n<h2 class=\"wp-block-heading\">Qual a melhor forma de consumir esse xarope natural?<\/h2>\n\n\n\n<p>O <strong>xarope natural<\/strong> pode ser consumido diariamente em pequenas doses, preferencialmente uma colher de sopa pela manh\u00e3. Essa pr\u00e1tica ajuda a manter as defesas do organismo em equil\u00edbrio.<\/p>\n\n\n\n<ul class=\"wp-block-list\">\n<li>Consumir puro ou dilu\u00eddo em \u00e1gua morna<\/li>\n\n\n\n<li>Adicionar ao suco de frutas no caf\u00e9 da manh\u00e3<\/li>\n\n\n\n<li>Usar como complemento em ch\u00e1s naturais<\/li>\n<\/ul>\n\n\n\n<h2 class=\"wp-block-heading\">Quais dicas extras podem potencializar seus efeitos?<\/h2>\n\n\n\n<p>Para otimizar os benef\u00edcios do <strong>xarope de beterraba com cenoura<\/strong>, \u00e9 recomend\u00e1vel associar seu consumo a <strong><a href=\"https:\/\/www.em.com.br\/emfoco\/2025\/05\/07\/pele-jovem-sem-estetica-invasiva-com-os-cuidados-certos-e-habitos-saudaveis-e-possivel\/\" target=\"_blank\" rel=\"noreferrer noopener\">h\u00e1bitos saud\u00e1veis<\/a><\/strong>. Assim, o organismo se mant\u00e9m mais resistente a doen\u00e7as e infec\u00e7\u00f5es.<\/p>\n\n\n\n<ul class=\"wp-block-list\">\n<li>Manter uma alimenta\u00e7\u00e3o variada e equilibrada<\/li>\n\n\n\n<li>Praticar atividade f\u00edsica regularmente<\/li>\n\n\n\n<li>Garantir boas noites de sono para recupera\u00e7\u00e3o do corpo<\/li>\n<\/ul>\n","protected":false},"excerpt":{"rendered":"<p>O xarope de beterraba com cenoura \u00e9 uma receita simples, natural e poderosa para refor\u00e7ar a imunidade, oferecendo nutrientes essenciais que contribuem para a energia, vitalidade e bem-estar di\u00e1rio. Por que o xarope de beterraba com cenoura \u00e9 t\u00e3o eficaz? O xarope de beterraba com cenoura \u00e9 rico em antioxidantes, fibras e vitaminas como A [&hellip;]<\/p>\n","protected":false},"author":13,"featured_media":97758,"comment_status":"open","ping_status":"open","sticky":false,"template":"","format":"standard","meta":{"jnews-multi-image_gallery":[],"jnews_single_post":{"format":"standard"},"jnews_primary_category":[],"jnews_social_meta":[],"jnews_override_counter":[],"footnotes":""},"categories":[9053],"tags":[4653,13169,6626],"class_list":["post-100638","post","type-post","status-publish","format-standard","has-post-thumbnail","hentry","category-saude","tag-beterraba","tag-fortalecer-imunidade","tag-xarope"],"yoast_head":"<!-- This site is optimized with the Yoast SEO plugin v23.8 - https:\/\/yoast.com\/wordpress\/plugins\/seo\/ -->\n<title>Mistura de cozinha vira o xarope natural favorito contra resfriados - Estado de Minas - Em foco<\/title>\n<meta name=\"description\" content=\"Um xarope natural simples de preparar e cheio de benef\u00edcios para o seu sistema imunol\u00f3gico. Veja como fazer e usar.\" \/>\n<meta name=\"robots\" content=\"index, follow, max-snippet:-1, max-image-preview:large, max-video-preview:-1\" \/>\n<link rel=\"canonical\" href=\"https:\/\/www.em.com.br\/emfoco\/2025\/09\/08\/mistura-de-cozinha-vira-o-xarope-natural-favorito-contra-resfriados\/\" \/>\n<meta property=\"og:locale\" content=\"pt_BR\" \/>\n<meta property=\"og:type\" content=\"article\" \/>\n<meta property=\"og:title\" content=\"Mistura de cozinha vira o xarope natural favorito contra resfriados - Estado de Minas - Em foco\" \/>\n<meta property=\"og:description\" content=\"Um xarope natural simples de preparar e cheio de benef\u00edcios para o seu sistema imunol\u00f3gico. Veja como fazer e usar.\" \/>\n<meta property=\"og:url\" content=\"https:\/\/www.em.com.br\/emfoco\/2025\/09\/08\/mistura-de-cozinha-vira-o-xarope-natural-favorito-contra-resfriados\/\" \/>\n<meta property=\"og:site_name\" content=\"Estado de Minas - Em foco\" \/>\n<meta property=\"article:published_time\" content=\"2025-09-08T12:28:00+00:00\" \/>\n<meta property=\"article:modified_time\" content=\"2025-09-04T14:01:29+00:00\" \/>\n<meta property=\"og:image\" content=\"https:\/\/www.em.com.br\/emfoco\/wp-content\/uploads\/2025\/08\/resfriado_1756415424912.jpg\" \/>\n\t<meta property=\"og:image:width\" content=\"1280\" \/>\n\t<meta property=\"og:image:height\" content=\"720\" \/>\n\t<meta property=\"og:image:type\" content=\"image\/jpeg\" \/>\n<meta name=\"author\" content=\"Gabriel Martins\" \/>\n<meta name=\"twitter:card\" content=\"summary_large_image\" \/>\n<meta name=\"twitter:label1\" content=\"Escrito por\" \/>\n\t<meta name=\"twitter:data1\" content=\"Gabriel Martins\" \/>\n\t<meta name=\"twitter:label2\" content=\"Est. tempo de leitura\" \/>\n\t<meta name=\"twitter:data2\" content=\"3 minutos\" \/>\n<!-- \/ Yoast SEO plugin. -->","yoast_head_json":{"title":"Mistura de cozinha vira o xarope natural favorito contra resfriados - Estado de Minas - Em foco","description":"Um xarope natural simples de preparar e cheio de benef\u00edcios para o seu sistema imunol\u00f3gico. Veja como fazer e usar.","robots":{"index":"index","follow":"follow","max-snippet":"max-snippet:-1","max-image-preview":"max-image-preview:large","max-video-preview":"max-video-preview:-1"},"canonical":"https:\/\/www.em.com.br\/emfoco\/2025\/09\/08\/mistura-de-cozinha-vira-o-xarope-natural-favorito-contra-resfriados\/","og_locale":"pt_BR","og_type":"article","og_title":"Mistura de cozinha vira o xarope natural favorito contra resfriados - Estado de Minas - Em foco","og_description":"Um xarope natural simples de preparar e cheio de benef\u00edcios para o seu sistema imunol\u00f3gico. Veja como fazer e usar.","og_url":"https:\/\/www.em.com.br\/emfoco\/2025\/09\/08\/mistura-de-cozinha-vira-o-xarope-natural-favorito-contra-resfriados\/","og_site_name":"Estado de Minas - Em foco","article_published_time":"2025-09-08T12:28:00+00:00","article_modified_time":"2025-09-04T14:01:29+00:00","og_image":[{"width":1280,"height":720,"url":"https:\/\/www.em.com.br\/emfoco\/wp-content\/uploads\/2025\/08\/resfriado_1756415424912.jpg","type":"image\/jpeg"}],"author":"Gabriel Martins","twitter_card":"summary_large_image","twitter_misc":{"Escrito por":"Gabriel Martins","Est. tempo de leitura":"3 minutos"},"schema":{"@context":"https:\/\/schema.org","@graph":[{"@type":"WebPage","@id":"https:\/\/www.em.com.br\/emfoco\/2025\/09\/08\/mistura-de-cozinha-vira-o-xarope-natural-favorito-contra-resfriados\/","url":"https:\/\/www.em.com.br\/emfoco\/2025\/09\/08\/mistura-de-cozinha-vira-o-xarope-natural-favorito-contra-resfriados\/","name":"Mistura de cozinha vira o xarope natural favorito contra resfriados - Estado de Minas - Em foco","isPartOf":{"@id":"https:\/\/www.em.com.br\/emfoco\/#website"},"primaryImageOfPage":{"@id":"https:\/\/www.em.com.br\/emfoco\/2025\/09\/08\/mistura-de-cozinha-vira-o-xarope-natural-favorito-contra-resfriados\/#primaryimage"},"image":{"@id":"https:\/\/www.em.com.br\/emfoco\/2025\/09\/08\/mistura-de-cozinha-vira-o-xarope-natural-favorito-contra-resfriados\/#primaryimage"},"thumbnailUrl":"https:\/\/www.em.com.br\/emfoco\/wp-content\/uploads\/2025\/08\/resfriado_1756415424912.jpg","datePublished":"2025-09-08T12:28:00+00:00","dateModified":"2025-09-04T14:01:29+00:00","author":{"@id":"https:\/\/www.em.com.br\/emfoco\/#\/schema\/person\/1c9ddeab18b98abeffef834667bcf08a"},"description":"Um xarope natural simples de preparar e cheio de benef\u00edcios para o seu sistema imunol\u00f3gico. Veja como fazer e usar.","breadcrumb":{"@id":"https:\/\/www.em.com.br\/emfoco\/2025\/09\/08\/mistura-de-cozinha-vira-o-xarope-natural-favorito-contra-resfriados\/#breadcrumb"},"inLanguage":"pt-BR","potentialAction":[{"@type":"ReadAction","target":["https:\/\/www.em.com.br\/emfoco\/2025\/09\/08\/mistura-de-cozinha-vira-o-xarope-natural-favorito-contra-resfriados\/"]}]},{"@type":"ImageObject","inLanguage":"pt-BR","@id":"https:\/\/www.em.com.br\/emfoco\/2025\/09\/08\/mistura-de-cozinha-vira-o-xarope-natural-favorito-contra-resfriados\/#primaryimage","url":"https:\/\/www.em.com.br\/emfoco\/wp-content\/uploads\/2025\/08\/resfriado_1756415424912.jpg","contentUrl":"https:\/\/www.em.com.br\/emfoco\/wp-content\/uploads\/2025\/08\/resfriado_1756415424912.jpg","width":1280,"height":720,"caption":"Propriedades anti-inflamat\u00f3rias que aliviam sintomas respirat\u00f3rios - Cr\u00e9ditos: depositphotos.com \/ Subbotina"},{"@type":"BreadcrumbList","@id":"https:\/\/www.em.com.br\/emfoco\/2025\/09\/08\/mistura-de-cozinha-vira-o-xarope-natural-favorito-contra-resfriados\/#breadcrumb","itemListElement":[{"@type":"ListItem","position":1,"name":"In\u00edcio","item":"https:\/\/www.em.com.br\/emfoco\/"},{"@type":"ListItem","position":2,"name":"Mistura de cozinha vira o xarope natural favorito contra resfriados"}]},{"@type":"WebSite","@id":"https:\/\/www.em.com.br\/emfoco\/#website","url":"https:\/\/www.em.com.br\/emfoco\/","name":"Estado de Minas - Em foco","description":"Acompanhe as \u00faltimas not\u00edcias e fique bem informado sobre tudo o que acontece em Minas Gerais, Brasil e no mundo.","potentialAction":[{"@type":"SearchAction","target":{"@type":"EntryPoint","urlTemplate":"https:\/\/www.em.com.br\/emfoco\/?s={search_term_string}"},"query-input":{"@type":"PropertyValueSpecification","valueRequired":true,"valueName":"search_term_string"}}],"inLanguage":"pt-BR"},{"@type":"Person","@id":"https:\/\/www.em.com.br\/emfoco\/#\/schema\/person\/1c9ddeab18b98abeffef834667bcf08a","name":"Gabriel Martins","image":{"@type":"ImageObject","inLanguage":"pt-BR","@id":"https:\/\/www.em.com.br\/emfoco\/#\/schema\/person\/image\/","url":"https:\/\/secure.gravatar.com\/avatar\/f0f1e2efdfd88f1ad2cb08c5c2731e50?s=96&d=mm&r=g","contentUrl":"https:\/\/secure.gravatar.com\/avatar\/f0f1e2efdfd88f1ad2cb08c5c2731e50?s=96&d=mm&r=g","caption":"Gabriel Martins"},"sameAs":["https:\/\/www.em.com.br\/emfoco\/"],"url":"https:\/\/www.em.com.br\/emfoco\/author\/gabrielmartinsmyth\/"}]}},"_links":{"self":[{"href":"https:\/\/www.em.com.br\/emfoco\/wp-json\/wp\/v2\/posts\/100638","targetHints":{"allow":["GET"]}}],"collection":[{"href":"https:\/\/www.em.com.br\/emfoco\/wp-json\/wp\/v2\/posts"}],"about":[{"href":"https:\/\/www.em.com.br\/emfoco\/wp-json\/wp\/v2\/types\/post"}],"author":[{"embeddable":true,"href":"https:\/\/www.em.com.br\/emfoco\/wp-json\/wp\/v2\/users\/13"}],"replies":[{"embeddable":true,"href":"https:\/\/www.em.com.br\/emfoco\/wp-json\/wp\/v2\/comments?post=100638"}],"version-history":[{"count":1,"href":"https:\/\/www.em.com.br\/emfoco\/wp-json\/wp\/v2\/posts\/100638\/revisions"}],"predecessor-version":[{"id":100653,"href":"https:\/\/www.em.com.br\/emfoco\/wp-json\/wp\/v2\/posts\/100638\/revisions\/100653"}],"wp:featuredmedia":[{"embeddable":true,"href":"https:\/\/www.em.com.br\/emfoco\/wp-json\/wp\/v2\/media\/97758"}],"wp:attachment":[{"href":"https:\/\/www.em.com.br\/emfoco\/wp-json\/wp\/v2\/media?parent=100638"}],"wp:term":[{"taxonomy":"category","embeddable":true,"href":"https:\/\/www.em.com.br\/emfoco\/wp-json\/wp\/v2\/categories?post=100638"},{"taxonomy":"post_tag","embeddable":true,"href":"https:\/\/www.em.com.br\/emfoco\/wp-json\/wp\/v2\/tags?post=100638"}],"curies":[{"name":"wp","href":"https:\/\/api.w.org\/{rel}","templated":true}]}}