{"id":100589,"date":"2025-09-06T12:08:32","date_gmt":"2025-09-06T15:08:32","guid":{"rendered":"https:\/\/www.em.com.br\/emfoco\/?p=100589"},"modified":"2025-09-05T18:12:40","modified_gmt":"2025-09-05T21:12:40","slug":"a-combinacao-mais-poderosa-para-criar-harmonia-dentro-de-casa","status":"publish","type":"post","link":"https:\/\/www.em.com.br\/emfoco\/2025\/09\/06\/a-combinacao-mais-poderosa-para-criar-harmonia-dentro-de-casa\/","title":{"rendered":"A combina\u00e7\u00e3o mais poderosa para criar harmonia dentro de casa"},"content":{"rendered":"\n<p>O uso de cores e plantas na decora\u00e7\u00e3o de interiores \u00e9 uma pr\u00e1tica que vem ganhando cada vez mais destaque nos \u00faltimos anos. A combina\u00e7\u00e3o desses elementos pode transformar ambientes comuns em espa\u00e7os acolhedores e harmoniosos, proporcionando bem-estar e conforto aos moradores. Entender como cada cor e esp\u00e9cie de planta pode impactar o ambiente \u00e9 essencial para criar um espa\u00e7o \u00fanico e personalizado.<\/p>\n\n\n\n<p>Cores t\u00eam a capacidade de influenciar diretamente as emo\u00e7\u00f5es humanas. Elas podem criar sensa\u00e7\u00f5es de tranquilidade, entusiasmo, ou at\u00e9 mesmo de tens\u00e3o. J\u00e1 as plantas, al\u00e9m de embelezar o <a href=\"https:\/\/www.em.com.br\/emfoco\/2025\/09\/04\/como-cultivar-flores-comestiveis-em-espacos-pequenos\/\" target=\"_blank\" rel=\"noopener\">espa\u00e7o,<\/a> oferecem benef\u00edcios como a melhoria da qualidade do ar e a redu\u00e7\u00e3o do estresse. Juntos, esses elementos complementares formam uma sinergia que interfere positivamente no ambiente e nos sentimentos dos que ali vivem.<\/p>\n\n\n\n<h2 class=\"wp-block-heading\">Como escolher as cores certas para um ambiente acolhedor?<\/h2>\n\n\n\n<p>Para criar um espa\u00e7o acolhedor, \u00e9 importante selecionar cores que promovam calma e serenidade. Tons neutros, como bege, cinza-claro e branco, s\u00e3o frequentemente usados como base para outras cores mais vibrantes. Esses tons neutros s\u00e3o fundamentais, pois ajudam a equilibrar o ambiente, sendo f\u00e1ceis de harmonizar com diferentes estilos e detalhes decorativos.<\/p>\n\n\n\n<p>Cores pastel, como azul-c\u00e9u, verde menta e rosa-claro, s\u00e3o escolhas populares para adicionar toques de cor sem que elas se sobressaiam demasiado. Elas proporcionam uma sensa\u00e7\u00e3o de leveza e paz. Ademais, cores quentes como a terracota e o amarelo suave tamb\u00e9m podem ser incorporadas para criar um ambiente mais caloroso e convidativo.<\/p>\n\n\n<div class=\"wp-block-image\">\n<figure class=\"aligncenter size-large\"><img loading=\"lazy\" decoding=\"async\" width=\"1024\" height=\"576\" src=\"https:\/\/www.em.com.br\/emfoco\/wp-content\/uploads\/2025\/05\/Espada-de-Sao-Jorge-_1746247360211-1024x576.jpg\" alt=\"\" class=\"wp-image-44124\" srcset=\"https:\/\/www.em.com.br\/emfoco\/wp-content\/uploads\/2025\/05\/Espada-de-Sao-Jorge-_1746247360211-1024x576.jpg 1024w, https:\/\/www.em.com.br\/emfoco\/wp-content\/uploads\/2025\/05\/Espada-de-Sao-Jorge-_1746247360211-300x169.jpg 300w, https:\/\/www.em.com.br\/emfoco\/wp-content\/uploads\/2025\/05\/Espada-de-Sao-Jorge-_1746247360211-768x432.jpg 768w, https:\/\/www.em.com.br\/emfoco\/wp-content\/uploads\/2025\/05\/Espada-de-Sao-Jorge-_1746247360211-750x422.jpg 750w, https:\/\/www.em.com.br\/emfoco\/wp-content\/uploads\/2025\/05\/Espada-de-Sao-Jorge-_1746247360211-1140x641.jpg 1140w, https:\/\/www.em.com.br\/emfoco\/wp-content\/uploads\/2025\/05\/Espada-de-Sao-Jorge-_1746247360211.jpg 1280w\" sizes=\"auto, (max-width: 1024px) 100vw, 1024px\" \/><figcaption class=\"wp-element-caption\">Espada-de-Sao-Jorge &#8211; Cr\u00e9ditos: depositphotos.com \/ coffeekai<\/figcaption><\/figure><\/div>\n\n\n<h2 class=\"wp-block-heading\">Quais plantas s\u00e3o ideais para ambientes internos?<\/h2>\n\n\n\n<p>Uma variedade de <a href=\"https:\/\/rehagro.com.br\/blog\/materia-organica-no-solo\/\" target=\"_blank\" rel=\"noopener\">plantas<\/a> pode ser utilizada em ambientes internos, cada uma com suas caracter\u00edsticas espec\u00edficas que contribuem para o ambiente. Plantas como a <strong>jib\u00f3ia<\/strong> e a <strong>espada-de-s\u00e3o-jorge<\/strong> s\u00e3o muito valorizadas pela sua resili\u00eancia e capacidade de purificar o ar. Al\u00e9m disso, a <strong>costela-de-ad\u00e3o<\/strong> est\u00e1 em alta por seu impacto visual e facilidade de cultivo.<\/p>\n\n\n\n<p>Outra op\u00e7\u00e3o vers\u00e1til s\u00e3o as <strong>suculentas<\/strong>, que al\u00e9m de serem esteticamente agrad\u00e1veis, requerem pouca manuten\u00e7\u00e3o e s\u00e3o adequadas para espa\u00e7os menores. Quando se trata de plantas floridas, a <strong>orqu\u00eddea<\/strong> se destaca por sua beleza ex\u00f3tica e variedade de cores, sendo uma excelente escolha para quem deseja adicionar um toque de cor e sofistica\u00e7\u00e3o ao ambiente. Vale destacar que, no <strong>Brasil<\/strong>, algumas plantas nativas v\u00eam sendo incorporadas \u00e0 decora\u00e7\u00e3o, valorizando ainda mais os espa\u00e7os internos e promovendo a identidade nacional.<\/p>\n\n\n\n<h2 class=\"wp-block-heading\">Como integrar cores e plantas na decora\u00e7\u00e3o de forma harm\u00f4nica?<\/h2>\n\n\n\n<p>Integrar cores e plantas na decora\u00e7\u00e3o exige um equil\u00edbrio cuidadoso entre elementos naturais e sint\u00e9ticos. Uma maneira eficaz \u00e9 utilizar plantas para complementar a paleta de cores escolhida. Por exemplo, se as paredes s\u00e3o de cores neutras, plantas com folhagem verde escura podem criar um contraste elegante e relaxante. Plantas pendentes ou de m\u00e9dio porte em vasos coloridos tamb\u00e9m podem adicionar vitalidade e personalidade ao ambiente.<\/p>\n\n\n\n<p>Al\u00e9m disso, \u00e9 importante considerar a ilumina\u00e7\u00e3o. Luz natural valoriza tanto as plantas quanto as cores das paredes, criando reflexos que dinamizam o espa\u00e7o. Espelhos estrategicamente posicionados podem ampliar a sensa\u00e7\u00e3o de espa\u00e7o e real\u00e7ar as cores e texturas das plantas. Em grandes cidades como <strong>S\u00e3o Paulo<\/strong> e <strong>Rio de Janeiro<\/strong>, onde os espa\u00e7os internos costumam ser reduzidos, o uso eficiente de luz natural e o posicionamento de plantas adaptadas \u00e0 sombra tornam-se ainda mais relevantes.<\/p>\n\n\n<div class=\"wp-block-image\">\n<figure class=\"aligncenter size-large\"><img loading=\"lazy\" decoding=\"async\" width=\"1024\" height=\"576\" src=\"https:\/\/www.em.com.br\/emfoco\/wp-content\/uploads\/2025\/08\/Costela-de-Adao_1754757445557-1024x576.jpg\" alt=\"\" class=\"wp-image-89272\" srcset=\"https:\/\/www.em.com.br\/emfoco\/wp-content\/uploads\/2025\/08\/Costela-de-Adao_1754757445557-1024x576.jpg 1024w, https:\/\/www.em.com.br\/emfoco\/wp-content\/uploads\/2025\/08\/Costela-de-Adao_1754757445557-300x169.jpg 300w, https:\/\/www.em.com.br\/emfoco\/wp-content\/uploads\/2025\/08\/Costela-de-Adao_1754757445557-768x432.jpg 768w, https:\/\/www.em.com.br\/emfoco\/wp-content\/uploads\/2025\/08\/Costela-de-Adao_1754757445557-750x422.jpg 750w, https:\/\/www.em.com.br\/emfoco\/wp-content\/uploads\/2025\/08\/Costela-de-Adao_1754757445557-1140x641.jpg 1140w, https:\/\/www.em.com.br\/emfoco\/wp-content\/uploads\/2025\/08\/Costela-de-Adao_1754757445557.jpg 1280w\" sizes=\"auto, (max-width: 1024px) 100vw, 1024px\" \/><figcaption class=\"wp-element-caption\">Costela de Ad\u00e3o &#8211; Cr\u00e9ditos: depositphotos.com \/ kseniasol<\/figcaption><\/figure><\/div>\n\n\n<h2 class=\"wp-block-heading\">Quais s\u00e3o os benef\u00edcios de ter plantas e cores adequadas em casa?<\/h2>\n\n\n\n<p>Ter plantas e escolher as cores adequadas para casa traz in\u00fameros benef\u00edcios al\u00e9m do aspecto est\u00e9tico. As plantas ajudam a purificar o ar, diminuindo os n\u00edveis de toxinas e melhorando a qualidade do ambiente. Elas tamb\u00e9m t\u00eam a capacidade de reduzir o estresse, promovendo uma sensa\u00e7\u00e3o de calma e tranquilidade.<\/p>\n\n\n\n<p>As cores, por sua vez, podem influenciar o humor e a produtividade. Ambientes bem decorados tornam-se locais de ref\u00fagio, ideais para descansar, meditar ou simplesmente passar tempo de qualidade. A escolha acertada de cores, aliada \u00e0 presen\u00e7a de plantas, resulta em um espa\u00e7o onde as pessoas se sentem mais \u00e0 vontade e felizes. Pesquisas recentes, compartilhadas em sites como <strong>National Geographic<\/strong> e <strong>BBC<\/strong>, refor\u00e7am esses benef\u00edcios, destacando como esses elementos contribuem para o equil\u00edbrio emocional.<\/p>\n\n\n\n<p>Portanto, a combina\u00e7\u00e3o de cores e plantas \u00e9 uma solu\u00e7\u00e3o eficaz para aqueles que desejam transformar seus lares em verdadeiros santu\u00e1rios de conforto e bem-estar. Com um pouco de criatividade e planejamento, \u00e9 poss\u00edvel criar ambientes acolhedores que refletem personalidade e estilo, ao mesmo tempo em que promovem sa\u00fade e equil\u00edbrio.<\/p>\n","protected":false},"excerpt":{"rendered":"<p>O uso de cores e plantas na decora\u00e7\u00e3o de interiores \u00e9 uma pr\u00e1tica que vem ganhando cada vez mais destaque nos \u00faltimos anos. A combina\u00e7\u00e3o desses elementos pode transformar ambientes comuns em espa\u00e7os acolhedores e harmoniosos, proporcionando bem-estar e conforto aos moradores. Entender como cada cor e esp\u00e9cie de planta pode impactar o ambiente \u00e9 [&hellip;]<\/p>\n","protected":false},"author":9,"featured_media":58983,"comment_status":"open","ping_status":"open","sticky":false,"template":"","format":"standard","meta":{"jnews-multi-image_gallery":[],"jnews_single_post":{"format":"standard"},"jnews_primary_category":[],"jnews_social_meta":[],"jnews_override_counter":[],"footnotes":""},"categories":[8691,8819],"tags":[1110,4687,13903],"class_list":["post-100589","post","type-post","status-publish","format-standard","has-post-thumbnail","hentry","category-bem-estar","category-curiosidades","tag-cores","tag-decoracao","tag-design-de-interiores"],"yoast_head":"<!-- This site is optimized with the Yoast SEO plugin v23.8 - https:\/\/yoast.com\/wordpress\/plugins\/seo\/ -->\n<title>A combina\u00e7\u00e3o mais poderosa para criar harmonia dentro de casa<\/title>\n<meta name=\"description\" content=\"Cores suaves e plantas certas podem transformar sua casa em um ambiente saud\u00e1vel e acolhedor. O resultado \u00e9 equil\u00edbrio e bem-estar.\" \/>\n<meta name=\"robots\" content=\"index, follow, max-snippet:-1, max-image-preview:large, max-video-preview:-1\" \/>\n<link rel=\"canonical\" href=\"https:\/\/www.em.com.br\/emfoco\/2025\/09\/06\/a-combinacao-mais-poderosa-para-criar-harmonia-dentro-de-casa\/\" \/>\n<meta property=\"og:locale\" content=\"pt_BR\" \/>\n<meta property=\"og:type\" content=\"article\" \/>\n<meta property=\"og:title\" content=\"A combina\u00e7\u00e3o mais poderosa para criar harmonia dentro de casa\" \/>\n<meta property=\"og:description\" content=\"Cores suaves e plantas certas podem transformar sua casa em um ambiente saud\u00e1vel e acolhedor. O resultado \u00e9 equil\u00edbrio e bem-estar.\" \/>\n<meta property=\"og:url\" content=\"https:\/\/www.em.com.br\/emfoco\/2025\/09\/06\/a-combinacao-mais-poderosa-para-criar-harmonia-dentro-de-casa\/\" \/>\n<meta property=\"og:site_name\" content=\"Estado de Minas - Em foco\" \/>\n<meta property=\"article:published_time\" content=\"2025-09-06T15:08:32+00:00\" \/>\n<meta property=\"article:modified_time\" content=\"2025-09-05T21:12:40+00:00\" \/>\n<meta property=\"og:image\" content=\"https:\/\/www.em.com.br\/emfoco\/wp-content\/uploads\/2025\/06\/Epipremnum-pinnatum_1749652615671.jpg\" \/>\n\t<meta property=\"og:image:width\" content=\"1280\" \/>\n\t<meta property=\"og:image:height\" content=\"720\" \/>\n\t<meta property=\"og:image:type\" content=\"image\/jpeg\" \/>\n<meta name=\"author\" content=\"Daniely Cardoso\" \/>\n<meta name=\"twitter:card\" content=\"summary_large_image\" \/>\n<meta name=\"twitter:label1\" content=\"Escrito por\" \/>\n\t<meta name=\"twitter:data1\" content=\"Daniely Cardoso\" \/>\n\t<meta name=\"twitter:label2\" content=\"Est. tempo de leitura\" \/>\n\t<meta name=\"twitter:data2\" content=\"5 minutos\" \/>\n<!-- \/ Yoast SEO plugin. -->","yoast_head_json":{"title":"A combina\u00e7\u00e3o mais poderosa para criar harmonia dentro de casa","description":"Cores suaves e plantas certas podem transformar sua casa em um ambiente saud\u00e1vel e acolhedor. O resultado \u00e9 equil\u00edbrio e bem-estar.","robots":{"index":"index","follow":"follow","max-snippet":"max-snippet:-1","max-image-preview":"max-image-preview:large","max-video-preview":"max-video-preview:-1"},"canonical":"https:\/\/www.em.com.br\/emfoco\/2025\/09\/06\/a-combinacao-mais-poderosa-para-criar-harmonia-dentro-de-casa\/","og_locale":"pt_BR","og_type":"article","og_title":"A combina\u00e7\u00e3o mais poderosa para criar harmonia dentro de casa","og_description":"Cores suaves e plantas certas podem transformar sua casa em um ambiente saud\u00e1vel e acolhedor. O resultado \u00e9 equil\u00edbrio e bem-estar.","og_url":"https:\/\/www.em.com.br\/emfoco\/2025\/09\/06\/a-combinacao-mais-poderosa-para-criar-harmonia-dentro-de-casa\/","og_site_name":"Estado de Minas - Em foco","article_published_time":"2025-09-06T15:08:32+00:00","article_modified_time":"2025-09-05T21:12:40+00:00","og_image":[{"width":1280,"height":720,"url":"https:\/\/www.em.com.br\/emfoco\/wp-content\/uploads\/2025\/06\/Epipremnum-pinnatum_1749652615671.jpg","type":"image\/jpeg"}],"author":"Daniely Cardoso","twitter_card":"summary_large_image","twitter_misc":{"Escrito por":"Daniely Cardoso","Est. tempo de leitura":"5 minutos"},"schema":{"@context":"https:\/\/schema.org","@graph":[{"@type":"WebPage","@id":"https:\/\/www.em.com.br\/emfoco\/2025\/09\/06\/a-combinacao-mais-poderosa-para-criar-harmonia-dentro-de-casa\/","url":"https:\/\/www.em.com.br\/emfoco\/2025\/09\/06\/a-combinacao-mais-poderosa-para-criar-harmonia-dentro-de-casa\/","name":"A combina\u00e7\u00e3o mais poderosa para criar harmonia dentro de casa","isPartOf":{"@id":"https:\/\/www.em.com.br\/emfoco\/#website"},"primaryImageOfPage":{"@id":"https:\/\/www.em.com.br\/emfoco\/2025\/09\/06\/a-combinacao-mais-poderosa-para-criar-harmonia-dentro-de-casa\/#primaryimage"},"image":{"@id":"https:\/\/www.em.com.br\/emfoco\/2025\/09\/06\/a-combinacao-mais-poderosa-para-criar-harmonia-dentro-de-casa\/#primaryimage"},"thumbnailUrl":"https:\/\/www.em.com.br\/emfoco\/wp-content\/uploads\/2025\/06\/Epipremnum-pinnatum_1749652615671.jpg","datePublished":"2025-09-06T15:08:32+00:00","dateModified":"2025-09-05T21:12:40+00:00","author":{"@id":"https:\/\/www.em.com.br\/emfoco\/#\/schema\/person\/0a8186d72f2c3a5c6276d90b41f271a0"},"description":"Cores suaves e plantas certas podem transformar sua casa em um ambiente saud\u00e1vel e acolhedor. O resultado \u00e9 equil\u00edbrio e bem-estar.","breadcrumb":{"@id":"https:\/\/www.em.com.br\/emfoco\/2025\/09\/06\/a-combinacao-mais-poderosa-para-criar-harmonia-dentro-de-casa\/#breadcrumb"},"inLanguage":"pt-BR","potentialAction":[{"@type":"ReadAction","target":["https:\/\/www.em.com.br\/emfoco\/2025\/09\/06\/a-combinacao-mais-poderosa-para-criar-harmonia-dentro-de-casa\/"]}]},{"@type":"ImageObject","inLanguage":"pt-BR","@id":"https:\/\/www.em.com.br\/emfoco\/2025\/09\/06\/a-combinacao-mais-poderosa-para-criar-harmonia-dentro-de-casa\/#primaryimage","url":"https:\/\/www.em.com.br\/emfoco\/wp-content\/uploads\/2025\/06\/Epipremnum-pinnatum_1749652615671.jpg","contentUrl":"https:\/\/www.em.com.br\/emfoco\/wp-content\/uploads\/2025\/06\/Epipremnum-pinnatum_1749652615671.jpg","width":1280,"height":720,"caption":"Jiboia - Cr\u00e9ditos: depositphotos.com \/ dariakom"},{"@type":"BreadcrumbList","@id":"https:\/\/www.em.com.br\/emfoco\/2025\/09\/06\/a-combinacao-mais-poderosa-para-criar-harmonia-dentro-de-casa\/#breadcrumb","itemListElement":[{"@type":"ListItem","position":1,"name":"In\u00edcio","item":"https:\/\/www.em.com.br\/emfoco\/"},{"@type":"ListItem","position":2,"name":"A combina\u00e7\u00e3o mais poderosa para criar harmonia dentro de casa"}]},{"@type":"WebSite","@id":"https:\/\/www.em.com.br\/emfoco\/#website","url":"https:\/\/www.em.com.br\/emfoco\/","name":"Estado de Minas - Em foco","description":"Acompanhe as \u00faltimas not\u00edcias e fique bem informado sobre tudo o que acontece em Minas Gerais, Brasil e no mundo.","potentialAction":[{"@type":"SearchAction","target":{"@type":"EntryPoint","urlTemplate":"https:\/\/www.em.com.br\/emfoco\/?s={search_term_string}"},"query-input":{"@type":"PropertyValueSpecification","valueRequired":true,"valueName":"search_term_string"}}],"inLanguage":"pt-BR"},{"@type":"Person","@id":"https:\/\/www.em.com.br\/emfoco\/#\/schema\/person\/0a8186d72f2c3a5c6276d90b41f271a0","name":"Daniely Cardoso","image":{"@type":"ImageObject","inLanguage":"pt-BR","@id":"https:\/\/www.em.com.br\/emfoco\/#\/schema\/person\/image\/","url":"https:\/\/secure.gravatar.com\/avatar\/4b80ddbd124d1f071b626d52d62e5dff?s=96&d=mm&r=g","contentUrl":"https:\/\/secure.gravatar.com\/avatar\/4b80ddbd124d1f071b626d52d62e5dff?s=96&d=mm&r=g","caption":"Daniely Cardoso"},"url":"https:\/\/www.em.com.br\/emfoco\/author\/danielymyth\/"}]}},"_links":{"self":[{"href":"https:\/\/www.em.com.br\/emfoco\/wp-json\/wp\/v2\/posts\/100589","targetHints":{"allow":["GET"]}}],"collection":[{"href":"https:\/\/www.em.com.br\/emfoco\/wp-json\/wp\/v2\/posts"}],"about":[{"href":"https:\/\/www.em.com.br\/emfoco\/wp-json\/wp\/v2\/types\/post"}],"author":[{"embeddable":true,"href":"https:\/\/www.em.com.br\/emfoco\/wp-json\/wp\/v2\/users\/9"}],"replies":[{"embeddable":true,"href":"https:\/\/www.em.com.br\/emfoco\/wp-json\/wp\/v2\/comments?post=100589"}],"version-history":[{"count":3,"href":"https:\/\/www.em.com.br\/emfoco\/wp-json\/wp\/v2\/posts\/100589\/revisions"}],"predecessor-version":[{"id":101350,"href":"https:\/\/www.em.com.br\/emfoco\/wp-json\/wp\/v2\/posts\/100589\/revisions\/101350"}],"wp:featuredmedia":[{"embeddable":true,"href":"https:\/\/www.em.com.br\/emfoco\/wp-json\/wp\/v2\/media\/58983"}],"wp:attachment":[{"href":"https:\/\/www.em.com.br\/emfoco\/wp-json\/wp\/v2\/media?parent=100589"}],"wp:term":[{"taxonomy":"category","embeddable":true,"href":"https:\/\/www.em.com.br\/emfoco\/wp-json\/wp\/v2\/categories?post=100589"},{"taxonomy":"post_tag","embeddable":true,"href":"https:\/\/www.em.com.br\/emfoco\/wp-json\/wp\/v2\/tags?post=100589"}],"curies":[{"name":"wp","href":"https:\/\/api.w.org\/{rel}","templated":true}]}}